{"id":1206,"date":"2018-09-10T16:50:26","date_gmt":"2018-09-10T20:50:26","guid":{"rendered":"https:\/\/vortice.rocks\/clientes\/tierraviva\/?p=1206"},"modified":"2018-09-11T08:32:17","modified_gmt":"2018-09-11T12:32:17","slug":"es-urgente-mejorar-la-gestion-en-el-indi","status":"publish","type":"post","link":"https:\/\/vortice.rocks\/clientes\/tierraviva\/es-urgente-mejorar-la-gestion-en-el-indi\/","title":{"rendered":"&#8220;Es urgente mejorar la gestion en el INDI&#8221;"},"content":{"rendered":"<div class=\"mi ni \" dir=\"ltr\">\n<div dir=\"ltr\">\n<h4><b><\/b><u>Asesora del INDI expresa su compromiso de responder a las necesidades de los pueblos ind\u00edgenas<\/u><\/h4>\n<p>Tina Alvarenga, asesora de la actual administraci\u00f3n del Instituto Paraguayo del Ind\u00edgena (INDI), visit\u00f3 el programa radial\u00a0<i>Saber es tu Derecho<\/i>, all\u00ed se\u00f1al\u00f3 que es urgente mejorar la gesti\u00f3n dentro del INDI ya que existe un \u201ctsunami\u201d de necesidades que atender en las m\u00e1s de setecientas comunidades ind\u00edgenas de todo el pa\u00eds.<\/p>\n<p>Alvarenga indic\u00f3 que la administraci\u00f3n anterior pr\u00e1cticamente no ejecut\u00f3 el presupuesto previsto para el a\u00f1o 2018 y que es fundamental mejorar esta situaci\u00f3n, adem\u00e1s record\u00f3 que debido a esta situaci\u00f3n para el a\u00f1o entrante podr\u00eda tenerse un recorte presupuestario del 30% en los recursos que el Estado destinar\u00e1 al Ente. \u201cHoy se necesita una buena gerencia, buena administraci\u00f3n, falta mejor gesti\u00f3n y gerenciamiento, no puede ser que tengas el dinero y no uses, ex profeso o por incapacidad\u201d.<\/p>\n<p>La actual asesora del INDI se\u00f1al\u00f3 que existe una clara intenci\u00f3n de esta administraci\u00f3n de \u201cresponder a las necesidades y cumplir con los compromisos asumidos con los pueblos ind\u00edgenas\u201d. Tina indic\u00f3 que entre las prioridades se encuentran asistir de forma inmediata a algunas comunidades, \u201cdesde nuestra asunci\u00f3n no paramos de apagar incendios debido a que las necesidades son muy grandes\u201d; tambi\u00e9n se\u00f1al\u00f3 la necesidad de resolver la problem\u00e1tica de tierras que viven los pueblos ind\u00edgenas \u201cla Constituci\u00f3n Nacional es muy clara, cada familia ind\u00edgena debe tener 20 hect\u00e1reas en la regi\u00f3n oriental y 100 hect\u00e1reas si es en la regi\u00f3n occidental, hoy no cumplimos ni con la mitad de eso, somos menos de 120 mil personas ind\u00edgenas en el pa\u00eds, pero no se est\u00e1 cumpliendo\u201d.<\/p>\n<p>Profundizando en la falta de acceso a la tierra para los pueblos ind\u00edgenas, Alvarenga se\u00f1al\u00f3 que durante d\u00e9cadas se abandon\u00f3 a las comunidades mientras sus tierras y territorios les eran arrebatados y que esta situaci\u00f3n se debe reconocer, identificar a los responsables, resarcir y reparar el da\u00f1o que se ha causado, indic\u00f3 que la presencia de ni\u00f1os y ni\u00f1as ind\u00edgenas en las calles y plazas de Asunci\u00f3n son la consecuencia de ese despojo hist\u00f3rico que fue apa\u00f1ado por el propio Estado, situaci\u00f3n que ahora se pretende revertir.<\/p>\n<p>EL programa\u00a0<i>Saber es tu Derecho<\/i>\u00a0se emite cada s\u00e1bado de 13 a 15 horas por Radio 1000AM y es retransmitido por 20 radios comunitarias. Es una presentaci\u00f3n de Tierraviva, CODEHUPY e ICCO, con el apoyo de la Uni\u00f3n Europea.<\/p>\n<div>Foto Chacosinfronteras<\/div>\n<\/div>\n<\/div>\n<div><\/div>\n","protected":false},"excerpt":{"rendered":"<p>Asesora del INDI expresa su compromiso de responder a las necesidades de los pueblos ind\u00edgenas Tina Alvarenga, asesora de la actual administraci\u00f3n del Instituto Paraguayo del Ind\u00edgena (INDI), visit\u00f3 el programa radial\u00a0Saber es tu Derecho, all\u00ed se\u00f1al\u00f3 que es urgente mejorar la gesti\u00f3n dentro del INDI ya que existe un \u201ctsunami\u201d de necesidades que atender<a class=\"more-link\" href=\"https:\/\/vortice.rocks\/clientes\/tierraviva\/es-urgente-mejorar-la-gestion-en-el-indi\/\">Seguir leyendo <span class=\"screen-reader-text\">&#8220;&#8220;Es urgente mejorar la gestion en el INDI&#8221;&#8221;<\/span><\/a><\/p>\n","protected":false},"author":5,"featured_media":1207,"comment_status":"open","ping_status":"open","sticky":false,"template":"","format":"standard","meta":{"_exactmetrics_skip_tracking":false,"_exactmetrics_sitenote_active":false,"_exactmetrics_sitenote_note":"","_exactmetrics_sitenote_category":0,"footnotes":""},"categories":[3],"tags":[10,11,12],"yoast_head":"<!-- This site is optimized with the Yoast SEO plugin v21.7 - https:\/\/yoast.com\/wordpress\/plugins\/seo\/ -->\n<title>&quot;Es urgente mejorar la gestion en el INDI&quot; - Tierraviva<\/title>\n<meta name=\"robots\" content=\"index, follow, max-snippet:-1, max-image-preview:large, max-video-preview:-1\" \/>\n<link rel=\"canonical\" href=\"https:\/\/vortice.rocks\/clientes\/tierraviva\/es-urgente-mejorar-la-gestion-en-el-indi\/\" \/>\n<meta property=\"og:locale\" content=\"es_ES\" \/>\n<meta property=\"og:type\" content=\"article\" \/>\n<meta property=\"og:title\" content=\"&quot;Es urgente mejorar la gestion en el INDI&quot; - Tierraviva\" \/>\n<meta property=\"og:description\" content=\"Asesora del INDI expresa su compromiso de responder a las necesidades de los pueblos ind\u00edgenas Tina Alvarenga, asesora de la actual administraci\u00f3n del Instituto Paraguayo del Ind\u00edgena (INDI), visit\u00f3 el programa radial\u00a0Saber es tu Derecho, all\u00ed se\u00f1al\u00f3 que es urgente mejorar la gesti\u00f3n dentro del INDI ya que existe un \u201ctsunami\u201d de necesidades que atenderSeguir leyendo &quot;&#8220;Es urgente mejorar la gestion en el INDI&#8221;&quot;\" \/>\n<meta property=\"og:url\" content=\"https:\/\/vortice.rocks\/clientes\/tierraviva\/es-urgente-mejorar-la-gestion-en-el-indi\/\" \/>\n<meta property=\"og:site_name\" content=\"Tierraviva\" \/>\n<meta property=\"article:publisher\" content=\"https:\/\/www.facebook.com\/Tierraviva-a-los-pueblos-indigenas-del-Chaco-217328148281564\/\" \/>\n<meta property=\"article:published_time\" content=\"2018-09-10T20:50:26+00:00\" \/>\n<meta property=\"article:modified_time\" content=\"2018-09-11T12:32:17+00:00\" \/>\n<meta property=\"og:image\" content=\"https:\/\/vortice.rocks\/clientes\/tierraviva\/wp-content\/uploads\/2018\/09\/IMG_6669.jpg\" \/>\n\t<meta property=\"og:image:width\" content=\"850\" \/>\n\t<meta property=\"og:image:height\" content=\"619\" \/>\n\t<meta property=\"og:image:type\" content=\"image\/jpeg\" \/>\n<meta name=\"author\" content=\"Santi Ortiz\" \/>\n<meta name=\"twitter:label1\" content=\"Escrito por\" \/>\n\t<meta name=\"twitter:data1\" content=\"Santi Ortiz\" \/>\n\t<meta name=\"twitter:label2\" content=\"Tiempo de lectura\" \/>\n\t<meta name=\"twitter:data2\" content=\"2 minutos\" \/>\n<script type=\"application\/ld+json\" class=\"yoast-schema-graph\">{\"@context\":\"https:\/\/schema.org\",\"@graph\":[{\"@type\":\"WebPage\",\"@id\":\"https:\/\/vortice.rocks\/clientes\/tierraviva\/es-urgente-mejorar-la-gestion-en-el-indi\/\",\"url\":\"https:\/\/vortice.rocks\/clientes\/tierraviva\/es-urgente-mejorar-la-gestion-en-el-indi\/\",\"name\":\"\\\"Es urgente mejorar la gestion en el INDI\\\" - Tierraviva\",\"isPartOf\":{\"@id\":\"https:\/\/vortice.rocks\/clientes\/tierraviva\/#website\"},\"datePublished\":\"2018-09-10T20:50:26+00:00\",\"dateModified\":\"2018-09-11T12:32:17+00:00\",\"author\":{\"@id\":\"https:\/\/vortice.rocks\/clientes\/tierraviva\/#\/schema\/person\/0652c5aad419c86cff8f8129d355edd0\"},\"breadcrumb\":{\"@id\":\"https:\/\/vortice.rocks\/clientes\/tierraviva\/es-urgente-mejorar-la-gestion-en-el-indi\/#breadcrumb\"},\"inLanguage\":\"es\",\"potentialAction\":[{\"@type\":\"ReadAction\",\"target\":[\"https:\/\/vortice.rocks\/clientes\/tierraviva\/es-urgente-mejorar-la-gestion-en-el-indi\/\"]}]},{\"@type\":\"BreadcrumbList\",\"@id\":\"https:\/\/vortice.rocks\/clientes\/tierraviva\/es-urgente-mejorar-la-gestion-en-el-indi\/#breadcrumb\",\"itemListElement\":[{\"@type\":\"ListItem\",\"position\":1,\"name\":\"Portada\",\"item\":\"https:\/\/vortice.rocks\/clientes\/tierraviva\/\"},{\"@type\":\"ListItem\",\"position\":2,\"name\":\"&#8220;Es urgente mejorar la gestion en el INDI&#8221;\"}]},{\"@type\":\"WebSite\",\"@id\":\"https:\/\/vortice.rocks\/clientes\/tierraviva\/#website\",\"url\":\"https:\/\/vortice.rocks\/clientes\/tierraviva\/\",\"name\":\"Tierraviva\",\"description\":\"\",\"potentialAction\":[{\"@type\":\"SearchAction\",\"target\":{\"@type\":\"EntryPoint\",\"urlTemplate\":\"https:\/\/vortice.rocks\/clientes\/tierraviva\/?s={search_term_string}\"},\"query-input\":\"required name=search_term_string\"}],\"inLanguage\":\"es\"},{\"@type\":\"Person\",\"@id\":\"https:\/\/vortice.rocks\/clientes\/tierraviva\/#\/schema\/person\/0652c5aad419c86cff8f8129d355edd0\",\"name\":\"Santi Ortiz\",\"image\":{\"@type\":\"ImageObject\",\"inLanguage\":\"es\",\"@id\":\"https:\/\/vortice.rocks\/clientes\/tierraviva\/#\/schema\/person\/image\/\",\"url\":\"https:\/\/secure.gravatar.com\/avatar\/78bab899e21d2840245c1646bfc64d01?s=96&d=mm&r=g\",\"contentUrl\":\"https:\/\/secure.gravatar.com\/avatar\/78bab899e21d2840245c1646bfc64d01?s=96&d=mm&r=g\",\"caption\":\"Santi Ortiz\"},\"sameAs\":[\"https:\/\/vortice.rocks\/clientes\/tierraviva\"],\"url\":\"https:\/\/vortice.rocks\/clientes\/tierraviva\/author\/santi-ortiz\/\"}]}<\/script>\n<!-- \/ Yoast SEO plugin. -->","yoast_head_json":{"title":"\"Es urgente mejorar la gestion en el INDI\" - Tierraviva","robots":{"index":"index","follow":"follow","max-snippet":"max-snippet:-1","max-image-preview":"max-image-preview:large","max-video-preview":"max-video-preview:-1"},"canonical":"https:\/\/vortice.rocks\/clientes\/tierraviva\/es-urgente-mejorar-la-gestion-en-el-indi\/","og_locale":"es_ES","og_type":"article","og_title":"\"Es urgente mejorar la gestion en el INDI\" - Tierraviva","og_description":"Asesora del INDI expresa su compromiso de responder a las necesidades de los pueblos ind\u00edgenas Tina Alvarenga, asesora de la actual administraci\u00f3n del Instituto Paraguayo del Ind\u00edgena (INDI), visit\u00f3 el programa radial\u00a0Saber es tu Derecho, all\u00ed se\u00f1al\u00f3 que es urgente mejorar la gesti\u00f3n dentro del INDI ya que existe un \u201ctsunami\u201d de necesidades que atenderSeguir leyendo \"&#8220;Es urgente mejorar la gestion en el INDI&#8221;\"","og_url":"https:\/\/vortice.rocks\/clientes\/tierraviva\/es-urgente-mejorar-la-gestion-en-el-indi\/","og_site_name":"Tierraviva","article_publisher":"https:\/\/www.facebook.com\/Tierraviva-a-los-pueblos-indigenas-del-Chaco-217328148281564\/","article_published_time":"2018-09-10T20:50:26+00:00","article_modified_time":"2018-09-11T12:32:17+00:00","og_image":[{"width":850,"height":619,"url":"https:\/\/vortice.rocks\/clientes\/tierraviva\/wp-content\/uploads\/2018\/09\/IMG_6669.jpg","type":"image\/jpeg"}],"author":"Santi Ortiz","twitter_misc":{"Escrito por":"Santi Ortiz","Tiempo de lectura":"2 minutos"},"schema":{"@context":"https:\/\/schema.org","@graph":[{"@type":"WebPage","@id":"https:\/\/vortice.rocks\/clientes\/tierraviva\/es-urgente-mejorar-la-gestion-en-el-indi\/","url":"https:\/\/vortice.rocks\/clientes\/tierraviva\/es-urgente-mejorar-la-gestion-en-el-indi\/","name":"\"Es urgente mejorar la gestion en el INDI\" - Tierraviva","isPartOf":{"@id":"https:\/\/vortice.rocks\/clientes\/tierraviva\/#website"},"datePublished":"2018-09-10T20:50:26+00:00","dateModified":"2018-09-11T12:32:17+00:00","author":{"@id":"https:\/\/vortice.rocks\/clientes\/tierraviva\/#\/schema\/person\/0652c5aad419c86cff8f8129d355edd0"},"breadcrumb":{"@id":"https:\/\/vortice.rocks\/clientes\/tierraviva\/es-urgente-mejorar-la-gestion-en-el-indi\/#breadcrumb"},"inLanguage":"es","potentialAction":[{"@type":"ReadAction","target":["https:\/\/vortice.rocks\/clientes\/tierraviva\/es-urgente-mejorar-la-gestion-en-el-indi\/"]}]},{"@type":"BreadcrumbList","@id":"https:\/\/vortice.rocks\/clientes\/tierraviva\/es-urgente-mejorar-la-gestion-en-el-indi\/#breadcrumb","itemListElement":[{"@type":"ListItem","position":1,"name":"Portada","item":"https:\/\/vortice.rocks\/clientes\/tierraviva\/"},{"@type":"ListItem","position":2,"name":"&#8220;Es urgente mejorar la gestion en el INDI&#8221;"}]},{"@type":"WebSite","@id":"https:\/\/vortice.rocks\/clientes\/tierraviva\/#website","url":"https:\/\/vortice.rocks\/clientes\/tierraviva\/","name":"Tierraviva","description":"","potentialAction":[{"@type":"SearchAction","target":{"@type":"EntryPoint","urlTemplate":"https:\/\/vortice.rocks\/clientes\/tierraviva\/?s={search_term_string}"},"query-input":"required name=search_term_string"}],"inLanguage":"es"},{"@type":"Person","@id":"https:\/\/vortice.rocks\/clientes\/tierraviva\/#\/schema\/person\/0652c5aad419c86cff8f8129d355edd0","name":"Santi Ortiz","image":{"@type":"ImageObject","inLanguage":"es","@id":"https:\/\/vortice.rocks\/clientes\/tierraviva\/#\/schema\/person\/image\/","url":"https:\/\/secure.gravatar.com\/avatar\/78bab899e21d2840245c1646bfc64d01?s=96&d=mm&r=g","contentUrl":"https:\/\/secure.gravatar.com\/avatar\/78bab899e21d2840245c1646bfc64d01?s=96&d=mm&r=g","caption":"Santi Ortiz"},"sameAs":["https:\/\/vortice.rocks\/clientes\/tierraviva"],"url":"https:\/\/vortice.rocks\/clientes\/tierraviva\/author\/santi-ortiz\/"}]}},"_links":{"self":[{"href":"https:\/\/vortice.rocks\/clientes\/tierraviva\/wp-json\/wp\/v2\/posts\/1206"}],"collection":[{"href":"https:\/\/vortice.rocks\/clientes\/tierraviva\/wp-json\/wp\/v2\/posts"}],"about":[{"href":"https:\/\/vortice.rocks\/clientes\/tierraviva\/wp-json\/wp\/v2\/types\/post"}],"author":[{"embeddable":true,"href":"https:\/\/vortice.rocks\/clientes\/tierraviva\/wp-json\/wp\/v2\/users\/5"}],"replies":[{"embeddable":true,"href":"https:\/\/vortice.rocks\/clientes\/tierraviva\/wp-json\/wp\/v2\/comments?post=1206"}],"version-history":[{"count":5,"href":"https:\/\/vortice.rocks\/clientes\/tierraviva\/wp-json\/wp\/v2\/posts\/1206\/revisions"}],"predecessor-version":[{"id":1212,"href":"https:\/\/vortice.rocks\/clientes\/tierraviva\/wp-json\/wp\/v2\/posts\/1206\/revisions\/1212"}],"wp:featuredmedia":[{"embeddable":true,"href":"https:\/\/vortice.rocks\/clientes\/tierraviva\/wp-json\/wp\/v2\/media\/1207"}],"wp:attachment":[{"href":"https:\/\/vortice.rocks\/clientes\/tierraviva\/wp-json\/wp\/v2\/media?parent=1206"}],"wp:term":[{"taxonomy":"category","embeddable":true,"href":"https:\/\/vortice.rocks\/clientes\/tierraviva\/wp-json\/wp\/v2\/categories?post=1206"},{"taxonomy":"post_tag","embeddable":true,"href":"https:\/\/vortice.rocks\/clientes\/tierraviva\/wp-json\/wp\/v2\/tags?post=1206"}],"curies":[{"name":"wp","href":"https:\/\/api.w.org\/{rel}","templated":true}]}}