{"id":1228,"date":"2018-09-25T09:34:04","date_gmt":"2018-09-25T13:34:04","guid":{"rendered":"https:\/\/vortice.rocks\/clientes\/tierraviva\/?p=1228"},"modified":"2018-10-09T12:50:08","modified_gmt":"2018-10-09T16:50:08","slug":"se-prepara-aty-guasu-con-lideres-indigenas","status":"publish","type":"post","link":"https:\/\/vortice.rocks\/clientes\/tierraviva\/se-prepara-aty-guasu-con-lideres-indigenas\/","title":{"rendered":"Se prepara Aty Guas\u00fa con l\u00edderes ind\u00edgenas"},"content":{"rendered":"<h4>Pueblos ind\u00edgenas evaluar\u00e1n la coyuntura nacional y trazar\u00e1n estrategias de lucha<\/h4>\n<p>&nbsp;<\/p>\n<p>En el mes de noviembre se llevar\u00e1 adelante un encuentro de l\u00edderes de comunidades ind\u00edgenas del Chaco. El espacio impulsado por Tierraviva servir\u00e1 para analizar la nueva situaci\u00f3n pol\u00edtica que vive el pa\u00eds y c\u00f3mo esta repercute en la realidad de los pueblos ind\u00edgenas.<\/p>\n<p>\u201cEs importante encontrarnos, escucharnos y analizar juntos lo que se viene con este nuevo gobierno\u201d se\u00f1alaron Julia Cabello y Freddy Riquelme, integrantes de Tierraviva, durante el programa radial Devuelvan nuestra tierra. Al mismo tiempo indicaron que el encuentro est\u00e1 siendo preparado en coordinaci\u00f3n con los diferentes l\u00edderes ind\u00edgenas y que se buscar\u00e1 la mayor participaci\u00f3n posible de todas las comunidades y pueblos de la zona del Chaco.<\/p>\n<p>El espacio de intercambio se realizar\u00e1 en la Comunidad Ind\u00edgena Maklawaia servir\u00e1 tambi\u00e9n para realizar un relevamiento de las principales necesidades de las comunidades de la zona \u201cla falta de acceso a tierras sigue siendo un problema central para las comunidades, sin embargo, las que ya tienen sus territorios est\u00e1n tambi\u00e9n con otras necesidades, como caminos, agua potable, entre otros servicios esenciales\u201d indicaron los referentes de la organizaci\u00f3n.<\/p>\n<p>A partir del balance de la coyuntura nacional y el relevamiento de las necesidades se buscar\u00e1 trazar una estrategia de lucha e incidencia para los pr\u00f3ximos cinco a\u00f1os a fin de conquistar mejores condiciones de vida para los pueblos ind\u00edgenas. Diversas comunidades y referentes ind\u00edgenas ya manifestaron su intenci\u00f3n de participar del espacio y se espera que el mismo de un nuevo impulso a las luchas que llevan adelante los pueblos ind\u00edgenas en contra la exclusi\u00f3n y la discriminaci\u00f3n que sufren por parte del Estado paraguayo<\/p>\n<p>Devuelvan nuestra tierra, una producci\u00f3n de Tierraviva a los pueblos ind\u00edgenas del Chaco que se emite todos los viernes de 13:30 a 15:00 horas por Radio <a href=\"http:\/\/www.radiopaipuku.org.py\/en_vivo\/play.html\">Pa\u2019i Puku<\/a><\/p>\n","protected":false},"excerpt":{"rendered":"<p>Pueblos ind\u00edgenas evaluar\u00e1n la coyuntura nacional y trazar\u00e1n estrategias de lucha &nbsp; En el mes de noviembre se llevar\u00e1 adelante un encuentro de l\u00edderes de comunidades ind\u00edgenas del Chaco. El espacio impulsado por Tierraviva servir\u00e1 para analizar la nueva situaci\u00f3n pol\u00edtica que vive el pa\u00eds y c\u00f3mo esta repercute en la realidad de los pueblos<a class=\"more-link\" href=\"https:\/\/vortice.rocks\/clientes\/tierraviva\/se-prepara-aty-guasu-con-lideres-indigenas\/\">Seguir leyendo <span class=\"screen-reader-text\">&#8220;Se prepara Aty Guas\u00fa con l\u00edderes ind\u00edgenas&#8221;<\/span><\/a><\/p>\n","protected":false},"author":5,"featured_media":515,"comment_status":"open","ping_status":"open","sticky":false,"template":"","format":"standard","meta":{"_exactmetrics_skip_tracking":false,"_exactmetrics_sitenote_active":false,"_exactmetrics_sitenote_note":"","_exactmetrics_sitenote_category":0,"footnotes":""},"categories":[3],"tags":[26,28,27],"yoast_head":"<!-- This site is optimized with the Yoast SEO plugin v21.7 - https:\/\/yoast.com\/wordpress\/plugins\/seo\/ -->\n<title>Se prepara Aty Guas\u00fa con l\u00edderes ind\u00edgenas - Tierraviva<\/title>\n<meta name=\"robots\" content=\"index, follow, max-snippet:-1, max-image-preview:large, max-video-preview:-1\" \/>\n<link rel=\"canonical\" href=\"https:\/\/vortice.rocks\/clientes\/tierraviva\/se-prepara-aty-guasu-con-lideres-indigenas\/\" \/>\n<meta property=\"og:locale\" content=\"es_ES\" \/>\n<meta property=\"og:type\" content=\"article\" \/>\n<meta property=\"og:title\" content=\"Se prepara Aty Guas\u00fa con l\u00edderes ind\u00edgenas - Tierraviva\" \/>\n<meta property=\"og:description\" content=\"Pueblos ind\u00edgenas evaluar\u00e1n la coyuntura nacional y trazar\u00e1n estrategias de lucha &nbsp; En el mes de noviembre se llevar\u00e1 adelante un encuentro de l\u00edderes de comunidades ind\u00edgenas del Chaco. El espacio impulsado por Tierraviva servir\u00e1 para analizar la nueva situaci\u00f3n pol\u00edtica que vive el pa\u00eds y c\u00f3mo esta repercute en la realidad de los pueblosSeguir leyendo &quot;Se prepara Aty Guas\u00fa con l\u00edderes ind\u00edgenas&quot;\" \/>\n<meta property=\"og:url\" content=\"https:\/\/vortice.rocks\/clientes\/tierraviva\/se-prepara-aty-guasu-con-lideres-indigenas\/\" \/>\n<meta property=\"og:site_name\" content=\"Tierraviva\" \/>\n<meta property=\"article:publisher\" content=\"https:\/\/www.facebook.com\/Tierraviva-a-los-pueblos-indigenas-del-Chaco-217328148281564\/\" \/>\n<meta property=\"article:published_time\" content=\"2018-09-25T13:34:04+00:00\" \/>\n<meta property=\"article:modified_time\" content=\"2018-10-09T16:50:08+00:00\" \/>\n<meta property=\"og:image\" content=\"https:\/\/vortice.rocks\/clientes\/tierraviva\/wp-content\/uploads\/2018\/02\/ind\u00edgenas-del-chaco-04-11-16.jpg\" \/>\n\t<meta property=\"og:image:width\" content=\"2204\" \/>\n\t<meta property=\"og:image:height\" content=\"1471\" \/>\n\t<meta property=\"og:image:type\" content=\"image\/jpeg\" \/>\n<meta name=\"author\" content=\"Santi Ortiz\" \/>\n<meta name=\"twitter:label1\" content=\"Escrito por\" \/>\n\t<meta name=\"twitter:data1\" content=\"Santi Ortiz\" \/>\n\t<meta name=\"twitter:label2\" content=\"Tiempo de lectura\" \/>\n\t<meta name=\"twitter:data2\" content=\"2 minutos\" \/>\n<script type=\"application\/ld+json\" class=\"yoast-schema-graph\">{\"@context\":\"https:\/\/schema.org\",\"@graph\":[{\"@type\":\"WebPage\",\"@id\":\"https:\/\/vortice.rocks\/clientes\/tierraviva\/se-prepara-aty-guasu-con-lideres-indigenas\/\",\"url\":\"https:\/\/vortice.rocks\/clientes\/tierraviva\/se-prepara-aty-guasu-con-lideres-indigenas\/\",\"name\":\"Se prepara Aty Guas\u00fa con l\u00edderes ind\u00edgenas - Tierraviva\",\"isPartOf\":{\"@id\":\"https:\/\/vortice.rocks\/clientes\/tierraviva\/#website\"},\"datePublished\":\"2018-09-25T13:34:04+00:00\",\"dateModified\":\"2018-10-09T16:50:08+00:00\",\"author\":{\"@id\":\"https:\/\/vortice.rocks\/clientes\/tierraviva\/#\/schema\/person\/0652c5aad419c86cff8f8129d355edd0\"},\"breadcrumb\":{\"@id\":\"https:\/\/vortice.rocks\/clientes\/tierraviva\/se-prepara-aty-guasu-con-lideres-indigenas\/#breadcrumb\"},\"inLanguage\":\"es\",\"potentialAction\":[{\"@type\":\"ReadAction\",\"target\":[\"https:\/\/vortice.rocks\/clientes\/tierraviva\/se-prepara-aty-guasu-con-lideres-indigenas\/\"]}]},{\"@type\":\"BreadcrumbList\",\"@id\":\"https:\/\/vortice.rocks\/clientes\/tierraviva\/se-prepara-aty-guasu-con-lideres-indigenas\/#breadcrumb\",\"itemListElement\":[{\"@type\":\"ListItem\",\"position\":1,\"name\":\"Portada\",\"item\":\"https:\/\/vortice.rocks\/clientes\/tierraviva\/\"},{\"@type\":\"ListItem\",\"position\":2,\"name\":\"Se prepara Aty Guas\u00fa con l\u00edderes ind\u00edgenas\"}]},{\"@type\":\"WebSite\",\"@id\":\"https:\/\/vortice.rocks\/clientes\/tierraviva\/#website\",\"url\":\"https:\/\/vortice.rocks\/clientes\/tierraviva\/\",\"name\":\"Tierraviva\",\"description\":\"\",\"potentialAction\":[{\"@type\":\"SearchAction\",\"target\":{\"@type\":\"EntryPoint\",\"urlTemplate\":\"https:\/\/vortice.rocks\/clientes\/tierraviva\/?s={search_term_string}\"},\"query-input\":\"required name=search_term_string\"}],\"inLanguage\":\"es\"},{\"@type\":\"Person\",\"@id\":\"https:\/\/vortice.rocks\/clientes\/tierraviva\/#\/schema\/person\/0652c5aad419c86cff8f8129d355edd0\",\"name\":\"Santi Ortiz\",\"image\":{\"@type\":\"ImageObject\",\"inLanguage\":\"es\",\"@id\":\"https:\/\/vortice.rocks\/clientes\/tierraviva\/#\/schema\/person\/image\/\",\"url\":\"https:\/\/secure.gravatar.com\/avatar\/78bab899e21d2840245c1646bfc64d01?s=96&d=mm&r=g\",\"contentUrl\":\"https:\/\/secure.gravatar.com\/avatar\/78bab899e21d2840245c1646bfc64d01?s=96&d=mm&r=g\",\"caption\":\"Santi Ortiz\"},\"sameAs\":[\"https:\/\/vortice.rocks\/clientes\/tierraviva\"],\"url\":\"https:\/\/vortice.rocks\/clientes\/tierraviva\/author\/santi-ortiz\/\"}]}<\/script>\n<!-- \/ Yoast SEO plugin. -->","yoast_head_json":{"title":"Se prepara Aty Guas\u00fa con l\u00edderes ind\u00edgenas - Tierraviva","robots":{"index":"index","follow":"follow","max-snippet":"max-snippet:-1","max-image-preview":"max-image-preview:large","max-video-preview":"max-video-preview:-1"},"canonical":"https:\/\/vortice.rocks\/clientes\/tierraviva\/se-prepara-aty-guasu-con-lideres-indigenas\/","og_locale":"es_ES","og_type":"article","og_title":"Se prepara Aty Guas\u00fa con l\u00edderes ind\u00edgenas - Tierraviva","og_description":"Pueblos ind\u00edgenas evaluar\u00e1n la coyuntura nacional y trazar\u00e1n estrategias de lucha &nbsp; En el mes de noviembre se llevar\u00e1 adelante un encuentro de l\u00edderes de comunidades ind\u00edgenas del Chaco. El espacio impulsado por Tierraviva servir\u00e1 para analizar la nueva situaci\u00f3n pol\u00edtica que vive el pa\u00eds y c\u00f3mo esta repercute en la realidad de los pueblosSeguir leyendo \"Se prepara Aty Guas\u00fa con l\u00edderes ind\u00edgenas\"","og_url":"https:\/\/vortice.rocks\/clientes\/tierraviva\/se-prepara-aty-guasu-con-lideres-indigenas\/","og_site_name":"Tierraviva","article_publisher":"https:\/\/www.facebook.com\/Tierraviva-a-los-pueblos-indigenas-del-Chaco-217328148281564\/","article_published_time":"2018-09-25T13:34:04+00:00","article_modified_time":"2018-10-09T16:50:08+00:00","og_image":[{"width":2204,"height":1471,"url":"https:\/\/vortice.rocks\/clientes\/tierraviva\/wp-content\/uploads\/2018\/02\/ind\u00edgenas-del-chaco-04-11-16.jpg","type":"image\/jpeg"}],"author":"Santi Ortiz","twitter_misc":{"Escrito por":"Santi Ortiz","Tiempo de lectura":"2 minutos"},"schema":{"@context":"https:\/\/schema.org","@graph":[{"@type":"WebPage","@id":"https:\/\/vortice.rocks\/clientes\/tierraviva\/se-prepara-aty-guasu-con-lideres-indigenas\/","url":"https:\/\/vortice.rocks\/clientes\/tierraviva\/se-prepara-aty-guasu-con-lideres-indigenas\/","name":"Se prepara Aty Guas\u00fa con l\u00edderes ind\u00edgenas - Tierraviva","isPartOf":{"@id":"https:\/\/vortice.rocks\/clientes\/tierraviva\/#website"},"datePublished":"2018-09-25T13:34:04+00:00","dateModified":"2018-10-09T16:50:08+00:00","author":{"@id":"https:\/\/vortice.rocks\/clientes\/tierraviva\/#\/schema\/person\/0652c5aad419c86cff8f8129d355edd0"},"breadcrumb":{"@id":"https:\/\/vortice.rocks\/clientes\/tierraviva\/se-prepara-aty-guasu-con-lideres-indigenas\/#breadcrumb"},"inLanguage":"es","potentialAction":[{"@type":"ReadAction","target":["https:\/\/vortice.rocks\/clientes\/tierraviva\/se-prepara-aty-guasu-con-lideres-indigenas\/"]}]},{"@type":"BreadcrumbList","@id":"https:\/\/vortice.rocks\/clientes\/tierraviva\/se-prepara-aty-guasu-con-lideres-indigenas\/#breadcrumb","itemListElement":[{"@type":"ListItem","position":1,"name":"Portada","item":"https:\/\/vortice.rocks\/clientes\/tierraviva\/"},{"@type":"ListItem","position":2,"name":"Se prepara Aty Guas\u00fa con l\u00edderes ind\u00edgenas"}]},{"@type":"WebSite","@id":"https:\/\/vortice.rocks\/clientes\/tierraviva\/#website","url":"https:\/\/vortice.rocks\/clientes\/tierraviva\/","name":"Tierraviva","description":"","potentialAction":[{"@type":"SearchAction","target":{"@type":"EntryPoint","urlTemplate":"https:\/\/vortice.rocks\/clientes\/tierraviva\/?s={search_term_string}"},"query-input":"required name=search_term_string"}],"inLanguage":"es"},{"@type":"Person","@id":"https:\/\/vortice.rocks\/clientes\/tierraviva\/#\/schema\/person\/0652c5aad419c86cff8f8129d355edd0","name":"Santi Ortiz","image":{"@type":"ImageObject","inLanguage":"es","@id":"https:\/\/vortice.rocks\/clientes\/tierraviva\/#\/schema\/person\/image\/","url":"https:\/\/secure.gravatar.com\/avatar\/78bab899e21d2840245c1646bfc64d01?s=96&d=mm&r=g","contentUrl":"https:\/\/secure.gravatar.com\/avatar\/78bab899e21d2840245c1646bfc64d01?s=96&d=mm&r=g","caption":"Santi Ortiz"},"sameAs":["https:\/\/vortice.rocks\/clientes\/tierraviva"],"url":"https:\/\/vortice.rocks\/clientes\/tierraviva\/author\/santi-ortiz\/"}]}},"_links":{"self":[{"href":"https:\/\/vortice.rocks\/clientes\/tierraviva\/wp-json\/wp\/v2\/posts\/1228"}],"collection":[{"href":"https:\/\/vortice.rocks\/clientes\/tierraviva\/wp-json\/wp\/v2\/posts"}],"about":[{"href":"https:\/\/vortice.rocks\/clientes\/tierraviva\/wp-json\/wp\/v2\/types\/post"}],"author":[{"embeddable":true,"href":"https:\/\/vortice.rocks\/clientes\/tierraviva\/wp-json\/wp\/v2\/users\/5"}],"replies":[{"embeddable":true,"href":"https:\/\/vortice.rocks\/clientes\/tierraviva\/wp-json\/wp\/v2\/comments?post=1228"}],"version-history":[{"count":4,"href":"https:\/\/vortice.rocks\/clientes\/tierraviva\/wp-json\/wp\/v2\/posts\/1228\/revisions"}],"predecessor-version":[{"id":1268,"href":"https:\/\/vortice.rocks\/clientes\/tierraviva\/wp-json\/wp\/v2\/posts\/1228\/revisions\/1268"}],"wp:featuredmedia":[{"embeddable":true,"href":"https:\/\/vortice.rocks\/clientes\/tierraviva\/wp-json\/wp\/v2\/media\/515"}],"wp:attachment":[{"href":"https:\/\/vortice.rocks\/clientes\/tierraviva\/wp-json\/wp\/v2\/media?parent=1228"}],"wp:term":[{"taxonomy":"category","embeddable":true,"href":"https:\/\/vortice.rocks\/clientes\/tierraviva\/wp-json\/wp\/v2\/categories?post=1228"},{"taxonomy":"post_tag","embeddable":true,"href":"https:\/\/vortice.rocks\/clientes\/tierraviva\/wp-json\/wp\/v2\/tags?post=1228"}],"curies":[{"name":"wp","href":"https:\/\/api.w.org\/{rel}","templated":true}]}}