{"id":1239,"date":"2018-09-28T16:08:39","date_gmt":"2018-09-28T20:08:39","guid":{"rendered":"https:\/\/vortice.rocks\/clientes\/tierraviva\/?p=1239"},"modified":"2018-09-28T16:08:39","modified_gmt":"2018-09-28T20:08:39","slug":"la-militarizacion-busca-dejarnos-sin-territorio","status":"publish","type":"post","link":"https:\/\/vortice.rocks\/clientes\/tierraviva\/la-militarizacion-busca-dejarnos-sin-territorio\/","title":{"rendered":"&#8220;La militarizaci\u00f3n busca dejarnos sin territorio&#8221;"},"content":{"rendered":"<h4>Se desarroll\u00f3 el III Foro Social del Norte.<\/h4>\n<p>En la jornada de hoy se llev\u00f3 adelante en Concepci\u00f3n el Foro Social\u00a0 del Norte, espacio de reflexi\u00f3n y debate cuyo lema en esta tercera edici\u00f3n fue \u201cPor Territorio, Soberan\u00eda y Derechos Humanos. Tierraviva estuvo presenta acompa\u00f1ando el evento que reuni\u00f3 a decenas de activistas de todo el pa\u00eds y a pobladores y pobladoras de los Departamentos del Norte paraguayo.<\/p>\n<p>Entre los puntos m\u00e1s resaltantes se destaca la activa participaci\u00f3n del segmento juvenil que realiz\u00f3 diferentes denuncias respecto a la realidad que los afecta en la actualidad tras m\u00e1s de cinco a\u00f1os de militarizaci\u00f3n del territorio en que habitan.<\/p>\n<p>En ese sentido Sol Jara, estudiante de la comunidad de Arroyito, denunci\u00f3 que la militarizaci\u00f3n \u201cinstala el miedo en cada rinc\u00f3n de la comunidad, supuestamente es para brindar seguridad pero lo que hacen es cohibirnos a nosotros los j\u00f3venes el ejercicio de nuestros\u201d. Indic\u00f3 que los j\u00f3venes tienen temor debido a los malos antecedentes que tienen de las Fuerzas de Tarea Conjunta, grupo militar y policial que act\u00faa en el norte del pa\u00eds, ya que en varios casos han actuado de forma agresiva contra ciudadanos inocentes e indefensos, violando permanentemente los Derechos Humanos de los pobladores y pobladoras.<\/p>\n<p>\u201cEn vez de invertir en educaci\u00f3n, en trabajo, en caminos que es lo que m\u00e1s se necesita en la comunidad se gasta en comprar armas y balas\u201d denunci\u00f3 la joven, que record\u00f3 el susto de ni\u00f1os y j\u00f3venes escolares cuando los helic\u00f3pteros de las FTC sobrevuelan de forma rasante los techos de las escuelas.<\/p>\n<p>Sol Jara se\u00f1al\u00f3 que como j\u00f3venes comprenden lo que est\u00e1 sucediendo y que lo que se busca con la militarizaci\u00f3n es generar temor a fin de que los pobladores campesinos abandonen el territorio y que las tierras puedan convertirse en sojales. \u201cEs una estrategia para sacarnos de nuestras comunidades para que las tierras se queden para el cultivo de soja, nosotros entendemos lo que ellos est\u00e1n planificando, por eso decidimos organizarnos y formarnos para conocer nuestros derechos y defenderlos\u201d.<\/p>\n","protected":false},"excerpt":{"rendered":"<p>Se desarroll\u00f3 el III Foro Social del Norte. En la jornada de hoy se llev\u00f3 adelante en Concepci\u00f3n el Foro Social\u00a0 del Norte, espacio de reflexi\u00f3n y debate cuyo lema en esta tercera edici\u00f3n fue \u201cPor Territorio, Soberan\u00eda y Derechos Humanos. Tierraviva estuvo presenta acompa\u00f1ando el evento que reuni\u00f3 a decenas de activistas de todo<a class=\"more-link\" href=\"https:\/\/vortice.rocks\/clientes\/tierraviva\/la-militarizacion-busca-dejarnos-sin-territorio\/\">Seguir leyendo <span class=\"screen-reader-text\">&#8220;&#8220;La militarizaci\u00f3n busca dejarnos sin territorio&#8221;&#8221;<\/span><\/a><\/p>\n","protected":false},"author":5,"featured_media":1240,"comment_status":"open","ping_status":"open","sticky":false,"template":"","format":"standard","meta":{"_exactmetrics_skip_tracking":false,"_exactmetrics_sitenote_active":false,"_exactmetrics_sitenote_note":"","_exactmetrics_sitenote_category":0,"footnotes":""},"categories":[3],"tags":[31,37],"yoast_head":"<!-- This site is optimized with the Yoast SEO plugin v21.7 - https:\/\/yoast.com\/wordpress\/plugins\/seo\/ -->\n<title>&quot;La militarizaci\u00f3n busca dejarnos sin territorio&quot; - Tierraviva<\/title>\n<meta name=\"robots\" content=\"index, follow, max-snippet:-1, max-image-preview:large, max-video-preview:-1\" \/>\n<link rel=\"canonical\" href=\"https:\/\/vortice.rocks\/clientes\/tierraviva\/la-militarizacion-busca-dejarnos-sin-territorio\/\" \/>\n<meta property=\"og:locale\" content=\"es_ES\" \/>\n<meta property=\"og:type\" content=\"article\" \/>\n<meta property=\"og:title\" content=\"&quot;La militarizaci\u00f3n busca dejarnos sin territorio&quot; - Tierraviva\" \/>\n<meta property=\"og:description\" content=\"Se desarroll\u00f3 el III Foro Social del Norte. En la jornada de hoy se llev\u00f3 adelante en Concepci\u00f3n el Foro Social\u00a0 del Norte, espacio de reflexi\u00f3n y debate cuyo lema en esta tercera edici\u00f3n fue \u201cPor Territorio, Soberan\u00eda y Derechos Humanos. Tierraviva estuvo presenta acompa\u00f1ando el evento que reuni\u00f3 a decenas de activistas de todoSeguir leyendo &quot;&#8220;La militarizaci\u00f3n busca dejarnos sin territorio&#8221;&quot;\" \/>\n<meta property=\"og:url\" content=\"https:\/\/vortice.rocks\/clientes\/tierraviva\/la-militarizacion-busca-dejarnos-sin-territorio\/\" \/>\n<meta property=\"og:site_name\" content=\"Tierraviva\" \/>\n<meta property=\"article:publisher\" content=\"https:\/\/www.facebook.com\/Tierraviva-a-los-pueblos-indigenas-del-Chaco-217328148281564\/\" \/>\n<meta property=\"article:published_time\" content=\"2018-09-28T20:08:39+00:00\" \/>\n<meta property=\"og:image\" content=\"https:\/\/vortice.rocks\/clientes\/tierraviva\/wp-content\/uploads\/2018\/09\/42788031_557219331400465_7755879641360891904_n.jpg\" \/>\n\t<meta property=\"og:image:width\" content=\"1040\" \/>\n\t<meta property=\"og:image:height\" content=\"780\" \/>\n\t<meta property=\"og:image:type\" content=\"image\/jpeg\" \/>\n<meta name=\"author\" content=\"Santi Ortiz\" \/>\n<meta name=\"twitter:label1\" content=\"Escrito por\" \/>\n\t<meta name=\"twitter:data1\" content=\"Santi Ortiz\" \/>\n\t<meta name=\"twitter:label2\" content=\"Tiempo de lectura\" \/>\n\t<meta name=\"twitter:data2\" content=\"2 minutos\" \/>\n<script type=\"application\/ld+json\" class=\"yoast-schema-graph\">{\"@context\":\"https:\/\/schema.org\",\"@graph\":[{\"@type\":\"WebPage\",\"@id\":\"https:\/\/vortice.rocks\/clientes\/tierraviva\/la-militarizacion-busca-dejarnos-sin-territorio\/\",\"url\":\"https:\/\/vortice.rocks\/clientes\/tierraviva\/la-militarizacion-busca-dejarnos-sin-territorio\/\",\"name\":\"\\\"La militarizaci\u00f3n busca dejarnos sin territorio\\\" - Tierraviva\",\"isPartOf\":{\"@id\":\"https:\/\/vortice.rocks\/clientes\/tierraviva\/#website\"},\"datePublished\":\"2018-09-28T20:08:39+00:00\",\"dateModified\":\"2018-09-28T20:08:39+00:00\",\"author\":{\"@id\":\"https:\/\/vortice.rocks\/clientes\/tierraviva\/#\/schema\/person\/0652c5aad419c86cff8f8129d355edd0\"},\"breadcrumb\":{\"@id\":\"https:\/\/vortice.rocks\/clientes\/tierraviva\/la-militarizacion-busca-dejarnos-sin-territorio\/#breadcrumb\"},\"inLanguage\":\"es\",\"potentialAction\":[{\"@type\":\"ReadAction\",\"target\":[\"https:\/\/vortice.rocks\/clientes\/tierraviva\/la-militarizacion-busca-dejarnos-sin-territorio\/\"]}]},{\"@type\":\"BreadcrumbList\",\"@id\":\"https:\/\/vortice.rocks\/clientes\/tierraviva\/la-militarizacion-busca-dejarnos-sin-territorio\/#breadcrumb\",\"itemListElement\":[{\"@type\":\"ListItem\",\"position\":1,\"name\":\"Portada\",\"item\":\"https:\/\/vortice.rocks\/clientes\/tierraviva\/\"},{\"@type\":\"ListItem\",\"position\":2,\"name\":\"&#8220;La militarizaci\u00f3n busca dejarnos sin territorio&#8221;\"}]},{\"@type\":\"WebSite\",\"@id\":\"https:\/\/vortice.rocks\/clientes\/tierraviva\/#website\",\"url\":\"https:\/\/vortice.rocks\/clientes\/tierraviva\/\",\"name\":\"Tierraviva\",\"description\":\"\",\"potentialAction\":[{\"@type\":\"SearchAction\",\"target\":{\"@type\":\"EntryPoint\",\"urlTemplate\":\"https:\/\/vortice.rocks\/clientes\/tierraviva\/?s={search_term_string}\"},\"query-input\":\"required name=search_term_string\"}],\"inLanguage\":\"es\"},{\"@type\":\"Person\",\"@id\":\"https:\/\/vortice.rocks\/clientes\/tierraviva\/#\/schema\/person\/0652c5aad419c86cff8f8129d355edd0\",\"name\":\"Santi Ortiz\",\"image\":{\"@type\":\"ImageObject\",\"inLanguage\":\"es\",\"@id\":\"https:\/\/vortice.rocks\/clientes\/tierraviva\/#\/schema\/person\/image\/\",\"url\":\"https:\/\/secure.gravatar.com\/avatar\/78bab899e21d2840245c1646bfc64d01?s=96&d=mm&r=g\",\"contentUrl\":\"https:\/\/secure.gravatar.com\/avatar\/78bab899e21d2840245c1646bfc64d01?s=96&d=mm&r=g\",\"caption\":\"Santi Ortiz\"},\"sameAs\":[\"https:\/\/vortice.rocks\/clientes\/tierraviva\"],\"url\":\"https:\/\/vortice.rocks\/clientes\/tierraviva\/author\/santi-ortiz\/\"}]}<\/script>\n<!-- \/ Yoast SEO plugin. -->","yoast_head_json":{"title":"\"La militarizaci\u00f3n busca dejarnos sin territorio\" - Tierraviva","robots":{"index":"index","follow":"follow","max-snippet":"max-snippet:-1","max-image-preview":"max-image-preview:large","max-video-preview":"max-video-preview:-1"},"canonical":"https:\/\/vortice.rocks\/clientes\/tierraviva\/la-militarizacion-busca-dejarnos-sin-territorio\/","og_locale":"es_ES","og_type":"article","og_title":"\"La militarizaci\u00f3n busca dejarnos sin territorio\" - Tierraviva","og_description":"Se desarroll\u00f3 el III Foro Social del Norte. En la jornada de hoy se llev\u00f3 adelante en Concepci\u00f3n el Foro Social\u00a0 del Norte, espacio de reflexi\u00f3n y debate cuyo lema en esta tercera edici\u00f3n fue \u201cPor Territorio, Soberan\u00eda y Derechos Humanos. Tierraviva estuvo presenta acompa\u00f1ando el evento que reuni\u00f3 a decenas de activistas de todoSeguir leyendo \"&#8220;La militarizaci\u00f3n busca dejarnos sin territorio&#8221;\"","og_url":"https:\/\/vortice.rocks\/clientes\/tierraviva\/la-militarizacion-busca-dejarnos-sin-territorio\/","og_site_name":"Tierraviva","article_publisher":"https:\/\/www.facebook.com\/Tierraviva-a-los-pueblos-indigenas-del-Chaco-217328148281564\/","article_published_time":"2018-09-28T20:08:39+00:00","og_image":[{"width":1040,"height":780,"url":"https:\/\/vortice.rocks\/clientes\/tierraviva\/wp-content\/uploads\/2018\/09\/42788031_557219331400465_7755879641360891904_n.jpg","type":"image\/jpeg"}],"author":"Santi Ortiz","twitter_misc":{"Escrito por":"Santi Ortiz","Tiempo de lectura":"2 minutos"},"schema":{"@context":"https:\/\/schema.org","@graph":[{"@type":"WebPage","@id":"https:\/\/vortice.rocks\/clientes\/tierraviva\/la-militarizacion-busca-dejarnos-sin-territorio\/","url":"https:\/\/vortice.rocks\/clientes\/tierraviva\/la-militarizacion-busca-dejarnos-sin-territorio\/","name":"\"La militarizaci\u00f3n busca dejarnos sin territorio\" - Tierraviva","isPartOf":{"@id":"https:\/\/vortice.rocks\/clientes\/tierraviva\/#website"},"datePublished":"2018-09-28T20:08:39+00:00","dateModified":"2018-09-28T20:08:39+00:00","author":{"@id":"https:\/\/vortice.rocks\/clientes\/tierraviva\/#\/schema\/person\/0652c5aad419c86cff8f8129d355edd0"},"breadcrumb":{"@id":"https:\/\/vortice.rocks\/clientes\/tierraviva\/la-militarizacion-busca-dejarnos-sin-territorio\/#breadcrumb"},"inLanguage":"es","potentialAction":[{"@type":"ReadAction","target":["https:\/\/vortice.rocks\/clientes\/tierraviva\/la-militarizacion-busca-dejarnos-sin-territorio\/"]}]},{"@type":"BreadcrumbList","@id":"https:\/\/vortice.rocks\/clientes\/tierraviva\/la-militarizacion-busca-dejarnos-sin-territorio\/#breadcrumb","itemListElement":[{"@type":"ListItem","position":1,"name":"Portada","item":"https:\/\/vortice.rocks\/clientes\/tierraviva\/"},{"@type":"ListItem","position":2,"name":"&#8220;La militarizaci\u00f3n busca dejarnos sin territorio&#8221;"}]},{"@type":"WebSite","@id":"https:\/\/vortice.rocks\/clientes\/tierraviva\/#website","url":"https:\/\/vortice.rocks\/clientes\/tierraviva\/","name":"Tierraviva","description":"","potentialAction":[{"@type":"SearchAction","target":{"@type":"EntryPoint","urlTemplate":"https:\/\/vortice.rocks\/clientes\/tierraviva\/?s={search_term_string}"},"query-input":"required name=search_term_string"}],"inLanguage":"es"},{"@type":"Person","@id":"https:\/\/vortice.rocks\/clientes\/tierraviva\/#\/schema\/person\/0652c5aad419c86cff8f8129d355edd0","name":"Santi Ortiz","image":{"@type":"ImageObject","inLanguage":"es","@id":"https:\/\/vortice.rocks\/clientes\/tierraviva\/#\/schema\/person\/image\/","url":"https:\/\/secure.gravatar.com\/avatar\/78bab899e21d2840245c1646bfc64d01?s=96&d=mm&r=g","contentUrl":"https:\/\/secure.gravatar.com\/avatar\/78bab899e21d2840245c1646bfc64d01?s=96&d=mm&r=g","caption":"Santi Ortiz"},"sameAs":["https:\/\/vortice.rocks\/clientes\/tierraviva"],"url":"https:\/\/vortice.rocks\/clientes\/tierraviva\/author\/santi-ortiz\/"}]}},"_links":{"self":[{"href":"https:\/\/vortice.rocks\/clientes\/tierraviva\/wp-json\/wp\/v2\/posts\/1239"}],"collection":[{"href":"https:\/\/vortice.rocks\/clientes\/tierraviva\/wp-json\/wp\/v2\/posts"}],"about":[{"href":"https:\/\/vortice.rocks\/clientes\/tierraviva\/wp-json\/wp\/v2\/types\/post"}],"author":[{"embeddable":true,"href":"https:\/\/vortice.rocks\/clientes\/tierraviva\/wp-json\/wp\/v2\/users\/5"}],"replies":[{"embeddable":true,"href":"https:\/\/vortice.rocks\/clientes\/tierraviva\/wp-json\/wp\/v2\/comments?post=1239"}],"version-history":[{"count":2,"href":"https:\/\/vortice.rocks\/clientes\/tierraviva\/wp-json\/wp\/v2\/posts\/1239\/revisions"}],"predecessor-version":[{"id":1242,"href":"https:\/\/vortice.rocks\/clientes\/tierraviva\/wp-json\/wp\/v2\/posts\/1239\/revisions\/1242"}],"wp:featuredmedia":[{"embeddable":true,"href":"https:\/\/vortice.rocks\/clientes\/tierraviva\/wp-json\/wp\/v2\/media\/1240"}],"wp:attachment":[{"href":"https:\/\/vortice.rocks\/clientes\/tierraviva\/wp-json\/wp\/v2\/media?parent=1239"}],"wp:term":[{"taxonomy":"category","embeddable":true,"href":"https:\/\/vortice.rocks\/clientes\/tierraviva\/wp-json\/wp\/v2\/categories?post=1239"},{"taxonomy":"post_tag","embeddable":true,"href":"https:\/\/vortice.rocks\/clientes\/tierraviva\/wp-json\/wp\/v2\/tags?post=1239"}],"curies":[{"name":"wp","href":"https:\/\/api.w.org\/{rel}","templated":true}]}}