{"id":1253,"date":"2018-10-08T15:10:09","date_gmt":"2018-10-08T19:10:09","guid":{"rendered":"https:\/\/vortice.rocks\/clientes\/tierraviva\/?p=1253"},"modified":"2018-10-09T12:46:06","modified_gmt":"2018-10-09T16:46:06","slug":"realizaran-encuentro-de-mujeres-indigenas-del-chaco","status":"publish","type":"post","link":"https:\/\/vortice.rocks\/clientes\/tierraviva\/realizaran-encuentro-de-mujeres-indigenas-del-chaco\/","title":{"rendered":"Realizar\u00e1n encuentro de mujeres ind\u00edgenas del Chaco"},"content":{"rendered":"<p>Desde ma\u00f1ana, martes 9, hasta el viernes 12 de Octubre unas 80 mujeres ind\u00edgenas de diferentes pueblos y comunidades del Chaco se reunir\u00e1n en la Casa de Retiro Emaus (Luque) con el objetivo de dialogar sobre la artesan\u00eda como actividad de transmisi\u00f3n generacional de saberes ancestrales, de identidad cultural y su rol en la econom\u00eda de las comunidades. El espacio reunir\u00e1 a mujeres de los pueblos Enxet Sur, Enlhet Norte, Nivache, Angaite, Yshir, Q\u00f3m y Sanapan\u00e1.<\/p>\n<p>Durante el evento se abordar\u00e1 la importancia del trabajo de las mujeres ind\u00edgenas en la artesan\u00eda desde el uso tradicional de los recursos naturales, a fin de proponer puntos espec\u00edficos en la construcci\u00f3n de pol\u00edticas p\u00fablicas para el comercio justo de los productos de la artesan\u00eda de las mujeres de los pueblos ind\u00edgenas. La llegada de las delegaciones est\u00e1 prevista para el d\u00eda martes 9 de octubre, los d\u00edas mi\u00e9rcoles 10 y jueves 11 se tendr\u00e1n exposiciones en plenarias, trabajos grupales y paneles debate.<\/p>\n<h3><b>Feria de Artesan\u00eda<\/b><\/h3>\n<p>Para el d\u00eda 12 de octubre se prev\u00e9 una gran Feria de Artesan\u00eda en la plaza O\u2019leary, del centro de Asunci\u00f3n, con exposici\u00f3n y venta de piezas de artesan\u00eda de los pueblos ind\u00edgenas del Chaco, adem\u00e1s de cantos y danzas propias de cada pueblo. Durante la jornada las participantes har\u00e1n entrega de un documento que contenga puntos espec\u00edficos para la construcci\u00f3n de pol\u00edticas p\u00fablicas que atiendan las necesidades de las artesanas ind\u00edgenas a las autoridades del Instituto Paraguayo de Artesan\u00eda (IPA) Secretar\u00eda Nacional de Turismo (SENATUR), Instituto Paraguayo del Ind\u00edgena (INDI), Secretar\u00eda Nacional de Cultura (SNC) y el Fondo Nacional de la Cultura y las Artes (FONDEC), entre otras instituciones que estar\u00e1n presentes en el evento.<\/p>\n<p>\u201cLa Artesan\u00eda es una actividad que articula a las mujeres ind\u00edgenas de los diferentes Pueblos y que se encuentra en estrecha relaci\u00f3n con el uso de sus recursos y de su territorio\u201d, se\u00f1ala Adriana Ag\u00fcero, integrante del equipo de trabajo de Tierraviva, instituci\u00f3n impulsora del evento, agregando que el trabajo de las artesanas involucra la misma defensa de ese territorio, de sus recursos, adem\u00e1s de ser una expresi\u00f3n concreta de la cultura de sus pueblos.<\/p>\n<p>Respecto a la Feria las organizaciones se\u00f1alaron que ser\u00e1 un espacio de intercambio intercultural, de puesta en practica de la econom\u00eda solidaria y el comercio justo, \u201cSer\u00e1 una oportunidad de di\u00e1logo entre las mujeres ind\u00edgenas y la gente de la capital y ciudades aleda\u00f1as, conociendo los productos que ellas elaboran, su arte y su cultura, posibilit\u00e1ndoles adquirir piezas de artesan\u00edas a un precio justo y colaborando con la econom\u00eda de las comunidades desde estas mujeres artesanas\u201d .<\/p>\n<p>El encuentro de mujeres y la feria de artesan\u00eda ind\u00edgena son espacios impulsados por la Organizaci\u00f3n Tierraviva, en el marco del proyecto \u201c<i>Promoviendo Transparencia y el Derecho de Acceso a Informaci\u00f3n P\u00fablica desde Propuestas Interculturales de Pueblos Ind\u00edgenas de Paraguay\u201d <\/i>con el apoyo de la Uni\u00f3n Europea, la Coordinadora de Derechos Humanos del Paraguay (CODEHUPY) e Icco<i>.<\/i><\/p>\n<p>&nbsp;<\/p>\n<p><strong>Contacto:<\/strong><\/p>\n<p>Santiago Ortiz: 0992-447638<\/p>\n<p>Ver\u00f3nica Barreto 0981-351284<\/p>\n","protected":false},"excerpt":{"rendered":"<p>Desde ma\u00f1ana, martes 9, hasta el viernes 12 de Octubre unas 80 mujeres ind\u00edgenas de diferentes pueblos y comunidades del Chaco se reunir\u00e1n en la Casa de Retiro Emaus (Luque) con el objetivo de dialogar sobre la artesan\u00eda como actividad de transmisi\u00f3n generacional de saberes ancestrales, de identidad cultural y su rol en la econom\u00eda<a class=\"more-link\" href=\"https:\/\/vortice.rocks\/clientes\/tierraviva\/realizaran-encuentro-de-mujeres-indigenas-del-chaco\/\">Seguir leyendo <span class=\"screen-reader-text\">&#8220;Realizar\u00e1n encuentro de mujeres ind\u00edgenas del Chaco&#8221;<\/span><\/a><\/p>\n","protected":false},"author":5,"featured_media":1254,"comment_status":"open","ping_status":"open","sticky":false,"template":"","format":"standard","meta":{"_exactmetrics_skip_tracking":false,"_exactmetrics_sitenote_active":false,"_exactmetrics_sitenote_note":"","_exactmetrics_sitenote_category":0,"footnotes":""},"categories":[3],"tags":[],"yoast_head":"<!-- This site is optimized with the Yoast SEO plugin v21.7 - https:\/\/yoast.com\/wordpress\/plugins\/seo\/ -->\n<title>Realizar\u00e1n encuentro de mujeres ind\u00edgenas del Chaco - Tierraviva<\/title>\n<meta name=\"robots\" content=\"index, follow, max-snippet:-1, max-image-preview:large, max-video-preview:-1\" \/>\n<link rel=\"canonical\" href=\"https:\/\/vortice.rocks\/clientes\/tierraviva\/realizaran-encuentro-de-mujeres-indigenas-del-chaco\/\" \/>\n<meta property=\"og:locale\" content=\"es_ES\" \/>\n<meta property=\"og:type\" content=\"article\" \/>\n<meta property=\"og:title\" content=\"Realizar\u00e1n encuentro de mujeres ind\u00edgenas del Chaco - Tierraviva\" \/>\n<meta property=\"og:description\" content=\"Desde ma\u00f1ana, martes 9, hasta el viernes 12 de Octubre unas 80 mujeres ind\u00edgenas de diferentes pueblos y comunidades del Chaco se reunir\u00e1n en la Casa de Retiro Emaus (Luque) con el objetivo de dialogar sobre la artesan\u00eda como actividad de transmisi\u00f3n generacional de saberes ancestrales, de identidad cultural y su rol en la econom\u00edaSeguir leyendo &quot;Realizar\u00e1n encuentro de mujeres ind\u00edgenas del Chaco&quot;\" \/>\n<meta property=\"og:url\" content=\"https:\/\/vortice.rocks\/clientes\/tierraviva\/realizaran-encuentro-de-mujeres-indigenas-del-chaco\/\" \/>\n<meta property=\"og:site_name\" content=\"Tierraviva\" \/>\n<meta property=\"article:publisher\" content=\"https:\/\/www.facebook.com\/Tierraviva-a-los-pueblos-indigenas-del-Chaco-217328148281564\/\" \/>\n<meta property=\"article:published_time\" content=\"2018-10-08T19:10:09+00:00\" \/>\n<meta property=\"article:modified_time\" content=\"2018-10-09T16:46:06+00:00\" \/>\n<meta property=\"og:image\" content=\"https:\/\/vortice.rocks\/clientes\/tierraviva\/wp-content\/uploads\/2018\/10\/image001.jpg\" \/>\n\t<meta property=\"og:image:width\" content=\"940\" \/>\n\t<meta property=\"og:image:height\" content=\"788\" \/>\n\t<meta property=\"og:image:type\" content=\"image\/jpeg\" \/>\n<meta name=\"author\" content=\"Santi Ortiz\" \/>\n<meta name=\"twitter:label1\" content=\"Escrito por\" \/>\n\t<meta name=\"twitter:data1\" content=\"Santi Ortiz\" \/>\n\t<meta name=\"twitter:label2\" content=\"Tiempo de lectura\" \/>\n\t<meta name=\"twitter:data2\" content=\"3 minutos\" \/>\n<script type=\"application\/ld+json\" class=\"yoast-schema-graph\">{\"@context\":\"https:\/\/schema.org\",\"@graph\":[{\"@type\":\"WebPage\",\"@id\":\"https:\/\/vortice.rocks\/clientes\/tierraviva\/realizaran-encuentro-de-mujeres-indigenas-del-chaco\/\",\"url\":\"https:\/\/vortice.rocks\/clientes\/tierraviva\/realizaran-encuentro-de-mujeres-indigenas-del-chaco\/\",\"name\":\"Realizar\u00e1n encuentro de mujeres ind\u00edgenas del Chaco - Tierraviva\",\"isPartOf\":{\"@id\":\"https:\/\/vortice.rocks\/clientes\/tierraviva\/#website\"},\"datePublished\":\"2018-10-08T19:10:09+00:00\",\"dateModified\":\"2018-10-09T16:46:06+00:00\",\"author\":{\"@id\":\"https:\/\/vortice.rocks\/clientes\/tierraviva\/#\/schema\/person\/0652c5aad419c86cff8f8129d355edd0\"},\"breadcrumb\":{\"@id\":\"https:\/\/vortice.rocks\/clientes\/tierraviva\/realizaran-encuentro-de-mujeres-indigenas-del-chaco\/#breadcrumb\"},\"inLanguage\":\"es\",\"potentialAction\":[{\"@type\":\"ReadAction\",\"target\":[\"https:\/\/vortice.rocks\/clientes\/tierraviva\/realizaran-encuentro-de-mujeres-indigenas-del-chaco\/\"]}]},{\"@type\":\"BreadcrumbList\",\"@id\":\"https:\/\/vortice.rocks\/clientes\/tierraviva\/realizaran-encuentro-de-mujeres-indigenas-del-chaco\/#breadcrumb\",\"itemListElement\":[{\"@type\":\"ListItem\",\"position\":1,\"name\":\"Portada\",\"item\":\"https:\/\/vortice.rocks\/clientes\/tierraviva\/\"},{\"@type\":\"ListItem\",\"position\":2,\"name\":\"Realizar\u00e1n encuentro de mujeres ind\u00edgenas del Chaco\"}]},{\"@type\":\"WebSite\",\"@id\":\"https:\/\/vortice.rocks\/clientes\/tierraviva\/#website\",\"url\":\"https:\/\/vortice.rocks\/clientes\/tierraviva\/\",\"name\":\"Tierraviva\",\"description\":\"\",\"potentialAction\":[{\"@type\":\"SearchAction\",\"target\":{\"@type\":\"EntryPoint\",\"urlTemplate\":\"https:\/\/vortice.rocks\/clientes\/tierraviva\/?s={search_term_string}\"},\"query-input\":\"required name=search_term_string\"}],\"inLanguage\":\"es\"},{\"@type\":\"Person\",\"@id\":\"https:\/\/vortice.rocks\/clientes\/tierraviva\/#\/schema\/person\/0652c5aad419c86cff8f8129d355edd0\",\"name\":\"Santi Ortiz\",\"image\":{\"@type\":\"ImageObject\",\"inLanguage\":\"es\",\"@id\":\"https:\/\/vortice.rocks\/clientes\/tierraviva\/#\/schema\/person\/image\/\",\"url\":\"https:\/\/secure.gravatar.com\/avatar\/78bab899e21d2840245c1646bfc64d01?s=96&d=mm&r=g\",\"contentUrl\":\"https:\/\/secure.gravatar.com\/avatar\/78bab899e21d2840245c1646bfc64d01?s=96&d=mm&r=g\",\"caption\":\"Santi Ortiz\"},\"sameAs\":[\"https:\/\/vortice.rocks\/clientes\/tierraviva\"],\"url\":\"https:\/\/vortice.rocks\/clientes\/tierraviva\/author\/santi-ortiz\/\"}]}<\/script>\n<!-- \/ Yoast SEO plugin. -->","yoast_head_json":{"title":"Realizar\u00e1n encuentro de mujeres ind\u00edgenas del Chaco - Tierraviva","robots":{"index":"index","follow":"follow","max-snippet":"max-snippet:-1","max-image-preview":"max-image-preview:large","max-video-preview":"max-video-preview:-1"},"canonical":"https:\/\/vortice.rocks\/clientes\/tierraviva\/realizaran-encuentro-de-mujeres-indigenas-del-chaco\/","og_locale":"es_ES","og_type":"article","og_title":"Realizar\u00e1n encuentro de mujeres ind\u00edgenas del Chaco - Tierraviva","og_description":"Desde ma\u00f1ana, martes 9, hasta el viernes 12 de Octubre unas 80 mujeres ind\u00edgenas de diferentes pueblos y comunidades del Chaco se reunir\u00e1n en la Casa de Retiro Emaus (Luque) con el objetivo de dialogar sobre la artesan\u00eda como actividad de transmisi\u00f3n generacional de saberes ancestrales, de identidad cultural y su rol en la econom\u00edaSeguir leyendo \"Realizar\u00e1n encuentro de mujeres ind\u00edgenas del Chaco\"","og_url":"https:\/\/vortice.rocks\/clientes\/tierraviva\/realizaran-encuentro-de-mujeres-indigenas-del-chaco\/","og_site_name":"Tierraviva","article_publisher":"https:\/\/www.facebook.com\/Tierraviva-a-los-pueblos-indigenas-del-Chaco-217328148281564\/","article_published_time":"2018-10-08T19:10:09+00:00","article_modified_time":"2018-10-09T16:46:06+00:00","og_image":[{"width":940,"height":788,"url":"https:\/\/vortice.rocks\/clientes\/tierraviva\/wp-content\/uploads\/2018\/10\/image001.jpg","type":"image\/jpeg"}],"author":"Santi Ortiz","twitter_misc":{"Escrito por":"Santi Ortiz","Tiempo de lectura":"3 minutos"},"schema":{"@context":"https:\/\/schema.org","@graph":[{"@type":"WebPage","@id":"https:\/\/vortice.rocks\/clientes\/tierraviva\/realizaran-encuentro-de-mujeres-indigenas-del-chaco\/","url":"https:\/\/vortice.rocks\/clientes\/tierraviva\/realizaran-encuentro-de-mujeres-indigenas-del-chaco\/","name":"Realizar\u00e1n encuentro de mujeres ind\u00edgenas del Chaco - Tierraviva","isPartOf":{"@id":"https:\/\/vortice.rocks\/clientes\/tierraviva\/#website"},"datePublished":"2018-10-08T19:10:09+00:00","dateModified":"2018-10-09T16:46:06+00:00","author":{"@id":"https:\/\/vortice.rocks\/clientes\/tierraviva\/#\/schema\/person\/0652c5aad419c86cff8f8129d355edd0"},"breadcrumb":{"@id":"https:\/\/vortice.rocks\/clientes\/tierraviva\/realizaran-encuentro-de-mujeres-indigenas-del-chaco\/#breadcrumb"},"inLanguage":"es","potentialAction":[{"@type":"ReadAction","target":["https:\/\/vortice.rocks\/clientes\/tierraviva\/realizaran-encuentro-de-mujeres-indigenas-del-chaco\/"]}]},{"@type":"BreadcrumbList","@id":"https:\/\/vortice.rocks\/clientes\/tierraviva\/realizaran-encuentro-de-mujeres-indigenas-del-chaco\/#breadcrumb","itemListElement":[{"@type":"ListItem","position":1,"name":"Portada","item":"https:\/\/vortice.rocks\/clientes\/tierraviva\/"},{"@type":"ListItem","position":2,"name":"Realizar\u00e1n encuentro de mujeres ind\u00edgenas del Chaco"}]},{"@type":"WebSite","@id":"https:\/\/vortice.rocks\/clientes\/tierraviva\/#website","url":"https:\/\/vortice.rocks\/clientes\/tierraviva\/","name":"Tierraviva","description":"","potentialAction":[{"@type":"SearchAction","target":{"@type":"EntryPoint","urlTemplate":"https:\/\/vortice.rocks\/clientes\/tierraviva\/?s={search_term_string}"},"query-input":"required name=search_term_string"}],"inLanguage":"es"},{"@type":"Person","@id":"https:\/\/vortice.rocks\/clientes\/tierraviva\/#\/schema\/person\/0652c5aad419c86cff8f8129d355edd0","name":"Santi Ortiz","image":{"@type":"ImageObject","inLanguage":"es","@id":"https:\/\/vortice.rocks\/clientes\/tierraviva\/#\/schema\/person\/image\/","url":"https:\/\/secure.gravatar.com\/avatar\/78bab899e21d2840245c1646bfc64d01?s=96&d=mm&r=g","contentUrl":"https:\/\/secure.gravatar.com\/avatar\/78bab899e21d2840245c1646bfc64d01?s=96&d=mm&r=g","caption":"Santi Ortiz"},"sameAs":["https:\/\/vortice.rocks\/clientes\/tierraviva"],"url":"https:\/\/vortice.rocks\/clientes\/tierraviva\/author\/santi-ortiz\/"}]}},"_links":{"self":[{"href":"https:\/\/vortice.rocks\/clientes\/tierraviva\/wp-json\/wp\/v2\/posts\/1253"}],"collection":[{"href":"https:\/\/vortice.rocks\/clientes\/tierraviva\/wp-json\/wp\/v2\/posts"}],"about":[{"href":"https:\/\/vortice.rocks\/clientes\/tierraviva\/wp-json\/wp\/v2\/types\/post"}],"author":[{"embeddable":true,"href":"https:\/\/vortice.rocks\/clientes\/tierraviva\/wp-json\/wp\/v2\/users\/5"}],"replies":[{"embeddable":true,"href":"https:\/\/vortice.rocks\/clientes\/tierraviva\/wp-json\/wp\/v2\/comments?post=1253"}],"version-history":[{"count":6,"href":"https:\/\/vortice.rocks\/clientes\/tierraviva\/wp-json\/wp\/v2\/posts\/1253\/revisions"}],"predecessor-version":[{"id":1266,"href":"https:\/\/vortice.rocks\/clientes\/tierraviva\/wp-json\/wp\/v2\/posts\/1253\/revisions\/1266"}],"wp:featuredmedia":[{"embeddable":true,"href":"https:\/\/vortice.rocks\/clientes\/tierraviva\/wp-json\/wp\/v2\/media\/1254"}],"wp:attachment":[{"href":"https:\/\/vortice.rocks\/clientes\/tierraviva\/wp-json\/wp\/v2\/media?parent=1253"}],"wp:term":[{"taxonomy":"category","embeddable":true,"href":"https:\/\/vortice.rocks\/clientes\/tierraviva\/wp-json\/wp\/v2\/categories?post=1253"},{"taxonomy":"post_tag","embeddable":true,"href":"https:\/\/vortice.rocks\/clientes\/tierraviva\/wp-json\/wp\/v2\/tags?post=1253"}],"curies":[{"name":"wp","href":"https:\/\/api.w.org\/{rel}","templated":true}]}}