{"id":1281,"date":"2018-10-22T09:26:11","date_gmt":"2018-10-22T13:26:11","guid":{"rendered":"https:\/\/vortice.rocks\/clientes\/tierraviva\/?p=1281"},"modified":"2018-10-22T09:26:11","modified_gmt":"2018-10-22T13:26:11","slug":"comunidades-indigenas-del-chaco-afectadas-por-el-clima","status":"publish","type":"post","link":"https:\/\/vortice.rocks\/clientes\/tierraviva\/comunidades-indigenas-del-chaco-afectadas-por-el-clima\/","title":{"rendered":"Comunidades ind\u00edgenas del Chaco afectadas por el clima."},"content":{"rendered":"<h4><u>Desinter\u00e9s estatal agudiza los problemas de los pueblos afectados.<\/u><\/h4>\n<p>Las constantes lluvias ca\u00eddas en la zona del Departamento de Presidente Hayes, afecta gravemente a diversas comunidades ind\u00edgenas ubicadas en la regi\u00f3n, la poca permeabilidad del suelo hace que las aguas se acumulen inundando var\u00edas comunidades y afectando caminos que son utilizados por los ind\u00edgenas.<\/p>\n<p>Uno de los casos m\u00e1s resaltantes es el de la Comunidad de Ykye Axa, comunidad del pueblo Enxet, que a pesar de contar con una Sentencia de la Corte Interamericana de derechos Humanos del a\u00f1o 2006, a\u00fan sigue viviendo al costado de la Ruta que une Pozo Colorado con Concepci\u00f3n, aguardando ingresar a sus tierras. Las viviendas donde permanecen unas 60 familias de la comunidad se encuentran tomadas por el agua generando graves inconvenientes a la poblaci\u00f3n, adem\u00e1s el Gobierno no ha avanzado en la construcci\u00f3n del camino que les permita ingresar a las tierras que le fueron otorgadas a la comunidad, con estas lluvias dicho trabajo se retrasar\u00e1 todav\u00eda m\u00e1s.<\/p>\n<p>\u201cCada vez que llueve sucede esto, esta es una zona inundable; creo que falta voluntad por parte del gobierno para atender nuestra situaci\u00f3n. Desde hace a\u00f1os que estamos aqu\u00ed, al costado de la ruta, sin poder ingresar a nuestras tierras, por eso estamos aqu\u00ed y cada vez que llueve nos agarra el agua, afectando nuestras casas y a nuestros ni\u00f1os\u201d se\u00f1ala Albino G\u00f3mez, referente de Yakye Axa que a\u00f1ade que tendr\u00e1n que tomar acciones para lograr que el Estado atienda sus necesidades y espera que el gobierno apure la construcci\u00f3n del camino que les permita asentarse definitivamente en las tierras que conquistaron mediante la sentencia de la Corte IDH.<\/p>\n<p>Adem\u00e1s de Yakye Axa otras comunidades ind\u00edgenas del Bajo Chaco se encuentran en una situaci\u00f3n similar; Colonia 96, Buena Vista &#8211; que se encuentra aislada debido al corte del camino por el agua -, Espinillo y Monte Lindo son algunos de los puntos m\u00e1s cr\u00edticos y donde tambi\u00e9n se requiere una asistencia estatal urgente.<\/p>\n<p><b>Sequ\u00eda en el Alto Chaco.<\/b><\/p>\n<p>Demostrando las particularidades de la ecoregi\u00f3n chaque\u00f1a solo unos kil\u00f3metros m\u00e1s arriba, en los Departamentos de boquer\u00f3n y Alto Paraguay, otras comunidades ind\u00edgenas se encuentran padeciendo los rigores de la escases de lluvias en los \u00faltimos meses, esta situaci\u00f3n tambi\u00e9n requiere de una atenci\u00f3n por parte de los entes p\u00fablicos responsables de asistir a las comunidades del lugar.<\/p>\n","protected":false},"excerpt":{"rendered":"<p>Desinter\u00e9s estatal agudiza los problemas de los pueblos afectados. Las constantes lluvias ca\u00eddas en la zona del Departamento de Presidente Hayes, afecta gravemente a diversas comunidades ind\u00edgenas ubicadas en la regi\u00f3n, la poca permeabilidad del suelo hace que las aguas se acumulen inundando var\u00edas comunidades y afectando caminos que son utilizados por los ind\u00edgenas. Uno<a class=\"more-link\" href=\"https:\/\/vortice.rocks\/clientes\/tierraviva\/comunidades-indigenas-del-chaco-afectadas-por-el-clima\/\">Seguir leyendo <span class=\"screen-reader-text\">&#8220;Comunidades ind\u00edgenas del Chaco afectadas por el clima.&#8221;<\/span><\/a><\/p>\n","protected":false},"author":5,"featured_media":1282,"comment_status":"open","ping_status":"open","sticky":false,"template":"","format":"standard","meta":{"_exactmetrics_skip_tracking":false,"_exactmetrics_sitenote_active":false,"_exactmetrics_sitenote_note":"","_exactmetrics_sitenote_category":0,"footnotes":""},"categories":[3],"tags":[],"yoast_head":"<!-- This site is optimized with the Yoast SEO plugin v21.7 - https:\/\/yoast.com\/wordpress\/plugins\/seo\/ -->\n<title>Comunidades ind\u00edgenas del Chaco afectadas por el clima. - Tierraviva<\/title>\n<meta name=\"robots\" content=\"index, follow, max-snippet:-1, max-image-preview:large, max-video-preview:-1\" \/>\n<link rel=\"canonical\" href=\"https:\/\/vortice.rocks\/clientes\/tierraviva\/comunidades-indigenas-del-chaco-afectadas-por-el-clima\/\" \/>\n<meta property=\"og:locale\" content=\"es_ES\" \/>\n<meta property=\"og:type\" content=\"article\" \/>\n<meta property=\"og:title\" content=\"Comunidades ind\u00edgenas del Chaco afectadas por el clima. - Tierraviva\" \/>\n<meta property=\"og:description\" content=\"Desinter\u00e9s estatal agudiza los problemas de los pueblos afectados. Las constantes lluvias ca\u00eddas en la zona del Departamento de Presidente Hayes, afecta gravemente a diversas comunidades ind\u00edgenas ubicadas en la regi\u00f3n, la poca permeabilidad del suelo hace que las aguas se acumulen inundando var\u00edas comunidades y afectando caminos que son utilizados por los ind\u00edgenas. UnoSeguir leyendo &quot;Comunidades ind\u00edgenas del Chaco afectadas por el clima.&quot;\" \/>\n<meta property=\"og:url\" content=\"https:\/\/vortice.rocks\/clientes\/tierraviva\/comunidades-indigenas-del-chaco-afectadas-por-el-clima\/\" \/>\n<meta property=\"og:site_name\" content=\"Tierraviva\" \/>\n<meta property=\"article:publisher\" content=\"https:\/\/www.facebook.com\/Tierraviva-a-los-pueblos-indigenas-del-Chaco-217328148281564\/\" \/>\n<meta property=\"article:published_time\" content=\"2018-10-22T13:26:11+00:00\" \/>\n<meta property=\"og:image\" content=\"https:\/\/vortice.rocks\/clientes\/tierraviva\/wp-content\/uploads\/2018\/10\/44518084_176468723284407_4563662258218991616_n.jpg\" \/>\n\t<meta property=\"og:image:width\" content=\"1280\" \/>\n\t<meta property=\"og:image:height\" content=\"960\" \/>\n\t<meta property=\"og:image:type\" content=\"image\/jpeg\" \/>\n<meta name=\"author\" content=\"Santi Ortiz\" \/>\n<meta name=\"twitter:label1\" content=\"Escrito por\" \/>\n\t<meta name=\"twitter:data1\" content=\"Santi Ortiz\" \/>\n\t<meta name=\"twitter:label2\" content=\"Tiempo de lectura\" \/>\n\t<meta name=\"twitter:data2\" content=\"2 minutos\" \/>\n<script type=\"application\/ld+json\" class=\"yoast-schema-graph\">{\"@context\":\"https:\/\/schema.org\",\"@graph\":[{\"@type\":\"WebPage\",\"@id\":\"https:\/\/vortice.rocks\/clientes\/tierraviva\/comunidades-indigenas-del-chaco-afectadas-por-el-clima\/\",\"url\":\"https:\/\/vortice.rocks\/clientes\/tierraviva\/comunidades-indigenas-del-chaco-afectadas-por-el-clima\/\",\"name\":\"Comunidades ind\u00edgenas del Chaco afectadas por el clima. - Tierraviva\",\"isPartOf\":{\"@id\":\"https:\/\/vortice.rocks\/clientes\/tierraviva\/#website\"},\"datePublished\":\"2018-10-22T13:26:11+00:00\",\"dateModified\":\"2018-10-22T13:26:11+00:00\",\"author\":{\"@id\":\"https:\/\/vortice.rocks\/clientes\/tierraviva\/#\/schema\/person\/0652c5aad419c86cff8f8129d355edd0\"},\"breadcrumb\":{\"@id\":\"https:\/\/vortice.rocks\/clientes\/tierraviva\/comunidades-indigenas-del-chaco-afectadas-por-el-clima\/#breadcrumb\"},\"inLanguage\":\"es\",\"potentialAction\":[{\"@type\":\"ReadAction\",\"target\":[\"https:\/\/vortice.rocks\/clientes\/tierraviva\/comunidades-indigenas-del-chaco-afectadas-por-el-clima\/\"]}]},{\"@type\":\"BreadcrumbList\",\"@id\":\"https:\/\/vortice.rocks\/clientes\/tierraviva\/comunidades-indigenas-del-chaco-afectadas-por-el-clima\/#breadcrumb\",\"itemListElement\":[{\"@type\":\"ListItem\",\"position\":1,\"name\":\"Portada\",\"item\":\"https:\/\/vortice.rocks\/clientes\/tierraviva\/\"},{\"@type\":\"ListItem\",\"position\":2,\"name\":\"Comunidades ind\u00edgenas del Chaco afectadas por el clima.\"}]},{\"@type\":\"WebSite\",\"@id\":\"https:\/\/vortice.rocks\/clientes\/tierraviva\/#website\",\"url\":\"https:\/\/vortice.rocks\/clientes\/tierraviva\/\",\"name\":\"Tierraviva\",\"description\":\"\",\"potentialAction\":[{\"@type\":\"SearchAction\",\"target\":{\"@type\":\"EntryPoint\",\"urlTemplate\":\"https:\/\/vortice.rocks\/clientes\/tierraviva\/?s={search_term_string}\"},\"query-input\":\"required name=search_term_string\"}],\"inLanguage\":\"es\"},{\"@type\":\"Person\",\"@id\":\"https:\/\/vortice.rocks\/clientes\/tierraviva\/#\/schema\/person\/0652c5aad419c86cff8f8129d355edd0\",\"name\":\"Santi Ortiz\",\"image\":{\"@type\":\"ImageObject\",\"inLanguage\":\"es\",\"@id\":\"https:\/\/vortice.rocks\/clientes\/tierraviva\/#\/schema\/person\/image\/\",\"url\":\"https:\/\/secure.gravatar.com\/avatar\/78bab899e21d2840245c1646bfc64d01?s=96&d=mm&r=g\",\"contentUrl\":\"https:\/\/secure.gravatar.com\/avatar\/78bab899e21d2840245c1646bfc64d01?s=96&d=mm&r=g\",\"caption\":\"Santi Ortiz\"},\"sameAs\":[\"https:\/\/vortice.rocks\/clientes\/tierraviva\"],\"url\":\"https:\/\/vortice.rocks\/clientes\/tierraviva\/author\/santi-ortiz\/\"}]}<\/script>\n<!-- \/ Yoast SEO plugin. -->","yoast_head_json":{"title":"Comunidades ind\u00edgenas del Chaco afectadas por el clima. - Tierraviva","robots":{"index":"index","follow":"follow","max-snippet":"max-snippet:-1","max-image-preview":"max-image-preview:large","max-video-preview":"max-video-preview:-1"},"canonical":"https:\/\/vortice.rocks\/clientes\/tierraviva\/comunidades-indigenas-del-chaco-afectadas-por-el-clima\/","og_locale":"es_ES","og_type":"article","og_title":"Comunidades ind\u00edgenas del Chaco afectadas por el clima. - Tierraviva","og_description":"Desinter\u00e9s estatal agudiza los problemas de los pueblos afectados. Las constantes lluvias ca\u00eddas en la zona del Departamento de Presidente Hayes, afecta gravemente a diversas comunidades ind\u00edgenas ubicadas en la regi\u00f3n, la poca permeabilidad del suelo hace que las aguas se acumulen inundando var\u00edas comunidades y afectando caminos que son utilizados por los ind\u00edgenas. UnoSeguir leyendo \"Comunidades ind\u00edgenas del Chaco afectadas por el clima.\"","og_url":"https:\/\/vortice.rocks\/clientes\/tierraviva\/comunidades-indigenas-del-chaco-afectadas-por-el-clima\/","og_site_name":"Tierraviva","article_publisher":"https:\/\/www.facebook.com\/Tierraviva-a-los-pueblos-indigenas-del-Chaco-217328148281564\/","article_published_time":"2018-10-22T13:26:11+00:00","og_image":[{"width":1280,"height":960,"url":"https:\/\/vortice.rocks\/clientes\/tierraviva\/wp-content\/uploads\/2018\/10\/44518084_176468723284407_4563662258218991616_n.jpg","type":"image\/jpeg"}],"author":"Santi Ortiz","twitter_misc":{"Escrito por":"Santi Ortiz","Tiempo de lectura":"2 minutos"},"schema":{"@context":"https:\/\/schema.org","@graph":[{"@type":"WebPage","@id":"https:\/\/vortice.rocks\/clientes\/tierraviva\/comunidades-indigenas-del-chaco-afectadas-por-el-clima\/","url":"https:\/\/vortice.rocks\/clientes\/tierraviva\/comunidades-indigenas-del-chaco-afectadas-por-el-clima\/","name":"Comunidades ind\u00edgenas del Chaco afectadas por el clima. - Tierraviva","isPartOf":{"@id":"https:\/\/vortice.rocks\/clientes\/tierraviva\/#website"},"datePublished":"2018-10-22T13:26:11+00:00","dateModified":"2018-10-22T13:26:11+00:00","author":{"@id":"https:\/\/vortice.rocks\/clientes\/tierraviva\/#\/schema\/person\/0652c5aad419c86cff8f8129d355edd0"},"breadcrumb":{"@id":"https:\/\/vortice.rocks\/clientes\/tierraviva\/comunidades-indigenas-del-chaco-afectadas-por-el-clima\/#breadcrumb"},"inLanguage":"es","potentialAction":[{"@type":"ReadAction","target":["https:\/\/vortice.rocks\/clientes\/tierraviva\/comunidades-indigenas-del-chaco-afectadas-por-el-clima\/"]}]},{"@type":"BreadcrumbList","@id":"https:\/\/vortice.rocks\/clientes\/tierraviva\/comunidades-indigenas-del-chaco-afectadas-por-el-clima\/#breadcrumb","itemListElement":[{"@type":"ListItem","position":1,"name":"Portada","item":"https:\/\/vortice.rocks\/clientes\/tierraviva\/"},{"@type":"ListItem","position":2,"name":"Comunidades ind\u00edgenas del Chaco afectadas por el clima."}]},{"@type":"WebSite","@id":"https:\/\/vortice.rocks\/clientes\/tierraviva\/#website","url":"https:\/\/vortice.rocks\/clientes\/tierraviva\/","name":"Tierraviva","description":"","potentialAction":[{"@type":"SearchAction","target":{"@type":"EntryPoint","urlTemplate":"https:\/\/vortice.rocks\/clientes\/tierraviva\/?s={search_term_string}"},"query-input":"required name=search_term_string"}],"inLanguage":"es"},{"@type":"Person","@id":"https:\/\/vortice.rocks\/clientes\/tierraviva\/#\/schema\/person\/0652c5aad419c86cff8f8129d355edd0","name":"Santi Ortiz","image":{"@type":"ImageObject","inLanguage":"es","@id":"https:\/\/vortice.rocks\/clientes\/tierraviva\/#\/schema\/person\/image\/","url":"https:\/\/secure.gravatar.com\/avatar\/78bab899e21d2840245c1646bfc64d01?s=96&d=mm&r=g","contentUrl":"https:\/\/secure.gravatar.com\/avatar\/78bab899e21d2840245c1646bfc64d01?s=96&d=mm&r=g","caption":"Santi Ortiz"},"sameAs":["https:\/\/vortice.rocks\/clientes\/tierraviva"],"url":"https:\/\/vortice.rocks\/clientes\/tierraviva\/author\/santi-ortiz\/"}]}},"_links":{"self":[{"href":"https:\/\/vortice.rocks\/clientes\/tierraviva\/wp-json\/wp\/v2\/posts\/1281"}],"collection":[{"href":"https:\/\/vortice.rocks\/clientes\/tierraviva\/wp-json\/wp\/v2\/posts"}],"about":[{"href":"https:\/\/vortice.rocks\/clientes\/tierraviva\/wp-json\/wp\/v2\/types\/post"}],"author":[{"embeddable":true,"href":"https:\/\/vortice.rocks\/clientes\/tierraviva\/wp-json\/wp\/v2\/users\/5"}],"replies":[{"embeddable":true,"href":"https:\/\/vortice.rocks\/clientes\/tierraviva\/wp-json\/wp\/v2\/comments?post=1281"}],"version-history":[{"count":2,"href":"https:\/\/vortice.rocks\/clientes\/tierraviva\/wp-json\/wp\/v2\/posts\/1281\/revisions"}],"predecessor-version":[{"id":1284,"href":"https:\/\/vortice.rocks\/clientes\/tierraviva\/wp-json\/wp\/v2\/posts\/1281\/revisions\/1284"}],"wp:featuredmedia":[{"embeddable":true,"href":"https:\/\/vortice.rocks\/clientes\/tierraviva\/wp-json\/wp\/v2\/media\/1282"}],"wp:attachment":[{"href":"https:\/\/vortice.rocks\/clientes\/tierraviva\/wp-json\/wp\/v2\/media?parent=1281"}],"wp:term":[{"taxonomy":"category","embeddable":true,"href":"https:\/\/vortice.rocks\/clientes\/tierraviva\/wp-json\/wp\/v2\/categories?post=1281"},{"taxonomy":"post_tag","embeddable":true,"href":"https:\/\/vortice.rocks\/clientes\/tierraviva\/wp-json\/wp\/v2\/tags?post=1281"}],"curies":[{"name":"wp","href":"https:\/\/api.w.org\/{rel}","templated":true}]}}