{"id":1343,"date":"2018-11-27T13:50:51","date_gmt":"2018-11-27T17:50:51","guid":{"rendered":"https:\/\/vortice.rocks\/clientes\/tierraviva\/?p=1343"},"modified":"2018-11-27T13:50:51","modified_gmt":"2018-11-27T17:50:51","slug":"el-presupuesto-es-un-elemento-reproductor-de-la-desigualdad","status":"publish","type":"post","link":"https:\/\/vortice.rocks\/clientes\/tierraviva\/el-presupuesto-es-un-elemento-reproductor-de-la-desigualdad\/","title":{"rendered":"&#8220;El presupuesto es un elemento reproductor de la desigualdad&#8221;"},"content":{"rendered":"<p>El soci\u00f3logo e investigador V\u00edctor Imas visit\u00f3 el programa Saber es tu Derecho, all\u00ed analiz\u00f3 la situaci\u00f3n de desigualdad que se vive en nuestro pa\u00eds, poniendo sobre el tapete las causas y consecuencias de esta realidad. Seg\u00fan manifest\u00f3 el catedr\u00e1tico Paraguay es uno de los pa\u00edses m\u00e1s desiguales de la regi\u00f3n.<\/p>\n<p>Basado en cifras y estad\u00edsticas oficiales publicadas por el Gobierno Nacional y por organismos internacionales Imas manifest\u00f3 que el pa\u00eds es profundamente desigual, lo que afecta a amplios sectores de la poblaci\u00f3n. Se\u00f1al\u00f3 que el 66% de la poblaci\u00f3n ind\u00edgena se encuentra en situaci\u00f3n de pobreza y 34% en extrema pobreza; la pobreza afecta en total al 26,4% de la poblaci\u00f3n en general afectando principalmente a los pobladores del \u00e1rea rural.<\/p>\n<p>A esta realidad se debe agregar que existen unas 300 mil personas viviendo en la extrema pobreza, la mayor\u00eda de ellos son del \u00e1rea rural. El investigador destac\u00f3 que durante los \u00faltimos 5 a\u00f1os la pobreza no disminuy\u00f3 e incluso creci\u00f3 la cantidad de pobres en el pa\u00eds.<\/p>\n<p>Para Imas la desigualdad, es decir la diferencia entre quienes m\u00e1s ganan y los que menos tienen, es uno de los aspectos m\u00e1s preocupantes de la realidad nacional; el 10% m\u00e1s pobre lleva el 1,7% de la riqueza y el 10% m\u00e1s rico casi el 40% de la riqueza, es decir los m\u00e1s ricos ganan 28 veces m\u00e1s que los m\u00e1s pobres\u201d. Las cifras indican tambi\u00e9n que el 1% m\u00e1s rico de la poblaci\u00f3n gana 84 veces m\u00e1s que el sector m\u00e1s pobre de la poblaci\u00f3n.<\/p>\n<p><b>Se recauda mal y se gasta mal<\/b><\/p>\n<p>El analista se\u00f1al\u00f3 que a esta realidad de desigualdad se debe sumar que el propio Presupuesto General de la Naci\u00f3n es un elemento reproductor de las desigualdades sociales. En ese sentido cuestion\u00f3 la forma en que se recaudan los fondos para el presupuesto y tambi\u00e9n la forma en que se distribuyen los ingresos p\u00fablicos.<\/p>\n<p>Imas asegur\u00f3 que el Estado paraguayo es un Estado rentista que est\u00e1 dise\u00f1ado para que los \u201cricos con sus empresas mamen del Estado\u201d adem\u00e1s se\u00f1alo que se destina gran parte de los fondos p\u00fablicos a gastos rigidos lo que crea una clase media de funcionarios p\u00fablicos que viven en las ciudaddes y que solo una parte residual del prespuesto nacional se destina a la asistencia social que practicamente no llega a los sectores rurales, campesinos e ind\u00edgenas.<\/p>\n<p>Otra de las situaciones se\u00f1aladas por el analista es que \u201cParaguay es el pa\u00eds con menor carga tributaria en la regi\u00f3n\u201d seg\u00fan indic\u00f3 la media en Am\u00e9rica Latina es del 20% y en nuestro pa\u00eds alcanza apenas el 12%. Seg\u00fan la Comisi\u00f3n Econ\u00f3mica para Am\u00e9rica Latina (CEPAL) para que un pueblo aspire a poder desarrollarse la presi\u00f3n tributaria debe alcanzar al menos el 20%, indic\u00f3 el entrevistado. \u201cSi vamos a revisar los impuestos gran parte de los impuestos son indirectos, el famoso IVA, el 69% son indirecto y el 31% son directo. El agronegocio es el que menos aporta al fisco a pesar de ser el sector que mayor peso tiene en el econom\u00eda nacional\u201d indic\u00f3 mencionando que el peso del agronegocio en el PIB del pa\u00eds es del 24,8% y su aporte impositivo no alcanza al 5% de lo recaudado.<\/p>\n<p>\u201cEl pa\u00eds es un para\u00edso fiscal para el agroneogico\u201d indic\u00f3 Imas y a\u00f1adi\u00f3 que la falta de una mejor distribuci\u00f3n de la riqueza y la desatenci\u00f3n al sector rural hace que campesinos e ind\u00edgenas sean quienes m\u00e1s sufren los impactos de la pobreza y la violencia como el despojo de sus tierras, los desalojos y las fumigaciones.<\/p>\n<p>&nbsp;<\/p>\n<p><a href=\"https:\/\/mx.ivoox.com\/es\/presupuesto-gastos-instrumento-reproductor-desigualdad-en-audios-mp3_rf_30325177_1.html?fbclid=IwAR2YfBwrX4RppB8GBidt1c9mqOKuoNVykOV-dzEynPycj077VNGMIeH7HB4\">Escuch\u00e1 la entrevista completa con V\u00edctor Imas<\/a><\/p>\n","protected":false},"excerpt":{"rendered":"<p>El soci\u00f3logo e investigador V\u00edctor Imas visit\u00f3 el programa Saber es tu Derecho, all\u00ed analiz\u00f3 la situaci\u00f3n de desigualdad que se vive en nuestro pa\u00eds, poniendo sobre el tapete las causas y consecuencias de esta realidad. Seg\u00fan manifest\u00f3 el catedr\u00e1tico Paraguay es uno de los pa\u00edses m\u00e1s desiguales de la regi\u00f3n. Basado en cifras y<a class=\"more-link\" href=\"https:\/\/vortice.rocks\/clientes\/tierraviva\/el-presupuesto-es-un-elemento-reproductor-de-la-desigualdad\/\">Seguir leyendo <span class=\"screen-reader-text\">&#8220;&#8220;El presupuesto es un elemento reproductor de la desigualdad&#8221;&#8221;<\/span><\/a><\/p>\n","protected":false},"author":5,"featured_media":1345,"comment_status":"open","ping_status":"open","sticky":false,"template":"","format":"standard","meta":{"_exactmetrics_skip_tracking":false,"_exactmetrics_sitenote_active":false,"_exactmetrics_sitenote_note":"","_exactmetrics_sitenote_category":0,"footnotes":""},"categories":[3],"tags":[],"yoast_head":"<!-- This site is optimized with the Yoast SEO plugin v21.7 - https:\/\/yoast.com\/wordpress\/plugins\/seo\/ -->\n<title>&quot;El presupuesto es un elemento reproductor de la desigualdad&quot; - Tierraviva<\/title>\n<meta name=\"robots\" content=\"index, follow, max-snippet:-1, max-image-preview:large, max-video-preview:-1\" \/>\n<link rel=\"canonical\" href=\"https:\/\/vortice.rocks\/clientes\/tierraviva\/el-presupuesto-es-un-elemento-reproductor-de-la-desigualdad\/\" \/>\n<meta property=\"og:locale\" content=\"es_ES\" \/>\n<meta property=\"og:type\" content=\"article\" \/>\n<meta property=\"og:title\" content=\"&quot;El presupuesto es un elemento reproductor de la desigualdad&quot; - Tierraviva\" \/>\n<meta property=\"og:description\" content=\"El soci\u00f3logo e investigador V\u00edctor Imas visit\u00f3 el programa Saber es tu Derecho, all\u00ed analiz\u00f3 la situaci\u00f3n de desigualdad que se vive en nuestro pa\u00eds, poniendo sobre el tapete las causas y consecuencias de esta realidad. Seg\u00fan manifest\u00f3 el catedr\u00e1tico Paraguay es uno de los pa\u00edses m\u00e1s desiguales de la regi\u00f3n. Basado en cifras ySeguir leyendo &quot;&#8220;El presupuesto es un elemento reproductor de la desigualdad&#8221;&quot;\" \/>\n<meta property=\"og:url\" content=\"https:\/\/vortice.rocks\/clientes\/tierraviva\/el-presupuesto-es-un-elemento-reproductor-de-la-desigualdad\/\" \/>\n<meta property=\"og:site_name\" content=\"Tierraviva\" \/>\n<meta property=\"article:publisher\" content=\"https:\/\/www.facebook.com\/Tierraviva-a-los-pueblos-indigenas-del-Chaco-217328148281564\/\" \/>\n<meta property=\"article:published_time\" content=\"2018-11-27T17:50:51+00:00\" \/>\n<meta property=\"og:image\" content=\"https:\/\/vortice.rocks\/clientes\/tierraviva\/wp-content\/uploads\/2018\/11\/DSCN3774-700x400.jpg\" \/>\n\t<meta property=\"og:image:width\" content=\"700\" \/>\n\t<meta property=\"og:image:height\" content=\"400\" \/>\n\t<meta property=\"og:image:type\" content=\"image\/jpeg\" \/>\n<meta name=\"author\" content=\"Santi Ortiz\" \/>\n<meta name=\"twitter:label1\" content=\"Escrito por\" \/>\n\t<meta name=\"twitter:data1\" content=\"Santi Ortiz\" \/>\n\t<meta name=\"twitter:label2\" content=\"Tiempo de lectura\" \/>\n\t<meta name=\"twitter:data2\" content=\"3 minutos\" \/>\n<script type=\"application\/ld+json\" class=\"yoast-schema-graph\">{\"@context\":\"https:\/\/schema.org\",\"@graph\":[{\"@type\":\"WebPage\",\"@id\":\"https:\/\/vortice.rocks\/clientes\/tierraviva\/el-presupuesto-es-un-elemento-reproductor-de-la-desigualdad\/\",\"url\":\"https:\/\/vortice.rocks\/clientes\/tierraviva\/el-presupuesto-es-un-elemento-reproductor-de-la-desigualdad\/\",\"name\":\"\\\"El presupuesto es un elemento reproductor de la desigualdad\\\" - Tierraviva\",\"isPartOf\":{\"@id\":\"https:\/\/vortice.rocks\/clientes\/tierraviva\/#website\"},\"datePublished\":\"2018-11-27T17:50:51+00:00\",\"dateModified\":\"2018-11-27T17:50:51+00:00\",\"author\":{\"@id\":\"https:\/\/vortice.rocks\/clientes\/tierraviva\/#\/schema\/person\/0652c5aad419c86cff8f8129d355edd0\"},\"breadcrumb\":{\"@id\":\"https:\/\/vortice.rocks\/clientes\/tierraviva\/el-presupuesto-es-un-elemento-reproductor-de-la-desigualdad\/#breadcrumb\"},\"inLanguage\":\"es\",\"potentialAction\":[{\"@type\":\"ReadAction\",\"target\":[\"https:\/\/vortice.rocks\/clientes\/tierraviva\/el-presupuesto-es-un-elemento-reproductor-de-la-desigualdad\/\"]}]},{\"@type\":\"BreadcrumbList\",\"@id\":\"https:\/\/vortice.rocks\/clientes\/tierraviva\/el-presupuesto-es-un-elemento-reproductor-de-la-desigualdad\/#breadcrumb\",\"itemListElement\":[{\"@type\":\"ListItem\",\"position\":1,\"name\":\"Portada\",\"item\":\"https:\/\/vortice.rocks\/clientes\/tierraviva\/\"},{\"@type\":\"ListItem\",\"position\":2,\"name\":\"&#8220;El presupuesto es un elemento reproductor de la desigualdad&#8221;\"}]},{\"@type\":\"WebSite\",\"@id\":\"https:\/\/vortice.rocks\/clientes\/tierraviva\/#website\",\"url\":\"https:\/\/vortice.rocks\/clientes\/tierraviva\/\",\"name\":\"Tierraviva\",\"description\":\"\",\"potentialAction\":[{\"@type\":\"SearchAction\",\"target\":{\"@type\":\"EntryPoint\",\"urlTemplate\":\"https:\/\/vortice.rocks\/clientes\/tierraviva\/?s={search_term_string}\"},\"query-input\":\"required name=search_term_string\"}],\"inLanguage\":\"es\"},{\"@type\":\"Person\",\"@id\":\"https:\/\/vortice.rocks\/clientes\/tierraviva\/#\/schema\/person\/0652c5aad419c86cff8f8129d355edd0\",\"name\":\"Santi Ortiz\",\"image\":{\"@type\":\"ImageObject\",\"inLanguage\":\"es\",\"@id\":\"https:\/\/vortice.rocks\/clientes\/tierraviva\/#\/schema\/person\/image\/\",\"url\":\"https:\/\/secure.gravatar.com\/avatar\/78bab899e21d2840245c1646bfc64d01?s=96&d=mm&r=g\",\"contentUrl\":\"https:\/\/secure.gravatar.com\/avatar\/78bab899e21d2840245c1646bfc64d01?s=96&d=mm&r=g\",\"caption\":\"Santi Ortiz\"},\"sameAs\":[\"https:\/\/vortice.rocks\/clientes\/tierraviva\"],\"url\":\"https:\/\/vortice.rocks\/clientes\/tierraviva\/author\/santi-ortiz\/\"}]}<\/script>\n<!-- \/ Yoast SEO plugin. -->","yoast_head_json":{"title":"\"El presupuesto es un elemento reproductor de la desigualdad\" - Tierraviva","robots":{"index":"index","follow":"follow","max-snippet":"max-snippet:-1","max-image-preview":"max-image-preview:large","max-video-preview":"max-video-preview:-1"},"canonical":"https:\/\/vortice.rocks\/clientes\/tierraviva\/el-presupuesto-es-un-elemento-reproductor-de-la-desigualdad\/","og_locale":"es_ES","og_type":"article","og_title":"\"El presupuesto es un elemento reproductor de la desigualdad\" - Tierraviva","og_description":"El soci\u00f3logo e investigador V\u00edctor Imas visit\u00f3 el programa Saber es tu Derecho, all\u00ed analiz\u00f3 la situaci\u00f3n de desigualdad que se vive en nuestro pa\u00eds, poniendo sobre el tapete las causas y consecuencias de esta realidad. Seg\u00fan manifest\u00f3 el catedr\u00e1tico Paraguay es uno de los pa\u00edses m\u00e1s desiguales de la regi\u00f3n. Basado en cifras ySeguir leyendo \"&#8220;El presupuesto es un elemento reproductor de la desigualdad&#8221;\"","og_url":"https:\/\/vortice.rocks\/clientes\/tierraviva\/el-presupuesto-es-un-elemento-reproductor-de-la-desigualdad\/","og_site_name":"Tierraviva","article_publisher":"https:\/\/www.facebook.com\/Tierraviva-a-los-pueblos-indigenas-del-Chaco-217328148281564\/","article_published_time":"2018-11-27T17:50:51+00:00","og_image":[{"width":700,"height":400,"url":"https:\/\/vortice.rocks\/clientes\/tierraviva\/wp-content\/uploads\/2018\/11\/DSCN3774-700x400.jpg","type":"image\/jpeg"}],"author":"Santi Ortiz","twitter_misc":{"Escrito por":"Santi Ortiz","Tiempo de lectura":"3 minutos"},"schema":{"@context":"https:\/\/schema.org","@graph":[{"@type":"WebPage","@id":"https:\/\/vortice.rocks\/clientes\/tierraviva\/el-presupuesto-es-un-elemento-reproductor-de-la-desigualdad\/","url":"https:\/\/vortice.rocks\/clientes\/tierraviva\/el-presupuesto-es-un-elemento-reproductor-de-la-desigualdad\/","name":"\"El presupuesto es un elemento reproductor de la desigualdad\" - Tierraviva","isPartOf":{"@id":"https:\/\/vortice.rocks\/clientes\/tierraviva\/#website"},"datePublished":"2018-11-27T17:50:51+00:00","dateModified":"2018-11-27T17:50:51+00:00","author":{"@id":"https:\/\/vortice.rocks\/clientes\/tierraviva\/#\/schema\/person\/0652c5aad419c86cff8f8129d355edd0"},"breadcrumb":{"@id":"https:\/\/vortice.rocks\/clientes\/tierraviva\/el-presupuesto-es-un-elemento-reproductor-de-la-desigualdad\/#breadcrumb"},"inLanguage":"es","potentialAction":[{"@type":"ReadAction","target":["https:\/\/vortice.rocks\/clientes\/tierraviva\/el-presupuesto-es-un-elemento-reproductor-de-la-desigualdad\/"]}]},{"@type":"BreadcrumbList","@id":"https:\/\/vortice.rocks\/clientes\/tierraviva\/el-presupuesto-es-un-elemento-reproductor-de-la-desigualdad\/#breadcrumb","itemListElement":[{"@type":"ListItem","position":1,"name":"Portada","item":"https:\/\/vortice.rocks\/clientes\/tierraviva\/"},{"@type":"ListItem","position":2,"name":"&#8220;El presupuesto es un elemento reproductor de la desigualdad&#8221;"}]},{"@type":"WebSite","@id":"https:\/\/vortice.rocks\/clientes\/tierraviva\/#website","url":"https:\/\/vortice.rocks\/clientes\/tierraviva\/","name":"Tierraviva","description":"","potentialAction":[{"@type":"SearchAction","target":{"@type":"EntryPoint","urlTemplate":"https:\/\/vortice.rocks\/clientes\/tierraviva\/?s={search_term_string}"},"query-input":"required name=search_term_string"}],"inLanguage":"es"},{"@type":"Person","@id":"https:\/\/vortice.rocks\/clientes\/tierraviva\/#\/schema\/person\/0652c5aad419c86cff8f8129d355edd0","name":"Santi Ortiz","image":{"@type":"ImageObject","inLanguage":"es","@id":"https:\/\/vortice.rocks\/clientes\/tierraviva\/#\/schema\/person\/image\/","url":"https:\/\/secure.gravatar.com\/avatar\/78bab899e21d2840245c1646bfc64d01?s=96&d=mm&r=g","contentUrl":"https:\/\/secure.gravatar.com\/avatar\/78bab899e21d2840245c1646bfc64d01?s=96&d=mm&r=g","caption":"Santi Ortiz"},"sameAs":["https:\/\/vortice.rocks\/clientes\/tierraviva"],"url":"https:\/\/vortice.rocks\/clientes\/tierraviva\/author\/santi-ortiz\/"}]}},"_links":{"self":[{"href":"https:\/\/vortice.rocks\/clientes\/tierraviva\/wp-json\/wp\/v2\/posts\/1343"}],"collection":[{"href":"https:\/\/vortice.rocks\/clientes\/tierraviva\/wp-json\/wp\/v2\/posts"}],"about":[{"href":"https:\/\/vortice.rocks\/clientes\/tierraviva\/wp-json\/wp\/v2\/types\/post"}],"author":[{"embeddable":true,"href":"https:\/\/vortice.rocks\/clientes\/tierraviva\/wp-json\/wp\/v2\/users\/5"}],"replies":[{"embeddable":true,"href":"https:\/\/vortice.rocks\/clientes\/tierraviva\/wp-json\/wp\/v2\/comments?post=1343"}],"version-history":[{"count":1,"href":"https:\/\/vortice.rocks\/clientes\/tierraviva\/wp-json\/wp\/v2\/posts\/1343\/revisions"}],"predecessor-version":[{"id":1346,"href":"https:\/\/vortice.rocks\/clientes\/tierraviva\/wp-json\/wp\/v2\/posts\/1343\/revisions\/1346"}],"wp:featuredmedia":[{"embeddable":true,"href":"https:\/\/vortice.rocks\/clientes\/tierraviva\/wp-json\/wp\/v2\/media\/1345"}],"wp:attachment":[{"href":"https:\/\/vortice.rocks\/clientes\/tierraviva\/wp-json\/wp\/v2\/media?parent=1343"}],"wp:term":[{"taxonomy":"category","embeddable":true,"href":"https:\/\/vortice.rocks\/clientes\/tierraviva\/wp-json\/wp\/v2\/categories?post=1343"},{"taxonomy":"post_tag","embeddable":true,"href":"https:\/\/vortice.rocks\/clientes\/tierraviva\/wp-json\/wp\/v2\/tags?post=1343"}],"curies":[{"name":"wp","href":"https:\/\/api.w.org\/{rel}","templated":true}]}}