{"id":1387,"date":"2018-12-17T09:25:36","date_gmt":"2018-12-17T13:25:36","guid":{"rendered":"https:\/\/vortice.rocks\/clientes\/tierraviva\/?p=1387"},"modified":"2018-12-17T09:47:10","modified_gmt":"2018-12-17T13:47:10","slug":"con-compromisos-concretos-culmino-gira-de-reuniones-con-autoridades","status":"publish","type":"post","link":"https:\/\/vortice.rocks\/clientes\/tierraviva\/con-compromisos-concretos-culmino-gira-de-reuniones-con-autoridades\/","title":{"rendered":"Con compromisos concretos culmin\u00f3 gira de reuniones con autoridades"},"content":{"rendered":"<h3>Comunidades Ind\u00edgenas en lucha por sus derechos territoriales. Casos ante instancia internacional.<\/h3>\n<p><span style=\"font-family: Jeroky, serif;\"><span style=\"font-size: medium;\">Tal cual fuera anunciado, representantes, hombres y mujeres, de las comunidades ind\u00edgenas Yakye Axa, Sawhoyamaxa, X\u00e1kmok K\u00e1sek (con sentencias vinculantes para el Estado de la Corte Interamericana de 2005, 2006 y 2010 respectivamente) y de Kelyenmagategma (con acuerdo amistoso ante la Comisi\u00f3n Interamericana) llegaron a Asunci\u00f3n a entrevistarse con autoridades estatales. <\/span><\/span><\/p>\n<p align=\"justify\"><span style=\"font-family: Jeroky, serif;\"><span style=\"font-size: medium;\">Fueron celebradas 4 reuniones y fueron recibidos por la diputada Marlene Ocampos y diputados miembros de la Comisi\u00f3n de Derechos de Pueblos Ind\u00edgenas de la C\u00e1mara de Diputados; por la senadora Hermelinda Alvarenga, presidenta de la Comisi\u00f3n de Derechos de Pueblos Ind\u00edgenas de la C\u00e1mara de Senadores; por la Dra. M\u00f3nica Seifart, Ministra asesora jur\u00eddica y el Dr. Daniel Centuri\u00f3n, Ministro asesor pol\u00edtico de la Presidencia de la Rep\u00fablica; por el Dr. Julio Z\u00e1rate, Directora jur\u00eddico de la Vicepresidencia de la Rep\u00fablica, por el embajador Marcelo Scappini, director de la Unidad General de Derechos Humanos del Ministerio de Relaciones Exteriores y por la abogada Patricia Zulich miembro de esta unidad. <\/span><\/span><\/p>\n<p align=\"justify\"><span style=\"font-family: Jeroky, serif;\"><span style=\"font-size: medium;\">Las reuniones transcurrieron en escucha por parte de las autoridades y atenci\u00f3n a los requerimientos de las comunidades ind\u00edgenas. Las comunidades ind\u00edgenas han entregado una propuesta concreta de un anteproyecto de ley y una propuesta de decreto que permita avanzar en el cumplimiento de obligaciones internacionales en relaci\u00f3n a los casos territoriales de estas comunidades, en especial, en lo relacionado con proyectos de desarrollo. Asimismo, las autoridades han compartido un cronograma de trabajo y compromisos de inversi\u00f3n en funci\u00f3n a un trabajo previo realizado por el Instituto Paraguayo del Ind\u00edgena y el Ministerio de Hacienda. <\/span><\/span><\/p>\n<p align=\"justify\"><span style=\"font-family: Jeroky, serif;\"><span style=\"font-size: medium;\">Entre otros puntos, los compromisos arribados para el corto plazo son: 1. De parte de la Presidencia de la Rep\u00fablica, confirmaci\u00f3n para el 21 de diciembre sobre los fondos para desarrollo comunitario, tanto de 2018 como de los pr\u00f3ximos tres a\u00f1os y la firma de un acuerdo interno de cronograma en enero de 2019; 2. De parte de la Presidencia de la Rep\u00fablica, an\u00e1lisis de la propuesta de decreto entregada e inclusi\u00f3n del cronograma citado al mismo; 2. De parte de la Vicepresidencia de la Rep\u00fablica, el apoyo a las gestiones de la Comisi\u00f3n Interinstitucional para el cumplimiento de sentencias, en especial lo relacionado a la apertura del camino para la comunidad ind\u00edgena Yakye Axa; 3. De parte de las C\u00e1maras del Congreso, el an\u00e1lisis del proyecto de ley y la instalaci\u00f3n de mesas de trabajo conjuntas con las comunidades. <\/span><\/span><\/p>\n<p align=\"justify\"><span style=\"font-family: Jeroky, serif;\"><span style=\"font-size: medium;\">Los y las representantes de las comunidades ind\u00edgenas reconocen la escucha de estas autoridades, agradecen el haberlos recibido en la fecha que propusieron y cifran sus expectativas en los compromisos arribados en funci\u00f3n a los proyectos de desarrollo. En las pr\u00f3ximas semanas se realizar\u00e1 el monitoreo pertinente. <\/span><\/span><\/p>\n","protected":false},"excerpt":{"rendered":"<p>Comunidades Ind\u00edgenas en lucha por sus derechos territoriales. Casos ante instancia internacional. Tal cual fuera anunciado, representantes, hombres y mujeres, de las comunidades ind\u00edgenas Yakye Axa, Sawhoyamaxa, X\u00e1kmok K\u00e1sek (con sentencias vinculantes para el Estado de la Corte Interamericana de 2005, 2006 y 2010 respectivamente) y de Kelyenmagategma (con acuerdo amistoso ante la Comisi\u00f3n Interamericana)<a class=\"more-link\" href=\"https:\/\/vortice.rocks\/clientes\/tierraviva\/con-compromisos-concretos-culmino-gira-de-reuniones-con-autoridades\/\">Seguir leyendo <span class=\"screen-reader-text\">&#8220;Con compromisos concretos culmin\u00f3 gira de reuniones con autoridades&#8221;<\/span><\/a><\/p>\n","protected":false},"author":5,"featured_media":1388,"comment_status":"open","ping_status":"open","sticky":false,"template":"","format":"standard","meta":{"_exactmetrics_skip_tracking":false,"_exactmetrics_sitenote_active":false,"_exactmetrics_sitenote_note":"","_exactmetrics_sitenote_category":0,"footnotes":""},"categories":[3],"tags":[],"yoast_head":"<!-- This site is optimized with the Yoast SEO plugin v21.7 - https:\/\/yoast.com\/wordpress\/plugins\/seo\/ -->\n<title>Con compromisos concretos culmin\u00f3 gira de reuniones con autoridades - Tierraviva<\/title>\n<meta name=\"robots\" content=\"index, follow, max-snippet:-1, max-image-preview:large, max-video-preview:-1\" \/>\n<link rel=\"canonical\" href=\"https:\/\/vortice.rocks\/clientes\/tierraviva\/con-compromisos-concretos-culmino-gira-de-reuniones-con-autoridades\/\" \/>\n<meta property=\"og:locale\" content=\"es_ES\" \/>\n<meta property=\"og:type\" content=\"article\" \/>\n<meta property=\"og:title\" content=\"Con compromisos concretos culmin\u00f3 gira de reuniones con autoridades - Tierraviva\" \/>\n<meta property=\"og:description\" content=\"Comunidades Ind\u00edgenas en lucha por sus derechos territoriales. Casos ante instancia internacional. Tal cual fuera anunciado, representantes, hombres y mujeres, de las comunidades ind\u00edgenas Yakye Axa, Sawhoyamaxa, X\u00e1kmok K\u00e1sek (con sentencias vinculantes para el Estado de la Corte Interamericana de 2005, 2006 y 2010 respectivamente) y de Kelyenmagategma (con acuerdo amistoso ante la Comisi\u00f3n Interamericana)Seguir leyendo &quot;Con compromisos concretos culmin\u00f3 gira de reuniones con autoridades&quot;\" \/>\n<meta property=\"og:url\" content=\"https:\/\/vortice.rocks\/clientes\/tierraviva\/con-compromisos-concretos-culmino-gira-de-reuniones-con-autoridades\/\" \/>\n<meta property=\"og:site_name\" content=\"Tierraviva\" \/>\n<meta property=\"article:publisher\" content=\"https:\/\/www.facebook.com\/Tierraviva-a-los-pueblos-indigenas-del-Chaco-217328148281564\/\" \/>\n<meta property=\"article:published_time\" content=\"2018-12-17T13:25:36+00:00\" \/>\n<meta property=\"article:modified_time\" content=\"2018-12-17T13:47:10+00:00\" \/>\n<meta property=\"og:image\" content=\"https:\/\/vortice.rocks\/clientes\/tierraviva\/wp-content\/uploads\/2018\/12\/48394529_722940134741474_1396702319319449600_n.jpg\" \/>\n\t<meta property=\"og:image:width\" content=\"1040\" \/>\n\t<meta property=\"og:image:height\" content=\"780\" \/>\n\t<meta property=\"og:image:type\" content=\"image\/jpeg\" \/>\n<meta name=\"author\" content=\"Santi Ortiz\" \/>\n<meta name=\"twitter:label1\" content=\"Escrito por\" \/>\n\t<meta name=\"twitter:data1\" content=\"Santi Ortiz\" \/>\n\t<meta name=\"twitter:label2\" content=\"Tiempo de lectura\" \/>\n\t<meta name=\"twitter:data2\" content=\"2 minutos\" \/>\n<script type=\"application\/ld+json\" class=\"yoast-schema-graph\">{\"@context\":\"https:\/\/schema.org\",\"@graph\":[{\"@type\":\"WebPage\",\"@id\":\"https:\/\/vortice.rocks\/clientes\/tierraviva\/con-compromisos-concretos-culmino-gira-de-reuniones-con-autoridades\/\",\"url\":\"https:\/\/vortice.rocks\/clientes\/tierraviva\/con-compromisos-concretos-culmino-gira-de-reuniones-con-autoridades\/\",\"name\":\"Con compromisos concretos culmin\u00f3 gira de reuniones con autoridades - Tierraviva\",\"isPartOf\":{\"@id\":\"https:\/\/vortice.rocks\/clientes\/tierraviva\/#website\"},\"datePublished\":\"2018-12-17T13:25:36+00:00\",\"dateModified\":\"2018-12-17T13:47:10+00:00\",\"author\":{\"@id\":\"https:\/\/vortice.rocks\/clientes\/tierraviva\/#\/schema\/person\/0652c5aad419c86cff8f8129d355edd0\"},\"breadcrumb\":{\"@id\":\"https:\/\/vortice.rocks\/clientes\/tierraviva\/con-compromisos-concretos-culmino-gira-de-reuniones-con-autoridades\/#breadcrumb\"},\"inLanguage\":\"es\",\"potentialAction\":[{\"@type\":\"ReadAction\",\"target\":[\"https:\/\/vortice.rocks\/clientes\/tierraviva\/con-compromisos-concretos-culmino-gira-de-reuniones-con-autoridades\/\"]}]},{\"@type\":\"BreadcrumbList\",\"@id\":\"https:\/\/vortice.rocks\/clientes\/tierraviva\/con-compromisos-concretos-culmino-gira-de-reuniones-con-autoridades\/#breadcrumb\",\"itemListElement\":[{\"@type\":\"ListItem\",\"position\":1,\"name\":\"Portada\",\"item\":\"https:\/\/vortice.rocks\/clientes\/tierraviva\/\"},{\"@type\":\"ListItem\",\"position\":2,\"name\":\"Con compromisos concretos culmin\u00f3 gira de reuniones con autoridades\"}]},{\"@type\":\"WebSite\",\"@id\":\"https:\/\/vortice.rocks\/clientes\/tierraviva\/#website\",\"url\":\"https:\/\/vortice.rocks\/clientes\/tierraviva\/\",\"name\":\"Tierraviva\",\"description\":\"\",\"potentialAction\":[{\"@type\":\"SearchAction\",\"target\":{\"@type\":\"EntryPoint\",\"urlTemplate\":\"https:\/\/vortice.rocks\/clientes\/tierraviva\/?s={search_term_string}\"},\"query-input\":\"required name=search_term_string\"}],\"inLanguage\":\"es\"},{\"@type\":\"Person\",\"@id\":\"https:\/\/vortice.rocks\/clientes\/tierraviva\/#\/schema\/person\/0652c5aad419c86cff8f8129d355edd0\",\"name\":\"Santi Ortiz\",\"image\":{\"@type\":\"ImageObject\",\"inLanguage\":\"es\",\"@id\":\"https:\/\/vortice.rocks\/clientes\/tierraviva\/#\/schema\/person\/image\/\",\"url\":\"https:\/\/secure.gravatar.com\/avatar\/78bab899e21d2840245c1646bfc64d01?s=96&d=mm&r=g\",\"contentUrl\":\"https:\/\/secure.gravatar.com\/avatar\/78bab899e21d2840245c1646bfc64d01?s=96&d=mm&r=g\",\"caption\":\"Santi Ortiz\"},\"sameAs\":[\"https:\/\/vortice.rocks\/clientes\/tierraviva\"],\"url\":\"https:\/\/vortice.rocks\/clientes\/tierraviva\/author\/santi-ortiz\/\"}]}<\/script>\n<!-- \/ Yoast SEO plugin. -->","yoast_head_json":{"title":"Con compromisos concretos culmin\u00f3 gira de reuniones con autoridades - Tierraviva","robots":{"index":"index","follow":"follow","max-snippet":"max-snippet:-1","max-image-preview":"max-image-preview:large","max-video-preview":"max-video-preview:-1"},"canonical":"https:\/\/vortice.rocks\/clientes\/tierraviva\/con-compromisos-concretos-culmino-gira-de-reuniones-con-autoridades\/","og_locale":"es_ES","og_type":"article","og_title":"Con compromisos concretos culmin\u00f3 gira de reuniones con autoridades - Tierraviva","og_description":"Comunidades Ind\u00edgenas en lucha por sus derechos territoriales. Casos ante instancia internacional. Tal cual fuera anunciado, representantes, hombres y mujeres, de las comunidades ind\u00edgenas Yakye Axa, Sawhoyamaxa, X\u00e1kmok K\u00e1sek (con sentencias vinculantes para el Estado de la Corte Interamericana de 2005, 2006 y 2010 respectivamente) y de Kelyenmagategma (con acuerdo amistoso ante la Comisi\u00f3n Interamericana)Seguir leyendo \"Con compromisos concretos culmin\u00f3 gira de reuniones con autoridades\"","og_url":"https:\/\/vortice.rocks\/clientes\/tierraviva\/con-compromisos-concretos-culmino-gira-de-reuniones-con-autoridades\/","og_site_name":"Tierraviva","article_publisher":"https:\/\/www.facebook.com\/Tierraviva-a-los-pueblos-indigenas-del-Chaco-217328148281564\/","article_published_time":"2018-12-17T13:25:36+00:00","article_modified_time":"2018-12-17T13:47:10+00:00","og_image":[{"width":1040,"height":780,"url":"https:\/\/vortice.rocks\/clientes\/tierraviva\/wp-content\/uploads\/2018\/12\/48394529_722940134741474_1396702319319449600_n.jpg","type":"image\/jpeg"}],"author":"Santi Ortiz","twitter_misc":{"Escrito por":"Santi Ortiz","Tiempo de lectura":"2 minutos"},"schema":{"@context":"https:\/\/schema.org","@graph":[{"@type":"WebPage","@id":"https:\/\/vortice.rocks\/clientes\/tierraviva\/con-compromisos-concretos-culmino-gira-de-reuniones-con-autoridades\/","url":"https:\/\/vortice.rocks\/clientes\/tierraviva\/con-compromisos-concretos-culmino-gira-de-reuniones-con-autoridades\/","name":"Con compromisos concretos culmin\u00f3 gira de reuniones con autoridades - Tierraviva","isPartOf":{"@id":"https:\/\/vortice.rocks\/clientes\/tierraviva\/#website"},"datePublished":"2018-12-17T13:25:36+00:00","dateModified":"2018-12-17T13:47:10+00:00","author":{"@id":"https:\/\/vortice.rocks\/clientes\/tierraviva\/#\/schema\/person\/0652c5aad419c86cff8f8129d355edd0"},"breadcrumb":{"@id":"https:\/\/vortice.rocks\/clientes\/tierraviva\/con-compromisos-concretos-culmino-gira-de-reuniones-con-autoridades\/#breadcrumb"},"inLanguage":"es","potentialAction":[{"@type":"ReadAction","target":["https:\/\/vortice.rocks\/clientes\/tierraviva\/con-compromisos-concretos-culmino-gira-de-reuniones-con-autoridades\/"]}]},{"@type":"BreadcrumbList","@id":"https:\/\/vortice.rocks\/clientes\/tierraviva\/con-compromisos-concretos-culmino-gira-de-reuniones-con-autoridades\/#breadcrumb","itemListElement":[{"@type":"ListItem","position":1,"name":"Portada","item":"https:\/\/vortice.rocks\/clientes\/tierraviva\/"},{"@type":"ListItem","position":2,"name":"Con compromisos concretos culmin\u00f3 gira de reuniones con autoridades"}]},{"@type":"WebSite","@id":"https:\/\/vortice.rocks\/clientes\/tierraviva\/#website","url":"https:\/\/vortice.rocks\/clientes\/tierraviva\/","name":"Tierraviva","description":"","potentialAction":[{"@type":"SearchAction","target":{"@type":"EntryPoint","urlTemplate":"https:\/\/vortice.rocks\/clientes\/tierraviva\/?s={search_term_string}"},"query-input":"required name=search_term_string"}],"inLanguage":"es"},{"@type":"Person","@id":"https:\/\/vortice.rocks\/clientes\/tierraviva\/#\/schema\/person\/0652c5aad419c86cff8f8129d355edd0","name":"Santi Ortiz","image":{"@type":"ImageObject","inLanguage":"es","@id":"https:\/\/vortice.rocks\/clientes\/tierraviva\/#\/schema\/person\/image\/","url":"https:\/\/secure.gravatar.com\/avatar\/78bab899e21d2840245c1646bfc64d01?s=96&d=mm&r=g","contentUrl":"https:\/\/secure.gravatar.com\/avatar\/78bab899e21d2840245c1646bfc64d01?s=96&d=mm&r=g","caption":"Santi Ortiz"},"sameAs":["https:\/\/vortice.rocks\/clientes\/tierraviva"],"url":"https:\/\/vortice.rocks\/clientes\/tierraviva\/author\/santi-ortiz\/"}]}},"_links":{"self":[{"href":"https:\/\/vortice.rocks\/clientes\/tierraviva\/wp-json\/wp\/v2\/posts\/1387"}],"collection":[{"href":"https:\/\/vortice.rocks\/clientes\/tierraviva\/wp-json\/wp\/v2\/posts"}],"about":[{"href":"https:\/\/vortice.rocks\/clientes\/tierraviva\/wp-json\/wp\/v2\/types\/post"}],"author":[{"embeddable":true,"href":"https:\/\/vortice.rocks\/clientes\/tierraviva\/wp-json\/wp\/v2\/users\/5"}],"replies":[{"embeddable":true,"href":"https:\/\/vortice.rocks\/clientes\/tierraviva\/wp-json\/wp\/v2\/comments?post=1387"}],"version-history":[{"count":1,"href":"https:\/\/vortice.rocks\/clientes\/tierraviva\/wp-json\/wp\/v2\/posts\/1387\/revisions"}],"predecessor-version":[{"id":1389,"href":"https:\/\/vortice.rocks\/clientes\/tierraviva\/wp-json\/wp\/v2\/posts\/1387\/revisions\/1389"}],"wp:featuredmedia":[{"embeddable":true,"href":"https:\/\/vortice.rocks\/clientes\/tierraviva\/wp-json\/wp\/v2\/media\/1388"}],"wp:attachment":[{"href":"https:\/\/vortice.rocks\/clientes\/tierraviva\/wp-json\/wp\/v2\/media?parent=1387"}],"wp:term":[{"taxonomy":"category","embeddable":true,"href":"https:\/\/vortice.rocks\/clientes\/tierraviva\/wp-json\/wp\/v2\/categories?post=1387"},{"taxonomy":"post_tag","embeddable":true,"href":"https:\/\/vortice.rocks\/clientes\/tierraviva\/wp-json\/wp\/v2\/tags?post=1387"}],"curies":[{"name":"wp","href":"https:\/\/api.w.org\/{rel}","templated":true}]}}