{"id":1564,"date":"2019-03-27T07:58:39","date_gmt":"2019-03-27T11:58:39","guid":{"rendered":"https:\/\/vortice.rocks\/clientes\/tierraviva\/?p=1564"},"modified":"2019-03-27T07:59:16","modified_gmt":"2019-03-27T11:59:16","slug":"karaja-vuelta-al-borde-del-colapso-por-la-creciente","status":"publish","type":"post","link":"https:\/\/vortice.rocks\/clientes\/tierraviva\/karaja-vuelta-al-borde-del-colapso-por-la-creciente\/","title":{"rendered":"Karaja Vuelta al borde del colapso por la creciente."},"content":{"rendered":"<p>La comunidad ind\u00edgena Karaja Vuelta, tambi\u00e9n conocida como Kelyenmagategma, del Pueblo Enxet, est\u00e1 asentada en la ribera del r\u00edo Paraguay en la margen derecha a 50 kms aguas arriba de Concepci\u00f3n, se encuentra al borde de la inundaci\u00f3n. Esto se suma a la situaci\u00f3n de emergencia que vive el bajo Chaco por las \u00faltimas lluvias registradas en la zona. La comunidad est\u00e1 en una zona relativamente alta pero, a pesar de eso, las aguas del r\u00edo Paraguay est\u00e1n a pocos metros de inundar todo.<\/p>\n<p>A esta emergencia se suma que la Comunidad ha tenido que albergar a una parte de la Comunidad Payseyamexempa&#8217;a, cuyos habitantes se vieron obligados a salir de sus tierras a causa del aislamiento, una parte de ellos, los miembros de la aldea Buena Vista, se instalaron en Karaja Verdad -mientras los miembros de la aldea Colonia 96 se encuentran sobre la ruta que une Pozo Colorado con Concepci\u00f3n- esta situaci\u00f3n ha generado que las necesidades en la Karajan Vuelta. En el marco de la asistencia realizada por la Secretar\u00eda de Emergencia Nacional para paliar los efectos de la inundaci\u00f3n, el organismo estatal se hab\u00eda comprometido a llevar ayuda alimentaria al lugar, sin embargo hasta el momento la comunidad no ha recibido nada.<\/p>\n<p>Otro de los problemas que afecta a Karaja Vuelta, es que existe un remanente de mil hect\u00e1reas de tierras, a ser delimitadas, que se encuentran en el casco de la estancia conocida como Puerto Colon. En este remanente se encuentra el cementerio de los ind\u00edgenas. Por ello las personas de Karaja Vuelta piden hablar con Horacio Cartes, qui\u00e9n ser\u00eda propietario de Puerto Col\u00f3n, para que les permita visitar a sus familiares difuntos enterrados en dicho cementerio.<\/p>\n<p>Otro motivo de preocupaci\u00f3n en la comunidad es la <a href=\"https:\/\/vortice.rocks\/clientes\/tierraviva\/tierras-indigenas-estan-siendo-deforestadas\/\">deforestaci\u00f3n de parte de su territorio,<\/a> seg\u00fan relatan desde hace semanas hombres desconocidos ingresan desde la estancia vecina a derribar \u00e1rboles violentando el sendero que delimitaba la propiedad ind\u00edgena.<\/p>\n","protected":false},"excerpt":{"rendered":"<p>La comunidad ind\u00edgena Karaja Vuelta, tambi\u00e9n conocida como Kelyenmagategma, del Pueblo Enxet, est\u00e1 asentada en la ribera del r\u00edo Paraguay en la margen derecha a 50 kms aguas arriba de Concepci\u00f3n, se encuentra al borde de la inundaci\u00f3n. Esto se suma a la situaci\u00f3n de emergencia que vive el bajo Chaco por las \u00faltimas lluvias<a class=\"more-link\" href=\"https:\/\/vortice.rocks\/clientes\/tierraviva\/karaja-vuelta-al-borde-del-colapso-por-la-creciente\/\">Seguir leyendo <span class=\"screen-reader-text\">&#8220;Karaja Vuelta al borde del colapso por la creciente.&#8221;<\/span><\/a><\/p>\n","protected":false},"author":5,"featured_media":1565,"comment_status":"open","ping_status":"open","sticky":false,"template":"","format":"standard","meta":{"_exactmetrics_skip_tracking":false,"_exactmetrics_sitenote_active":false,"_exactmetrics_sitenote_note":"","_exactmetrics_sitenote_category":0,"footnotes":""},"categories":[3],"tags":[],"yoast_head":"<!-- This site is optimized with the Yoast SEO plugin v21.7 - https:\/\/yoast.com\/wordpress\/plugins\/seo\/ -->\n<title>Karaja Vuelta al borde del colapso por la creciente. - Tierraviva<\/title>\n<meta name=\"robots\" content=\"index, follow, max-snippet:-1, max-image-preview:large, max-video-preview:-1\" \/>\n<link rel=\"canonical\" href=\"https:\/\/vortice.rocks\/clientes\/tierraviva\/karaja-vuelta-al-borde-del-colapso-por-la-creciente\/\" \/>\n<meta property=\"og:locale\" content=\"es_ES\" \/>\n<meta property=\"og:type\" content=\"article\" \/>\n<meta property=\"og:title\" content=\"Karaja Vuelta al borde del colapso por la creciente. - Tierraviva\" \/>\n<meta property=\"og:description\" content=\"La comunidad ind\u00edgena Karaja Vuelta, tambi\u00e9n conocida como Kelyenmagategma, del Pueblo Enxet, est\u00e1 asentada en la ribera del r\u00edo Paraguay en la margen derecha a 50 kms aguas arriba de Concepci\u00f3n, se encuentra al borde de la inundaci\u00f3n. Esto se suma a la situaci\u00f3n de emergencia que vive el bajo Chaco por las \u00faltimas lluviasSeguir leyendo &quot;Karaja Vuelta al borde del colapso por la creciente.&quot;\" \/>\n<meta property=\"og:url\" content=\"https:\/\/vortice.rocks\/clientes\/tierraviva\/karaja-vuelta-al-borde-del-colapso-por-la-creciente\/\" \/>\n<meta property=\"og:site_name\" content=\"Tierraviva\" \/>\n<meta property=\"article:publisher\" content=\"https:\/\/www.facebook.com\/Tierraviva-a-los-pueblos-indigenas-del-Chaco-217328148281564\/\" \/>\n<meta property=\"article:published_time\" content=\"2019-03-27T11:58:39+00:00\" \/>\n<meta property=\"article:modified_time\" content=\"2019-03-27T11:59:16+00:00\" \/>\n<meta property=\"og:image\" content=\"https:\/\/vortice.rocks\/clientes\/tierraviva\/wp-content\/uploads\/2019\/03\/IMG-20190327-WA0005.jpg\" \/>\n\t<meta property=\"og:image:width\" content=\"1280\" \/>\n\t<meta property=\"og:image:height\" content=\"960\" \/>\n\t<meta property=\"og:image:type\" content=\"image\/jpeg\" \/>\n<meta name=\"author\" content=\"Santi Ortiz\" \/>\n<meta name=\"twitter:label1\" content=\"Escrito por\" \/>\n\t<meta name=\"twitter:data1\" content=\"Santi Ortiz\" \/>\n\t<meta name=\"twitter:label2\" content=\"Tiempo de lectura\" \/>\n\t<meta name=\"twitter:data2\" content=\"2 minutos\" \/>\n<script type=\"application\/ld+json\" class=\"yoast-schema-graph\">{\"@context\":\"https:\/\/schema.org\",\"@graph\":[{\"@type\":\"WebPage\",\"@id\":\"https:\/\/vortice.rocks\/clientes\/tierraviva\/karaja-vuelta-al-borde-del-colapso-por-la-creciente\/\",\"url\":\"https:\/\/vortice.rocks\/clientes\/tierraviva\/karaja-vuelta-al-borde-del-colapso-por-la-creciente\/\",\"name\":\"Karaja Vuelta al borde del colapso por la creciente. - Tierraviva\",\"isPartOf\":{\"@id\":\"https:\/\/vortice.rocks\/clientes\/tierraviva\/#website\"},\"datePublished\":\"2019-03-27T11:58:39+00:00\",\"dateModified\":\"2019-03-27T11:59:16+00:00\",\"author\":{\"@id\":\"https:\/\/vortice.rocks\/clientes\/tierraviva\/#\/schema\/person\/0652c5aad419c86cff8f8129d355edd0\"},\"breadcrumb\":{\"@id\":\"https:\/\/vortice.rocks\/clientes\/tierraviva\/karaja-vuelta-al-borde-del-colapso-por-la-creciente\/#breadcrumb\"},\"inLanguage\":\"es\",\"potentialAction\":[{\"@type\":\"ReadAction\",\"target\":[\"https:\/\/vortice.rocks\/clientes\/tierraviva\/karaja-vuelta-al-borde-del-colapso-por-la-creciente\/\"]}]},{\"@type\":\"BreadcrumbList\",\"@id\":\"https:\/\/vortice.rocks\/clientes\/tierraviva\/karaja-vuelta-al-borde-del-colapso-por-la-creciente\/#breadcrumb\",\"itemListElement\":[{\"@type\":\"ListItem\",\"position\":1,\"name\":\"Portada\",\"item\":\"https:\/\/vortice.rocks\/clientes\/tierraviva\/\"},{\"@type\":\"ListItem\",\"position\":2,\"name\":\"Karaja Vuelta al borde del colapso por la creciente.\"}]},{\"@type\":\"WebSite\",\"@id\":\"https:\/\/vortice.rocks\/clientes\/tierraviva\/#website\",\"url\":\"https:\/\/vortice.rocks\/clientes\/tierraviva\/\",\"name\":\"Tierraviva\",\"description\":\"\",\"potentialAction\":[{\"@type\":\"SearchAction\",\"target\":{\"@type\":\"EntryPoint\",\"urlTemplate\":\"https:\/\/vortice.rocks\/clientes\/tierraviva\/?s={search_term_string}\"},\"query-input\":\"required name=search_term_string\"}],\"inLanguage\":\"es\"},{\"@type\":\"Person\",\"@id\":\"https:\/\/vortice.rocks\/clientes\/tierraviva\/#\/schema\/person\/0652c5aad419c86cff8f8129d355edd0\",\"name\":\"Santi Ortiz\",\"image\":{\"@type\":\"ImageObject\",\"inLanguage\":\"es\",\"@id\":\"https:\/\/vortice.rocks\/clientes\/tierraviva\/#\/schema\/person\/image\/\",\"url\":\"https:\/\/secure.gravatar.com\/avatar\/78bab899e21d2840245c1646bfc64d01?s=96&d=mm&r=g\",\"contentUrl\":\"https:\/\/secure.gravatar.com\/avatar\/78bab899e21d2840245c1646bfc64d01?s=96&d=mm&r=g\",\"caption\":\"Santi Ortiz\"},\"sameAs\":[\"https:\/\/vortice.rocks\/clientes\/tierraviva\"],\"url\":\"https:\/\/vortice.rocks\/clientes\/tierraviva\/author\/santi-ortiz\/\"}]}<\/script>\n<!-- \/ Yoast SEO plugin. -->","yoast_head_json":{"title":"Karaja Vuelta al borde del colapso por la creciente. - Tierraviva","robots":{"index":"index","follow":"follow","max-snippet":"max-snippet:-1","max-image-preview":"max-image-preview:large","max-video-preview":"max-video-preview:-1"},"canonical":"https:\/\/vortice.rocks\/clientes\/tierraviva\/karaja-vuelta-al-borde-del-colapso-por-la-creciente\/","og_locale":"es_ES","og_type":"article","og_title":"Karaja Vuelta al borde del colapso por la creciente. - Tierraviva","og_description":"La comunidad ind\u00edgena Karaja Vuelta, tambi\u00e9n conocida como Kelyenmagategma, del Pueblo Enxet, est\u00e1 asentada en la ribera del r\u00edo Paraguay en la margen derecha a 50 kms aguas arriba de Concepci\u00f3n, se encuentra al borde de la inundaci\u00f3n. Esto se suma a la situaci\u00f3n de emergencia que vive el bajo Chaco por las \u00faltimas lluviasSeguir leyendo \"Karaja Vuelta al borde del colapso por la creciente.\"","og_url":"https:\/\/vortice.rocks\/clientes\/tierraviva\/karaja-vuelta-al-borde-del-colapso-por-la-creciente\/","og_site_name":"Tierraviva","article_publisher":"https:\/\/www.facebook.com\/Tierraviva-a-los-pueblos-indigenas-del-Chaco-217328148281564\/","article_published_time":"2019-03-27T11:58:39+00:00","article_modified_time":"2019-03-27T11:59:16+00:00","og_image":[{"width":1280,"height":960,"url":"https:\/\/vortice.rocks\/clientes\/tierraviva\/wp-content\/uploads\/2019\/03\/IMG-20190327-WA0005.jpg","type":"image\/jpeg"}],"author":"Santi Ortiz","twitter_misc":{"Escrito por":"Santi Ortiz","Tiempo de lectura":"2 minutos"},"schema":{"@context":"https:\/\/schema.org","@graph":[{"@type":"WebPage","@id":"https:\/\/vortice.rocks\/clientes\/tierraviva\/karaja-vuelta-al-borde-del-colapso-por-la-creciente\/","url":"https:\/\/vortice.rocks\/clientes\/tierraviva\/karaja-vuelta-al-borde-del-colapso-por-la-creciente\/","name":"Karaja Vuelta al borde del colapso por la creciente. - Tierraviva","isPartOf":{"@id":"https:\/\/vortice.rocks\/clientes\/tierraviva\/#website"},"datePublished":"2019-03-27T11:58:39+00:00","dateModified":"2019-03-27T11:59:16+00:00","author":{"@id":"https:\/\/vortice.rocks\/clientes\/tierraviva\/#\/schema\/person\/0652c5aad419c86cff8f8129d355edd0"},"breadcrumb":{"@id":"https:\/\/vortice.rocks\/clientes\/tierraviva\/karaja-vuelta-al-borde-del-colapso-por-la-creciente\/#breadcrumb"},"inLanguage":"es","potentialAction":[{"@type":"ReadAction","target":["https:\/\/vortice.rocks\/clientes\/tierraviva\/karaja-vuelta-al-borde-del-colapso-por-la-creciente\/"]}]},{"@type":"BreadcrumbList","@id":"https:\/\/vortice.rocks\/clientes\/tierraviva\/karaja-vuelta-al-borde-del-colapso-por-la-creciente\/#breadcrumb","itemListElement":[{"@type":"ListItem","position":1,"name":"Portada","item":"https:\/\/vortice.rocks\/clientes\/tierraviva\/"},{"@type":"ListItem","position":2,"name":"Karaja Vuelta al borde del colapso por la creciente."}]},{"@type":"WebSite","@id":"https:\/\/vortice.rocks\/clientes\/tierraviva\/#website","url":"https:\/\/vortice.rocks\/clientes\/tierraviva\/","name":"Tierraviva","description":"","potentialAction":[{"@type":"SearchAction","target":{"@type":"EntryPoint","urlTemplate":"https:\/\/vortice.rocks\/clientes\/tierraviva\/?s={search_term_string}"},"query-input":"required name=search_term_string"}],"inLanguage":"es"},{"@type":"Person","@id":"https:\/\/vortice.rocks\/clientes\/tierraviva\/#\/schema\/person\/0652c5aad419c86cff8f8129d355edd0","name":"Santi Ortiz","image":{"@type":"ImageObject","inLanguage":"es","@id":"https:\/\/vortice.rocks\/clientes\/tierraviva\/#\/schema\/person\/image\/","url":"https:\/\/secure.gravatar.com\/avatar\/78bab899e21d2840245c1646bfc64d01?s=96&d=mm&r=g","contentUrl":"https:\/\/secure.gravatar.com\/avatar\/78bab899e21d2840245c1646bfc64d01?s=96&d=mm&r=g","caption":"Santi Ortiz"},"sameAs":["https:\/\/vortice.rocks\/clientes\/tierraviva"],"url":"https:\/\/vortice.rocks\/clientes\/tierraviva\/author\/santi-ortiz\/"}]}},"_links":{"self":[{"href":"https:\/\/vortice.rocks\/clientes\/tierraviva\/wp-json\/wp\/v2\/posts\/1564"}],"collection":[{"href":"https:\/\/vortice.rocks\/clientes\/tierraviva\/wp-json\/wp\/v2\/posts"}],"about":[{"href":"https:\/\/vortice.rocks\/clientes\/tierraviva\/wp-json\/wp\/v2\/types\/post"}],"author":[{"embeddable":true,"href":"https:\/\/vortice.rocks\/clientes\/tierraviva\/wp-json\/wp\/v2\/users\/5"}],"replies":[{"embeddable":true,"href":"https:\/\/vortice.rocks\/clientes\/tierraviva\/wp-json\/wp\/v2\/comments?post=1564"}],"version-history":[{"count":2,"href":"https:\/\/vortice.rocks\/clientes\/tierraviva\/wp-json\/wp\/v2\/posts\/1564\/revisions"}],"predecessor-version":[{"id":1568,"href":"https:\/\/vortice.rocks\/clientes\/tierraviva\/wp-json\/wp\/v2\/posts\/1564\/revisions\/1568"}],"wp:featuredmedia":[{"embeddable":true,"href":"https:\/\/vortice.rocks\/clientes\/tierraviva\/wp-json\/wp\/v2\/media\/1565"}],"wp:attachment":[{"href":"https:\/\/vortice.rocks\/clientes\/tierraviva\/wp-json\/wp\/v2\/media?parent=1564"}],"wp:term":[{"taxonomy":"category","embeddable":true,"href":"https:\/\/vortice.rocks\/clientes\/tierraviva\/wp-json\/wp\/v2\/categories?post=1564"},{"taxonomy":"post_tag","embeddable":true,"href":"https:\/\/vortice.rocks\/clientes\/tierraviva\/wp-json\/wp\/v2\/tags?post=1564"}],"curies":[{"name":"wp","href":"https:\/\/api.w.org\/{rel}","templated":true}]}}