{"id":1731,"date":"2019-09-17T09:43:45","date_gmt":"2019-09-17T13:43:45","guid":{"rendered":"https:\/\/vortice.rocks\/clientes\/tierraviva\/?p=1731"},"modified":"2019-09-17T09:43:45","modified_gmt":"2019-09-17T13:43:45","slug":"el-acceso-a-la-informacion-publica-mejora-la-calidad-de-vida-de-los-pueblos-indigenas","status":"publish","type":"post","link":"https:\/\/vortice.rocks\/clientes\/tierraviva\/el-acceso-a-la-informacion-publica-mejora-la-calidad-de-vida-de-los-pueblos-indigenas\/","title":{"rendered":"El acceso a la informaci\u00f3n p\u00fablica mejora la calidad de vida de los Pueblos Ind\u00edgenas"},"content":{"rendered":"<p class=\"western\">Tras dos a\u00f1os de arduo trabajo concluye el Proyecto Promoviendo Transparencia y el Derecho de Acceso a Informaci\u00f3n P\u00fablica desde Propuestas Interculturales de Pueblos Ind\u00edgenas de Paraguay, ejecutado por el consorcio Tierraviva, Codehupy e Icco Cooperaci\u00f3n, con el apoyo de la Uni\u00f3n Europea. Las tareas realizadas dejan una experiencia de alto valor que muestra que el acceso a la informaci\u00f3n p\u00fablica puede generar mejoras importantes en la calidad de vida de los Pueblos Ind\u00edgenas; los resultados finales del Proyecto se presentar\u00e1n al p\u00fablico este jueves 19 desde las 8:30 horas en el Seminario Metropolitano.<\/p>\n<p class=\"western\">\u201cEl Proyecto naci\u00f3 a partir de las necesidades expresadas por los l\u00edderes ind\u00edgenas de las comunidades con las que ven\u00edamos trabajando. Los l\u00edderes y lideresas ind\u00edgenas del Chaco tienen la caracter\u00edstica de que siempre est\u00e1n recurriendo a las instituciones, preocupados por saber que se puede hacer en favor de sus comunidades, sin embargo muchas veces no recib\u00edan informaci\u00f3n sobre los fondos que los municipios o gobernaciones ten\u00edan destinados a los Pueblos Ind\u00edgenas\u201d comenta Adriana Aguero, de la Organizaci\u00f3n Tierraviva y coordinadora del Proyecto.<\/p>\n<p class=\"western\">Explic\u00f3 tambi\u00e9n que \u201ccuando los l\u00edderes recib\u00edan informaci\u00f3n era de forma incompleta o de dif\u00edcil compresi\u00f3n para ellos, ya que estaba cargada de tecnicismos; la ley de Acceso a la Informaci\u00f3n P\u00fablica da la posibilidad de conocer m\u00e1s, sin embargo esta realidad de lo que acontec\u00eda con los Pueblos Ind\u00edgenas, motiv\u00f3 a los l\u00edderes a reclamar que para que se cumpla realmente la Ley, la informaci\u00f3n debe estar al alcance de ellos y de ah\u00ed nace la necesidad de interculturalizar el acceso a la informaci\u00f3n p\u00fablica\u201d.<\/p>\n<p class=\"western\">A partir de la identificaci\u00f3n de estas necesidades el proyecto Promoviendo Transparencia y el Derecho de Acceso a Informaci\u00f3n P\u00fablica trabaj\u00f3 durante dos a\u00f1os con diferentes sectores de la poblaci\u00f3n ind\u00edgena y no ind\u00edgena; \u201cse trabaj\u00f3 con comunicadores ind\u00edgenas y no ind\u00edgenas, con funcionarios p\u00fablicos, con mujeres ind\u00edgenas artesanas, con los l\u00edderes de las comunidades y tambi\u00e9n tuvimos un trabajo muy fuerte con j\u00f3venes ind\u00edgenas\u201d comenta Adriana. El proyecto lleg\u00f3 a 9 Pueblos Ind\u00edgenas de la zona del Chaco paraguayo, adem\u00e1s se trabaj\u00f3 con 15 instituciones p\u00fablicas.<\/p>\n<p class=\"western\">Trabajos de capacitaci\u00f3n, debates y fortalecimiento de las capacidades tanto de las instituciones p\u00fablicas como de los y las referentes de los Pueblos Ind\u00edgenas fueron los ejes fundamentales del proyecto, durante estos a\u00f1os se elaboraron materiales educativos y de comunicaci\u00f3n respecto al acceso a la informaci\u00f3n p\u00fablica y a la rendici\u00f3n de cuentas ante Pueblos Ind\u00edgenas por parte de los entes p\u00fablicos, estos materiales est\u00e1n en idiomas ind\u00edgenas y recogen las sugerencias y propuestas surgidas en decenas de espacios de debate respecto a la forma correcta de presentar la informaci\u00f3n a los pueblos ind\u00edgenas.<\/p>\n<p class=\"western\">Tambi\u00e9n se logr\u00f3 que municipios y gobernaciones del Chaco realicen Audiencias P\u00fablicas de rendici\u00f3n de cuentas ante los Pueblos Ind\u00edgenas, esta fue una experiencia fundamental, por primera vez los y las ind\u00edgenas pod\u00edan recibir la informaci\u00f3n y hacer sus reclamos frente a las autoridades. \u201cEn esto la Red de Veedur\u00eda Juvenil Ind\u00edgena, conformada a partir del Proyecto, tuvo un rol fundamental, ellos analizaban la informaci\u00f3n, reclamaban lo que no les parec\u00eda bien y levantaban su voz para ser escuchados, fue una experiencia muy rica para los j\u00f3venes que van a continuar trabajando en beneficio de su comunidad\u201d indic\u00f3 la Coordinadora del Proyecto.<\/p>\n<p class=\"western\">Otro punto que resalta en la ejecuci\u00f3n del proyecto es el de las Artesanas Ind\u00edgenas, que son una de las patas fundamentales en la econom\u00eda y la cultura de las comunidades, ellas pudieron debatir con sus pares de diferentes pueblos y elaborar propuestas de pol\u00edticas p\u00fablicas que atiendan a sus necesidades, estas propuestas fueron entregadas a las autoridades y est\u00e1n siendo constantemente debatidas en mesas de trabajo donde ellas mismas participan a partir del Proyecto; adem\u00e1s lograron espacios de exposici\u00f3n de sus productos lo que colabora de forma importante con el trabajo que realizan.<\/p>\n<p class=\"western\">El Acceso a la Informaci\u00f3n P\u00fablica, con un enfoque intercultural, permiti\u00f3 que las comunidades y Pueblos Ind\u00edgenas con los que se trabaj\u00f3 puedan ser realmente actores dentro de la democracia, ejerciendo ciudadan\u00eda, reclamando lo que les pertenece y exigiendo a las autoridades, esto genera cambios positivos en lo inmediato, como la posibilidad de que sus necesidades sean atendidas de mejor manera por las autoridades, como tambi\u00e9n a largo plazo ya que estas experiencias permiten que ha futuro puedan ejercer un control firme respecto a las decisiones que los afectan.<\/p>\n<p class=\"western\">Este jueves 19 de setiembre, desde las 8:30 horas se realizar\u00e1 un acto p\u00fablico de presentaci\u00f3n de todos los resultados y trabajos realizados en el marco del Proyecto, en el evento estar\u00e1n presentes representantes de los Pueblos Ind\u00edgenas que formaron parte del Proyecto y se espera la presencia de autoridades estatales y representantes de la Uni\u00f3n Europea. Adem\u00e1s se entregar\u00e1n a las autoridades responsables la propuesta de modificaci\u00f3n de la Ley de Acceso a la Informaci\u00f3n Publica, que surgieron a lo largo de los dos a\u00f1os de trabajo y que buscan garantizar el acceso a la informaci\u00f3n desde un enfoque intercultural para los Pueblos Ind\u00edgenas.<\/p>\n","protected":false},"excerpt":{"rendered":"<p>Tras dos a\u00f1os de arduo trabajo concluye el Proyecto Promoviendo Transparencia y el Derecho de Acceso a Informaci\u00f3n P\u00fablica desde Propuestas Interculturales de Pueblos Ind\u00edgenas de Paraguay, ejecutado por el consorcio Tierraviva, Codehupy e Icco Cooperaci\u00f3n, con el apoyo de la Uni\u00f3n Europea. Las tareas realizadas dejan una experiencia de alto valor que muestra que<a class=\"more-link\" href=\"https:\/\/vortice.rocks\/clientes\/tierraviva\/el-acceso-a-la-informacion-publica-mejora-la-calidad-de-vida-de-los-pueblos-indigenas\/\">Seguir leyendo <span class=\"screen-reader-text\">&#8220;El acceso a la informaci\u00f3n p\u00fablica mejora la calidad de vida de los Pueblos Ind\u00edgenas&#8221;<\/span><\/a><\/p>\n","protected":false},"author":5,"featured_media":1732,"comment_status":"open","ping_status":"open","sticky":false,"template":"","format":"standard","meta":{"_exactmetrics_skip_tracking":false,"_exactmetrics_sitenote_active":false,"_exactmetrics_sitenote_note":"","_exactmetrics_sitenote_category":0,"footnotes":""},"categories":[3],"tags":[],"yoast_head":"<!-- This site is optimized with the Yoast SEO plugin v21.7 - https:\/\/yoast.com\/wordpress\/plugins\/seo\/ -->\n<title>El acceso a la informaci\u00f3n p\u00fablica mejora la calidad de vida de los Pueblos Ind\u00edgenas - Tierraviva<\/title>\n<meta name=\"robots\" content=\"index, follow, max-snippet:-1, max-image-preview:large, max-video-preview:-1\" \/>\n<link rel=\"canonical\" href=\"https:\/\/vortice.rocks\/clientes\/tierraviva\/el-acceso-a-la-informacion-publica-mejora-la-calidad-de-vida-de-los-pueblos-indigenas\/\" \/>\n<meta property=\"og:locale\" content=\"es_ES\" \/>\n<meta property=\"og:type\" content=\"article\" \/>\n<meta property=\"og:title\" content=\"El acceso a la informaci\u00f3n p\u00fablica mejora la calidad de vida de los Pueblos Ind\u00edgenas - Tierraviva\" \/>\n<meta property=\"og:description\" content=\"Tras dos a\u00f1os de arduo trabajo concluye el Proyecto Promoviendo Transparencia y el Derecho de Acceso a Informaci\u00f3n P\u00fablica desde Propuestas Interculturales de Pueblos Ind\u00edgenas de Paraguay, ejecutado por el consorcio Tierraviva, Codehupy e Icco Cooperaci\u00f3n, con el apoyo de la Uni\u00f3n Europea. Las tareas realizadas dejan una experiencia de alto valor que muestra queSeguir leyendo &quot;El acceso a la informaci\u00f3n p\u00fablica mejora la calidad de vida de los Pueblos Ind\u00edgenas&quot;\" \/>\n<meta property=\"og:url\" content=\"https:\/\/vortice.rocks\/clientes\/tierraviva\/el-acceso-a-la-informacion-publica-mejora-la-calidad-de-vida-de-los-pueblos-indigenas\/\" \/>\n<meta property=\"og:site_name\" content=\"Tierraviva\" \/>\n<meta property=\"article:publisher\" content=\"https:\/\/www.facebook.com\/Tierraviva-a-los-pueblos-indigenas-del-Chaco-217328148281564\/\" \/>\n<meta property=\"article:published_time\" content=\"2019-09-17T13:43:45+00:00\" \/>\n<meta property=\"og:image\" content=\"https:\/\/vortice.rocks\/clientes\/tierraviva\/wp-content\/uploads\/2019\/09\/FB_IMG_1552676803857.jpg\" \/>\n\t<meta property=\"og:image:width\" content=\"1080\" \/>\n\t<meta property=\"og:image:height\" content=\"720\" \/>\n\t<meta property=\"og:image:type\" content=\"image\/jpeg\" \/>\n<meta name=\"author\" content=\"Santi Ortiz\" \/>\n<meta name=\"twitter:label1\" content=\"Escrito por\" \/>\n\t<meta name=\"twitter:data1\" content=\"Santi Ortiz\" \/>\n\t<meta name=\"twitter:label2\" content=\"Tiempo de lectura\" \/>\n\t<meta name=\"twitter:data2\" content=\"5 minutos\" \/>\n<script type=\"application\/ld+json\" class=\"yoast-schema-graph\">{\"@context\":\"https:\/\/schema.org\",\"@graph\":[{\"@type\":\"WebPage\",\"@id\":\"https:\/\/vortice.rocks\/clientes\/tierraviva\/el-acceso-a-la-informacion-publica-mejora-la-calidad-de-vida-de-los-pueblos-indigenas\/\",\"url\":\"https:\/\/vortice.rocks\/clientes\/tierraviva\/el-acceso-a-la-informacion-publica-mejora-la-calidad-de-vida-de-los-pueblos-indigenas\/\",\"name\":\"El acceso a la informaci\u00f3n p\u00fablica mejora la calidad de vida de los Pueblos Ind\u00edgenas - Tierraviva\",\"isPartOf\":{\"@id\":\"https:\/\/vortice.rocks\/clientes\/tierraviva\/#website\"},\"datePublished\":\"2019-09-17T13:43:45+00:00\",\"dateModified\":\"2019-09-17T13:43:45+00:00\",\"author\":{\"@id\":\"https:\/\/vortice.rocks\/clientes\/tierraviva\/#\/schema\/person\/0652c5aad419c86cff8f8129d355edd0\"},\"breadcrumb\":{\"@id\":\"https:\/\/vortice.rocks\/clientes\/tierraviva\/el-acceso-a-la-informacion-publica-mejora-la-calidad-de-vida-de-los-pueblos-indigenas\/#breadcrumb\"},\"inLanguage\":\"es\",\"potentialAction\":[{\"@type\":\"ReadAction\",\"target\":[\"https:\/\/vortice.rocks\/clientes\/tierraviva\/el-acceso-a-la-informacion-publica-mejora-la-calidad-de-vida-de-los-pueblos-indigenas\/\"]}]},{\"@type\":\"BreadcrumbList\",\"@id\":\"https:\/\/vortice.rocks\/clientes\/tierraviva\/el-acceso-a-la-informacion-publica-mejora-la-calidad-de-vida-de-los-pueblos-indigenas\/#breadcrumb\",\"itemListElement\":[{\"@type\":\"ListItem\",\"position\":1,\"name\":\"Portada\",\"item\":\"https:\/\/vortice.rocks\/clientes\/tierraviva\/\"},{\"@type\":\"ListItem\",\"position\":2,\"name\":\"El acceso a la informaci\u00f3n p\u00fablica mejora la calidad de vida de los Pueblos Ind\u00edgenas\"}]},{\"@type\":\"WebSite\",\"@id\":\"https:\/\/vortice.rocks\/clientes\/tierraviva\/#website\",\"url\":\"https:\/\/vortice.rocks\/clientes\/tierraviva\/\",\"name\":\"Tierraviva\",\"description\":\"\",\"potentialAction\":[{\"@type\":\"SearchAction\",\"target\":{\"@type\":\"EntryPoint\",\"urlTemplate\":\"https:\/\/vortice.rocks\/clientes\/tierraviva\/?s={search_term_string}\"},\"query-input\":\"required name=search_term_string\"}],\"inLanguage\":\"es\"},{\"@type\":\"Person\",\"@id\":\"https:\/\/vortice.rocks\/clientes\/tierraviva\/#\/schema\/person\/0652c5aad419c86cff8f8129d355edd0\",\"name\":\"Santi Ortiz\",\"image\":{\"@type\":\"ImageObject\",\"inLanguage\":\"es\",\"@id\":\"https:\/\/vortice.rocks\/clientes\/tierraviva\/#\/schema\/person\/image\/\",\"url\":\"https:\/\/secure.gravatar.com\/avatar\/78bab899e21d2840245c1646bfc64d01?s=96&d=mm&r=g\",\"contentUrl\":\"https:\/\/secure.gravatar.com\/avatar\/78bab899e21d2840245c1646bfc64d01?s=96&d=mm&r=g\",\"caption\":\"Santi Ortiz\"},\"sameAs\":[\"https:\/\/vortice.rocks\/clientes\/tierraviva\"],\"url\":\"https:\/\/vortice.rocks\/clientes\/tierraviva\/author\/santi-ortiz\/\"}]}<\/script>\n<!-- \/ Yoast SEO plugin. -->","yoast_head_json":{"title":"El acceso a la informaci\u00f3n p\u00fablica mejora la calidad de vida de los Pueblos Ind\u00edgenas - Tierraviva","robots":{"index":"index","follow":"follow","max-snippet":"max-snippet:-1","max-image-preview":"max-image-preview:large","max-video-preview":"max-video-preview:-1"},"canonical":"https:\/\/vortice.rocks\/clientes\/tierraviva\/el-acceso-a-la-informacion-publica-mejora-la-calidad-de-vida-de-los-pueblos-indigenas\/","og_locale":"es_ES","og_type":"article","og_title":"El acceso a la informaci\u00f3n p\u00fablica mejora la calidad de vida de los Pueblos Ind\u00edgenas - Tierraviva","og_description":"Tras dos a\u00f1os de arduo trabajo concluye el Proyecto Promoviendo Transparencia y el Derecho de Acceso a Informaci\u00f3n P\u00fablica desde Propuestas Interculturales de Pueblos Ind\u00edgenas de Paraguay, ejecutado por el consorcio Tierraviva, Codehupy e Icco Cooperaci\u00f3n, con el apoyo de la Uni\u00f3n Europea. Las tareas realizadas dejan una experiencia de alto valor que muestra queSeguir leyendo \"El acceso a la informaci\u00f3n p\u00fablica mejora la calidad de vida de los Pueblos Ind\u00edgenas\"","og_url":"https:\/\/vortice.rocks\/clientes\/tierraviva\/el-acceso-a-la-informacion-publica-mejora-la-calidad-de-vida-de-los-pueblos-indigenas\/","og_site_name":"Tierraviva","article_publisher":"https:\/\/www.facebook.com\/Tierraviva-a-los-pueblos-indigenas-del-Chaco-217328148281564\/","article_published_time":"2019-09-17T13:43:45+00:00","og_image":[{"width":1080,"height":720,"url":"https:\/\/vortice.rocks\/clientes\/tierraviva\/wp-content\/uploads\/2019\/09\/FB_IMG_1552676803857.jpg","type":"image\/jpeg"}],"author":"Santi Ortiz","twitter_misc":{"Escrito por":"Santi Ortiz","Tiempo de lectura":"5 minutos"},"schema":{"@context":"https:\/\/schema.org","@graph":[{"@type":"WebPage","@id":"https:\/\/vortice.rocks\/clientes\/tierraviva\/el-acceso-a-la-informacion-publica-mejora-la-calidad-de-vida-de-los-pueblos-indigenas\/","url":"https:\/\/vortice.rocks\/clientes\/tierraviva\/el-acceso-a-la-informacion-publica-mejora-la-calidad-de-vida-de-los-pueblos-indigenas\/","name":"El acceso a la informaci\u00f3n p\u00fablica mejora la calidad de vida de los Pueblos Ind\u00edgenas - Tierraviva","isPartOf":{"@id":"https:\/\/vortice.rocks\/clientes\/tierraviva\/#website"},"datePublished":"2019-09-17T13:43:45+00:00","dateModified":"2019-09-17T13:43:45+00:00","author":{"@id":"https:\/\/vortice.rocks\/clientes\/tierraviva\/#\/schema\/person\/0652c5aad419c86cff8f8129d355edd0"},"breadcrumb":{"@id":"https:\/\/vortice.rocks\/clientes\/tierraviva\/el-acceso-a-la-informacion-publica-mejora-la-calidad-de-vida-de-los-pueblos-indigenas\/#breadcrumb"},"inLanguage":"es","potentialAction":[{"@type":"ReadAction","target":["https:\/\/vortice.rocks\/clientes\/tierraviva\/el-acceso-a-la-informacion-publica-mejora-la-calidad-de-vida-de-los-pueblos-indigenas\/"]}]},{"@type":"BreadcrumbList","@id":"https:\/\/vortice.rocks\/clientes\/tierraviva\/el-acceso-a-la-informacion-publica-mejora-la-calidad-de-vida-de-los-pueblos-indigenas\/#breadcrumb","itemListElement":[{"@type":"ListItem","position":1,"name":"Portada","item":"https:\/\/vortice.rocks\/clientes\/tierraviva\/"},{"@type":"ListItem","position":2,"name":"El acceso a la informaci\u00f3n p\u00fablica mejora la calidad de vida de los Pueblos Ind\u00edgenas"}]},{"@type":"WebSite","@id":"https:\/\/vortice.rocks\/clientes\/tierraviva\/#website","url":"https:\/\/vortice.rocks\/clientes\/tierraviva\/","name":"Tierraviva","description":"","potentialAction":[{"@type":"SearchAction","target":{"@type":"EntryPoint","urlTemplate":"https:\/\/vortice.rocks\/clientes\/tierraviva\/?s={search_term_string}"},"query-input":"required name=search_term_string"}],"inLanguage":"es"},{"@type":"Person","@id":"https:\/\/vortice.rocks\/clientes\/tierraviva\/#\/schema\/person\/0652c5aad419c86cff8f8129d355edd0","name":"Santi Ortiz","image":{"@type":"ImageObject","inLanguage":"es","@id":"https:\/\/vortice.rocks\/clientes\/tierraviva\/#\/schema\/person\/image\/","url":"https:\/\/secure.gravatar.com\/avatar\/78bab899e21d2840245c1646bfc64d01?s=96&d=mm&r=g","contentUrl":"https:\/\/secure.gravatar.com\/avatar\/78bab899e21d2840245c1646bfc64d01?s=96&d=mm&r=g","caption":"Santi Ortiz"},"sameAs":["https:\/\/vortice.rocks\/clientes\/tierraviva"],"url":"https:\/\/vortice.rocks\/clientes\/tierraviva\/author\/santi-ortiz\/"}]}},"_links":{"self":[{"href":"https:\/\/vortice.rocks\/clientes\/tierraviva\/wp-json\/wp\/v2\/posts\/1731"}],"collection":[{"href":"https:\/\/vortice.rocks\/clientes\/tierraviva\/wp-json\/wp\/v2\/posts"}],"about":[{"href":"https:\/\/vortice.rocks\/clientes\/tierraviva\/wp-json\/wp\/v2\/types\/post"}],"author":[{"embeddable":true,"href":"https:\/\/vortice.rocks\/clientes\/tierraviva\/wp-json\/wp\/v2\/users\/5"}],"replies":[{"embeddable":true,"href":"https:\/\/vortice.rocks\/clientes\/tierraviva\/wp-json\/wp\/v2\/comments?post=1731"}],"version-history":[{"count":1,"href":"https:\/\/vortice.rocks\/clientes\/tierraviva\/wp-json\/wp\/v2\/posts\/1731\/revisions"}],"predecessor-version":[{"id":1733,"href":"https:\/\/vortice.rocks\/clientes\/tierraviva\/wp-json\/wp\/v2\/posts\/1731\/revisions\/1733"}],"wp:featuredmedia":[{"embeddable":true,"href":"https:\/\/vortice.rocks\/clientes\/tierraviva\/wp-json\/wp\/v2\/media\/1732"}],"wp:attachment":[{"href":"https:\/\/vortice.rocks\/clientes\/tierraviva\/wp-json\/wp\/v2\/media?parent=1731"}],"wp:term":[{"taxonomy":"category","embeddable":true,"href":"https:\/\/vortice.rocks\/clientes\/tierraviva\/wp-json\/wp\/v2\/categories?post=1731"},{"taxonomy":"post_tag","embeddable":true,"href":"https:\/\/vortice.rocks\/clientes\/tierraviva\/wp-json\/wp\/v2\/tags?post=1731"}],"curies":[{"name":"wp","href":"https:\/\/api.w.org\/{rel}","templated":true}]}}