{"id":1777,"date":"2019-11-06T09:35:24","date_gmt":"2019-11-06T13:35:24","guid":{"rendered":"https:\/\/vortice.rocks\/clientes\/tierraviva\/?p=1777"},"modified":"2019-11-06T09:35:24","modified_gmt":"2019-11-06T13:35:24","slug":"aplazan-otra-vez-tratamiento-de-ley-de-expropiacion-para-camino-de-yakye-axa","status":"publish","type":"post","link":"https:\/\/vortice.rocks\/clientes\/tierraviva\/aplazan-otra-vez-tratamiento-de-ley-de-expropiacion-para-camino-de-yakye-axa\/","title":{"rendered":"Aplazan otra vez tratamiento de Ley de Expropiaci\u00f3n para camino de Yakye Axa"},"content":{"rendered":"<p>Una vez m\u00e1s en la C\u00e1mara de Senadores qued\u00f3 aplazado por 8 d\u00edas el proyecto de Ley de expropiaci\u00f3n para la apertura del camino que permita el ingreso de la Comunidad ind\u00edgena Yakye Axa, del Pueblo Enxet. El citado proyecto que declara de inter\u00e9s p\u00fablico y expropia a favor del Ministerio de Obras P\u00fablicas y Comunicaciones MOPC una superficie que ser\u00e1 destinado al camino p\u00fablico.<\/p>\n<p>La Senadora Hermelinda Alvarenga, Presidenta de Comisi\u00f3n de Pueblos Ind\u00edgenas y una de las proyectistas explic\u00f3 hoy que el motivo de postergaci\u00f3n del estudio obedece a que a\u00fan falta un informe del MOPC para dictaminar al respecto. \u201cNosotros queremos que se trate y se apruebe lo antes posible porque de esa manera se cumplir\u00e1 con la Sentencia de la Corte Interamericana de Derechos Humanos\u201d, dijo.<\/p>\n<p>Por su parte Venancio Flores, referente hist\u00f3rico de la Comunidad Yakye Axa indic\u00f3 que la comunidad aguarda con esperanza la construcci\u00f3n del camino que posibilitar\u00e1 a los ind\u00edgenas re-ocupar sus tierras.<br \/>\nEn el a\u00f1o 2005 la Corte Interamericana de Derechos Humanos CIDH emiti\u00f3 una sentencia por la cual ordena al Estado Paraguayo la restituci\u00f3n de su territorio a la comunidad Yakye Axa pero reci\u00e9n en el 2012 el Estado adquiri\u00f3 las tierras a ser transferidas a la comunidad, sin embargo los ind\u00edgenas no pueden ingresar a sus tierras por falta de camino.<\/p>\n<p>Albino G\u00f3mez, l\u00edder de Yakye Axa se\u00f1al\u00f3 que \u201cesperamos confiados en que nuestros representantes en el congreso defiendan la causa ind\u00edgena\u201d.<\/p>\n","protected":false},"excerpt":{"rendered":"<p>Una vez m\u00e1s en la C\u00e1mara de Senadores qued\u00f3 aplazado por 8 d\u00edas el proyecto de Ley de expropiaci\u00f3n para la apertura del camino que permita el ingreso de la Comunidad ind\u00edgena Yakye Axa, del Pueblo Enxet. El citado proyecto que declara de inter\u00e9s p\u00fablico y expropia a favor del Ministerio de Obras P\u00fablicas y<a class=\"more-link\" href=\"https:\/\/vortice.rocks\/clientes\/tierraviva\/aplazan-otra-vez-tratamiento-de-ley-de-expropiacion-para-camino-de-yakye-axa\/\">Seguir leyendo <span class=\"screen-reader-text\">&#8220;Aplazan otra vez tratamiento de Ley de Expropiaci\u00f3n para camino de Yakye Axa&#8221;<\/span><\/a><\/p>\n","protected":false},"author":5,"featured_media":1779,"comment_status":"open","ping_status":"open","sticky":false,"template":"","format":"standard","meta":{"_exactmetrics_skip_tracking":false,"_exactmetrics_sitenote_active":false,"_exactmetrics_sitenote_note":"","_exactmetrics_sitenote_category":0,"footnotes":""},"categories":[3],"tags":[],"yoast_head":"<!-- This site is optimized with the Yoast SEO plugin v21.7 - https:\/\/yoast.com\/wordpress\/plugins\/seo\/ -->\n<title>Aplazan otra vez tratamiento de Ley de Expropiaci\u00f3n para camino de Yakye Axa - Tierraviva<\/title>\n<meta name=\"robots\" content=\"index, follow, max-snippet:-1, max-image-preview:large, max-video-preview:-1\" \/>\n<link rel=\"canonical\" href=\"https:\/\/vortice.rocks\/clientes\/tierraviva\/aplazan-otra-vez-tratamiento-de-ley-de-expropiacion-para-camino-de-yakye-axa\/\" \/>\n<meta property=\"og:locale\" content=\"es_ES\" \/>\n<meta property=\"og:type\" content=\"article\" \/>\n<meta property=\"og:title\" content=\"Aplazan otra vez tratamiento de Ley de Expropiaci\u00f3n para camino de Yakye Axa - Tierraviva\" \/>\n<meta property=\"og:description\" content=\"Una vez m\u00e1s en la C\u00e1mara de Senadores qued\u00f3 aplazado por 8 d\u00edas el proyecto de Ley de expropiaci\u00f3n para la apertura del camino que permita el ingreso de la Comunidad ind\u00edgena Yakye Axa, del Pueblo Enxet. El citado proyecto que declara de inter\u00e9s p\u00fablico y expropia a favor del Ministerio de Obras P\u00fablicas ySeguir leyendo &quot;Aplazan otra vez tratamiento de Ley de Expropiaci\u00f3n para camino de Yakye Axa&quot;\" \/>\n<meta property=\"og:url\" content=\"https:\/\/vortice.rocks\/clientes\/tierraviva\/aplazan-otra-vez-tratamiento-de-ley-de-expropiacion-para-camino-de-yakye-axa\/\" \/>\n<meta property=\"og:site_name\" content=\"Tierraviva\" \/>\n<meta property=\"article:publisher\" content=\"https:\/\/www.facebook.com\/Tierraviva-a-los-pueblos-indigenas-del-Chaco-217328148281564\/\" \/>\n<meta property=\"article:published_time\" content=\"2019-11-06T13:35:24+00:00\" \/>\n<meta property=\"og:image\" content=\"https:\/\/vortice.rocks\/clientes\/tierraviva\/wp-content\/uploads\/2019\/11\/IMG-20191106-WA0074.jpg\" \/>\n\t<meta property=\"og:image:width\" content=\"1280\" \/>\n\t<meta property=\"og:image:height\" content=\"960\" \/>\n\t<meta property=\"og:image:type\" content=\"image\/jpeg\" \/>\n<meta name=\"author\" content=\"Santi Ortiz\" \/>\n<meta name=\"twitter:label1\" content=\"Escrito por\" \/>\n\t<meta name=\"twitter:data1\" content=\"Santi Ortiz\" \/>\n\t<meta name=\"twitter:label2\" content=\"Tiempo de lectura\" \/>\n\t<meta name=\"twitter:data2\" content=\"1 minuto\" \/>\n<script type=\"application\/ld+json\" class=\"yoast-schema-graph\">{\"@context\":\"https:\/\/schema.org\",\"@graph\":[{\"@type\":\"WebPage\",\"@id\":\"https:\/\/vortice.rocks\/clientes\/tierraviva\/aplazan-otra-vez-tratamiento-de-ley-de-expropiacion-para-camino-de-yakye-axa\/\",\"url\":\"https:\/\/vortice.rocks\/clientes\/tierraviva\/aplazan-otra-vez-tratamiento-de-ley-de-expropiacion-para-camino-de-yakye-axa\/\",\"name\":\"Aplazan otra vez tratamiento de Ley de Expropiaci\u00f3n para camino de Yakye Axa - Tierraviva\",\"isPartOf\":{\"@id\":\"https:\/\/vortice.rocks\/clientes\/tierraviva\/#website\"},\"datePublished\":\"2019-11-06T13:35:24+00:00\",\"dateModified\":\"2019-11-06T13:35:24+00:00\",\"author\":{\"@id\":\"https:\/\/vortice.rocks\/clientes\/tierraviva\/#\/schema\/person\/0652c5aad419c86cff8f8129d355edd0\"},\"breadcrumb\":{\"@id\":\"https:\/\/vortice.rocks\/clientes\/tierraviva\/aplazan-otra-vez-tratamiento-de-ley-de-expropiacion-para-camino-de-yakye-axa\/#breadcrumb\"},\"inLanguage\":\"es\",\"potentialAction\":[{\"@type\":\"ReadAction\",\"target\":[\"https:\/\/vortice.rocks\/clientes\/tierraviva\/aplazan-otra-vez-tratamiento-de-ley-de-expropiacion-para-camino-de-yakye-axa\/\"]}]},{\"@type\":\"BreadcrumbList\",\"@id\":\"https:\/\/vortice.rocks\/clientes\/tierraviva\/aplazan-otra-vez-tratamiento-de-ley-de-expropiacion-para-camino-de-yakye-axa\/#breadcrumb\",\"itemListElement\":[{\"@type\":\"ListItem\",\"position\":1,\"name\":\"Portada\",\"item\":\"https:\/\/vortice.rocks\/clientes\/tierraviva\/\"},{\"@type\":\"ListItem\",\"position\":2,\"name\":\"Aplazan otra vez tratamiento de Ley de Expropiaci\u00f3n para camino de Yakye Axa\"}]},{\"@type\":\"WebSite\",\"@id\":\"https:\/\/vortice.rocks\/clientes\/tierraviva\/#website\",\"url\":\"https:\/\/vortice.rocks\/clientes\/tierraviva\/\",\"name\":\"Tierraviva\",\"description\":\"\",\"potentialAction\":[{\"@type\":\"SearchAction\",\"target\":{\"@type\":\"EntryPoint\",\"urlTemplate\":\"https:\/\/vortice.rocks\/clientes\/tierraviva\/?s={search_term_string}\"},\"query-input\":\"required name=search_term_string\"}],\"inLanguage\":\"es\"},{\"@type\":\"Person\",\"@id\":\"https:\/\/vortice.rocks\/clientes\/tierraviva\/#\/schema\/person\/0652c5aad419c86cff8f8129d355edd0\",\"name\":\"Santi Ortiz\",\"image\":{\"@type\":\"ImageObject\",\"inLanguage\":\"es\",\"@id\":\"https:\/\/vortice.rocks\/clientes\/tierraviva\/#\/schema\/person\/image\/\",\"url\":\"https:\/\/secure.gravatar.com\/avatar\/78bab899e21d2840245c1646bfc64d01?s=96&d=mm&r=g\",\"contentUrl\":\"https:\/\/secure.gravatar.com\/avatar\/78bab899e21d2840245c1646bfc64d01?s=96&d=mm&r=g\",\"caption\":\"Santi Ortiz\"},\"sameAs\":[\"https:\/\/vortice.rocks\/clientes\/tierraviva\"],\"url\":\"https:\/\/vortice.rocks\/clientes\/tierraviva\/author\/santi-ortiz\/\"}]}<\/script>\n<!-- \/ Yoast SEO plugin. -->","yoast_head_json":{"title":"Aplazan otra vez tratamiento de Ley de Expropiaci\u00f3n para camino de Yakye Axa - Tierraviva","robots":{"index":"index","follow":"follow","max-snippet":"max-snippet:-1","max-image-preview":"max-image-preview:large","max-video-preview":"max-video-preview:-1"},"canonical":"https:\/\/vortice.rocks\/clientes\/tierraviva\/aplazan-otra-vez-tratamiento-de-ley-de-expropiacion-para-camino-de-yakye-axa\/","og_locale":"es_ES","og_type":"article","og_title":"Aplazan otra vez tratamiento de Ley de Expropiaci\u00f3n para camino de Yakye Axa - Tierraviva","og_description":"Una vez m\u00e1s en la C\u00e1mara de Senadores qued\u00f3 aplazado por 8 d\u00edas el proyecto de Ley de expropiaci\u00f3n para la apertura del camino que permita el ingreso de la Comunidad ind\u00edgena Yakye Axa, del Pueblo Enxet. El citado proyecto que declara de inter\u00e9s p\u00fablico y expropia a favor del Ministerio de Obras P\u00fablicas ySeguir leyendo \"Aplazan otra vez tratamiento de Ley de Expropiaci\u00f3n para camino de Yakye Axa\"","og_url":"https:\/\/vortice.rocks\/clientes\/tierraviva\/aplazan-otra-vez-tratamiento-de-ley-de-expropiacion-para-camino-de-yakye-axa\/","og_site_name":"Tierraviva","article_publisher":"https:\/\/www.facebook.com\/Tierraviva-a-los-pueblos-indigenas-del-Chaco-217328148281564\/","article_published_time":"2019-11-06T13:35:24+00:00","og_image":[{"width":1280,"height":960,"url":"https:\/\/vortice.rocks\/clientes\/tierraviva\/wp-content\/uploads\/2019\/11\/IMG-20191106-WA0074.jpg","type":"image\/jpeg"}],"author":"Santi Ortiz","twitter_misc":{"Escrito por":"Santi Ortiz","Tiempo de lectura":"1 minuto"},"schema":{"@context":"https:\/\/schema.org","@graph":[{"@type":"WebPage","@id":"https:\/\/vortice.rocks\/clientes\/tierraviva\/aplazan-otra-vez-tratamiento-de-ley-de-expropiacion-para-camino-de-yakye-axa\/","url":"https:\/\/vortice.rocks\/clientes\/tierraviva\/aplazan-otra-vez-tratamiento-de-ley-de-expropiacion-para-camino-de-yakye-axa\/","name":"Aplazan otra vez tratamiento de Ley de Expropiaci\u00f3n para camino de Yakye Axa - Tierraviva","isPartOf":{"@id":"https:\/\/vortice.rocks\/clientes\/tierraviva\/#website"},"datePublished":"2019-11-06T13:35:24+00:00","dateModified":"2019-11-06T13:35:24+00:00","author":{"@id":"https:\/\/vortice.rocks\/clientes\/tierraviva\/#\/schema\/person\/0652c5aad419c86cff8f8129d355edd0"},"breadcrumb":{"@id":"https:\/\/vortice.rocks\/clientes\/tierraviva\/aplazan-otra-vez-tratamiento-de-ley-de-expropiacion-para-camino-de-yakye-axa\/#breadcrumb"},"inLanguage":"es","potentialAction":[{"@type":"ReadAction","target":["https:\/\/vortice.rocks\/clientes\/tierraviva\/aplazan-otra-vez-tratamiento-de-ley-de-expropiacion-para-camino-de-yakye-axa\/"]}]},{"@type":"BreadcrumbList","@id":"https:\/\/vortice.rocks\/clientes\/tierraviva\/aplazan-otra-vez-tratamiento-de-ley-de-expropiacion-para-camino-de-yakye-axa\/#breadcrumb","itemListElement":[{"@type":"ListItem","position":1,"name":"Portada","item":"https:\/\/vortice.rocks\/clientes\/tierraviva\/"},{"@type":"ListItem","position":2,"name":"Aplazan otra vez tratamiento de Ley de Expropiaci\u00f3n para camino de Yakye Axa"}]},{"@type":"WebSite","@id":"https:\/\/vortice.rocks\/clientes\/tierraviva\/#website","url":"https:\/\/vortice.rocks\/clientes\/tierraviva\/","name":"Tierraviva","description":"","potentialAction":[{"@type":"SearchAction","target":{"@type":"EntryPoint","urlTemplate":"https:\/\/vortice.rocks\/clientes\/tierraviva\/?s={search_term_string}"},"query-input":"required name=search_term_string"}],"inLanguage":"es"},{"@type":"Person","@id":"https:\/\/vortice.rocks\/clientes\/tierraviva\/#\/schema\/person\/0652c5aad419c86cff8f8129d355edd0","name":"Santi Ortiz","image":{"@type":"ImageObject","inLanguage":"es","@id":"https:\/\/vortice.rocks\/clientes\/tierraviva\/#\/schema\/person\/image\/","url":"https:\/\/secure.gravatar.com\/avatar\/78bab899e21d2840245c1646bfc64d01?s=96&d=mm&r=g","contentUrl":"https:\/\/secure.gravatar.com\/avatar\/78bab899e21d2840245c1646bfc64d01?s=96&d=mm&r=g","caption":"Santi Ortiz"},"sameAs":["https:\/\/vortice.rocks\/clientes\/tierraviva"],"url":"https:\/\/vortice.rocks\/clientes\/tierraviva\/author\/santi-ortiz\/"}]}},"_links":{"self":[{"href":"https:\/\/vortice.rocks\/clientes\/tierraviva\/wp-json\/wp\/v2\/posts\/1777"}],"collection":[{"href":"https:\/\/vortice.rocks\/clientes\/tierraviva\/wp-json\/wp\/v2\/posts"}],"about":[{"href":"https:\/\/vortice.rocks\/clientes\/tierraviva\/wp-json\/wp\/v2\/types\/post"}],"author":[{"embeddable":true,"href":"https:\/\/vortice.rocks\/clientes\/tierraviva\/wp-json\/wp\/v2\/users\/5"}],"replies":[{"embeddable":true,"href":"https:\/\/vortice.rocks\/clientes\/tierraviva\/wp-json\/wp\/v2\/comments?post=1777"}],"version-history":[{"count":1,"href":"https:\/\/vortice.rocks\/clientes\/tierraviva\/wp-json\/wp\/v2\/posts\/1777\/revisions"}],"predecessor-version":[{"id":1780,"href":"https:\/\/vortice.rocks\/clientes\/tierraviva\/wp-json\/wp\/v2\/posts\/1777\/revisions\/1780"}],"wp:featuredmedia":[{"embeddable":true,"href":"https:\/\/vortice.rocks\/clientes\/tierraviva\/wp-json\/wp\/v2\/media\/1779"}],"wp:attachment":[{"href":"https:\/\/vortice.rocks\/clientes\/tierraviva\/wp-json\/wp\/v2\/media?parent=1777"}],"wp:term":[{"taxonomy":"category","embeddable":true,"href":"https:\/\/vortice.rocks\/clientes\/tierraviva\/wp-json\/wp\/v2\/categories?post=1777"},{"taxonomy":"post_tag","embeddable":true,"href":"https:\/\/vortice.rocks\/clientes\/tierraviva\/wp-json\/wp\/v2\/tags?post=1777"}],"curies":[{"name":"wp","href":"https:\/\/api.w.org\/{rel}","templated":true}]}}