{"id":1833,"date":"2019-12-04T12:23:28","date_gmt":"2019-12-04T16:23:28","guid":{"rendered":"https:\/\/vortice.rocks\/clientes\/tierraviva\/?p=1833"},"modified":"2019-12-04T12:23:28","modified_gmt":"2019-12-04T16:23:28","slug":"lideres-yshir-piden-al-indi-atender-sus-reclamos-territoriales","status":"publish","type":"post","link":"https:\/\/vortice.rocks\/clientes\/tierraviva\/lideres-yshir-piden-al-indi-atender-sus-reclamos-territoriales\/","title":{"rendered":"L\u00edderes Yshir piden al INDI atender sus reclamos territoriales"},"content":{"rendered":"<p>Miembros de la Uni\u00f3n de Comunidades Ind\u00edgenas de la Naci\u00f3n\u00a0Yshir (UCINY) se reunieron ayer con el Abogado Edgar Olmedo, Presidente del\u00a0Instituto Paraguayo del Ind\u00edgena (INDI), durante la reuni\u00f3n los l\u00edderes Yshir solicitaron al ente el acompa\u00f1amiento efectivo a los reclamos territoriales que vienen realizando su organizaci\u00f3n; para esto se acord\u00f3 establecer un equipo de trabajo conjunto entre la UCINY, sus representantes legales y el INDI a fin de dar celeridad a los tr\u00e1mites necesarios para lograr la recuperaci\u00f3n del territorio ancestral reclamado y avanzar en los dem\u00e1s tramites abiertos en dicha instituci\u00f3n<\/p>\n<p>Pablo Barboza, miembro de la UCINY, expres\u00f3 que la reivindicaci\u00f3n territorial que viene impulsando la organizaci\u00f3n data de varios a\u00f1os atr\u00e1s, incluso antes del a\u00f1o 2000 varios l\u00edderes hab\u00edan iniciado el reclamo por la recuperaci\u00f3n de las tierras denominadas Puerto Pollo y Puerto Ramos, ubicadas en el Distrito de Bah\u00eda Negra, Departamento de Alto Paraguay, estas tierras forman parte del territorio ancestral de los yshiros, sin embargo estas tierras no se encuentran tituladas en favor de las comunidades y son reclamadas por ganaderos extranjeros que se establecieron en la zona. \u201cPor el acuerdo alcanzado ayer el INDI enviar\u00e1 una nota al titular\u00a0de Puerto Ramos pidiendo se remita una carta oferta al INDI, manifestando su postura sobre la compra venta de estas tierras, de acuerdo a la respuesta que reciba vamos a ver como encarar las acciones, hasta hoy esta en vigencia una mediada cautelar de no innovar, pero nosotros queremos recuperar esas tierras, por la v\u00eda de la compra o la expropiaci\u00f3n para hacer efectivo los derechos territoriales del pueblo Yshir\u201d manifest\u00f3 Barboza, recordando que este territorio ancestral est\u00e1 actualmente en manos de un ganadero de origen turco pero que desde el a\u00f1o 2016 existe una medida de no innovar, por lo que las tierras no pueden ser explotadas hasta tanto se resuelva el reclamo de los ind\u00edgenas.<\/p>\n<p>En el caso Puerto Pollo se trata de un territorio que linda con la comunidad de Puerto Diana, estas tierras deben ser entregadas a la comunidad, sin embargo la desidia estatal ha permitido que terratenientes de la zona busquen apoderarse de las mismas existiendo a la fecha una acci\u00f3n ante la justicia. Queremos tener un territorio unificado de la Naci\u00f3n Yshir, desde la comunidad de Puerto Diana hasta la comunidad de Puerto Esperanza, donde existe un camino de interconexi\u00f3n, sin embargo la no restituci\u00f3n de estas propiedades que estamos reclamando constituyen una interrupci\u00f3n de la interconexi\u00f3n que debe existir en el territorio\u201d indic\u00f3 el referente de la UCINY.<\/p>\n<p>Pablo Barboza se\u00f1al\u00f3 que la organizaci\u00f3n tambi\u00e9n present\u00f3 otros reclamos respecto a sus territorios, buscando el aseguramiento de sus tierras, \u201ccon esto queremos implementar proyectos que tiendan a un desarrollo integral del Pueblo Yshir, para garantizar el arraigo en el h\u00e1bitat tradicional, esa es la \u00fanica forma de luchar de forma efectiva contra la pobreza y la migraci\u00f3n ind\u00edgena a las ciudades\u201d. Por su parte el abogado Arnaldo Aldana, del Equipo de Casos y Litigios de Tierraviva, que acompa\u00f1\u00f3 la reuni\u00f3n, indic\u00f3 que se espera que el INDI tome acciones m\u00e1s decididas respecto al reclamo territorial de los Yshir, y que ejecuten las acciones comprometidas durante la reuni\u00f3n, como ser el comisionamiento de funcionarios a la zona a fin de poder relevar los informes t\u00e9cnicos necesarios para agilizar las diligencias que apunten a la recuperaci\u00f3n de estas tierras.<\/p>\n<p>El Pueblo Yshir est\u00e1 compuesto por cerca de 3.500 personas, que habitan en 7 comunidades ubicadas a orillas del R\u00edo Paraguay, en los Distritos de Bah\u00eda Negra y Fuerte Olimpo, Departamento de Alto Paraguay. En esos territorios desarrollan su vida y mantienen vivas sus costumbres, su lengua y su cultura. La Naci\u00f3n Yshir ten\u00eda un territorio ancestral de m\u00e1s de tres millones de hect\u00e1reas, hoy s\u00f3lo tienen acceso a unas 54.000 hect\u00e1reas, perdieron cerca del 97% de su territorio y los espacios que a\u00fan conservan son constantemente amenazados por el avance de la deforestaci\u00f3n y de estancieros extranjeros que utilizan diferentes medios para apropiarse de sus tierras.<\/p>\n","protected":false},"excerpt":{"rendered":"<p>Miembros de la Uni\u00f3n de Comunidades Ind\u00edgenas de la Naci\u00f3n\u00a0Yshir (UCINY) se reunieron ayer con el Abogado Edgar Olmedo, Presidente del\u00a0Instituto Paraguayo del Ind\u00edgena (INDI), durante la reuni\u00f3n los l\u00edderes Yshir solicitaron al ente el acompa\u00f1amiento efectivo a los reclamos territoriales que vienen realizando su organizaci\u00f3n; para esto se acord\u00f3 establecer un equipo de trabajo<a class=\"more-link\" href=\"https:\/\/vortice.rocks\/clientes\/tierraviva\/lideres-yshir-piden-al-indi-atender-sus-reclamos-territoriales\/\">Seguir leyendo <span class=\"screen-reader-text\">&#8220;L\u00edderes Yshir piden al INDI atender sus reclamos territoriales&#8221;<\/span><\/a><\/p>\n","protected":false},"author":5,"featured_media":1834,"comment_status":"open","ping_status":"open","sticky":false,"template":"","format":"standard","meta":{"_exactmetrics_skip_tracking":false,"_exactmetrics_sitenote_active":false,"_exactmetrics_sitenote_note":"","_exactmetrics_sitenote_category":0,"footnotes":""},"categories":[3],"tags":[],"yoast_head":"<!-- This site is optimized with the Yoast SEO plugin v21.7 - https:\/\/yoast.com\/wordpress\/plugins\/seo\/ -->\n<title>L\u00edderes Yshir piden al INDI atender sus reclamos territoriales - Tierraviva<\/title>\n<meta name=\"robots\" content=\"index, follow, max-snippet:-1, max-image-preview:large, max-video-preview:-1\" \/>\n<link rel=\"canonical\" href=\"https:\/\/vortice.rocks\/clientes\/tierraviva\/lideres-yshir-piden-al-indi-atender-sus-reclamos-territoriales\/\" \/>\n<meta property=\"og:locale\" content=\"es_ES\" \/>\n<meta property=\"og:type\" content=\"article\" \/>\n<meta property=\"og:title\" content=\"L\u00edderes Yshir piden al INDI atender sus reclamos territoriales - Tierraviva\" \/>\n<meta property=\"og:description\" content=\"Miembros de la Uni\u00f3n de Comunidades Ind\u00edgenas de la Naci\u00f3n\u00a0Yshir (UCINY) se reunieron ayer con el Abogado Edgar Olmedo, Presidente del\u00a0Instituto Paraguayo del Ind\u00edgena (INDI), durante la reuni\u00f3n los l\u00edderes Yshir solicitaron al ente el acompa\u00f1amiento efectivo a los reclamos territoriales que vienen realizando su organizaci\u00f3n; para esto se acord\u00f3 establecer un equipo de trabajoSeguir leyendo &quot;L\u00edderes Yshir piden al INDI atender sus reclamos territoriales&quot;\" \/>\n<meta property=\"og:url\" content=\"https:\/\/vortice.rocks\/clientes\/tierraviva\/lideres-yshir-piden-al-indi-atender-sus-reclamos-territoriales\/\" \/>\n<meta property=\"og:site_name\" content=\"Tierraviva\" \/>\n<meta property=\"article:publisher\" content=\"https:\/\/www.facebook.com\/Tierraviva-a-los-pueblos-indigenas-del-Chaco-217328148281564\/\" \/>\n<meta property=\"article:published_time\" content=\"2019-12-04T16:23:28+00:00\" \/>\n<meta property=\"og:image\" content=\"https:\/\/vortice.rocks\/clientes\/tierraviva\/wp-content\/uploads\/2019\/12\/77340054_3062512330429784_6431456519211974656_o.jpg\" \/>\n\t<meta property=\"og:image:width\" content=\"960\" \/>\n\t<meta property=\"og:image:height\" content=\"720\" \/>\n\t<meta property=\"og:image:type\" content=\"image\/jpeg\" \/>\n<meta name=\"author\" content=\"Santi Ortiz\" \/>\n<meta name=\"twitter:label1\" content=\"Escrito por\" \/>\n\t<meta name=\"twitter:data1\" content=\"Santi Ortiz\" \/>\n\t<meta name=\"twitter:label2\" content=\"Tiempo de lectura\" \/>\n\t<meta name=\"twitter:data2\" content=\"4 minutos\" \/>\n<script type=\"application\/ld+json\" class=\"yoast-schema-graph\">{\"@context\":\"https:\/\/schema.org\",\"@graph\":[{\"@type\":\"WebPage\",\"@id\":\"https:\/\/vortice.rocks\/clientes\/tierraviva\/lideres-yshir-piden-al-indi-atender-sus-reclamos-territoriales\/\",\"url\":\"https:\/\/vortice.rocks\/clientes\/tierraviva\/lideres-yshir-piden-al-indi-atender-sus-reclamos-territoriales\/\",\"name\":\"L\u00edderes Yshir piden al INDI atender sus reclamos territoriales - Tierraviva\",\"isPartOf\":{\"@id\":\"https:\/\/vortice.rocks\/clientes\/tierraviva\/#website\"},\"datePublished\":\"2019-12-04T16:23:28+00:00\",\"dateModified\":\"2019-12-04T16:23:28+00:00\",\"author\":{\"@id\":\"https:\/\/vortice.rocks\/clientes\/tierraviva\/#\/schema\/person\/0652c5aad419c86cff8f8129d355edd0\"},\"breadcrumb\":{\"@id\":\"https:\/\/vortice.rocks\/clientes\/tierraviva\/lideres-yshir-piden-al-indi-atender-sus-reclamos-territoriales\/#breadcrumb\"},\"inLanguage\":\"es\",\"potentialAction\":[{\"@type\":\"ReadAction\",\"target\":[\"https:\/\/vortice.rocks\/clientes\/tierraviva\/lideres-yshir-piden-al-indi-atender-sus-reclamos-territoriales\/\"]}]},{\"@type\":\"BreadcrumbList\",\"@id\":\"https:\/\/vortice.rocks\/clientes\/tierraviva\/lideres-yshir-piden-al-indi-atender-sus-reclamos-territoriales\/#breadcrumb\",\"itemListElement\":[{\"@type\":\"ListItem\",\"position\":1,\"name\":\"Portada\",\"item\":\"https:\/\/vortice.rocks\/clientes\/tierraviva\/\"},{\"@type\":\"ListItem\",\"position\":2,\"name\":\"L\u00edderes Yshir piden al INDI atender sus reclamos territoriales\"}]},{\"@type\":\"WebSite\",\"@id\":\"https:\/\/vortice.rocks\/clientes\/tierraviva\/#website\",\"url\":\"https:\/\/vortice.rocks\/clientes\/tierraviva\/\",\"name\":\"Tierraviva\",\"description\":\"\",\"potentialAction\":[{\"@type\":\"SearchAction\",\"target\":{\"@type\":\"EntryPoint\",\"urlTemplate\":\"https:\/\/vortice.rocks\/clientes\/tierraviva\/?s={search_term_string}\"},\"query-input\":\"required name=search_term_string\"}],\"inLanguage\":\"es\"},{\"@type\":\"Person\",\"@id\":\"https:\/\/vortice.rocks\/clientes\/tierraviva\/#\/schema\/person\/0652c5aad419c86cff8f8129d355edd0\",\"name\":\"Santi Ortiz\",\"image\":{\"@type\":\"ImageObject\",\"inLanguage\":\"es\",\"@id\":\"https:\/\/vortice.rocks\/clientes\/tierraviva\/#\/schema\/person\/image\/\",\"url\":\"https:\/\/secure.gravatar.com\/avatar\/78bab899e21d2840245c1646bfc64d01?s=96&d=mm&r=g\",\"contentUrl\":\"https:\/\/secure.gravatar.com\/avatar\/78bab899e21d2840245c1646bfc64d01?s=96&d=mm&r=g\",\"caption\":\"Santi Ortiz\"},\"sameAs\":[\"https:\/\/vortice.rocks\/clientes\/tierraviva\"],\"url\":\"https:\/\/vortice.rocks\/clientes\/tierraviva\/author\/santi-ortiz\/\"}]}<\/script>\n<!-- \/ Yoast SEO plugin. -->","yoast_head_json":{"title":"L\u00edderes Yshir piden al INDI atender sus reclamos territoriales - Tierraviva","robots":{"index":"index","follow":"follow","max-snippet":"max-snippet:-1","max-image-preview":"max-image-preview:large","max-video-preview":"max-video-preview:-1"},"canonical":"https:\/\/vortice.rocks\/clientes\/tierraviva\/lideres-yshir-piden-al-indi-atender-sus-reclamos-territoriales\/","og_locale":"es_ES","og_type":"article","og_title":"L\u00edderes Yshir piden al INDI atender sus reclamos territoriales - Tierraviva","og_description":"Miembros de la Uni\u00f3n de Comunidades Ind\u00edgenas de la Naci\u00f3n\u00a0Yshir (UCINY) se reunieron ayer con el Abogado Edgar Olmedo, Presidente del\u00a0Instituto Paraguayo del Ind\u00edgena (INDI), durante la reuni\u00f3n los l\u00edderes Yshir solicitaron al ente el acompa\u00f1amiento efectivo a los reclamos territoriales que vienen realizando su organizaci\u00f3n; para esto se acord\u00f3 establecer un equipo de trabajoSeguir leyendo \"L\u00edderes Yshir piden al INDI atender sus reclamos territoriales\"","og_url":"https:\/\/vortice.rocks\/clientes\/tierraviva\/lideres-yshir-piden-al-indi-atender-sus-reclamos-territoriales\/","og_site_name":"Tierraviva","article_publisher":"https:\/\/www.facebook.com\/Tierraviva-a-los-pueblos-indigenas-del-Chaco-217328148281564\/","article_published_time":"2019-12-04T16:23:28+00:00","og_image":[{"width":960,"height":720,"url":"https:\/\/vortice.rocks\/clientes\/tierraviva\/wp-content\/uploads\/2019\/12\/77340054_3062512330429784_6431456519211974656_o.jpg","type":"image\/jpeg"}],"author":"Santi Ortiz","twitter_misc":{"Escrito por":"Santi Ortiz","Tiempo de lectura":"4 minutos"},"schema":{"@context":"https:\/\/schema.org","@graph":[{"@type":"WebPage","@id":"https:\/\/vortice.rocks\/clientes\/tierraviva\/lideres-yshir-piden-al-indi-atender-sus-reclamos-territoriales\/","url":"https:\/\/vortice.rocks\/clientes\/tierraviva\/lideres-yshir-piden-al-indi-atender-sus-reclamos-territoriales\/","name":"L\u00edderes Yshir piden al INDI atender sus reclamos territoriales - Tierraviva","isPartOf":{"@id":"https:\/\/vortice.rocks\/clientes\/tierraviva\/#website"},"datePublished":"2019-12-04T16:23:28+00:00","dateModified":"2019-12-04T16:23:28+00:00","author":{"@id":"https:\/\/vortice.rocks\/clientes\/tierraviva\/#\/schema\/person\/0652c5aad419c86cff8f8129d355edd0"},"breadcrumb":{"@id":"https:\/\/vortice.rocks\/clientes\/tierraviva\/lideres-yshir-piden-al-indi-atender-sus-reclamos-territoriales\/#breadcrumb"},"inLanguage":"es","potentialAction":[{"@type":"ReadAction","target":["https:\/\/vortice.rocks\/clientes\/tierraviva\/lideres-yshir-piden-al-indi-atender-sus-reclamos-territoriales\/"]}]},{"@type":"BreadcrumbList","@id":"https:\/\/vortice.rocks\/clientes\/tierraviva\/lideres-yshir-piden-al-indi-atender-sus-reclamos-territoriales\/#breadcrumb","itemListElement":[{"@type":"ListItem","position":1,"name":"Portada","item":"https:\/\/vortice.rocks\/clientes\/tierraviva\/"},{"@type":"ListItem","position":2,"name":"L\u00edderes Yshir piden al INDI atender sus reclamos territoriales"}]},{"@type":"WebSite","@id":"https:\/\/vortice.rocks\/clientes\/tierraviva\/#website","url":"https:\/\/vortice.rocks\/clientes\/tierraviva\/","name":"Tierraviva","description":"","potentialAction":[{"@type":"SearchAction","target":{"@type":"EntryPoint","urlTemplate":"https:\/\/vortice.rocks\/clientes\/tierraviva\/?s={search_term_string}"},"query-input":"required name=search_term_string"}],"inLanguage":"es"},{"@type":"Person","@id":"https:\/\/vortice.rocks\/clientes\/tierraviva\/#\/schema\/person\/0652c5aad419c86cff8f8129d355edd0","name":"Santi Ortiz","image":{"@type":"ImageObject","inLanguage":"es","@id":"https:\/\/vortice.rocks\/clientes\/tierraviva\/#\/schema\/person\/image\/","url":"https:\/\/secure.gravatar.com\/avatar\/78bab899e21d2840245c1646bfc64d01?s=96&d=mm&r=g","contentUrl":"https:\/\/secure.gravatar.com\/avatar\/78bab899e21d2840245c1646bfc64d01?s=96&d=mm&r=g","caption":"Santi Ortiz"},"sameAs":["https:\/\/vortice.rocks\/clientes\/tierraviva"],"url":"https:\/\/vortice.rocks\/clientes\/tierraviva\/author\/santi-ortiz\/"}]}},"_links":{"self":[{"href":"https:\/\/vortice.rocks\/clientes\/tierraviva\/wp-json\/wp\/v2\/posts\/1833"}],"collection":[{"href":"https:\/\/vortice.rocks\/clientes\/tierraviva\/wp-json\/wp\/v2\/posts"}],"about":[{"href":"https:\/\/vortice.rocks\/clientes\/tierraviva\/wp-json\/wp\/v2\/types\/post"}],"author":[{"embeddable":true,"href":"https:\/\/vortice.rocks\/clientes\/tierraviva\/wp-json\/wp\/v2\/users\/5"}],"replies":[{"embeddable":true,"href":"https:\/\/vortice.rocks\/clientes\/tierraviva\/wp-json\/wp\/v2\/comments?post=1833"}],"version-history":[{"count":1,"href":"https:\/\/vortice.rocks\/clientes\/tierraviva\/wp-json\/wp\/v2\/posts\/1833\/revisions"}],"predecessor-version":[{"id":1835,"href":"https:\/\/vortice.rocks\/clientes\/tierraviva\/wp-json\/wp\/v2\/posts\/1833\/revisions\/1835"}],"wp:featuredmedia":[{"embeddable":true,"href":"https:\/\/vortice.rocks\/clientes\/tierraviva\/wp-json\/wp\/v2\/media\/1834"}],"wp:attachment":[{"href":"https:\/\/vortice.rocks\/clientes\/tierraviva\/wp-json\/wp\/v2\/media?parent=1833"}],"wp:term":[{"taxonomy":"category","embeddable":true,"href":"https:\/\/vortice.rocks\/clientes\/tierraviva\/wp-json\/wp\/v2\/categories?post=1833"},{"taxonomy":"post_tag","embeddable":true,"href":"https:\/\/vortice.rocks\/clientes\/tierraviva\/wp-json\/wp\/v2\/tags?post=1833"}],"curies":[{"name":"wp","href":"https:\/\/api.w.org\/{rel}","templated":true}]}}