{"id":1836,"date":"2019-12-06T12:24:57","date_gmt":"2019-12-06T16:24:57","guid":{"rendered":"https:\/\/vortice.rocks\/clientes\/tierraviva\/?p=1836"},"modified":"2019-12-06T12:24:57","modified_gmt":"2019-12-06T16:24:57","slug":"uciny-informo-a-senadores-sobre-sus-reclamos-territoriales","status":"publish","type":"post","link":"https:\/\/vortice.rocks\/clientes\/tierraviva\/uciny-informo-a-senadores-sobre-sus-reclamos-territoriales\/","title":{"rendered":"UCINY inform\u00f3 a senadores sobre sus reclamos territoriales"},"content":{"rendered":"<p>En la jornada de este jueves 5 de diciembre la comitiva de la Uni\u00f3n de Comunidades Ind\u00edgenas de la Naci\u00f3n Yshir lleg\u00f3 hasta el Parlamento Nacional a fin de informar a los integrantes de la Comisi\u00f3n de Pueblos Ind\u00edgenas del Senado respecto a sus reclamos territoriales. Los l\u00edderes ind\u00edgenas dialogaron con la titular de la Comisi\u00f3n, Senadora Hermelinda Alvarenga, con qui\u00e9n llegaron a un acuerdo para un trabajo conjunto en pos de lograr la recuperaci\u00f3n de sus territorios ancestrales que hoy se encuentran en manos de ganaderos extranjeros.<\/p>\n<p>C\u00e9sar Ozuna, Presidente de la UCINY, mencion\u00f3 que trabajar\u00e1n en conjunto con la Comisi\u00f3n de Pueblos Ind\u00edgenas del Senado y con el Instituto Paraguayo del Ind\u00edgena para recuperar sus tierras. Indic\u00f3 que el territorio Yshir esta siendo ocupado irregularmente por estancieros extranjeros, como el caso de Puerto Ramos, lugar hist\u00f3rico para el pueblo Yshir, ya que &#8220;los abuelos Yshir ocupaban ese lugar y lucharon por esas tierras, lucharon incluso en la guerra del Chaco para poder permanecer all\u00ed&#8221; mencion\u00f3 Ozuna. Seg\u00fan denunci\u00f3 actualmente Puerto Ramos se encuentra en manos de un estanciero de nacionalidad turca, por lo que reclaman la restituci\u00f3n del territorio.<\/p>\n<p>Los l\u00edderes Yshir tambi\u00e9n denunciaron ante la la Comisi\u00f3n de Pueblos Ind\u00edgenas que el Ministerio del Ambiente y Desarrollo Sostenible (MADES) y el Instituto Forestal Nacional (INFONA) otorgaron licencias irregulares a un estanciero brasilero para deforestar una Comunidad denominada Puerto Pollo, tambi\u00e9n parte del territorio ancestral Yshir. &#8220;Ellos deben respetar a los ind\u00edgenas, ellos dieron licencia a un brasileros para echar el bosques y nosotros rechazamos eso, estamos luchando para obtener el t\u00edtulo de Puerto Pollo y que la comunidad pueda vivir tranquila all\u00ed&#8221; mencion\u00f3 Cesar Ozuna.<\/p>\n<p>La comitiva de la UCINY viene manteniendo una serie de reuniones con autoridades para exigir el apoyo a sus reclamos de reivindicaci\u00f3n territorial.<\/p>\n","protected":false},"excerpt":{"rendered":"<p>En la jornada de este jueves 5 de diciembre la comitiva de la Uni\u00f3n de Comunidades Ind\u00edgenas de la Naci\u00f3n Yshir lleg\u00f3 hasta el Parlamento Nacional a fin de informar a los integrantes de la Comisi\u00f3n de Pueblos Ind\u00edgenas del Senado respecto a sus reclamos territoriales. Los l\u00edderes ind\u00edgenas dialogaron con la titular de la<a class=\"more-link\" href=\"https:\/\/vortice.rocks\/clientes\/tierraviva\/uciny-informo-a-senadores-sobre-sus-reclamos-territoriales\/\">Seguir leyendo <span class=\"screen-reader-text\">&#8220;UCINY inform\u00f3 a senadores sobre sus reclamos territoriales&#8221;<\/span><\/a><\/p>\n","protected":false},"author":5,"featured_media":1839,"comment_status":"open","ping_status":"open","sticky":false,"template":"","format":"standard","meta":{"_exactmetrics_skip_tracking":false,"_exactmetrics_sitenote_active":false,"_exactmetrics_sitenote_note":"","_exactmetrics_sitenote_category":0,"footnotes":""},"categories":[3],"tags":[43],"yoast_head":"<!-- This site is optimized with the Yoast SEO plugin v21.7 - https:\/\/yoast.com\/wordpress\/plugins\/seo\/ -->\n<title>UCINY inform\u00f3 a senadores sobre sus reclamos territoriales - Tierraviva<\/title>\n<meta name=\"robots\" content=\"index, follow, max-snippet:-1, max-image-preview:large, max-video-preview:-1\" \/>\n<link rel=\"canonical\" href=\"https:\/\/vortice.rocks\/clientes\/tierraviva\/uciny-informo-a-senadores-sobre-sus-reclamos-territoriales\/\" \/>\n<meta property=\"og:locale\" content=\"es_ES\" \/>\n<meta property=\"og:type\" content=\"article\" \/>\n<meta property=\"og:title\" content=\"UCINY inform\u00f3 a senadores sobre sus reclamos territoriales - Tierraviva\" \/>\n<meta property=\"og:description\" content=\"En la jornada de este jueves 5 de diciembre la comitiva de la Uni\u00f3n de Comunidades Ind\u00edgenas de la Naci\u00f3n Yshir lleg\u00f3 hasta el Parlamento Nacional a fin de informar a los integrantes de la Comisi\u00f3n de Pueblos Ind\u00edgenas del Senado respecto a sus reclamos territoriales. Los l\u00edderes ind\u00edgenas dialogaron con la titular de laSeguir leyendo &quot;UCINY inform\u00f3 a senadores sobre sus reclamos territoriales&quot;\" \/>\n<meta property=\"og:url\" content=\"https:\/\/vortice.rocks\/clientes\/tierraviva\/uciny-informo-a-senadores-sobre-sus-reclamos-territoriales\/\" \/>\n<meta property=\"og:site_name\" content=\"Tierraviva\" \/>\n<meta property=\"article:publisher\" content=\"https:\/\/www.facebook.com\/Tierraviva-a-los-pueblos-indigenas-del-Chaco-217328148281564\/\" \/>\n<meta property=\"article:published_time\" content=\"2019-12-06T16:24:57+00:00\" \/>\n<meta property=\"og:image\" content=\"https:\/\/vortice.rocks\/clientes\/tierraviva\/wp-content\/uploads\/2019\/12\/IMG-20191205-WA0093.jpg\" \/>\n\t<meta property=\"og:image:width\" content=\"1280\" \/>\n\t<meta property=\"og:image:height\" content=\"591\" \/>\n\t<meta property=\"og:image:type\" content=\"image\/jpeg\" \/>\n<meta name=\"author\" content=\"Santi Ortiz\" \/>\n<meta name=\"twitter:label1\" content=\"Escrito por\" \/>\n\t<meta name=\"twitter:data1\" content=\"Santi Ortiz\" \/>\n\t<meta name=\"twitter:label2\" content=\"Tiempo de lectura\" \/>\n\t<meta name=\"twitter:data2\" content=\"2 minutos\" \/>\n<script type=\"application\/ld+json\" class=\"yoast-schema-graph\">{\"@context\":\"https:\/\/schema.org\",\"@graph\":[{\"@type\":\"WebPage\",\"@id\":\"https:\/\/vortice.rocks\/clientes\/tierraviva\/uciny-informo-a-senadores-sobre-sus-reclamos-territoriales\/\",\"url\":\"https:\/\/vortice.rocks\/clientes\/tierraviva\/uciny-informo-a-senadores-sobre-sus-reclamos-territoriales\/\",\"name\":\"UCINY inform\u00f3 a senadores sobre sus reclamos territoriales - Tierraviva\",\"isPartOf\":{\"@id\":\"https:\/\/vortice.rocks\/clientes\/tierraviva\/#website\"},\"datePublished\":\"2019-12-06T16:24:57+00:00\",\"dateModified\":\"2019-12-06T16:24:57+00:00\",\"author\":{\"@id\":\"https:\/\/vortice.rocks\/clientes\/tierraviva\/#\/schema\/person\/0652c5aad419c86cff8f8129d355edd0\"},\"breadcrumb\":{\"@id\":\"https:\/\/vortice.rocks\/clientes\/tierraviva\/uciny-informo-a-senadores-sobre-sus-reclamos-territoriales\/#breadcrumb\"},\"inLanguage\":\"es\",\"potentialAction\":[{\"@type\":\"ReadAction\",\"target\":[\"https:\/\/vortice.rocks\/clientes\/tierraviva\/uciny-informo-a-senadores-sobre-sus-reclamos-territoriales\/\"]}]},{\"@type\":\"BreadcrumbList\",\"@id\":\"https:\/\/vortice.rocks\/clientes\/tierraviva\/uciny-informo-a-senadores-sobre-sus-reclamos-territoriales\/#breadcrumb\",\"itemListElement\":[{\"@type\":\"ListItem\",\"position\":1,\"name\":\"Portada\",\"item\":\"https:\/\/vortice.rocks\/clientes\/tierraviva\/\"},{\"@type\":\"ListItem\",\"position\":2,\"name\":\"UCINY inform\u00f3 a senadores sobre sus reclamos territoriales\"}]},{\"@type\":\"WebSite\",\"@id\":\"https:\/\/vortice.rocks\/clientes\/tierraviva\/#website\",\"url\":\"https:\/\/vortice.rocks\/clientes\/tierraviva\/\",\"name\":\"Tierraviva\",\"description\":\"\",\"potentialAction\":[{\"@type\":\"SearchAction\",\"target\":{\"@type\":\"EntryPoint\",\"urlTemplate\":\"https:\/\/vortice.rocks\/clientes\/tierraviva\/?s={search_term_string}\"},\"query-input\":\"required name=search_term_string\"}],\"inLanguage\":\"es\"},{\"@type\":\"Person\",\"@id\":\"https:\/\/vortice.rocks\/clientes\/tierraviva\/#\/schema\/person\/0652c5aad419c86cff8f8129d355edd0\",\"name\":\"Santi Ortiz\",\"image\":{\"@type\":\"ImageObject\",\"inLanguage\":\"es\",\"@id\":\"https:\/\/vortice.rocks\/clientes\/tierraviva\/#\/schema\/person\/image\/\",\"url\":\"https:\/\/secure.gravatar.com\/avatar\/78bab899e21d2840245c1646bfc64d01?s=96&d=mm&r=g\",\"contentUrl\":\"https:\/\/secure.gravatar.com\/avatar\/78bab899e21d2840245c1646bfc64d01?s=96&d=mm&r=g\",\"caption\":\"Santi Ortiz\"},\"sameAs\":[\"https:\/\/vortice.rocks\/clientes\/tierraviva\"],\"url\":\"https:\/\/vortice.rocks\/clientes\/tierraviva\/author\/santi-ortiz\/\"}]}<\/script>\n<!-- \/ Yoast SEO plugin. -->","yoast_head_json":{"title":"UCINY inform\u00f3 a senadores sobre sus reclamos territoriales - Tierraviva","robots":{"index":"index","follow":"follow","max-snippet":"max-snippet:-1","max-image-preview":"max-image-preview:large","max-video-preview":"max-video-preview:-1"},"canonical":"https:\/\/vortice.rocks\/clientes\/tierraviva\/uciny-informo-a-senadores-sobre-sus-reclamos-territoriales\/","og_locale":"es_ES","og_type":"article","og_title":"UCINY inform\u00f3 a senadores sobre sus reclamos territoriales - Tierraviva","og_description":"En la jornada de este jueves 5 de diciembre la comitiva de la Uni\u00f3n de Comunidades Ind\u00edgenas de la Naci\u00f3n Yshir lleg\u00f3 hasta el Parlamento Nacional a fin de informar a los integrantes de la Comisi\u00f3n de Pueblos Ind\u00edgenas del Senado respecto a sus reclamos territoriales. Los l\u00edderes ind\u00edgenas dialogaron con la titular de laSeguir leyendo \"UCINY inform\u00f3 a senadores sobre sus reclamos territoriales\"","og_url":"https:\/\/vortice.rocks\/clientes\/tierraviva\/uciny-informo-a-senadores-sobre-sus-reclamos-territoriales\/","og_site_name":"Tierraviva","article_publisher":"https:\/\/www.facebook.com\/Tierraviva-a-los-pueblos-indigenas-del-Chaco-217328148281564\/","article_published_time":"2019-12-06T16:24:57+00:00","og_image":[{"width":1280,"height":591,"url":"https:\/\/vortice.rocks\/clientes\/tierraviva\/wp-content\/uploads\/2019\/12\/IMG-20191205-WA0093.jpg","type":"image\/jpeg"}],"author":"Santi Ortiz","twitter_misc":{"Escrito por":"Santi Ortiz","Tiempo de lectura":"2 minutos"},"schema":{"@context":"https:\/\/schema.org","@graph":[{"@type":"WebPage","@id":"https:\/\/vortice.rocks\/clientes\/tierraviva\/uciny-informo-a-senadores-sobre-sus-reclamos-territoriales\/","url":"https:\/\/vortice.rocks\/clientes\/tierraviva\/uciny-informo-a-senadores-sobre-sus-reclamos-territoriales\/","name":"UCINY inform\u00f3 a senadores sobre sus reclamos territoriales - Tierraviva","isPartOf":{"@id":"https:\/\/vortice.rocks\/clientes\/tierraviva\/#website"},"datePublished":"2019-12-06T16:24:57+00:00","dateModified":"2019-12-06T16:24:57+00:00","author":{"@id":"https:\/\/vortice.rocks\/clientes\/tierraviva\/#\/schema\/person\/0652c5aad419c86cff8f8129d355edd0"},"breadcrumb":{"@id":"https:\/\/vortice.rocks\/clientes\/tierraviva\/uciny-informo-a-senadores-sobre-sus-reclamos-territoriales\/#breadcrumb"},"inLanguage":"es","potentialAction":[{"@type":"ReadAction","target":["https:\/\/vortice.rocks\/clientes\/tierraviva\/uciny-informo-a-senadores-sobre-sus-reclamos-territoriales\/"]}]},{"@type":"BreadcrumbList","@id":"https:\/\/vortice.rocks\/clientes\/tierraviva\/uciny-informo-a-senadores-sobre-sus-reclamos-territoriales\/#breadcrumb","itemListElement":[{"@type":"ListItem","position":1,"name":"Portada","item":"https:\/\/vortice.rocks\/clientes\/tierraviva\/"},{"@type":"ListItem","position":2,"name":"UCINY inform\u00f3 a senadores sobre sus reclamos territoriales"}]},{"@type":"WebSite","@id":"https:\/\/vortice.rocks\/clientes\/tierraviva\/#website","url":"https:\/\/vortice.rocks\/clientes\/tierraviva\/","name":"Tierraviva","description":"","potentialAction":[{"@type":"SearchAction","target":{"@type":"EntryPoint","urlTemplate":"https:\/\/vortice.rocks\/clientes\/tierraviva\/?s={search_term_string}"},"query-input":"required name=search_term_string"}],"inLanguage":"es"},{"@type":"Person","@id":"https:\/\/vortice.rocks\/clientes\/tierraviva\/#\/schema\/person\/0652c5aad419c86cff8f8129d355edd0","name":"Santi Ortiz","image":{"@type":"ImageObject","inLanguage":"es","@id":"https:\/\/vortice.rocks\/clientes\/tierraviva\/#\/schema\/person\/image\/","url":"https:\/\/secure.gravatar.com\/avatar\/78bab899e21d2840245c1646bfc64d01?s=96&d=mm&r=g","contentUrl":"https:\/\/secure.gravatar.com\/avatar\/78bab899e21d2840245c1646bfc64d01?s=96&d=mm&r=g","caption":"Santi Ortiz"},"sameAs":["https:\/\/vortice.rocks\/clientes\/tierraviva"],"url":"https:\/\/vortice.rocks\/clientes\/tierraviva\/author\/santi-ortiz\/"}]}},"_links":{"self":[{"href":"https:\/\/vortice.rocks\/clientes\/tierraviva\/wp-json\/wp\/v2\/posts\/1836"}],"collection":[{"href":"https:\/\/vortice.rocks\/clientes\/tierraviva\/wp-json\/wp\/v2\/posts"}],"about":[{"href":"https:\/\/vortice.rocks\/clientes\/tierraviva\/wp-json\/wp\/v2\/types\/post"}],"author":[{"embeddable":true,"href":"https:\/\/vortice.rocks\/clientes\/tierraviva\/wp-json\/wp\/v2\/users\/5"}],"replies":[{"embeddable":true,"href":"https:\/\/vortice.rocks\/clientes\/tierraviva\/wp-json\/wp\/v2\/comments?post=1836"}],"version-history":[{"count":1,"href":"https:\/\/vortice.rocks\/clientes\/tierraviva\/wp-json\/wp\/v2\/posts\/1836\/revisions"}],"predecessor-version":[{"id":1840,"href":"https:\/\/vortice.rocks\/clientes\/tierraviva\/wp-json\/wp\/v2\/posts\/1836\/revisions\/1840"}],"wp:featuredmedia":[{"embeddable":true,"href":"https:\/\/vortice.rocks\/clientes\/tierraviva\/wp-json\/wp\/v2\/media\/1839"}],"wp:attachment":[{"href":"https:\/\/vortice.rocks\/clientes\/tierraviva\/wp-json\/wp\/v2\/media?parent=1836"}],"wp:term":[{"taxonomy":"category","embeddable":true,"href":"https:\/\/vortice.rocks\/clientes\/tierraviva\/wp-json\/wp\/v2\/categories?post=1836"},{"taxonomy":"post_tag","embeddable":true,"href":"https:\/\/vortice.rocks\/clientes\/tierraviva\/wp-json\/wp\/v2\/tags?post=1836"}],"curies":[{"name":"wp","href":"https:\/\/api.w.org\/{rel}","templated":true}]}}