{"id":1924,"date":"2020-03-05T12:04:47","date_gmt":"2020-03-05T16:04:47","guid":{"rendered":"https:\/\/vortice.rocks\/clientes\/tierraviva\/?p=1924"},"modified":"2020-03-05T12:04:47","modified_gmt":"2020-03-05T16:04:47","slug":"nosotros-tambien-somos-seres-humanos-dejen-de-matarnos","status":"publish","type":"post","link":"https:\/\/vortice.rocks\/clientes\/tierraviva\/nosotros-tambien-somos-seres-humanos-dejen-de-matarnos\/","title":{"rendered":"\u201cNOSOTROS TAMBI\u00c9N SOMOS SERES HUMANOS, DEJEN DE MATARNOS\u201d"},"content":{"rendered":"<p>Diversas organizaciones ind\u00edgenas emitieron hoy un comunicado denunciando la situaci\u00f3n de violencia a la que son sometidos y que en los \u00faltimos meses ha afectado particularmente a\u00a0ni\u00f1as, ni\u00f1os, adolescentes y j\u00f3venes ind\u00edgenas v\u00edctimas de sucesos violentos. El pronunciamiento exige al Estado paraguayo que arbitre los mecanismos necesarios a fin de garantizar una vida digna y libre de violencia para los Pueblos Ind\u00edgenas, las organizaciones realizar\u00e1n una gran marcha por la Capital este viernes 6 de marzo y adem\u00e1s prev\u00e9n reunirse con autoridades a fin de plantear sus exigencias. A continuaci\u00f3n reproducimos el comunicado de las organizaciones ind\u00edgenas:<\/p>\n<p align=\"left\">\u201cORE AVEI YVYP\u00d3RA PE\u1ebcICHA,ANIVE ORE JUKA!!\u201d<\/p>\n<p align=\"left\">\u201cNOSOTROS TAMBI\u00c9N SOMOS SERES HUMANOS, DEJEN DE MATARNOS\u201d<\/p>\n<p align=\"left\">Las Comunidades Ind\u00edgenas y N\u00facleos de Familias de Asunci\u00f3n y su \u00c1rea Metropolitana, la Mesa de Articulaci\u00f3n Ind\u00edgena del Paraguay (MAIPy), la Organizaci\u00f3n Nacional de Abor\u00edgenes Independiente\u00a0(ONAI), la Organizaci\u00f3n de Mujeres Guaran\u00ed \u2018\u2019Ku\u00f1aGuaraniAty\u201d, la Articulaci\u00f3n de Mujeres Ind\u00edgenas del Paraguay (MIPY), la Federaci\u00f3n por la Autodeterminaci\u00f3n de los Pueblos Ind\u00edgenas (FAPI), la Organizaci\u00f3n de Mujeres Campesinas e Ind\u00edgenas (CONAMURI), Klan Kuchingui Mairekoty-Luque nos dirigimos, al Estado Paraguayo y a sus instituciones garantes del cumplimiento de los derechos, a la sociedad civil, a las organizaciones y a las instancias internacionales de Derechos Humanos para expresar cuanto sigue:<\/p>\n<p align=\"left\">En estos \u00faltimos tres meses se hicieron p\u00fablicos y visibles hechos graves que los Pueblos Ind\u00edgenas venimos sufriendo hace m\u00e1s de 528 a\u00f1os, discriminaci\u00f3n, odio, olvido de los Estados. Es alarmante la extrema violencia y desnuda una vez m\u00e1s la creciente desidia y discriminaci\u00f3n estructural contra los pueblos ind\u00edgenas. Entre ellos:<\/p>\n<p align=\"left\">16-12-2019. Un Ind\u00edgena asesinado a balazos en la calle mientras dorm\u00eda: LORENZO SILVA ARCE de 29 a\u00f1os, del Pueblo Mbya guaran\u00ed, asesinado el 16 de diciembre de 2019. Crimen motivado por odio, de personas desconocidas que dispararon contra su humanidad mientras dorm\u00eda en una parada de \u00f3mnibus en el centro de Asunci\u00f3n.<\/p>\n<p align=\"left\">28-01-2020. Ni\u00f1a de 14 a\u00f1os violada y maniatada abandonada en un predio de Asunci\u00f3n: Adolescente del Pueblo Mbya Guaran\u00ed, encontrada abusada sexualmente y maniatada en el micro centro de Asunci\u00f3n, encontrada en total estado de conmoci\u00f3n.<\/p>\n<p align=\"left\">03-02-2020. Adolescente de 16 a\u00f1os embarazada, MAR\u00cdA DOLORES PAREDES, del Pueblo Enxet Sur, falleci\u00f3 esperando una ambulancia m\u00e1s de 5 horas en la Comunidad La Esperanza, Distrito de Irala Mart\u00ednez, Departamento de Presidente Hayes.<\/p>\n<p align=\"left\">21-02-2020. Joven de 23 a\u00f1os encontrada muerta en un parque de la Ciudad: Carolina Esp\u00ednola, del Pueblo Mbya Guaran\u00ed, de la comunidad Pakury Santa Librada, distrito de JasyKa\u00f1y, Departamento de Canindey\u00fa. Encontrada muerta por supuesto suicidio, en el Parque Caballero de Asunci\u00f3n<\/p>\n<p align=\"left\">24-02-2020. Ni\u00f1a de 12 a\u00f1os, encontrada muerta en una bolsa en la Terminal de \u00d3mnibus de Asunci\u00f3n: FRANCISCA ARAUJO CACERES, de Curuguaty, del Pueblo Mbya Guaran\u00ed, fue estrangulada y abandonada atada de pies y manos en una mochila en un patio bald\u00edo en cercan\u00edas de la Terminal de \u00d3mnibus de Asunci\u00f3n, de identidad y comunidad Yvy Por\u00e4, distrito de Yasy Ca\u00f1y, Departamento de Canindey\u00fa.<\/p>\n<p align=\"left\">Ante estos atropellos contra la vida, sumado a toda la violencia institucional que sufrimos en el campo y que no sale en la prensa, y que nadie se entera, los Pueblos Ind\u00edgenas NO CALLAMOS M\u00c1S, el momento es ahora, exigimos al Estado Paraguayo que pare este tipo de hechos contralas ni\u00f1as, ni\u00f1os, adolescentesy j\u00f3venes ind\u00edgenas.<\/p>\n<p align=\"left\">Denunciamos a las autoridades y a las instituciones p\u00fablicas del Estado Paraguayo, responsables de garantizar nuestros derechos, pero que en la realidad son c\u00f3mplices de la expulsi\u00f3n de nuestra gente de las comunidades de origen rural, porque aceptan que los sojeros, ganaderos y narcos invadan nuestros territorios, negocian y envenenan nuestras tierras, nuestras aguas, nuestro aire y nuestro monte y nos fuerzan a venir a la ciudad para procurar por nuestra cuenta un poco de alimento, salud y estudio. Con la expulsi\u00f3n, migraci\u00f3n forzada por la falta del medio principal para la vida y la reproducci\u00f3n socio-cultural de los Pueblos Ind\u00edgenas, que es la tierra, el territorio, el bosque, los pueblos ind\u00edgenas somos obligados a formar parte de los cinturones de extrema pobreza de las grandes ciudades, as\u00ed como miles de familias campesinas.<\/p>\n<p align=\"left\">Evidenciamos que durante estos \u00faltimos a\u00f1os hemos dejado de recibir apoyo en las comunidades del Campo y la Ciudad, no existen pol\u00edticas inclusivas e integrales ni programas de formaci\u00f3n laboral ni de trabajo que llegue a las comunidades, nosotros vamos a las instituciones y no nos hacen caso, no existen programas de vivienda que lleguen a nuestras comunidades, a muchas de nuestras comunidades nos niegan reconocimiento como a nuestros l\u00edderes tambi\u00e9n, no tenemos atenci\u00f3n m\u00e9dica digna ni medicamentos, no respetan nuestras culturas. Demandamos Asistencia inmediata y digna, pero el estado solo ofrece asistencialismo, la carencia y el abandono nos obliga a reclamar frente a las instituciones p\u00fablicas, a vivir infrahumanamente a mendigar, demostrando as\u00ed a la gente de la ciudad que para el Estado no somos nada ni nadie, para este gobierno no existimos. Por eso muchas madres y abuelas, junto con sus hijos y nietos deben salir a hacer \u201cPoreka\u201d (rebuscarse) en las calles de Asunci\u00f3n y otras ciudades departamentales del pa\u00eds.<\/p>\n<p align=\"left\">Repudiamos la insensibilidad del Estado con nuestras comunidades,del campo y la ciudad, no respetan nuestras autoridades ni autonom\u00eda, no respetan la Constituci\u00f3n Nacional ni los Convenios internacionales, no conversan con nosotros, no nos escuchan, se hacen muchas reuniones y no se hace nada, nos mienten, nos distraen, faltan a su palabra, compran a nuestros l\u00edderes con plata, alimentos y otros favores aprovech\u00e1ndose de nuestra necesidad, se dedican a perseguir y a amenazar a nuestra gente en las calles, sem\u00e1foros y comunidades, arreando a nuestros hijos e hijas supuestamente \u201crescat\u00e1ndolos de las calles\u201d, discrimin\u00e1ndonos, criminalizando nuestra pobreza y violando nuestros derechos, decimos BASTA!!<\/p>\n<p align=\"left\">Rechazamos las declaraciones del Presidente del INDI, la situaci\u00f3n en la que vivimos en el campo y en las ciudades no es una cuesti\u00f3n cultural, es una cuesti\u00f3n de POBREZA EXTREMA y de muchos a\u00f1os de olvido, marginaci\u00f3n y discriminaci\u00f3n. NO SOMOS N\u00d3MADAS ni culturalmente empobrecidos, somos dignos ancestrales custodios de la naturalezay su enorme diversidad bio-cultural, \u00fanicas en el mundo. Hist\u00f3ricamente hemos sido despojados, hemos sigo empobrecidos y vulnerabilizados y a pesar de eso seguimos resistiendo porque nos reconocemos seres humanos con derechos como lo son todos los habitantes del Paraguay, con la prerrogativa de ser los primeros habitantes de todos sus territorios.<\/p>\n<p align=\"left\">Por Ley 904\/81, el INDI es la instituci\u00f3n rectora de las Pol\u00edticas para Pueblos Ind\u00edgenas, pero ante los hechos graves ocurridos no hacen seguimiento, cientos de ni\u00f1as, ni\u00f1os, adolescentes y familias enteras siguen en las calles de Asunci\u00f3n y otras ciudades departamentales, sin pol\u00edticas p\u00fablicas, ni programas, ni proyectos por eso acusamos al Estado Paraguayo de Omisi\u00f3n de auxilio y falta de asistencia inmediata y oportuna.<\/p>\n<p align=\"left\">Demandamos que el Estado Paraguayo a trav\u00e9s de todas sus instituciones garanticen realmente nuestros derechos, principalmente el derecho a la vida y den participaci\u00f3n a todas las comunidades y organizaciones ind\u00edgenas en los programas en cumplimiento del Convenio 169 a trav\u00e9s del decreto 1039\/2018 ya sea rural o urbana.<\/p>\n<p align=\"left\">Exigimos justicia para las personas que han sido asesinadas, que han fallecido por negligencia del Estado, que el estado se haga cargo, que realice las investigaciones y el seguimiento correspondiente, y someta a la justicia a los responsables.<\/p>\n<p align=\"left\">Alertamos a todas las lideresas, l\u00edderes y comunidades a que est\u00e9n atentos, a reforzar la seguridad y protecci\u00f3n de nuestros territorios y de nuestra gente, esto no deb\u00eda pasar ni debe seguir ocurriendo.<\/p>\n<p align=\"left\">Solicitamos, a los organismos de Derechos Humanos, tanto de Naciones Unidas como del Sistema Interamericano acompa\u00f1en estos leg\u00edtimos reclamos y supervisen a los \u00f3rganos que deben velar por nuestros derechos a que implementen acciones efectivas para desterrar la violencia y discriminaci\u00f3n estructural y que se repare e indemnice el da\u00f1o ocasionado.<\/p>\n<p align=\"left\">\u201cORE AVEI YVYP\u00d3RA PE\u1ebcICHA,<\/p>\n<p align=\"left\">ANIVE ORE JUKA!!\u201d<\/p>\n<p align=\"left\">\u00a1\u00a1EXIGIMOS JUSTICIA Y RESPETO A LA VIDA!!<\/p>\n","protected":false},"excerpt":{"rendered":"<p>Diversas organizaciones ind\u00edgenas emitieron hoy un comunicado denunciando la situaci\u00f3n de violencia a la que son sometidos y que en los \u00faltimos meses ha afectado particularmente a\u00a0ni\u00f1as, ni\u00f1os, adolescentes y j\u00f3venes ind\u00edgenas v\u00edctimas de sucesos violentos. El pronunciamiento exige al Estado paraguayo que arbitre los mecanismos necesarios a fin de garantizar una vida digna y<a class=\"more-link\" href=\"https:\/\/vortice.rocks\/clientes\/tierraviva\/nosotros-tambien-somos-seres-humanos-dejen-de-matarnos\/\">Seguir leyendo <span class=\"screen-reader-text\">&#8220;\u201cNOSOTROS TAMBI\u00c9N SOMOS SERES HUMANOS, DEJEN DE MATARNOS\u201d&#8221;<\/span><\/a><\/p>\n","protected":false},"author":5,"featured_media":1925,"comment_status":"open","ping_status":"open","sticky":false,"template":"","format":"standard","meta":{"_exactmetrics_skip_tracking":false,"_exactmetrics_sitenote_active":false,"_exactmetrics_sitenote_note":"","_exactmetrics_sitenote_category":0,"footnotes":""},"categories":[3],"tags":[],"yoast_head":"<!-- This site is optimized with the Yoast SEO plugin v21.7 - https:\/\/yoast.com\/wordpress\/plugins\/seo\/ -->\n<title>\u201cNOSOTROS TAMBI\u00c9N SOMOS SERES HUMANOS, DEJEN DE MATARNOS\u201d - Tierraviva<\/title>\n<meta name=\"robots\" content=\"index, follow, max-snippet:-1, max-image-preview:large, max-video-preview:-1\" \/>\n<link rel=\"canonical\" href=\"https:\/\/vortice.rocks\/clientes\/tierraviva\/nosotros-tambien-somos-seres-humanos-dejen-de-matarnos\/\" \/>\n<meta property=\"og:locale\" content=\"es_ES\" \/>\n<meta property=\"og:type\" content=\"article\" \/>\n<meta property=\"og:title\" content=\"\u201cNOSOTROS TAMBI\u00c9N SOMOS SERES HUMANOS, DEJEN DE MATARNOS\u201d - Tierraviva\" \/>\n<meta property=\"og:description\" content=\"Diversas organizaciones ind\u00edgenas emitieron hoy un comunicado denunciando la situaci\u00f3n de violencia a la que son sometidos y que en los \u00faltimos meses ha afectado particularmente a\u00a0ni\u00f1as, ni\u00f1os, adolescentes y j\u00f3venes ind\u00edgenas v\u00edctimas de sucesos violentos. El pronunciamiento exige al Estado paraguayo que arbitre los mecanismos necesarios a fin de garantizar una vida digna ySeguir leyendo &quot;\u201cNOSOTROS TAMBI\u00c9N SOMOS SERES HUMANOS, DEJEN DE MATARNOS\u201d&quot;\" \/>\n<meta property=\"og:url\" content=\"https:\/\/vortice.rocks\/clientes\/tierraviva\/nosotros-tambien-somos-seres-humanos-dejen-de-matarnos\/\" \/>\n<meta property=\"og:site_name\" content=\"Tierraviva\" \/>\n<meta property=\"article:publisher\" content=\"https:\/\/www.facebook.com\/Tierraviva-a-los-pueblos-indigenas-del-Chaco-217328148281564\/\" \/>\n<meta property=\"article:published_time\" content=\"2020-03-05T16:04:47+00:00\" \/>\n<meta property=\"og:image\" content=\"https:\/\/vortice.rocks\/clientes\/tierraviva\/wp-content\/uploads\/2020\/03\/ESSVAfgXUAAJcDZ.jpeg\" \/>\n\t<meta property=\"og:image:width\" content=\"680\" \/>\n\t<meta property=\"og:image:height\" content=\"383\" \/>\n\t<meta property=\"og:image:type\" content=\"image\/jpeg\" \/>\n<meta name=\"author\" content=\"Santi Ortiz\" \/>\n<meta name=\"twitter:label1\" content=\"Escrito por\" \/>\n\t<meta name=\"twitter:data1\" content=\"Santi Ortiz\" \/>\n\t<meta name=\"twitter:label2\" content=\"Tiempo de lectura\" \/>\n\t<meta name=\"twitter:data2\" content=\"7 minutos\" \/>\n<script type=\"application\/ld+json\" class=\"yoast-schema-graph\">{\"@context\":\"https:\/\/schema.org\",\"@graph\":[{\"@type\":\"WebPage\",\"@id\":\"https:\/\/vortice.rocks\/clientes\/tierraviva\/nosotros-tambien-somos-seres-humanos-dejen-de-matarnos\/\",\"url\":\"https:\/\/vortice.rocks\/clientes\/tierraviva\/nosotros-tambien-somos-seres-humanos-dejen-de-matarnos\/\",\"name\":\"\u201cNOSOTROS TAMBI\u00c9N SOMOS SERES HUMANOS, DEJEN DE MATARNOS\u201d - Tierraviva\",\"isPartOf\":{\"@id\":\"https:\/\/vortice.rocks\/clientes\/tierraviva\/#website\"},\"datePublished\":\"2020-03-05T16:04:47+00:00\",\"dateModified\":\"2020-03-05T16:04:47+00:00\",\"author\":{\"@id\":\"https:\/\/vortice.rocks\/clientes\/tierraviva\/#\/schema\/person\/0652c5aad419c86cff8f8129d355edd0\"},\"breadcrumb\":{\"@id\":\"https:\/\/vortice.rocks\/clientes\/tierraviva\/nosotros-tambien-somos-seres-humanos-dejen-de-matarnos\/#breadcrumb\"},\"inLanguage\":\"es\",\"potentialAction\":[{\"@type\":\"ReadAction\",\"target\":[\"https:\/\/vortice.rocks\/clientes\/tierraviva\/nosotros-tambien-somos-seres-humanos-dejen-de-matarnos\/\"]}]},{\"@type\":\"BreadcrumbList\",\"@id\":\"https:\/\/vortice.rocks\/clientes\/tierraviva\/nosotros-tambien-somos-seres-humanos-dejen-de-matarnos\/#breadcrumb\",\"itemListElement\":[{\"@type\":\"ListItem\",\"position\":1,\"name\":\"Portada\",\"item\":\"https:\/\/vortice.rocks\/clientes\/tierraviva\/\"},{\"@type\":\"ListItem\",\"position\":2,\"name\":\"\u201cNOSOTROS TAMBI\u00c9N SOMOS SERES HUMANOS, DEJEN DE MATARNOS\u201d\"}]},{\"@type\":\"WebSite\",\"@id\":\"https:\/\/vortice.rocks\/clientes\/tierraviva\/#website\",\"url\":\"https:\/\/vortice.rocks\/clientes\/tierraviva\/\",\"name\":\"Tierraviva\",\"description\":\"\",\"potentialAction\":[{\"@type\":\"SearchAction\",\"target\":{\"@type\":\"EntryPoint\",\"urlTemplate\":\"https:\/\/vortice.rocks\/clientes\/tierraviva\/?s={search_term_string}\"},\"query-input\":\"required name=search_term_string\"}],\"inLanguage\":\"es\"},{\"@type\":\"Person\",\"@id\":\"https:\/\/vortice.rocks\/clientes\/tierraviva\/#\/schema\/person\/0652c5aad419c86cff8f8129d355edd0\",\"name\":\"Santi Ortiz\",\"image\":{\"@type\":\"ImageObject\",\"inLanguage\":\"es\",\"@id\":\"https:\/\/vortice.rocks\/clientes\/tierraviva\/#\/schema\/person\/image\/\",\"url\":\"https:\/\/secure.gravatar.com\/avatar\/78bab899e21d2840245c1646bfc64d01?s=96&d=mm&r=g\",\"contentUrl\":\"https:\/\/secure.gravatar.com\/avatar\/78bab899e21d2840245c1646bfc64d01?s=96&d=mm&r=g\",\"caption\":\"Santi Ortiz\"},\"sameAs\":[\"https:\/\/vortice.rocks\/clientes\/tierraviva\"],\"url\":\"https:\/\/vortice.rocks\/clientes\/tierraviva\/author\/santi-ortiz\/\"}]}<\/script>\n<!-- \/ Yoast SEO plugin. -->","yoast_head_json":{"title":"\u201cNOSOTROS TAMBI\u00c9N SOMOS SERES HUMANOS, DEJEN DE MATARNOS\u201d - Tierraviva","robots":{"index":"index","follow":"follow","max-snippet":"max-snippet:-1","max-image-preview":"max-image-preview:large","max-video-preview":"max-video-preview:-1"},"canonical":"https:\/\/vortice.rocks\/clientes\/tierraviva\/nosotros-tambien-somos-seres-humanos-dejen-de-matarnos\/","og_locale":"es_ES","og_type":"article","og_title":"\u201cNOSOTROS TAMBI\u00c9N SOMOS SERES HUMANOS, DEJEN DE MATARNOS\u201d - Tierraviva","og_description":"Diversas organizaciones ind\u00edgenas emitieron hoy un comunicado denunciando la situaci\u00f3n de violencia a la que son sometidos y que en los \u00faltimos meses ha afectado particularmente a\u00a0ni\u00f1as, ni\u00f1os, adolescentes y j\u00f3venes ind\u00edgenas v\u00edctimas de sucesos violentos. El pronunciamiento exige al Estado paraguayo que arbitre los mecanismos necesarios a fin de garantizar una vida digna ySeguir leyendo \"\u201cNOSOTROS TAMBI\u00c9N SOMOS SERES HUMANOS, DEJEN DE MATARNOS\u201d\"","og_url":"https:\/\/vortice.rocks\/clientes\/tierraviva\/nosotros-tambien-somos-seres-humanos-dejen-de-matarnos\/","og_site_name":"Tierraviva","article_publisher":"https:\/\/www.facebook.com\/Tierraviva-a-los-pueblos-indigenas-del-Chaco-217328148281564\/","article_published_time":"2020-03-05T16:04:47+00:00","og_image":[{"width":680,"height":383,"url":"https:\/\/vortice.rocks\/clientes\/tierraviva\/wp-content\/uploads\/2020\/03\/ESSVAfgXUAAJcDZ.jpeg","type":"image\/jpeg"}],"author":"Santi Ortiz","twitter_misc":{"Escrito por":"Santi Ortiz","Tiempo de lectura":"7 minutos"},"schema":{"@context":"https:\/\/schema.org","@graph":[{"@type":"WebPage","@id":"https:\/\/vortice.rocks\/clientes\/tierraviva\/nosotros-tambien-somos-seres-humanos-dejen-de-matarnos\/","url":"https:\/\/vortice.rocks\/clientes\/tierraviva\/nosotros-tambien-somos-seres-humanos-dejen-de-matarnos\/","name":"\u201cNOSOTROS TAMBI\u00c9N SOMOS SERES HUMANOS, DEJEN DE MATARNOS\u201d - Tierraviva","isPartOf":{"@id":"https:\/\/vortice.rocks\/clientes\/tierraviva\/#website"},"datePublished":"2020-03-05T16:04:47+00:00","dateModified":"2020-03-05T16:04:47+00:00","author":{"@id":"https:\/\/vortice.rocks\/clientes\/tierraviva\/#\/schema\/person\/0652c5aad419c86cff8f8129d355edd0"},"breadcrumb":{"@id":"https:\/\/vortice.rocks\/clientes\/tierraviva\/nosotros-tambien-somos-seres-humanos-dejen-de-matarnos\/#breadcrumb"},"inLanguage":"es","potentialAction":[{"@type":"ReadAction","target":["https:\/\/vortice.rocks\/clientes\/tierraviva\/nosotros-tambien-somos-seres-humanos-dejen-de-matarnos\/"]}]},{"@type":"BreadcrumbList","@id":"https:\/\/vortice.rocks\/clientes\/tierraviva\/nosotros-tambien-somos-seres-humanos-dejen-de-matarnos\/#breadcrumb","itemListElement":[{"@type":"ListItem","position":1,"name":"Portada","item":"https:\/\/vortice.rocks\/clientes\/tierraviva\/"},{"@type":"ListItem","position":2,"name":"\u201cNOSOTROS TAMBI\u00c9N SOMOS SERES HUMANOS, DEJEN DE MATARNOS\u201d"}]},{"@type":"WebSite","@id":"https:\/\/vortice.rocks\/clientes\/tierraviva\/#website","url":"https:\/\/vortice.rocks\/clientes\/tierraviva\/","name":"Tierraviva","description":"","potentialAction":[{"@type":"SearchAction","target":{"@type":"EntryPoint","urlTemplate":"https:\/\/vortice.rocks\/clientes\/tierraviva\/?s={search_term_string}"},"query-input":"required name=search_term_string"}],"inLanguage":"es"},{"@type":"Person","@id":"https:\/\/vortice.rocks\/clientes\/tierraviva\/#\/schema\/person\/0652c5aad419c86cff8f8129d355edd0","name":"Santi Ortiz","image":{"@type":"ImageObject","inLanguage":"es","@id":"https:\/\/vortice.rocks\/clientes\/tierraviva\/#\/schema\/person\/image\/","url":"https:\/\/secure.gravatar.com\/avatar\/78bab899e21d2840245c1646bfc64d01?s=96&d=mm&r=g","contentUrl":"https:\/\/secure.gravatar.com\/avatar\/78bab899e21d2840245c1646bfc64d01?s=96&d=mm&r=g","caption":"Santi Ortiz"},"sameAs":["https:\/\/vortice.rocks\/clientes\/tierraviva"],"url":"https:\/\/vortice.rocks\/clientes\/tierraviva\/author\/santi-ortiz\/"}]}},"_links":{"self":[{"href":"https:\/\/vortice.rocks\/clientes\/tierraviva\/wp-json\/wp\/v2\/posts\/1924"}],"collection":[{"href":"https:\/\/vortice.rocks\/clientes\/tierraviva\/wp-json\/wp\/v2\/posts"}],"about":[{"href":"https:\/\/vortice.rocks\/clientes\/tierraviva\/wp-json\/wp\/v2\/types\/post"}],"author":[{"embeddable":true,"href":"https:\/\/vortice.rocks\/clientes\/tierraviva\/wp-json\/wp\/v2\/users\/5"}],"replies":[{"embeddable":true,"href":"https:\/\/vortice.rocks\/clientes\/tierraviva\/wp-json\/wp\/v2\/comments?post=1924"}],"version-history":[{"count":1,"href":"https:\/\/vortice.rocks\/clientes\/tierraviva\/wp-json\/wp\/v2\/posts\/1924\/revisions"}],"predecessor-version":[{"id":1926,"href":"https:\/\/vortice.rocks\/clientes\/tierraviva\/wp-json\/wp\/v2\/posts\/1924\/revisions\/1926"}],"wp:featuredmedia":[{"embeddable":true,"href":"https:\/\/vortice.rocks\/clientes\/tierraviva\/wp-json\/wp\/v2\/media\/1925"}],"wp:attachment":[{"href":"https:\/\/vortice.rocks\/clientes\/tierraviva\/wp-json\/wp\/v2\/media?parent=1924"}],"wp:term":[{"taxonomy":"category","embeddable":true,"href":"https:\/\/vortice.rocks\/clientes\/tierraviva\/wp-json\/wp\/v2\/categories?post=1924"},{"taxonomy":"post_tag","embeddable":true,"href":"https:\/\/vortice.rocks\/clientes\/tierraviva\/wp-json\/wp\/v2\/tags?post=1924"}],"curies":[{"name":"wp","href":"https:\/\/api.w.org\/{rel}","templated":true}]}}