{"id":1928,"date":"2020-03-12T17:22:36","date_gmt":"2020-03-12T21:22:36","guid":{"rendered":"https:\/\/vortice.rocks\/clientes\/tierraviva\/?p=1928"},"modified":"2020-03-12T17:22:36","modified_gmt":"2020-03-12T21:22:36","slug":"pueblo-yshir-continua-la-lucha-por-la-recuperacion-de-su-territorio","status":"publish","type":"post","link":"https:\/\/vortice.rocks\/clientes\/tierraviva\/pueblo-yshir-continua-la-lucha-por-la-recuperacion-de-su-territorio\/","title":{"rendered":"Pueblo Yshir contin\u00faa la lucha por la recuperaci\u00f3n de su territorio."},"content":{"rendered":"<p>Mediante gestiones ante la Asesor\u00eda Jur\u00eddica del Instituto Paraguayo del Ind\u00edgena (INDI) los integrantes de la de la Uni\u00f3n de Comunidades Ind\u00edgenas de la Naci\u00f3n Yshir (UCINY) buscan recuperar parte de su territorio ancestral. Los Yshir reclaman unas 8.500 hect\u00e1reas de tierras en la zona de Puerto Ramos, ubicada en Bah\u00eda Negra, departamento de Alto Paraguay, que forman parte del territorio ancestral del Pueblo, sin embargo se encuentra bajo dominio de un establecimiento ganadero denominado &#8220;Para Verde&#8221;.<\/p>\n<p>Seg\u00fan indicaron Andr\u00e9s Ozuna y Pablo Barboza, representantes de la UCINY, el Director Jur\u00eddico del INDI se comprometi\u00f3 a agilizar las gestiones a fin de garantizar la recuperaci\u00f3n del territorio por la v\u00eda de la compra de las tierras. Para esto se remitir\u00e1 una nota al propietario de Para Verde a fin de solicitar presente una carta de oferta a la Instituci\u00f3n a fin de adquirir las tierras y restituirlas a la comunidad. Los representantes de la UCINY fueron acompa\u00f1ados por integrantes del Equipo de Casos y Litigios de Tierraviva.<\/p>\n<p>Puerto Ramos es un territorio reclamado desde hace a\u00f1os por el Pueblo Yshir, actualmente sobre dichas tierras pesa una medida cautelar de no innovar a fin de evitar que los propietarios realicen alg\u00fan tipo de explotaci\u00f3n que pudiera da\u00f1ar irreparablemente el territorio.<\/p>\n","protected":false},"excerpt":{"rendered":"<p>Mediante gestiones ante la Asesor\u00eda Jur\u00eddica del Instituto Paraguayo del Ind\u00edgena (INDI) los integrantes de la de la Uni\u00f3n de Comunidades Ind\u00edgenas de la Naci\u00f3n Yshir (UCINY) buscan recuperar parte de su territorio ancestral. Los Yshir reclaman unas 8.500 hect\u00e1reas de tierras en la zona de Puerto Ramos, ubicada en Bah\u00eda Negra, departamento de Alto<a class=\"more-link\" href=\"https:\/\/vortice.rocks\/clientes\/tierraviva\/pueblo-yshir-continua-la-lucha-por-la-recuperacion-de-su-territorio\/\">Seguir leyendo <span class=\"screen-reader-text\">&#8220;Pueblo Yshir contin\u00faa la lucha por la recuperaci\u00f3n de su territorio.&#8221;<\/span><\/a><\/p>\n","protected":false},"author":5,"featured_media":1929,"comment_status":"open","ping_status":"open","sticky":false,"template":"","format":"standard","meta":{"_exactmetrics_skip_tracking":false,"_exactmetrics_sitenote_active":false,"_exactmetrics_sitenote_note":"","_exactmetrics_sitenote_category":0,"footnotes":""},"categories":[3],"tags":[],"yoast_head":"<!-- This site is optimized with the Yoast SEO plugin v21.7 - https:\/\/yoast.com\/wordpress\/plugins\/seo\/ -->\n<title>Pueblo Yshir contin\u00faa la lucha por la recuperaci\u00f3n de su territorio. - Tierraviva<\/title>\n<meta name=\"robots\" content=\"index, follow, max-snippet:-1, max-image-preview:large, max-video-preview:-1\" \/>\n<link rel=\"canonical\" href=\"https:\/\/vortice.rocks\/clientes\/tierraviva\/pueblo-yshir-continua-la-lucha-por-la-recuperacion-de-su-territorio\/\" \/>\n<meta property=\"og:locale\" content=\"es_ES\" \/>\n<meta property=\"og:type\" content=\"article\" \/>\n<meta property=\"og:title\" content=\"Pueblo Yshir contin\u00faa la lucha por la recuperaci\u00f3n de su territorio. - Tierraviva\" \/>\n<meta property=\"og:description\" content=\"Mediante gestiones ante la Asesor\u00eda Jur\u00eddica del Instituto Paraguayo del Ind\u00edgena (INDI) los integrantes de la de la Uni\u00f3n de Comunidades Ind\u00edgenas de la Naci\u00f3n Yshir (UCINY) buscan recuperar parte de su territorio ancestral. Los Yshir reclaman unas 8.500 hect\u00e1reas de tierras en la zona de Puerto Ramos, ubicada en Bah\u00eda Negra, departamento de AltoSeguir leyendo &quot;Pueblo Yshir contin\u00faa la lucha por la recuperaci\u00f3n de su territorio.&quot;\" \/>\n<meta property=\"og:url\" content=\"https:\/\/vortice.rocks\/clientes\/tierraviva\/pueblo-yshir-continua-la-lucha-por-la-recuperacion-de-su-territorio\/\" \/>\n<meta property=\"og:site_name\" content=\"Tierraviva\" \/>\n<meta property=\"article:publisher\" content=\"https:\/\/www.facebook.com\/Tierraviva-a-los-pueblos-indigenas-del-Chaco-217328148281564\/\" \/>\n<meta property=\"article:published_time\" content=\"2020-03-12T21:22:36+00:00\" \/>\n<meta property=\"og:image\" content=\"https:\/\/vortice.rocks\/clientes\/tierraviva\/wp-content\/uploads\/2020\/03\/IMG-20200312-WA0141.jpg\" \/>\n\t<meta property=\"og:image:width\" content=\"1152\" \/>\n\t<meta property=\"og:image:height\" content=\"648\" \/>\n\t<meta property=\"og:image:type\" content=\"image\/jpeg\" \/>\n<meta name=\"author\" content=\"Santi Ortiz\" \/>\n<meta name=\"twitter:label1\" content=\"Escrito por\" \/>\n\t<meta name=\"twitter:data1\" content=\"Santi Ortiz\" \/>\n\t<meta name=\"twitter:label2\" content=\"Tiempo de lectura\" \/>\n\t<meta name=\"twitter:data2\" content=\"1 minuto\" \/>\n<script type=\"application\/ld+json\" class=\"yoast-schema-graph\">{\"@context\":\"https:\/\/schema.org\",\"@graph\":[{\"@type\":\"WebPage\",\"@id\":\"https:\/\/vortice.rocks\/clientes\/tierraviva\/pueblo-yshir-continua-la-lucha-por-la-recuperacion-de-su-territorio\/\",\"url\":\"https:\/\/vortice.rocks\/clientes\/tierraviva\/pueblo-yshir-continua-la-lucha-por-la-recuperacion-de-su-territorio\/\",\"name\":\"Pueblo Yshir contin\u00faa la lucha por la recuperaci\u00f3n de su territorio. - Tierraviva\",\"isPartOf\":{\"@id\":\"https:\/\/vortice.rocks\/clientes\/tierraviva\/#website\"},\"datePublished\":\"2020-03-12T21:22:36+00:00\",\"dateModified\":\"2020-03-12T21:22:36+00:00\",\"author\":{\"@id\":\"https:\/\/vortice.rocks\/clientes\/tierraviva\/#\/schema\/person\/0652c5aad419c86cff8f8129d355edd0\"},\"breadcrumb\":{\"@id\":\"https:\/\/vortice.rocks\/clientes\/tierraviva\/pueblo-yshir-continua-la-lucha-por-la-recuperacion-de-su-territorio\/#breadcrumb\"},\"inLanguage\":\"es\",\"potentialAction\":[{\"@type\":\"ReadAction\",\"target\":[\"https:\/\/vortice.rocks\/clientes\/tierraviva\/pueblo-yshir-continua-la-lucha-por-la-recuperacion-de-su-territorio\/\"]}]},{\"@type\":\"BreadcrumbList\",\"@id\":\"https:\/\/vortice.rocks\/clientes\/tierraviva\/pueblo-yshir-continua-la-lucha-por-la-recuperacion-de-su-territorio\/#breadcrumb\",\"itemListElement\":[{\"@type\":\"ListItem\",\"position\":1,\"name\":\"Portada\",\"item\":\"https:\/\/vortice.rocks\/clientes\/tierraviva\/\"},{\"@type\":\"ListItem\",\"position\":2,\"name\":\"Pueblo Yshir contin\u00faa la lucha por la recuperaci\u00f3n de su territorio.\"}]},{\"@type\":\"WebSite\",\"@id\":\"https:\/\/vortice.rocks\/clientes\/tierraviva\/#website\",\"url\":\"https:\/\/vortice.rocks\/clientes\/tierraviva\/\",\"name\":\"Tierraviva\",\"description\":\"\",\"potentialAction\":[{\"@type\":\"SearchAction\",\"target\":{\"@type\":\"EntryPoint\",\"urlTemplate\":\"https:\/\/vortice.rocks\/clientes\/tierraviva\/?s={search_term_string}\"},\"query-input\":\"required name=search_term_string\"}],\"inLanguage\":\"es\"},{\"@type\":\"Person\",\"@id\":\"https:\/\/vortice.rocks\/clientes\/tierraviva\/#\/schema\/person\/0652c5aad419c86cff8f8129d355edd0\",\"name\":\"Santi Ortiz\",\"image\":{\"@type\":\"ImageObject\",\"inLanguage\":\"es\",\"@id\":\"https:\/\/vortice.rocks\/clientes\/tierraviva\/#\/schema\/person\/image\/\",\"url\":\"https:\/\/secure.gravatar.com\/avatar\/78bab899e21d2840245c1646bfc64d01?s=96&d=mm&r=g\",\"contentUrl\":\"https:\/\/secure.gravatar.com\/avatar\/78bab899e21d2840245c1646bfc64d01?s=96&d=mm&r=g\",\"caption\":\"Santi Ortiz\"},\"sameAs\":[\"https:\/\/vortice.rocks\/clientes\/tierraviva\"],\"url\":\"https:\/\/vortice.rocks\/clientes\/tierraviva\/author\/santi-ortiz\/\"}]}<\/script>\n<!-- \/ Yoast SEO plugin. -->","yoast_head_json":{"title":"Pueblo Yshir contin\u00faa la lucha por la recuperaci\u00f3n de su territorio. - Tierraviva","robots":{"index":"index","follow":"follow","max-snippet":"max-snippet:-1","max-image-preview":"max-image-preview:large","max-video-preview":"max-video-preview:-1"},"canonical":"https:\/\/vortice.rocks\/clientes\/tierraviva\/pueblo-yshir-continua-la-lucha-por-la-recuperacion-de-su-territorio\/","og_locale":"es_ES","og_type":"article","og_title":"Pueblo Yshir contin\u00faa la lucha por la recuperaci\u00f3n de su territorio. - Tierraviva","og_description":"Mediante gestiones ante la Asesor\u00eda Jur\u00eddica del Instituto Paraguayo del Ind\u00edgena (INDI) los integrantes de la de la Uni\u00f3n de Comunidades Ind\u00edgenas de la Naci\u00f3n Yshir (UCINY) buscan recuperar parte de su territorio ancestral. Los Yshir reclaman unas 8.500 hect\u00e1reas de tierras en la zona de Puerto Ramos, ubicada en Bah\u00eda Negra, departamento de AltoSeguir leyendo \"Pueblo Yshir contin\u00faa la lucha por la recuperaci\u00f3n de su territorio.\"","og_url":"https:\/\/vortice.rocks\/clientes\/tierraviva\/pueblo-yshir-continua-la-lucha-por-la-recuperacion-de-su-territorio\/","og_site_name":"Tierraviva","article_publisher":"https:\/\/www.facebook.com\/Tierraviva-a-los-pueblos-indigenas-del-Chaco-217328148281564\/","article_published_time":"2020-03-12T21:22:36+00:00","og_image":[{"width":1152,"height":648,"url":"https:\/\/vortice.rocks\/clientes\/tierraviva\/wp-content\/uploads\/2020\/03\/IMG-20200312-WA0141.jpg","type":"image\/jpeg"}],"author":"Santi Ortiz","twitter_misc":{"Escrito por":"Santi Ortiz","Tiempo de lectura":"1 minuto"},"schema":{"@context":"https:\/\/schema.org","@graph":[{"@type":"WebPage","@id":"https:\/\/vortice.rocks\/clientes\/tierraviva\/pueblo-yshir-continua-la-lucha-por-la-recuperacion-de-su-territorio\/","url":"https:\/\/vortice.rocks\/clientes\/tierraviva\/pueblo-yshir-continua-la-lucha-por-la-recuperacion-de-su-territorio\/","name":"Pueblo Yshir contin\u00faa la lucha por la recuperaci\u00f3n de su territorio. - Tierraviva","isPartOf":{"@id":"https:\/\/vortice.rocks\/clientes\/tierraviva\/#website"},"datePublished":"2020-03-12T21:22:36+00:00","dateModified":"2020-03-12T21:22:36+00:00","author":{"@id":"https:\/\/vortice.rocks\/clientes\/tierraviva\/#\/schema\/person\/0652c5aad419c86cff8f8129d355edd0"},"breadcrumb":{"@id":"https:\/\/vortice.rocks\/clientes\/tierraviva\/pueblo-yshir-continua-la-lucha-por-la-recuperacion-de-su-territorio\/#breadcrumb"},"inLanguage":"es","potentialAction":[{"@type":"ReadAction","target":["https:\/\/vortice.rocks\/clientes\/tierraviva\/pueblo-yshir-continua-la-lucha-por-la-recuperacion-de-su-territorio\/"]}]},{"@type":"BreadcrumbList","@id":"https:\/\/vortice.rocks\/clientes\/tierraviva\/pueblo-yshir-continua-la-lucha-por-la-recuperacion-de-su-territorio\/#breadcrumb","itemListElement":[{"@type":"ListItem","position":1,"name":"Portada","item":"https:\/\/vortice.rocks\/clientes\/tierraviva\/"},{"@type":"ListItem","position":2,"name":"Pueblo Yshir contin\u00faa la lucha por la recuperaci\u00f3n de su territorio."}]},{"@type":"WebSite","@id":"https:\/\/vortice.rocks\/clientes\/tierraviva\/#website","url":"https:\/\/vortice.rocks\/clientes\/tierraviva\/","name":"Tierraviva","description":"","potentialAction":[{"@type":"SearchAction","target":{"@type":"EntryPoint","urlTemplate":"https:\/\/vortice.rocks\/clientes\/tierraviva\/?s={search_term_string}"},"query-input":"required name=search_term_string"}],"inLanguage":"es"},{"@type":"Person","@id":"https:\/\/vortice.rocks\/clientes\/tierraviva\/#\/schema\/person\/0652c5aad419c86cff8f8129d355edd0","name":"Santi Ortiz","image":{"@type":"ImageObject","inLanguage":"es","@id":"https:\/\/vortice.rocks\/clientes\/tierraviva\/#\/schema\/person\/image\/","url":"https:\/\/secure.gravatar.com\/avatar\/78bab899e21d2840245c1646bfc64d01?s=96&d=mm&r=g","contentUrl":"https:\/\/secure.gravatar.com\/avatar\/78bab899e21d2840245c1646bfc64d01?s=96&d=mm&r=g","caption":"Santi Ortiz"},"sameAs":["https:\/\/vortice.rocks\/clientes\/tierraviva"],"url":"https:\/\/vortice.rocks\/clientes\/tierraviva\/author\/santi-ortiz\/"}]}},"_links":{"self":[{"href":"https:\/\/vortice.rocks\/clientes\/tierraviva\/wp-json\/wp\/v2\/posts\/1928"}],"collection":[{"href":"https:\/\/vortice.rocks\/clientes\/tierraviva\/wp-json\/wp\/v2\/posts"}],"about":[{"href":"https:\/\/vortice.rocks\/clientes\/tierraviva\/wp-json\/wp\/v2\/types\/post"}],"author":[{"embeddable":true,"href":"https:\/\/vortice.rocks\/clientes\/tierraviva\/wp-json\/wp\/v2\/users\/5"}],"replies":[{"embeddable":true,"href":"https:\/\/vortice.rocks\/clientes\/tierraviva\/wp-json\/wp\/v2\/comments?post=1928"}],"version-history":[{"count":1,"href":"https:\/\/vortice.rocks\/clientes\/tierraviva\/wp-json\/wp\/v2\/posts\/1928\/revisions"}],"predecessor-version":[{"id":1930,"href":"https:\/\/vortice.rocks\/clientes\/tierraviva\/wp-json\/wp\/v2\/posts\/1928\/revisions\/1930"}],"wp:featuredmedia":[{"embeddable":true,"href":"https:\/\/vortice.rocks\/clientes\/tierraviva\/wp-json\/wp\/v2\/media\/1929"}],"wp:attachment":[{"href":"https:\/\/vortice.rocks\/clientes\/tierraviva\/wp-json\/wp\/v2\/media?parent=1928"}],"wp:term":[{"taxonomy":"category","embeddable":true,"href":"https:\/\/vortice.rocks\/clientes\/tierraviva\/wp-json\/wp\/v2\/categories?post=1928"},{"taxonomy":"post_tag","embeddable":true,"href":"https:\/\/vortice.rocks\/clientes\/tierraviva\/wp-json\/wp\/v2\/tags?post=1928"}],"curies":[{"name":"wp","href":"https:\/\/api.w.org\/{rel}","templated":true}]}}