{"id":1933,"date":"2020-04-01T16:00:31","date_gmt":"2020-04-01T20:00:31","guid":{"rendered":"https:\/\/vortice.rocks\/clientes\/tierraviva\/?p=1933"},"modified":"2020-04-01T19:27:57","modified_gmt":"2020-04-01T23:27:57","slug":"protocolo-orientativo-a-comunidades-indigenas-en-el-marco-de-la-emergencia-sanitaria-por-coronavirus","status":"publish","type":"post","link":"https:\/\/vortice.rocks\/clientes\/tierraviva\/protocolo-orientativo-a-comunidades-indigenas-en-el-marco-de-la-emergencia-sanitaria-por-coronavirus\/","title":{"rendered":"Protocolo orientativo a comunidades ind\u00edgenas en el marco de la Emergencia Sanitaria por Coronavirus"},"content":{"rendered":"<p><span class=\"TextRun SCXW142635846 BCX0\" lang=\"ES-PY\" xml:lang=\"ES-PY\" data-contrast=\"auto\"><span class=\"NormalTextRun SCXW142635846 BCX0\" data-wac-het=\"1\">El presente documento fue elaborado y articulado desde\u00a0<\/span><span class=\"SpellingError SCXW142635846 BCX0\" data-wac-het=\"1\">Tierraviva<\/span><span class=\"NormalTextRun SCXW142635846 BCX0\" data-wac-het=\"1\">\u00a0a los Pueblos Ind\u00edgenas del Chaco, recogiendo indicaciones que fueron extra\u00eddas desde las propias directrices del Estado paraguayo a la poblaci\u00f3n en general, de los lineamientos t\u00e9cnicos espec\u00edficos para la prevenci\u00f3n de COVID-19 en Territorios ind\u00edgenas elaborado por el Ministerio de Salud de Costa Rica y del material elaborado por el Grupo de Trabajo Internacional sobre los Pueblos Ind\u00edgenas en Situaci\u00f3n de Aislamiento y Contacto Inicial en la Amazon\u00eda y Chaco \u2013 GTI PIACI, que congrega 20 organizaciones ind\u00edgenas y aliadas de siete pa\u00edses de Am\u00e9rica del Sur; haciendo el esfuerzo de adaptarlas a la realidad ind\u00edgena y a la particularidad que asiste a sus derechos. Finalmente, se se\u00f1ala que el presente material cont\u00f3 con la colaboraci\u00f3n de las Doctoras Maida Barrios, ex Directora de la XV Regi\u00f3n Sanitaria y actual Directora de APS y\u00a0 Dalila Oviedo, ex Directora de la XV Regi\u00f3n Sanitaria y actual Directora Nacional de la Direcci\u00f3n Nacional de Salud de los<\/span><\/span><span class=\"TextRun SCXW142635846 BCX0\" lang=\"ES-PY\" xml:lang=\"ES-PY\" data-contrast=\"none\"><span class=\"NormalTextRun SCXW142635846 BCX0\" data-wac-het=\"1\">\u00a0<\/span><\/span><span class=\"TextRun SCXW142635846 BCX0\" lang=\"ES-PY\" xml:lang=\"ES-PY\" data-contrast=\"auto\"><span class=\"NormalTextRun SCXW142635846 BCX0\" data-wac-het=\"1\">Pueblos Ind\u00edgenas (DINASAPI),\u00a0 y del doctor\u00a0<\/span><\/span><span class=\"TextRun SCXW142635846 BCX0\" lang=\"ES-PY\" xml:lang=\"ES-PY\" data-contrast=\"auto\"><span class=\"SpellingError SCXW142635846 BCX0\" data-wac-het=\"1\">Adenir<\/span><\/span><span class=\"TextRun SCXW142635846 BCX0\" lang=\"ES-PY\" xml:lang=\"ES-PY\" data-contrast=\"auto\"><span class=\"NormalTextRun SCXW142635846 BCX0\" data-wac-het=\"1\">\u00a0Solano, M\u00e9dico Residente ind\u00edgena del Pueblo\u00a0<\/span><\/span><span class=\"TextRun SCXW142635846 BCX0\" lang=\"ES-PY\" xml:lang=\"ES-PY\" data-contrast=\"auto\"><span class=\"SpellingError SCXW142635846 BCX0\" data-wac-het=\"1\">Enxet<\/span><\/span><span class=\"TextRun SCXW142635846 BCX0\" lang=\"ES-PY\" xml:lang=\"ES-PY\" data-contrast=\"auto\"><span class=\"NormalTextRun SCXW142635846 BCX0\" data-wac-het=\"1\">, quien adem\u00e1s del componente sanitario correcto, corrobor\u00f3 la pertinencia de la\u00a0<\/span><\/span><span class=\"TextRun SCXW142635846 BCX0\" lang=\"ES-PY\" xml:lang=\"ES-PY\" data-contrast=\"auto\"><span class=\"SpellingError SCXW142635846 BCX0\" data-wac-het=\"1\">interculturalizaci\u00f3n<\/span><\/span><span class=\"TextRun SCXW142635846 BCX0\" lang=\"ES-PY\" xml:lang=\"ES-PY\" data-contrast=\"auto\"><span class=\"NormalTextRun SCXW142635846 BCX0\" data-wac-het=\"1\">\u00a0propuesta. El documento fue revisado por el Dr. Guillermo\u00a0<\/span><\/span><span class=\"TextRun SCXW142635846 BCX0\" lang=\"ES-PY\" xml:lang=\"ES-PY\" data-contrast=\"auto\"><span class=\"SpellingError SCXW142635846 BCX0\" data-wac-het=\"1\">Sequera<\/span><\/span><span class=\"TextRun SCXW142635846 BCX0\" lang=\"ES-PY\" xml:lang=\"ES-PY\" data-contrast=\"auto\"><span class=\"NormalTextRun SCXW142635846 BCX0\" data-wac-het=\"1\">, de Vigilancia Sanitaria del\u00a0<\/span><span class=\"SpellingError SCXW142635846 BCX0\" data-wac-het=\"1\">MSPyBS y Presentado al Centro de Operaciones de Emergencia (COE)<\/span><\/span><\/p>\n<p><a href=\"https:\/\/vortice.rocks\/clientes\/tierraviva\/wp-content\/uploads\/2020\/04\/Protocolo-Revisado-coe-3-1.pdf\">Protocolo Orientativo a Comunidades Ind\u00edgenas<\/a><\/p>\n","protected":false},"excerpt":{"rendered":"<p>El presente documento fue elaborado y articulado desde\u00a0Tierraviva\u00a0a los Pueblos Ind\u00edgenas del Chaco, recogiendo indicaciones que fueron extra\u00eddas desde las propias directrices del Estado paraguayo a la poblaci\u00f3n en general, de los lineamientos t\u00e9cnicos espec\u00edficos para la prevenci\u00f3n de COVID-19 en Territorios ind\u00edgenas elaborado por el Ministerio de Salud de Costa Rica y del material<a class=\"more-link\" href=\"https:\/\/vortice.rocks\/clientes\/tierraviva\/protocolo-orientativo-a-comunidades-indigenas-en-el-marco-de-la-emergencia-sanitaria-por-coronavirus\/\">Seguir leyendo <span class=\"screen-reader-text\">&#8220;Protocolo orientativo a comunidades ind\u00edgenas en el marco de la Emergencia Sanitaria por Coronavirus&#8221;<\/span><\/a><\/p>\n","protected":false},"author":5,"featured_media":1937,"comment_status":"open","ping_status":"open","sticky":false,"template":"","format":"standard","meta":{"_exactmetrics_skip_tracking":false,"_exactmetrics_sitenote_active":false,"_exactmetrics_sitenote_note":"","_exactmetrics_sitenote_category":0,"footnotes":""},"categories":[3],"tags":[],"yoast_head":"<!-- This site is optimized with the Yoast SEO plugin v21.7 - https:\/\/yoast.com\/wordpress\/plugins\/seo\/ -->\n<title>Protocolo orientativo a comunidades ind\u00edgenas en el marco de la Emergencia Sanitaria por Coronavirus - Tierraviva<\/title>\n<meta name=\"robots\" content=\"index, follow, max-snippet:-1, max-image-preview:large, max-video-preview:-1\" \/>\n<link rel=\"canonical\" href=\"https:\/\/vortice.rocks\/clientes\/tierraviva\/protocolo-orientativo-a-comunidades-indigenas-en-el-marco-de-la-emergencia-sanitaria-por-coronavirus\/\" \/>\n<meta property=\"og:locale\" content=\"es_ES\" \/>\n<meta property=\"og:type\" content=\"article\" \/>\n<meta property=\"og:title\" content=\"Protocolo orientativo a comunidades ind\u00edgenas en el marco de la Emergencia Sanitaria por Coronavirus - Tierraviva\" \/>\n<meta property=\"og:description\" content=\"El presente documento fue elaborado y articulado desde\u00a0Tierraviva\u00a0a los Pueblos Ind\u00edgenas del Chaco, recogiendo indicaciones que fueron extra\u00eddas desde las propias directrices del Estado paraguayo a la poblaci\u00f3n en general, de los lineamientos t\u00e9cnicos espec\u00edficos para la prevenci\u00f3n de COVID-19 en Territorios ind\u00edgenas elaborado por el Ministerio de Salud de Costa Rica y del materialSeguir leyendo &quot;Protocolo orientativo a comunidades ind\u00edgenas en el marco de la Emergencia Sanitaria por Coronavirus&quot;\" \/>\n<meta property=\"og:url\" content=\"https:\/\/vortice.rocks\/clientes\/tierraviva\/protocolo-orientativo-a-comunidades-indigenas-en-el-marco-de-la-emergencia-sanitaria-por-coronavirus\/\" \/>\n<meta property=\"og:site_name\" content=\"Tierraviva\" \/>\n<meta property=\"article:publisher\" content=\"https:\/\/www.facebook.com\/Tierraviva-a-los-pueblos-indigenas-del-Chaco-217328148281564\/\" \/>\n<meta property=\"article:published_time\" content=\"2020-04-01T20:00:31+00:00\" \/>\n<meta property=\"article:modified_time\" content=\"2020-04-01T23:27:57+00:00\" \/>\n<meta property=\"og:image\" content=\"https:\/\/vortice.rocks\/clientes\/tierraviva\/wp-content\/uploads\/2020\/04\/QuedateEnTuComunidad-1.jpg\" \/>\n\t<meta property=\"og:image:width\" content=\"1080\" \/>\n\t<meta property=\"og:image:height\" content=\"1080\" \/>\n\t<meta property=\"og:image:type\" content=\"image\/jpeg\" \/>\n<meta name=\"author\" content=\"Santi Ortiz\" \/>\n<meta name=\"twitter:label1\" content=\"Escrito por\" \/>\n\t<meta name=\"twitter:data1\" content=\"Santi Ortiz\" \/>\n\t<meta name=\"twitter:label2\" content=\"Tiempo de lectura\" \/>\n\t<meta name=\"twitter:data2\" content=\"1 minuto\" \/>\n<script type=\"application\/ld+json\" class=\"yoast-schema-graph\">{\"@context\":\"https:\/\/schema.org\",\"@graph\":[{\"@type\":\"WebPage\",\"@id\":\"https:\/\/vortice.rocks\/clientes\/tierraviva\/protocolo-orientativo-a-comunidades-indigenas-en-el-marco-de-la-emergencia-sanitaria-por-coronavirus\/\",\"url\":\"https:\/\/vortice.rocks\/clientes\/tierraviva\/protocolo-orientativo-a-comunidades-indigenas-en-el-marco-de-la-emergencia-sanitaria-por-coronavirus\/\",\"name\":\"Protocolo orientativo a comunidades ind\u00edgenas en el marco de la Emergencia Sanitaria por Coronavirus - Tierraviva\",\"isPartOf\":{\"@id\":\"https:\/\/vortice.rocks\/clientes\/tierraviva\/#website\"},\"datePublished\":\"2020-04-01T20:00:31+00:00\",\"dateModified\":\"2020-04-01T23:27:57+00:00\",\"author\":{\"@id\":\"https:\/\/vortice.rocks\/clientes\/tierraviva\/#\/schema\/person\/0652c5aad419c86cff8f8129d355edd0\"},\"breadcrumb\":{\"@id\":\"https:\/\/vortice.rocks\/clientes\/tierraviva\/protocolo-orientativo-a-comunidades-indigenas-en-el-marco-de-la-emergencia-sanitaria-por-coronavirus\/#breadcrumb\"},\"inLanguage\":\"es\",\"potentialAction\":[{\"@type\":\"ReadAction\",\"target\":[\"https:\/\/vortice.rocks\/clientes\/tierraviva\/protocolo-orientativo-a-comunidades-indigenas-en-el-marco-de-la-emergencia-sanitaria-por-coronavirus\/\"]}]},{\"@type\":\"BreadcrumbList\",\"@id\":\"https:\/\/vortice.rocks\/clientes\/tierraviva\/protocolo-orientativo-a-comunidades-indigenas-en-el-marco-de-la-emergencia-sanitaria-por-coronavirus\/#breadcrumb\",\"itemListElement\":[{\"@type\":\"ListItem\",\"position\":1,\"name\":\"Portada\",\"item\":\"https:\/\/vortice.rocks\/clientes\/tierraviva\/\"},{\"@type\":\"ListItem\",\"position\":2,\"name\":\"Protocolo orientativo a comunidades ind\u00edgenas en el marco de la Emergencia Sanitaria por Coronavirus\"}]},{\"@type\":\"WebSite\",\"@id\":\"https:\/\/vortice.rocks\/clientes\/tierraviva\/#website\",\"url\":\"https:\/\/vortice.rocks\/clientes\/tierraviva\/\",\"name\":\"Tierraviva\",\"description\":\"\",\"potentialAction\":[{\"@type\":\"SearchAction\",\"target\":{\"@type\":\"EntryPoint\",\"urlTemplate\":\"https:\/\/vortice.rocks\/clientes\/tierraviva\/?s={search_term_string}\"},\"query-input\":\"required name=search_term_string\"}],\"inLanguage\":\"es\"},{\"@type\":\"Person\",\"@id\":\"https:\/\/vortice.rocks\/clientes\/tierraviva\/#\/schema\/person\/0652c5aad419c86cff8f8129d355edd0\",\"name\":\"Santi Ortiz\",\"image\":{\"@type\":\"ImageObject\",\"inLanguage\":\"es\",\"@id\":\"https:\/\/vortice.rocks\/clientes\/tierraviva\/#\/schema\/person\/image\/\",\"url\":\"https:\/\/secure.gravatar.com\/avatar\/78bab899e21d2840245c1646bfc64d01?s=96&d=mm&r=g\",\"contentUrl\":\"https:\/\/secure.gravatar.com\/avatar\/78bab899e21d2840245c1646bfc64d01?s=96&d=mm&r=g\",\"caption\":\"Santi Ortiz\"},\"sameAs\":[\"https:\/\/vortice.rocks\/clientes\/tierraviva\"],\"url\":\"https:\/\/vortice.rocks\/clientes\/tierraviva\/author\/santi-ortiz\/\"}]}<\/script>\n<!-- \/ Yoast SEO plugin. -->","yoast_head_json":{"title":"Protocolo orientativo a comunidades ind\u00edgenas en el marco de la Emergencia Sanitaria por Coronavirus - Tierraviva","robots":{"index":"index","follow":"follow","max-snippet":"max-snippet:-1","max-image-preview":"max-image-preview:large","max-video-preview":"max-video-preview:-1"},"canonical":"https:\/\/vortice.rocks\/clientes\/tierraviva\/protocolo-orientativo-a-comunidades-indigenas-en-el-marco-de-la-emergencia-sanitaria-por-coronavirus\/","og_locale":"es_ES","og_type":"article","og_title":"Protocolo orientativo a comunidades ind\u00edgenas en el marco de la Emergencia Sanitaria por Coronavirus - Tierraviva","og_description":"El presente documento fue elaborado y articulado desde\u00a0Tierraviva\u00a0a los Pueblos Ind\u00edgenas del Chaco, recogiendo indicaciones que fueron extra\u00eddas desde las propias directrices del Estado paraguayo a la poblaci\u00f3n en general, de los lineamientos t\u00e9cnicos espec\u00edficos para la prevenci\u00f3n de COVID-19 en Territorios ind\u00edgenas elaborado por el Ministerio de Salud de Costa Rica y del materialSeguir leyendo \"Protocolo orientativo a comunidades ind\u00edgenas en el marco de la Emergencia Sanitaria por Coronavirus\"","og_url":"https:\/\/vortice.rocks\/clientes\/tierraviva\/protocolo-orientativo-a-comunidades-indigenas-en-el-marco-de-la-emergencia-sanitaria-por-coronavirus\/","og_site_name":"Tierraviva","article_publisher":"https:\/\/www.facebook.com\/Tierraviva-a-los-pueblos-indigenas-del-Chaco-217328148281564\/","article_published_time":"2020-04-01T20:00:31+00:00","article_modified_time":"2020-04-01T23:27:57+00:00","og_image":[{"width":1080,"height":1080,"url":"https:\/\/vortice.rocks\/clientes\/tierraviva\/wp-content\/uploads\/2020\/04\/QuedateEnTuComunidad-1.jpg","type":"image\/jpeg"}],"author":"Santi Ortiz","twitter_misc":{"Escrito por":"Santi Ortiz","Tiempo de lectura":"1 minuto"},"schema":{"@context":"https:\/\/schema.org","@graph":[{"@type":"WebPage","@id":"https:\/\/vortice.rocks\/clientes\/tierraviva\/protocolo-orientativo-a-comunidades-indigenas-en-el-marco-de-la-emergencia-sanitaria-por-coronavirus\/","url":"https:\/\/vortice.rocks\/clientes\/tierraviva\/protocolo-orientativo-a-comunidades-indigenas-en-el-marco-de-la-emergencia-sanitaria-por-coronavirus\/","name":"Protocolo orientativo a comunidades ind\u00edgenas en el marco de la Emergencia Sanitaria por Coronavirus - Tierraviva","isPartOf":{"@id":"https:\/\/vortice.rocks\/clientes\/tierraviva\/#website"},"datePublished":"2020-04-01T20:00:31+00:00","dateModified":"2020-04-01T23:27:57+00:00","author":{"@id":"https:\/\/vortice.rocks\/clientes\/tierraviva\/#\/schema\/person\/0652c5aad419c86cff8f8129d355edd0"},"breadcrumb":{"@id":"https:\/\/vortice.rocks\/clientes\/tierraviva\/protocolo-orientativo-a-comunidades-indigenas-en-el-marco-de-la-emergencia-sanitaria-por-coronavirus\/#breadcrumb"},"inLanguage":"es","potentialAction":[{"@type":"ReadAction","target":["https:\/\/vortice.rocks\/clientes\/tierraviva\/protocolo-orientativo-a-comunidades-indigenas-en-el-marco-de-la-emergencia-sanitaria-por-coronavirus\/"]}]},{"@type":"BreadcrumbList","@id":"https:\/\/vortice.rocks\/clientes\/tierraviva\/protocolo-orientativo-a-comunidades-indigenas-en-el-marco-de-la-emergencia-sanitaria-por-coronavirus\/#breadcrumb","itemListElement":[{"@type":"ListItem","position":1,"name":"Portada","item":"https:\/\/vortice.rocks\/clientes\/tierraviva\/"},{"@type":"ListItem","position":2,"name":"Protocolo orientativo a comunidades ind\u00edgenas en el marco de la Emergencia Sanitaria por Coronavirus"}]},{"@type":"WebSite","@id":"https:\/\/vortice.rocks\/clientes\/tierraviva\/#website","url":"https:\/\/vortice.rocks\/clientes\/tierraviva\/","name":"Tierraviva","description":"","potentialAction":[{"@type":"SearchAction","target":{"@type":"EntryPoint","urlTemplate":"https:\/\/vortice.rocks\/clientes\/tierraviva\/?s={search_term_string}"},"query-input":"required name=search_term_string"}],"inLanguage":"es"},{"@type":"Person","@id":"https:\/\/vortice.rocks\/clientes\/tierraviva\/#\/schema\/person\/0652c5aad419c86cff8f8129d355edd0","name":"Santi Ortiz","image":{"@type":"ImageObject","inLanguage":"es","@id":"https:\/\/vortice.rocks\/clientes\/tierraviva\/#\/schema\/person\/image\/","url":"https:\/\/secure.gravatar.com\/avatar\/78bab899e21d2840245c1646bfc64d01?s=96&d=mm&r=g","contentUrl":"https:\/\/secure.gravatar.com\/avatar\/78bab899e21d2840245c1646bfc64d01?s=96&d=mm&r=g","caption":"Santi Ortiz"},"sameAs":["https:\/\/vortice.rocks\/clientes\/tierraviva"],"url":"https:\/\/vortice.rocks\/clientes\/tierraviva\/author\/santi-ortiz\/"}]}},"_links":{"self":[{"href":"https:\/\/vortice.rocks\/clientes\/tierraviva\/wp-json\/wp\/v2\/posts\/1933"}],"collection":[{"href":"https:\/\/vortice.rocks\/clientes\/tierraviva\/wp-json\/wp\/v2\/posts"}],"about":[{"href":"https:\/\/vortice.rocks\/clientes\/tierraviva\/wp-json\/wp\/v2\/types\/post"}],"author":[{"embeddable":true,"href":"https:\/\/vortice.rocks\/clientes\/tierraviva\/wp-json\/wp\/v2\/users\/5"}],"replies":[{"embeddable":true,"href":"https:\/\/vortice.rocks\/clientes\/tierraviva\/wp-json\/wp\/v2\/comments?post=1933"}],"version-history":[{"count":5,"href":"https:\/\/vortice.rocks\/clientes\/tierraviva\/wp-json\/wp\/v2\/posts\/1933\/revisions"}],"predecessor-version":[{"id":1938,"href":"https:\/\/vortice.rocks\/clientes\/tierraviva\/wp-json\/wp\/v2\/posts\/1933\/revisions\/1938"}],"wp:featuredmedia":[{"embeddable":true,"href":"https:\/\/vortice.rocks\/clientes\/tierraviva\/wp-json\/wp\/v2\/media\/1937"}],"wp:attachment":[{"href":"https:\/\/vortice.rocks\/clientes\/tierraviva\/wp-json\/wp\/v2\/media?parent=1933"}],"wp:term":[{"taxonomy":"category","embeddable":true,"href":"https:\/\/vortice.rocks\/clientes\/tierraviva\/wp-json\/wp\/v2\/categories?post=1933"},{"taxonomy":"post_tag","embeddable":true,"href":"https:\/\/vortice.rocks\/clientes\/tierraviva\/wp-json\/wp\/v2\/tags?post=1933"}],"curies":[{"name":"wp","href":"https:\/\/api.w.org\/{rel}","templated":true}]}}