{"id":1945,"date":"2020-04-12T19:42:50","date_gmt":"2020-04-12T23:42:50","guid":{"rendered":"https:\/\/vortice.rocks\/clientes\/tierraviva\/?p=1945"},"modified":"2020-04-12T19:42:50","modified_gmt":"2020-04-12T23:42:50","slug":"el-hambre-golpea-a-las-comunidades-indigenas-ante-la-falta-de-asistencia","status":"publish","type":"post","link":"https:\/\/vortice.rocks\/clientes\/tierraviva\/el-hambre-golpea-a-las-comunidades-indigenas-ante-la-falta-de-asistencia\/","title":{"rendered":"El hambre golpea a las comunidades Ind\u00edgenas ante la falta de asistencia."},"content":{"rendered":"<p dir=\"ltr\">Tras m\u00e1s de un mes de haberse iniciado la cuarentena decretada por el gobierno para hacer frente al avance de la epidemia de coronavirus, varias comunidades ind\u00edgenas del Chaco se encuentran atravesando una dif\u00edcil situaci\u00f3n debido a la falta de asistencia\u00a0 por parte de las autoridades. Muchas familias se\u00f1alan que no tienen provistas y la falta de alimentos ya provoca hambre en varias comunidades.<\/p>\n<p dir=\"ltr\">A continuaci\u00f3n compartimos los testimonios de l\u00edderes y pobladores\/as de comunidades ind\u00edgenas que relataron la dif\u00edcil situaci\u00f3n que est\u00e1n atravesando.<\/p>\n<p dir=\"ltr\"><strong>No llegan bolsas de alimentos a Comunidad ind\u00edgena El Estribo<\/strong><\/p>\n<p dir=\"ltr\">Las 11 aldeas que forman parte de la comunidad ind\u00edgena El Estribo del Pueblo Enxet en el distrito de Irala Fern\u00e1ndez (Pte Hayes) denuncian que hasta el momento no les llegan las bolsas de alimentos anunciados por el Gobierno Nacional para asistir a los ind\u00edgenas dentro de la emergencia\u00a0 por el Coronavirus Covid 19. Llevan un mes cumpliendo estrictamente con las disposiciones sanitarias de aislarse en sus comunidades y la tan anunciada asistencia estatal nunca les lleg\u00f3.\u00a0 Igualmente manifiestan su indignaci\u00f3n por la falta del pago de las cuotas por el programa Tekopor\u00e4. Desde el Ministerio de Desarrollo Social MDS anunciaron que adelantar\u00edan el pago de 5 cuotas sin embargo hasta el momento no se efectivizaron.<\/p>\n<p dir=\"ltr\">Eliodoro Caba\u00f1as, comunicador ind\u00edgena de la Aldea Karanda, de El Estribo e integrante de la Red de Veedur\u00eda Juvenil Ind\u00edgena durante el programa especial de Devuelvan Nuestra Tierra por el Viernes Santo, emitido por Radio Pa\u2019i Puku, inform\u00f3 que los l\u00edderes de las 11 aldeas el pr\u00f3ximo lunes 13 de abril determinar\u00e1n las acciones a realizarse porque ya est\u00e1n pasando muchas necesidades, entre ellas hambre.<\/p>\n<p dir=\"ltr\">http:\/\/www.ivoox.com\/49899687<\/p>\n<p dir=\"ltr\">&#8220;\u00bf<strong>Qu\u00e9 pasar\u00e1 de nuestros hijos con hambre?&#8221;.<\/strong><\/p>\n<p dir=\"ltr\">Tito Recalde es del Pueblo Qom de Cerrito, en el distrito de Benjam\u00edn Aceval (Pte Hayes)\u00a0 donde igualmente existen otras comunidades entre ellas,\u00a0 el grupo Rosario, Cerrite\u00f1o, R\u00edo Verde, Santa Rosa, etc. Durante su partici\u00f3n en el programa especial de Devuelvan Nuestra Tierra emitido por Radio Pa\u2019i Puku del viernes santo, expres\u00f3 con mucha congoja la gran preocupaci\u00f3n de las poblaciones ind\u00edgenas en la zona pues est\u00e1n con problemas de alimentaci\u00f3n a pesar de estar viviendo muy cerca de Asunci\u00f3n lo cual aparentemente facilitar\u00eda a las autoridades para la asistencia r\u00e1pida por el Coronavirus pero hasta el momento nada pudieron recibir del Estado.<\/p>\n<p dir=\"ltr\">&#8220;Ya se siente la escasez de alimentaci\u00f3n en la poblaci\u00f3n, recurrimos ante las instituciones como el caso de la Municipalidad de Benjam\u00edn Aceval, la Gobernaci\u00f3n de Presidente Hayes, el INDI, pero nada conseguimos, entre ellos se pasan las pelotas en cuantos a sus responsabilidades en el marco de la emergencia sanitaria, una l\u00e1stima que nos tengan as\u00ed, ya llevamos un mes de cuarentena, dijo el l\u00edder ind\u00edgena&#8221;.<\/p>\n<p dir=\"ltr\"><a href=\"http:\/\/www.ivoox.com\/49901643\">http:\/\/www.ivoox.com\/49901643<\/a><\/p>\n<p dir=\"ltr\">Las comunidades ind\u00edgenas se encuentran muy preocupadas por el Coronavirus Covid 19 para que no les afecte y por esta raz\u00f3n cumplen estrictamente las recomendaciones como tambi\u00e9n las medidas adoptadas por el gobierno paraguayo para evitar la expansi\u00f3n del virus.<\/p>\n<p dir=\"ltr\">Esto seg\u00fan coment\u00f3 durante el programa Devuelvan Nuestra Tierra por radio Pa\u2019i Puku Floris Yegros, de la Comunidad Nivacle Unida, aldea Centro Yalve Sanga, del distrito de Loma Plata en el departamento de Boquer\u00f3n.<br \/>\nEn la comunidad se cumple las medidas sanitarias, se establecieron sistemas de seguridad para evitar la entrada de gente no ind\u00edgena pero hay una realidad bastante preocupante cual es la no asistencia del Estado en cuanto a la provisi\u00f3n de alimentos dentro de la emergencia sanitaria. Otro detalle no menor\u00a0 es el acceso al alcohol en gel que no todos tienen posibilidades por el costo que representa y los ind\u00edgenas no disponen de dinero para comprarlo.<\/p>\n<p dir=\"ltr\">Muy pocos\u00a0 salen a trabajar, las provisiones escasean, ya no hay nada en las comunidades, seg\u00fan cuenta la lideresa ind\u00edgena al puntualizar que la falta de alimentaci\u00f3n es una realidad muy preocupante en las comunidades ind\u00edgenas. De parte de la Municipalidad de Loma Plata nada recibieron a pesar de las promesas dadas por parte de las autoridades.<\/p>\n<p dir=\"ltr\">En cuanto a la realidad de la mujer en este momento dif\u00edcil, Floris Yegros, quien igualmente es integrante de la Red de Veedur\u00eda Juvenil Ind\u00edgena, dijo que las mismas se quedan en sus casas haciendo lo que pueden, las madres alimentando a sus hijos. A veces la madre ind\u00edgena no come para alimentar a su hijo o come una sola vez al d\u00eda, dijo pintando la cruda realidad\u00a0 la cual est\u00e1n pasando los ind\u00edgenas dentro de esta emergencia en el pa\u00eds por el coronavirus.<\/p>\n<p dir=\"ltr\"><a href=\"http:\/\/www.ivoox.com\/49902613\">http:\/\/www.ivoox.com\/49902613<\/a><\/p>\n<p dir=\"ltr\"><strong>El hambre, sufrimiento diario y silencioso de comunidades ind\u00edgenas<\/strong><\/p>\n<p>En Paraguay estamos a un mes de iniciada la cuarentena por la pandemia del Coronavirus Covid 19, la poblaci\u00f3n sigue aislada cumpliendo las medidas sanitarias adoptadas por el Gobierno. Quienes estrictamente cumplen la disposici\u00f3n son las poblaciones ind\u00edgenas cuyas necesidades son tremendas y urgentes de resolver<br \/>\nAmancio Pinasco, Angaite Aldea Karoa\u2019i, comunidad La Patria, distrito Pto Pinasco (Pte Hayes), durante el programa Devuelvan Nuestra Tierra por Radio Pa\u2019i Puku, dijo que en la zona cumplen acabadamente con la medida sanitaria, no salen de sus comunidades, toman las disposiciones de seguridad, esperando la tan anunciada entrega de alimentos por parte del Estado, hecho que hasta el momento no se ha concretado.<\/p>\n<p>En La Patria son 18 las aldeas de los ind\u00edgenas de una poblaci\u00f3n con m\u00e1s de 1000 familias y en ninguna de estas comunidades llega la ayuda estatal por la crisis sanitaria. Actualmente el camino de entrada a la comunidad se encuentra en \u00f3ptimas condiciones, no hay excusa para que no lleguen los camiones llevando los v\u00edveres. Incluso hay posibilidades de llegar hasta las propias aldeas porque los caminos internos igualmente se encuentran en buen estado<\/p>\n<p dir=\"ltr\">La gente est\u00e1 pasando hambre, anteriormente se vend\u00eda miel y ahora todo est\u00e1 parado. Nos pidieron que nos quedemos en nuestra comunidad y as\u00ed lo hicimos, esperando la ayuda estatal, cosa que nunca lleg\u00f3. El pobre ind\u00edgena es el que sufre, dijo Amancio<\/p>\n<p dir=\"ltr\"><a href=\"https:\/\/www.ivoox.com\/_ik_descarga-app_1.html?redirstore=1&amp;referrer=utm_source%3Dfichapodcast_amp_audiolist%26utm_medium%3Dmodal_recommend%26utm_campaign%3Dget_app_podcast_amp%26utm_content%3DAUDIO_49913784&amp;ct=fichapodcast_amp&amp;mt=8\">http:\/\/www.ivoox.com\/49913784<\/a><\/p>\n<p dir=\"ltr\"><strong>Pueblo Mbya Guaran\u00ed de Caazapa sin ayuda estatal por COVID 19<\/strong><\/p>\n<p dir=\"ltr\">Adriano Centuri\u00f3n, cacique y docente de Yt\u00fc Tuparenda, distrito de Ava\u2019i \u2013 Caazap\u00e1, dijo que en la zona al menos los ind\u00edgenas no reciben las bolsas de alimentos distribuidas por el Estado en el marco de la emergencia sanitaria del COVID 19.<\/p>\n<p dir=\"ltr\">No llega el apoyo del gobierno, vivimos en el \u00faltimo rinc\u00f3n del departamento de Caazap\u00e1, somos varias comunidades del pueblo Mbya Guaran\u00ed sin asistencia del Estado, dijo el l\u00edder ind\u00edgena quien aprovech\u00f3 la entrevista radial para dirigirse al presidente Mario Abdo Ben\u00edtez y al ministro de la SEN Joaqu\u00edn Roa a fin de rogarles la urgente asistencia estatal a las poblaciones ind\u00edgenas del lugar. Por este medio pido a las autoridades que urgentemente nos asista, nuestros hijos est\u00e1n pasando hambre, indic\u00f3.<\/p>\n<p dir=\"ltr\">En cuanto al almuerzo escolar en las escuelas ind\u00edgenas, Adriano Centuri\u00f3n, asegura que en lo que va del a\u00f1o absolutamente ning\u00fan bocado recibieron los alumnos. No llega el almuerzo, las autoridades ni visitan la escuela ind\u00edgena, manifest\u00f3 al tiempo de agregar que si tuviesen apoyo del gobierno para que los chicos se capaciten y est\u00e9n preparados, la realidad ind\u00edgena iba ser muy distinta.<\/p>\n<p dir=\"ltr\"><a href=\"https:\/\/us.ivoox.com\/es\/49915059\"> http:\/\/www.ivoox.com\/49915059<\/a><\/p>\n<p dir=\"ltr\"><strong>Olla popular en Puerto Diana.<\/strong><\/p>\n<p dir=\"ltr\">Los miembros de la comunidad ind\u00edgena de Puerto Diana, de la Naci\u00f3n Yshir, en el distrito de Bah\u00eda Negra \u2013 Alto Paraguay organizan ollas populares para hacer frente al momento actual por la crisis del Coronavirus. En cuanto a la pandemia no se reportan casos de personas afectadas por el COVID 19 pero si precisan de la entrega de los kits de alimentos, seg\u00fan cuenta Marciano Barboza, poblador del lugar en contacto con el programa Devuelvan Nuestra Tierra por radio Pa\u2019i Puku. Inform\u00f3 igualmente que las ayudas no llegan en las otras comunidades ind\u00edgenas como el caso de Puerto Esperanza y Karcha Balut.<\/p>\n<p dir=\"ltr\"><a href=\"https:\/\/us.ivoox.com\/es\/49921184\">http:\/\/www.ivoox.com\/49921184<\/a><\/p>\n","protected":false},"excerpt":{"rendered":"<p>Tras m\u00e1s de un mes de haberse iniciado la cuarentena decretada por el gobierno para hacer frente al avance de la epidemia de coronavirus, varias comunidades ind\u00edgenas del Chaco se encuentran atravesando una dif\u00edcil situaci\u00f3n debido a la falta de asistencia\u00a0 por parte de las autoridades. Muchas familias se\u00f1alan que no tienen provistas y la<a class=\"more-link\" href=\"https:\/\/vortice.rocks\/clientes\/tierraviva\/el-hambre-golpea-a-las-comunidades-indigenas-ante-la-falta-de-asistencia\/\">Seguir leyendo <span class=\"screen-reader-text\">&#8220;El hambre golpea a las comunidades Ind\u00edgenas ante la falta de asistencia.&#8221;<\/span><\/a><\/p>\n","protected":false},"author":5,"featured_media":1948,"comment_status":"open","ping_status":"open","sticky":false,"template":"","format":"standard","meta":{"_exactmetrics_skip_tracking":false,"_exactmetrics_sitenote_active":false,"_exactmetrics_sitenote_note":"","_exactmetrics_sitenote_category":0,"footnotes":""},"categories":[3],"tags":[],"yoast_head":"<!-- This site is optimized with the Yoast SEO plugin v21.7 - https:\/\/yoast.com\/wordpress\/plugins\/seo\/ -->\n<title>El hambre golpea a las comunidades Ind\u00edgenas ante la falta de asistencia. - Tierraviva<\/title>\n<meta name=\"robots\" content=\"index, follow, max-snippet:-1, max-image-preview:large, max-video-preview:-1\" \/>\n<link rel=\"canonical\" href=\"https:\/\/vortice.rocks\/clientes\/tierraviva\/el-hambre-golpea-a-las-comunidades-indigenas-ante-la-falta-de-asistencia\/\" \/>\n<meta property=\"og:locale\" content=\"es_ES\" \/>\n<meta property=\"og:type\" content=\"article\" \/>\n<meta property=\"og:title\" content=\"El hambre golpea a las comunidades Ind\u00edgenas ante la falta de asistencia. - Tierraviva\" \/>\n<meta property=\"og:description\" content=\"Tras m\u00e1s de un mes de haberse iniciado la cuarentena decretada por el gobierno para hacer frente al avance de la epidemia de coronavirus, varias comunidades ind\u00edgenas del Chaco se encuentran atravesando una dif\u00edcil situaci\u00f3n debido a la falta de asistencia\u00a0 por parte de las autoridades. Muchas familias se\u00f1alan que no tienen provistas y laSeguir leyendo &quot;El hambre golpea a las comunidades Ind\u00edgenas ante la falta de asistencia.&quot;\" \/>\n<meta property=\"og:url\" content=\"https:\/\/vortice.rocks\/clientes\/tierraviva\/el-hambre-golpea-a-las-comunidades-indigenas-ante-la-falta-de-asistencia\/\" \/>\n<meta property=\"og:site_name\" content=\"Tierraviva\" \/>\n<meta property=\"article:publisher\" content=\"https:\/\/www.facebook.com\/Tierraviva-a-los-pueblos-indigenas-del-Chaco-217328148281564\/\" \/>\n<meta property=\"article:published_time\" content=\"2020-04-12T23:42:50+00:00\" \/>\n<meta property=\"og:image\" content=\"https:\/\/vortice.rocks\/clientes\/tierraviva\/wp-content\/uploads\/2020\/04\/Kits-1.jpg\" \/>\n\t<meta property=\"og:image:width\" content=\"788\" \/>\n\t<meta property=\"og:image:height\" content=\"477\" \/>\n\t<meta property=\"og:image:type\" content=\"image\/jpeg\" \/>\n<meta name=\"author\" content=\"Santi Ortiz\" \/>\n<meta name=\"twitter:label1\" content=\"Escrito por\" \/>\n\t<meta name=\"twitter:data1\" content=\"Santi Ortiz\" \/>\n\t<meta name=\"twitter:label2\" content=\"Tiempo de lectura\" \/>\n\t<meta name=\"twitter:data2\" content=\"7 minutos\" \/>\n<script type=\"application\/ld+json\" class=\"yoast-schema-graph\">{\"@context\":\"https:\/\/schema.org\",\"@graph\":[{\"@type\":\"WebPage\",\"@id\":\"https:\/\/vortice.rocks\/clientes\/tierraviva\/el-hambre-golpea-a-las-comunidades-indigenas-ante-la-falta-de-asistencia\/\",\"url\":\"https:\/\/vortice.rocks\/clientes\/tierraviva\/el-hambre-golpea-a-las-comunidades-indigenas-ante-la-falta-de-asistencia\/\",\"name\":\"El hambre golpea a las comunidades Ind\u00edgenas ante la falta de asistencia. - Tierraviva\",\"isPartOf\":{\"@id\":\"https:\/\/vortice.rocks\/clientes\/tierraviva\/#website\"},\"datePublished\":\"2020-04-12T23:42:50+00:00\",\"dateModified\":\"2020-04-12T23:42:50+00:00\",\"author\":{\"@id\":\"https:\/\/vortice.rocks\/clientes\/tierraviva\/#\/schema\/person\/0652c5aad419c86cff8f8129d355edd0\"},\"breadcrumb\":{\"@id\":\"https:\/\/vortice.rocks\/clientes\/tierraviva\/el-hambre-golpea-a-las-comunidades-indigenas-ante-la-falta-de-asistencia\/#breadcrumb\"},\"inLanguage\":\"es\",\"potentialAction\":[{\"@type\":\"ReadAction\",\"target\":[\"https:\/\/vortice.rocks\/clientes\/tierraviva\/el-hambre-golpea-a-las-comunidades-indigenas-ante-la-falta-de-asistencia\/\"]}]},{\"@type\":\"BreadcrumbList\",\"@id\":\"https:\/\/vortice.rocks\/clientes\/tierraviva\/el-hambre-golpea-a-las-comunidades-indigenas-ante-la-falta-de-asistencia\/#breadcrumb\",\"itemListElement\":[{\"@type\":\"ListItem\",\"position\":1,\"name\":\"Portada\",\"item\":\"https:\/\/vortice.rocks\/clientes\/tierraviva\/\"},{\"@type\":\"ListItem\",\"position\":2,\"name\":\"El hambre golpea a las comunidades Ind\u00edgenas ante la falta de asistencia.\"}]},{\"@type\":\"WebSite\",\"@id\":\"https:\/\/vortice.rocks\/clientes\/tierraviva\/#website\",\"url\":\"https:\/\/vortice.rocks\/clientes\/tierraviva\/\",\"name\":\"Tierraviva\",\"description\":\"\",\"potentialAction\":[{\"@type\":\"SearchAction\",\"target\":{\"@type\":\"EntryPoint\",\"urlTemplate\":\"https:\/\/vortice.rocks\/clientes\/tierraviva\/?s={search_term_string}\"},\"query-input\":\"required name=search_term_string\"}],\"inLanguage\":\"es\"},{\"@type\":\"Person\",\"@id\":\"https:\/\/vortice.rocks\/clientes\/tierraviva\/#\/schema\/person\/0652c5aad419c86cff8f8129d355edd0\",\"name\":\"Santi Ortiz\",\"image\":{\"@type\":\"ImageObject\",\"inLanguage\":\"es\",\"@id\":\"https:\/\/vortice.rocks\/clientes\/tierraviva\/#\/schema\/person\/image\/\",\"url\":\"https:\/\/secure.gravatar.com\/avatar\/78bab899e21d2840245c1646bfc64d01?s=96&d=mm&r=g\",\"contentUrl\":\"https:\/\/secure.gravatar.com\/avatar\/78bab899e21d2840245c1646bfc64d01?s=96&d=mm&r=g\",\"caption\":\"Santi Ortiz\"},\"sameAs\":[\"https:\/\/vortice.rocks\/clientes\/tierraviva\"],\"url\":\"https:\/\/vortice.rocks\/clientes\/tierraviva\/author\/santi-ortiz\/\"}]}<\/script>\n<!-- \/ Yoast SEO plugin. -->","yoast_head_json":{"title":"El hambre golpea a las comunidades Ind\u00edgenas ante la falta de asistencia. - Tierraviva","robots":{"index":"index","follow":"follow","max-snippet":"max-snippet:-1","max-image-preview":"max-image-preview:large","max-video-preview":"max-video-preview:-1"},"canonical":"https:\/\/vortice.rocks\/clientes\/tierraviva\/el-hambre-golpea-a-las-comunidades-indigenas-ante-la-falta-de-asistencia\/","og_locale":"es_ES","og_type":"article","og_title":"El hambre golpea a las comunidades Ind\u00edgenas ante la falta de asistencia. - Tierraviva","og_description":"Tras m\u00e1s de un mes de haberse iniciado la cuarentena decretada por el gobierno para hacer frente al avance de la epidemia de coronavirus, varias comunidades ind\u00edgenas del Chaco se encuentran atravesando una dif\u00edcil situaci\u00f3n debido a la falta de asistencia\u00a0 por parte de las autoridades. Muchas familias se\u00f1alan que no tienen provistas y laSeguir leyendo \"El hambre golpea a las comunidades Ind\u00edgenas ante la falta de asistencia.\"","og_url":"https:\/\/vortice.rocks\/clientes\/tierraviva\/el-hambre-golpea-a-las-comunidades-indigenas-ante-la-falta-de-asistencia\/","og_site_name":"Tierraviva","article_publisher":"https:\/\/www.facebook.com\/Tierraviva-a-los-pueblos-indigenas-del-Chaco-217328148281564\/","article_published_time":"2020-04-12T23:42:50+00:00","og_image":[{"width":788,"height":477,"url":"https:\/\/vortice.rocks\/clientes\/tierraviva\/wp-content\/uploads\/2020\/04\/Kits-1.jpg","type":"image\/jpeg"}],"author":"Santi Ortiz","twitter_misc":{"Escrito por":"Santi Ortiz","Tiempo de lectura":"7 minutos"},"schema":{"@context":"https:\/\/schema.org","@graph":[{"@type":"WebPage","@id":"https:\/\/vortice.rocks\/clientes\/tierraviva\/el-hambre-golpea-a-las-comunidades-indigenas-ante-la-falta-de-asistencia\/","url":"https:\/\/vortice.rocks\/clientes\/tierraviva\/el-hambre-golpea-a-las-comunidades-indigenas-ante-la-falta-de-asistencia\/","name":"El hambre golpea a las comunidades Ind\u00edgenas ante la falta de asistencia. - Tierraviva","isPartOf":{"@id":"https:\/\/vortice.rocks\/clientes\/tierraviva\/#website"},"datePublished":"2020-04-12T23:42:50+00:00","dateModified":"2020-04-12T23:42:50+00:00","author":{"@id":"https:\/\/vortice.rocks\/clientes\/tierraviva\/#\/schema\/person\/0652c5aad419c86cff8f8129d355edd0"},"breadcrumb":{"@id":"https:\/\/vortice.rocks\/clientes\/tierraviva\/el-hambre-golpea-a-las-comunidades-indigenas-ante-la-falta-de-asistencia\/#breadcrumb"},"inLanguage":"es","potentialAction":[{"@type":"ReadAction","target":["https:\/\/vortice.rocks\/clientes\/tierraviva\/el-hambre-golpea-a-las-comunidades-indigenas-ante-la-falta-de-asistencia\/"]}]},{"@type":"BreadcrumbList","@id":"https:\/\/vortice.rocks\/clientes\/tierraviva\/el-hambre-golpea-a-las-comunidades-indigenas-ante-la-falta-de-asistencia\/#breadcrumb","itemListElement":[{"@type":"ListItem","position":1,"name":"Portada","item":"https:\/\/vortice.rocks\/clientes\/tierraviva\/"},{"@type":"ListItem","position":2,"name":"El hambre golpea a las comunidades Ind\u00edgenas ante la falta de asistencia."}]},{"@type":"WebSite","@id":"https:\/\/vortice.rocks\/clientes\/tierraviva\/#website","url":"https:\/\/vortice.rocks\/clientes\/tierraviva\/","name":"Tierraviva","description":"","potentialAction":[{"@type":"SearchAction","target":{"@type":"EntryPoint","urlTemplate":"https:\/\/vortice.rocks\/clientes\/tierraviva\/?s={search_term_string}"},"query-input":"required name=search_term_string"}],"inLanguage":"es"},{"@type":"Person","@id":"https:\/\/vortice.rocks\/clientes\/tierraviva\/#\/schema\/person\/0652c5aad419c86cff8f8129d355edd0","name":"Santi Ortiz","image":{"@type":"ImageObject","inLanguage":"es","@id":"https:\/\/vortice.rocks\/clientes\/tierraviva\/#\/schema\/person\/image\/","url":"https:\/\/secure.gravatar.com\/avatar\/78bab899e21d2840245c1646bfc64d01?s=96&d=mm&r=g","contentUrl":"https:\/\/secure.gravatar.com\/avatar\/78bab899e21d2840245c1646bfc64d01?s=96&d=mm&r=g","caption":"Santi Ortiz"},"sameAs":["https:\/\/vortice.rocks\/clientes\/tierraviva"],"url":"https:\/\/vortice.rocks\/clientes\/tierraviva\/author\/santi-ortiz\/"}]}},"_links":{"self":[{"href":"https:\/\/vortice.rocks\/clientes\/tierraviva\/wp-json\/wp\/v2\/posts\/1945"}],"collection":[{"href":"https:\/\/vortice.rocks\/clientes\/tierraviva\/wp-json\/wp\/v2\/posts"}],"about":[{"href":"https:\/\/vortice.rocks\/clientes\/tierraviva\/wp-json\/wp\/v2\/types\/post"}],"author":[{"embeddable":true,"href":"https:\/\/vortice.rocks\/clientes\/tierraviva\/wp-json\/wp\/v2\/users\/5"}],"replies":[{"embeddable":true,"href":"https:\/\/vortice.rocks\/clientes\/tierraviva\/wp-json\/wp\/v2\/comments?post=1945"}],"version-history":[{"count":1,"href":"https:\/\/vortice.rocks\/clientes\/tierraviva\/wp-json\/wp\/v2\/posts\/1945\/revisions"}],"predecessor-version":[{"id":1949,"href":"https:\/\/vortice.rocks\/clientes\/tierraviva\/wp-json\/wp\/v2\/posts\/1945\/revisions\/1949"}],"wp:featuredmedia":[{"embeddable":true,"href":"https:\/\/vortice.rocks\/clientes\/tierraviva\/wp-json\/wp\/v2\/media\/1948"}],"wp:attachment":[{"href":"https:\/\/vortice.rocks\/clientes\/tierraviva\/wp-json\/wp\/v2\/media?parent=1945"}],"wp:term":[{"taxonomy":"category","embeddable":true,"href":"https:\/\/vortice.rocks\/clientes\/tierraviva\/wp-json\/wp\/v2\/categories?post=1945"},{"taxonomy":"post_tag","embeddable":true,"href":"https:\/\/vortice.rocks\/clientes\/tierraviva\/wp-json\/wp\/v2\/tags?post=1945"}],"curies":[{"name":"wp","href":"https:\/\/api.w.org\/{rel}","templated":true}]}}