{"id":1957,"date":"2020-05-03T17:08:15","date_gmt":"2020-05-03T21:08:15","guid":{"rendered":"https:\/\/vortice.rocks\/clientes\/tierraviva\/?p=1957"},"modified":"2020-05-03T17:30:16","modified_gmt":"2020-05-03T21:30:16","slug":"la-pandemia-profundiza-problemas-ya-existentes-en-las-comunidades-indigenas","status":"publish","type":"post","link":"https:\/\/vortice.rocks\/clientes\/tierraviva\/la-pandemia-profundiza-problemas-ya-existentes-en-las-comunidades-indigenas\/","title":{"rendered":"&#8220;La pandemia profundiza problemas ya existentes en las comunidades ind\u00edgenas&#8221;"},"content":{"rendered":"<p><span data-contrast=\"none\">Rodrigo Villagra es\u00a0<\/span><span data-contrast=\"none\">antrop\u00f3logo<\/span><span data-contrast=\"none\">\u00a0y miembro del Directorio de la Organizaci\u00f3n\u00a0<\/span><span data-contrast=\"none\">TIerraviva<\/span><span data-contrast=\"none\">\u00a0a los Pueblos Ind\u00edgenas del Chaco; en esta nota compartimos algunas consideraciones respecto a la cr\u00edtica situaci\u00f3n que atraviesa la poblaci\u00f3n ind\u00edgena en momentos en que la actual pandemia de coronavirus se entrecruza con necesidades ya existentes en las mismas, como la falta de una alimentaci\u00f3n adecuada y el acceso a derechos b\u00e1sicos como agua potable y atenci\u00f3n en salud.<\/span><\/p>\n<p><span data-contrast=\"none\">Para Rodrigo la pandemia agudiza problemas ya existentes en las comunidades<\/span><span data-contrast=\"none\">\u00a0\u201cdebido a los problemas de desnutrici\u00f3n y mal nutrici\u00f3n, que a su vez son consecuencia de un conjunto de otros factores &#8211; como la menor oportunidad de trabajo, limitaciones de movilidad y abastecimiento, indefensi\u00f3n ante vecinos que limitan acceso a recursos naturales o utilizan\u00a0<\/span><span data-contrast=\"none\">ileg\u00edtimamente<\/span><span data-contrast=\"none\">\u00a0los de las comunidades, etc.\u201d se\u00f1ala.\u00a0<\/span><span data-ccp-props=\"{&quot;201341983&quot;:0,&quot;335551550&quot;:1,&quot;335551620&quot;:1,&quot;335559739&quot;:160,&quot;335559740&quot;:259}\">\u00a0<\/span><\/p>\n<p><span data-contrast=\"none\">La\u00a0<\/span><span data-contrast=\"none\">cuarentena<\/span><span data-contrast=\"none\">\u00a0signific\u00f3 para muchas comunidades, principalmente en el Chaco, quedarse pr\u00e1cticamente imposibilitadas de acceder a alimentos, situaci\u00f3n que se hace a\u00fan m\u00e1s cr\u00edtica debido a la insuficiente asistencia estatal. Seg\u00fan el Censo Ind\u00edgena del 2012\u00a0<\/span><span data-contrast=\"none\">aproximadamente<\/span><span data-contrast=\"none\">\u00a0el 30% de las comunidades ind\u00edgenas del pa\u00eds tiene alg\u00fan problema relacionado al acceso a la tierra y el territorio, esta situaci\u00f3n est\u00e1 directamente vinculada a la falta de seguridad alimentaria de la\u00a0<\/span><span data-contrast=\"none\">poblaci\u00f3n<\/span><span data-contrast=\"none\">\u00a0ind\u00edgena. La pobreza y pobreza extrema afectan de forma particular a la poblaci\u00f3n ind\u00edgena alcanzando a un 75 y 60% de la poblaci\u00f3n respectivamente.\u00a0<\/span><span data-ccp-props=\"{&quot;201341983&quot;:0,&quot;335551550&quot;:1,&quot;335551620&quot;:1,&quot;335559739&quot;:160,&quot;335559740&quot;:259}\">\u00a0<\/span><\/p>\n<p><span data-contrast=\"none\">\u201cAl mismo tiempo las comunidades quedan con una ausencia a\u00fan mayor de asistencia a problemas y urgencias de salud, estas relativamente son atendidas por las Unidades de Salud Familiar y los hospitales regionales y\/o nacionales, pero ahora deben priorizar la asistencia eventual para casos de COVID e impedir riesgos mayores que podr\u00eda derivar de la atenci\u00f3n\/internaci\u00f3n de otros tipos de casos\u201d indica Villagra evaluando otro de los efectos que tiene la pandemia en las comunidades ind\u00edgenas.\u00a0El Censo 2012\u00a0<\/span><span data-contrast=\"none\">indica<\/span><span data-contrast=\"none\">\u00a0que aproximadamente un 58% de las aldeas, comunidades y barrios ind\u00edgenas no cuentan con una unidad de salud familiar en su territorio y que unas 166 no reciben servicios de asistencia m\u00e9dica de forma habitual.<\/span><span data-ccp-props=\"{&quot;201341983&quot;:0,&quot;335551550&quot;:1,&quot;335551620&quot;:1,&quot;335559739&quot;:160,&quot;335559740&quot;:259}\">\u00a0<\/span><\/p>\n<p><b><span data-contrast=\"none\">\u00bfPor qu\u00e9 es fundamental la asistencia alimentaria en cantidad y calidad adecuada a la poblaci\u00f3n ind\u00edgena del Chaco?<\/span><\/b><span data-ccp-props=\"{&quot;201341983&quot;:0,&quot;335559739&quot;:160,&quot;335559740&quot;:259}\">\u00a0<\/span><\/p>\n<p><span data-contrast=\"none\">Para el\u00a0<\/span><span data-contrast=\"none\">antrop\u00f3logo<\/span><span data-contrast=\"none\">\u00a0es fundamental que la asistencia alimentaria a la poblaci\u00f3n ind\u00edgena del Chaco llegue de forma suficiente y adecuada durante la actual emergencia sanitaria ya \u201ces una poblaci\u00f3n afectada por insuficiencia de tierras, condiciones de explotaci\u00f3n o indignas e inseguras de trabajo, acceso restringido o precarizado a sus propios recursos naturales (bosques, aguas), pobreza extrema incluso en las zonas periurbanas, afectada por fen\u00f3menos clim\u00e1ticos que aumentan dicha vulnerabilidad -como sequ\u00eda e inundaciones, incendios,\u00a0<\/span><span data-contrast=\"none\">p\u00e9rdida<\/span><span data-contrast=\"none\">\u00a0de biodiversidad-, y muy limitada protecci\u00f3n social\u201d.<\/span><span data-ccp-props=\"{&quot;201341983&quot;:0,&quot;335559739&quot;:160,&quot;335559740&quot;:259}\">\u00a0<\/span><\/p>\n<p><span data-contrast=\"auto\">Al mismo tiempo,\u00a0<\/span><span data-contrast=\"auto\">Villagra<\/span><span data-contrast=\"auto\">\u00a0se\u00f1ala que no existe una planificaci\u00f3n adecuada y una asistencia integral que contemple la realidad de cada comunidad y sus necesidades espec\u00edficas \u201cla asistencia del estado se basa en una respuesta simple y espec\u00edfica a demandas urgentes\u201d indica cuestionando la insuficiencia de la asistencia estatal a las comunidades ind\u00edgenas ya que la misma \u201c<\/span><span data-contrast=\"none\">No se realiza con regularidad monitoreando los indicadores e impactos para la superaci\u00f3n de la pobreza y alcanzar seguridad alimentaria, y tampoco se da en la\u00a0cantidad necesaria para todas las comunidades, aldeas, familias y personas\u201d\u00a0\u00a0<\/span><span data-ccp-props=\"{&quot;201341983&quot;:0,&quot;335559739&quot;:160,&quot;335559740&quot;:259}\">\u00a0<\/span><\/p>\n<p><span data-contrast=\"none\">Para Villagra esta falta de asistencia alimentaria adecuada durante la pandemia puede empeorar los problemas ya existentes en las comunidades \u201cmayor mortalidad infantil y de poblaci\u00f3n adulta mayor,\u00a0<\/span><span data-contrast=\"none\">co-morbilidad<\/span><span data-contrast=\"none\">\u00a0por las enfermedades y carencias comunes que aquejan -tuberculosis,\u00a0<\/span><span data-contrast=\"none\">chagas<\/span><span data-contrast=\"none\">, gripes, desarrollo infantil, HIV, mortalidad materna, entre otras- sumadas a un eventual brote de COVID.\u00a0<\/span><span data-ccp-props=\"{&quot;201341983&quot;:0,&quot;335559739&quot;:160,&quot;335559740&quot;:259}\">\u00a0<\/span><\/p>\n<p><span data-ccp-props=\"{&quot;201341983&quot;:0,&quot;335559739&quot;:160,&quot;335559740&quot;:259}\">\u00a0<\/span><span data-contrast=\"none\">A la cr\u00edtica situaci\u00f3n estructural en que viven las comunidades ind\u00edgenas del chaco se suma hoy no solo la pandemia de coronavirus y las medidas de aislamiento, sino tambi\u00e9n la sequ\u00eda lo que implica que gran parte de la poblaci\u00f3n ind\u00edgena no tendr\u00e1 acceso al vital l\u00edquido en estos d\u00edas. Conocedor del territorio chaque\u00f1o, Villagra menciona que \u201cla sequ\u00eda es c\u00edclica, pero sus impactos son cada vez mayores por la mayor densidad demogr\u00e1fica en muchas comunidades y ausencia de servicios b\u00e1sicos, incluyendo agua potable, que no ha sido una prioridad sino tangencial y de algunas comunidades\u201d.\u00a0<\/span><span data-ccp-props=\"{&quot;201341983&quot;:0,&quot;335559739&quot;:160,&quot;335559740&quot;:259}\">\u00a0<\/span><\/p>\n","protected":false},"excerpt":{"rendered":"<p>Rodrigo Villagra es\u00a0antrop\u00f3logo\u00a0y miembro del Directorio de la Organizaci\u00f3n\u00a0TIerraviva\u00a0a los Pueblos Ind\u00edgenas del Chaco; en esta nota compartimos algunas consideraciones respecto a la cr\u00edtica situaci\u00f3n que atraviesa la poblaci\u00f3n ind\u00edgena en momentos en que la actual pandemia de coronavirus se entrecruza con necesidades ya existentes en las mismas, como la falta de una alimentaci\u00f3n adecuada<a class=\"more-link\" href=\"https:\/\/vortice.rocks\/clientes\/tierraviva\/la-pandemia-profundiza-problemas-ya-existentes-en-las-comunidades-indigenas\/\">Seguir leyendo <span class=\"screen-reader-text\">&#8220;&#8220;La pandemia profundiza problemas ya existentes en las comunidades ind\u00edgenas&#8221;&#8221;<\/span><\/a><\/p>\n","protected":false},"author":5,"featured_media":1958,"comment_status":"open","ping_status":"open","sticky":false,"template":"","format":"standard","meta":{"_exactmetrics_skip_tracking":false,"_exactmetrics_sitenote_active":false,"_exactmetrics_sitenote_note":"","_exactmetrics_sitenote_category":0,"footnotes":""},"categories":[3],"tags":[],"yoast_head":"<!-- This site is optimized with the Yoast SEO plugin v21.7 - https:\/\/yoast.com\/wordpress\/plugins\/seo\/ -->\n<title>&quot;La pandemia profundiza problemas ya existentes en las comunidades ind\u00edgenas&quot; - Tierraviva<\/title>\n<meta name=\"robots\" content=\"index, follow, max-snippet:-1, max-image-preview:large, max-video-preview:-1\" \/>\n<link rel=\"canonical\" href=\"https:\/\/vortice.rocks\/clientes\/tierraviva\/la-pandemia-profundiza-problemas-ya-existentes-en-las-comunidades-indigenas\/\" \/>\n<meta property=\"og:locale\" content=\"es_ES\" \/>\n<meta property=\"og:type\" content=\"article\" \/>\n<meta property=\"og:title\" content=\"&quot;La pandemia profundiza problemas ya existentes en las comunidades ind\u00edgenas&quot; - Tierraviva\" \/>\n<meta property=\"og:description\" content=\"Rodrigo Villagra es\u00a0antrop\u00f3logo\u00a0y miembro del Directorio de la Organizaci\u00f3n\u00a0TIerraviva\u00a0a los Pueblos Ind\u00edgenas del Chaco; en esta nota compartimos algunas consideraciones respecto a la cr\u00edtica situaci\u00f3n que atraviesa la poblaci\u00f3n ind\u00edgena en momentos en que la actual pandemia de coronavirus se entrecruza con necesidades ya existentes en las mismas, como la falta de una alimentaci\u00f3n adecuadaSeguir leyendo &quot;&#8220;La pandemia profundiza problemas ya existentes en las comunidades ind\u00edgenas&#8221;&quot;\" \/>\n<meta property=\"og:url\" content=\"https:\/\/vortice.rocks\/clientes\/tierraviva\/la-pandemia-profundiza-problemas-ya-existentes-en-las-comunidades-indigenas\/\" \/>\n<meta property=\"og:site_name\" content=\"Tierraviva\" \/>\n<meta property=\"article:publisher\" content=\"https:\/\/www.facebook.com\/Tierraviva-a-los-pueblos-indigenas-del-Chaco-217328148281564\/\" \/>\n<meta property=\"article:published_time\" content=\"2020-05-03T21:08:15+00:00\" \/>\n<meta property=\"article:modified_time\" content=\"2020-05-03T21:30:16+00:00\" \/>\n<meta property=\"og:image\" content=\"https:\/\/vortice.rocks\/clientes\/tierraviva\/wp-content\/uploads\/2020\/05\/rodrigo-villagra.jpg\" \/>\n\t<meta property=\"og:image:width\" content=\"780\" \/>\n\t<meta property=\"og:image:height\" content=\"350\" \/>\n\t<meta property=\"og:image:type\" content=\"image\/jpeg\" \/>\n<meta name=\"author\" content=\"Santi Ortiz\" \/>\n<meta name=\"twitter:label1\" content=\"Escrito por\" \/>\n\t<meta name=\"twitter:data1\" content=\"Santi Ortiz\" \/>\n\t<meta name=\"twitter:label2\" content=\"Tiempo de lectura\" \/>\n\t<meta name=\"twitter:data2\" content=\"4 minutos\" \/>\n<script type=\"application\/ld+json\" class=\"yoast-schema-graph\">{\"@context\":\"https:\/\/schema.org\",\"@graph\":[{\"@type\":\"WebPage\",\"@id\":\"https:\/\/vortice.rocks\/clientes\/tierraviva\/la-pandemia-profundiza-problemas-ya-existentes-en-las-comunidades-indigenas\/\",\"url\":\"https:\/\/vortice.rocks\/clientes\/tierraviva\/la-pandemia-profundiza-problemas-ya-existentes-en-las-comunidades-indigenas\/\",\"name\":\"\\\"La pandemia profundiza problemas ya existentes en las comunidades ind\u00edgenas\\\" - Tierraviva\",\"isPartOf\":{\"@id\":\"https:\/\/vortice.rocks\/clientes\/tierraviva\/#website\"},\"datePublished\":\"2020-05-03T21:08:15+00:00\",\"dateModified\":\"2020-05-03T21:30:16+00:00\",\"author\":{\"@id\":\"https:\/\/vortice.rocks\/clientes\/tierraviva\/#\/schema\/person\/0652c5aad419c86cff8f8129d355edd0\"},\"breadcrumb\":{\"@id\":\"https:\/\/vortice.rocks\/clientes\/tierraviva\/la-pandemia-profundiza-problemas-ya-existentes-en-las-comunidades-indigenas\/#breadcrumb\"},\"inLanguage\":\"es\",\"potentialAction\":[{\"@type\":\"ReadAction\",\"target\":[\"https:\/\/vortice.rocks\/clientes\/tierraviva\/la-pandemia-profundiza-problemas-ya-existentes-en-las-comunidades-indigenas\/\"]}]},{\"@type\":\"BreadcrumbList\",\"@id\":\"https:\/\/vortice.rocks\/clientes\/tierraviva\/la-pandemia-profundiza-problemas-ya-existentes-en-las-comunidades-indigenas\/#breadcrumb\",\"itemListElement\":[{\"@type\":\"ListItem\",\"position\":1,\"name\":\"Portada\",\"item\":\"https:\/\/vortice.rocks\/clientes\/tierraviva\/\"},{\"@type\":\"ListItem\",\"position\":2,\"name\":\"&#8220;La pandemia profundiza problemas ya existentes en las comunidades ind\u00edgenas&#8221;\"}]},{\"@type\":\"WebSite\",\"@id\":\"https:\/\/vortice.rocks\/clientes\/tierraviva\/#website\",\"url\":\"https:\/\/vortice.rocks\/clientes\/tierraviva\/\",\"name\":\"Tierraviva\",\"description\":\"\",\"potentialAction\":[{\"@type\":\"SearchAction\",\"target\":{\"@type\":\"EntryPoint\",\"urlTemplate\":\"https:\/\/vortice.rocks\/clientes\/tierraviva\/?s={search_term_string}\"},\"query-input\":\"required name=search_term_string\"}],\"inLanguage\":\"es\"},{\"@type\":\"Person\",\"@id\":\"https:\/\/vortice.rocks\/clientes\/tierraviva\/#\/schema\/person\/0652c5aad419c86cff8f8129d355edd0\",\"name\":\"Santi Ortiz\",\"image\":{\"@type\":\"ImageObject\",\"inLanguage\":\"es\",\"@id\":\"https:\/\/vortice.rocks\/clientes\/tierraviva\/#\/schema\/person\/image\/\",\"url\":\"https:\/\/secure.gravatar.com\/avatar\/78bab899e21d2840245c1646bfc64d01?s=96&d=mm&r=g\",\"contentUrl\":\"https:\/\/secure.gravatar.com\/avatar\/78bab899e21d2840245c1646bfc64d01?s=96&d=mm&r=g\",\"caption\":\"Santi Ortiz\"},\"sameAs\":[\"https:\/\/vortice.rocks\/clientes\/tierraviva\"],\"url\":\"https:\/\/vortice.rocks\/clientes\/tierraviva\/author\/santi-ortiz\/\"}]}<\/script>\n<!-- \/ Yoast SEO plugin. -->","yoast_head_json":{"title":"\"La pandemia profundiza problemas ya existentes en las comunidades ind\u00edgenas\" - Tierraviva","robots":{"index":"index","follow":"follow","max-snippet":"max-snippet:-1","max-image-preview":"max-image-preview:large","max-video-preview":"max-video-preview:-1"},"canonical":"https:\/\/vortice.rocks\/clientes\/tierraviva\/la-pandemia-profundiza-problemas-ya-existentes-en-las-comunidades-indigenas\/","og_locale":"es_ES","og_type":"article","og_title":"\"La pandemia profundiza problemas ya existentes en las comunidades ind\u00edgenas\" - Tierraviva","og_description":"Rodrigo Villagra es\u00a0antrop\u00f3logo\u00a0y miembro del Directorio de la Organizaci\u00f3n\u00a0TIerraviva\u00a0a los Pueblos Ind\u00edgenas del Chaco; en esta nota compartimos algunas consideraciones respecto a la cr\u00edtica situaci\u00f3n que atraviesa la poblaci\u00f3n ind\u00edgena en momentos en que la actual pandemia de coronavirus se entrecruza con necesidades ya existentes en las mismas, como la falta de una alimentaci\u00f3n adecuadaSeguir leyendo \"&#8220;La pandemia profundiza problemas ya existentes en las comunidades ind\u00edgenas&#8221;\"","og_url":"https:\/\/vortice.rocks\/clientes\/tierraviva\/la-pandemia-profundiza-problemas-ya-existentes-en-las-comunidades-indigenas\/","og_site_name":"Tierraviva","article_publisher":"https:\/\/www.facebook.com\/Tierraviva-a-los-pueblos-indigenas-del-Chaco-217328148281564\/","article_published_time":"2020-05-03T21:08:15+00:00","article_modified_time":"2020-05-03T21:30:16+00:00","og_image":[{"width":780,"height":350,"url":"https:\/\/vortice.rocks\/clientes\/tierraviva\/wp-content\/uploads\/2020\/05\/rodrigo-villagra.jpg","type":"image\/jpeg"}],"author":"Santi Ortiz","twitter_misc":{"Escrito por":"Santi Ortiz","Tiempo de lectura":"4 minutos"},"schema":{"@context":"https:\/\/schema.org","@graph":[{"@type":"WebPage","@id":"https:\/\/vortice.rocks\/clientes\/tierraviva\/la-pandemia-profundiza-problemas-ya-existentes-en-las-comunidades-indigenas\/","url":"https:\/\/vortice.rocks\/clientes\/tierraviva\/la-pandemia-profundiza-problemas-ya-existentes-en-las-comunidades-indigenas\/","name":"\"La pandemia profundiza problemas ya existentes en las comunidades ind\u00edgenas\" - Tierraviva","isPartOf":{"@id":"https:\/\/vortice.rocks\/clientes\/tierraviva\/#website"},"datePublished":"2020-05-03T21:08:15+00:00","dateModified":"2020-05-03T21:30:16+00:00","author":{"@id":"https:\/\/vortice.rocks\/clientes\/tierraviva\/#\/schema\/person\/0652c5aad419c86cff8f8129d355edd0"},"breadcrumb":{"@id":"https:\/\/vortice.rocks\/clientes\/tierraviva\/la-pandemia-profundiza-problemas-ya-existentes-en-las-comunidades-indigenas\/#breadcrumb"},"inLanguage":"es","potentialAction":[{"@type":"ReadAction","target":["https:\/\/vortice.rocks\/clientes\/tierraviva\/la-pandemia-profundiza-problemas-ya-existentes-en-las-comunidades-indigenas\/"]}]},{"@type":"BreadcrumbList","@id":"https:\/\/vortice.rocks\/clientes\/tierraviva\/la-pandemia-profundiza-problemas-ya-existentes-en-las-comunidades-indigenas\/#breadcrumb","itemListElement":[{"@type":"ListItem","position":1,"name":"Portada","item":"https:\/\/vortice.rocks\/clientes\/tierraviva\/"},{"@type":"ListItem","position":2,"name":"&#8220;La pandemia profundiza problemas ya existentes en las comunidades ind\u00edgenas&#8221;"}]},{"@type":"WebSite","@id":"https:\/\/vortice.rocks\/clientes\/tierraviva\/#website","url":"https:\/\/vortice.rocks\/clientes\/tierraviva\/","name":"Tierraviva","description":"","potentialAction":[{"@type":"SearchAction","target":{"@type":"EntryPoint","urlTemplate":"https:\/\/vortice.rocks\/clientes\/tierraviva\/?s={search_term_string}"},"query-input":"required name=search_term_string"}],"inLanguage":"es"},{"@type":"Person","@id":"https:\/\/vortice.rocks\/clientes\/tierraviva\/#\/schema\/person\/0652c5aad419c86cff8f8129d355edd0","name":"Santi Ortiz","image":{"@type":"ImageObject","inLanguage":"es","@id":"https:\/\/vortice.rocks\/clientes\/tierraviva\/#\/schema\/person\/image\/","url":"https:\/\/secure.gravatar.com\/avatar\/78bab899e21d2840245c1646bfc64d01?s=96&d=mm&r=g","contentUrl":"https:\/\/secure.gravatar.com\/avatar\/78bab899e21d2840245c1646bfc64d01?s=96&d=mm&r=g","caption":"Santi Ortiz"},"sameAs":["https:\/\/vortice.rocks\/clientes\/tierraviva"],"url":"https:\/\/vortice.rocks\/clientes\/tierraviva\/author\/santi-ortiz\/"}]}},"_links":{"self":[{"href":"https:\/\/vortice.rocks\/clientes\/tierraviva\/wp-json\/wp\/v2\/posts\/1957"}],"collection":[{"href":"https:\/\/vortice.rocks\/clientes\/tierraviva\/wp-json\/wp\/v2\/posts"}],"about":[{"href":"https:\/\/vortice.rocks\/clientes\/tierraviva\/wp-json\/wp\/v2\/types\/post"}],"author":[{"embeddable":true,"href":"https:\/\/vortice.rocks\/clientes\/tierraviva\/wp-json\/wp\/v2\/users\/5"}],"replies":[{"embeddable":true,"href":"https:\/\/vortice.rocks\/clientes\/tierraviva\/wp-json\/wp\/v2\/comments?post=1957"}],"version-history":[{"count":2,"href":"https:\/\/vortice.rocks\/clientes\/tierraviva\/wp-json\/wp\/v2\/posts\/1957\/revisions"}],"predecessor-version":[{"id":1960,"href":"https:\/\/vortice.rocks\/clientes\/tierraviva\/wp-json\/wp\/v2\/posts\/1957\/revisions\/1960"}],"wp:featuredmedia":[{"embeddable":true,"href":"https:\/\/vortice.rocks\/clientes\/tierraviva\/wp-json\/wp\/v2\/media\/1958"}],"wp:attachment":[{"href":"https:\/\/vortice.rocks\/clientes\/tierraviva\/wp-json\/wp\/v2\/media?parent=1957"}],"wp:term":[{"taxonomy":"category","embeddable":true,"href":"https:\/\/vortice.rocks\/clientes\/tierraviva\/wp-json\/wp\/v2\/categories?post=1957"},{"taxonomy":"post_tag","embeddable":true,"href":"https:\/\/vortice.rocks\/clientes\/tierraviva\/wp-json\/wp\/v2\/tags?post=1957"}],"curies":[{"name":"wp","href":"https:\/\/api.w.org\/{rel}","templated":true}]}}