{"id":1962,"date":"2020-05-14T12:30:22","date_gmt":"2020-05-14T16:30:22","guid":{"rendered":"https:\/\/vortice.rocks\/clientes\/tierraviva\/?p=1962"},"modified":"2020-05-14T12:30:22","modified_gmt":"2020-05-14T16:30:22","slug":"mades-pone-en-riesgo-territorio-indigena","status":"publish","type":"post","link":"https:\/\/vortice.rocks\/clientes\/tierraviva\/mades-pone-en-riesgo-territorio-indigena\/","title":{"rendered":"MADES pone en riesgo territorio ind\u00edgena"},"content":{"rendered":"<p><span data-contrast=\"auto\">EL Ministerio del Ambiente y Desarrollo Sostenible emiti\u00f3 el 6 de febrero del presente a\u00f1o una<\/span><span data-ccp-props=\"{&quot;201341983&quot;:0,&quot;335551550&quot;:1,&quot;335551620&quot;:1,&quot;335559739&quot;:160,&quot;335559740&quot;:259}\">\u00a0<\/span><span data-contrast=\"auto\">resoluci\u00f3n donde aprueba el Plan de Uso de la Tierra de la firma\u00a0Paraverde\u00a0S.A; seg\u00fan el<\/span><span data-ccp-props=\"{&quot;201341983&quot;:0,&quot;335551550&quot;:1,&quot;335551620&quot;:1,&quot;335559739&quot;:160,&quot;335559740&quot;:259}\">\u00a0<\/span><span data-contrast=\"auto\">mencionado documento la firma pretende realizar explotaci\u00f3n de carb\u00f3n y\u00a0agroganader\u00eda\u00a0en<\/span><span data-ccp-props=\"{&quot;201341983&quot;:0,&quot;335551550&quot;:1,&quot;335551620&quot;:1,&quot;335559739&quot;:160,&quot;335559740&quot;:259}\">\u00a0<\/span><span data-contrast=\"auto\">una propiedad que viene siendo reclamada como territorio ancestral por el Pueblo\u00a0Yshir\u00a0desde<\/span><span data-ccp-props=\"{&quot;201341983&quot;:0,&quot;335551550&quot;:1,&quot;335551620&quot;:1,&quot;335559739&quot;:160,&quot;335559740&quot;:259}\">\u00a0<\/span><span data-contrast=\"auto\">el 2010.<\/span><span data-ccp-props=\"{&quot;201341983&quot;:0,&quot;335551550&quot;:1,&quot;335551620&quot;:1,&quot;335559739&quot;:160,&quot;335559740&quot;:259}\">\u00a0<\/span><\/p>\n<p><span data-contrast=\"auto\">Las tierras conocidas como Puerto Ramos est\u00e1n ubicada en el Departamento de Alto Paraguay, Distrito de Bah\u00eda Negra, y sobre las mismas pesan medidas cautelares ordenadas en el 2016\u00a0cuando el Juez Agust\u00edn\u00a0<\/span><span data-contrast=\"auto\">Caceres<\/span><span data-contrast=\"auto\">\u00a0<\/span><span data-contrast=\"auto\">Volpe<\/span><span data-contrast=\"auto\">\u00a0hizo lugar a la Medida Cautelar solicitada por el Instituto Paraguayo del Ind\u00edgena (INDI) en representaci\u00f3n de la Naci\u00f3n\u00a0<\/span><span data-contrast=\"auto\">Yshir<\/span><span data-contrast=\"auto\">, decretando\u00a0<\/span><span data-contrast=\"auto\">la Prohibici\u00f3n<\/span><span data-contrast=\"auto\">\u00a0de Innovar de Hecho y Derecho sobre el inmueble con Mat. R02 con una superficie de 8500 hect\u00e1reas. En julio de 2019 esta medida fue confirmada por el Tribunal de Apelaci\u00f3n Civil y Comercial de la capital Primera Sala. Con esta resoluci\u00f3n judicial se busc\u00f3 evitar que la empresa\u00a0<\/span><span data-contrast=\"auto\">Paraverde<\/span><span data-contrast=\"auto\">\u00a0realice desmontes u otras acciones que podr\u00edan alterar y\/o da\u00f1ar irreparablemente el territorio reclamado por la Naci\u00f3n\u00a0Yshir.<\/span><span data-ccp-props=\"{&quot;201341983&quot;:0,&quot;335551550&quot;:1,&quot;335551620&quot;:1,&quot;335559739&quot;:160,&quot;335559740&quot;:259}\">\u00a0<\/span><\/p>\n<p><span data-contrast=\"auto\">El MADES tuvo conocimiento de estas acciones judiciales entabladas por una nota de fecha 5\u00a0de julio de 2016, presentada por\u00a0<\/span><span data-contrast=\"auto\">Tierraviva<\/span><span data-contrast=\"auto\">\u00a0como representantes de la UCINY, aun as\u00ed y teniendo conocimiento de estas acciones dio curso a las tramitaciones solicitadas por PARAVERDE, y a la fecha han emitido la Resoluci\u00f3n administrativa\u00a0<\/span><span data-contrast=\"auto\">N\u00b0<\/span><span data-contrast=\"auto\">\u00a0382\/2020 emanada de la Direcci\u00f3n General de la Calidad Ambiental y de los Recursos Naturales firmada del Abg. Diego Lezcano Galeano,\u00a0<\/span><a href=\"http:\/\/www.mades.gov.py\/wp-content\/uploads\/2020\/02\/SE%C3%91OR-MUSTAFA-ARPACI-EXP-SIAM-N%C2%BA-4782-2019-1.pdf\"><span data-contrast=\"none\">POR LA CUAL SE APRUEBA EL INFORME DE AUDITOR\u00cdA DE CUMPLIMIENTO DEL PLAN DE GESTI\u00d3N AMBIENTAL ELABORADO POR EL CONSULTOR AMBIENTAL ING. CRISTHIAN OMAR VEL\u00c1ZQUEZ ROMERO CON REG. CTCA. N\u00b0I-722, CORRESPONDIENTE AL PROYECTO \u201cPLAN DE USO DE LA TIERRA EXPLOTACI\u00d3N AGROPECUARIA Y PRODUCCI\u00d3N DE CARB\u00d3N VEGETAL\u201d CUYO PROPONENTE ES LA FIRMA PARAVERDE S.R.L., Y SU REPRESENTANTE LEGAL EL SE\u00d1OR MUSTAF\u00c1 ARPACI, DESARROLLADO EN LA PROPIEDAD IDENTIFICADA CON MATR\u00cdCULA R02-189, PADR\u00d3N\u00a0<\/span><span data-contrast=\"none\">N\u00b0<\/span><span data-contrast=\"none\">\u00a0587, UBICADA EN EL LUGAR DENOMINADO PUERTO RAMOS, DISTRITO DE BAH\u00cdA NEGRA, DEPARTAMENTO DE ALTO PARAGUAY, EMANADA DEL MINISTERIO DEL AMBIENTE Y DESARROLLO SOSTENIBLE.<\/span><\/a><span data-ccp-props=\"{&quot;201341983&quot;:0,&quot;335551550&quot;:1,&quot;335551620&quot;:1,&quot;335559739&quot;:160,&quot;335559740&quot;:259}\">\u00a0<\/span><\/p>\n<p><span data-contrast=\"auto\">La resoluci\u00f3n del MADES no solo desconoce y violenta la medida cautelar de no innovar dictada por la justicia adem\u00e1s pone en riesgo el territorio ind\u00edgena\u00a0<\/span><span data-contrast=\"auto\">Yshir<\/span><span data-contrast=\"auto\">\u00a0que podr\u00eda sufrir da\u00f1os irreparables con la construcci\u00f3n de 20 hornos y autorizando la poda y tala de vegetaci\u00f3n de un ecosistema fr\u00e1gil y extremadamente rico en biodiversidad, cuyos bosques est\u00e1n considerados en peligro de desaparici\u00f3n si contin\u00faa el ritmo actual de deforestaci\u00f3n. En las \u00faltimas d\u00e9cadas el Pueblo\u00a0<\/span><span data-contrast=\"auto\">Yshir<\/span><span data-contrast=\"auto\">\u00a0perdi\u00f3 cerca del 97% de su territorio, por lo que lucha por recuperar sus tierras, que se encuentran fundamentalmente en manos de empresarios agroganaderos extranjeros.<\/span><span data-ccp-props=\"{&quot;201341983&quot;:0,&quot;335559739&quot;:160,&quot;335559740&quot;:259}\">\u00a0<\/span><\/p>\n<p><span data-ccp-props=\"{&quot;201341983&quot;:0,&quot;335559739&quot;:160,&quot;335559740&quot;:259}\">\u00a0<\/span><\/p>\n<p><span data-contrast=\"auto\">M\u00e1s informaci\u00f3n: Adriana Ag\u00fcero 0986 220894<\/span><span data-ccp-props=\"{&quot;201341983&quot;:0,&quot;335559739&quot;:160,&quot;335559740&quot;:259}\">\u00a0<\/span><\/p>\n<p>foto: www.ultimahora.com.py<\/p>\n","protected":false},"excerpt":{"rendered":"<p>EL Ministerio del Ambiente y Desarrollo Sostenible emiti\u00f3 el 6 de febrero del presente a\u00f1o una\u00a0resoluci\u00f3n donde aprueba el Plan de Uso de la Tierra de la firma\u00a0Paraverde\u00a0S.A; seg\u00fan el\u00a0mencionado documento la firma pretende realizar explotaci\u00f3n de carb\u00f3n y\u00a0agroganader\u00eda\u00a0en\u00a0una propiedad que viene siendo reclamada como territorio ancestral por el Pueblo\u00a0Yshir\u00a0desde\u00a0el 2010.\u00a0 Las tierras conocidas como<a class=\"more-link\" href=\"https:\/\/vortice.rocks\/clientes\/tierraviva\/mades-pone-en-riesgo-territorio-indigena\/\">Seguir leyendo <span class=\"screen-reader-text\">&#8220;MADES pone en riesgo territorio ind\u00edgena&#8221;<\/span><\/a><\/p>\n","protected":false},"author":5,"featured_media":1963,"comment_status":"open","ping_status":"open","sticky":false,"template":"","format":"standard","meta":{"_exactmetrics_skip_tracking":false,"_exactmetrics_sitenote_active":false,"_exactmetrics_sitenote_note":"","_exactmetrics_sitenote_category":0,"footnotes":""},"categories":[3],"tags":[],"yoast_head":"<!-- This site is optimized with the Yoast SEO plugin v21.7 - https:\/\/yoast.com\/wordpress\/plugins\/seo\/ -->\n<title>MADES pone en riesgo territorio ind\u00edgena - Tierraviva<\/title>\n<meta name=\"robots\" content=\"index, follow, max-snippet:-1, max-image-preview:large, max-video-preview:-1\" \/>\n<link rel=\"canonical\" href=\"https:\/\/vortice.rocks\/clientes\/tierraviva\/mades-pone-en-riesgo-territorio-indigena\/\" \/>\n<meta property=\"og:locale\" content=\"es_ES\" \/>\n<meta property=\"og:type\" content=\"article\" \/>\n<meta property=\"og:title\" content=\"MADES pone en riesgo territorio ind\u00edgena - Tierraviva\" \/>\n<meta property=\"og:description\" content=\"EL Ministerio del Ambiente y Desarrollo Sostenible emiti\u00f3 el 6 de febrero del presente a\u00f1o una\u00a0resoluci\u00f3n donde aprueba el Plan de Uso de la Tierra de la firma\u00a0Paraverde\u00a0S.A; seg\u00fan el\u00a0mencionado documento la firma pretende realizar explotaci\u00f3n de carb\u00f3n y\u00a0agroganader\u00eda\u00a0en\u00a0una propiedad que viene siendo reclamada como territorio ancestral por el Pueblo\u00a0Yshir\u00a0desde\u00a0el 2010.\u00a0 Las tierras conocidas comoSeguir leyendo &quot;MADES pone en riesgo territorio ind\u00edgena&quot;\" \/>\n<meta property=\"og:url\" content=\"https:\/\/vortice.rocks\/clientes\/tierraviva\/mades-pone-en-riesgo-territorio-indigena\/\" \/>\n<meta property=\"og:site_name\" content=\"Tierraviva\" \/>\n<meta property=\"article:publisher\" content=\"https:\/\/www.facebook.com\/Tierraviva-a-los-pueblos-indigenas-del-Chaco-217328148281564\/\" \/>\n<meta property=\"article:published_time\" content=\"2020-05-14T16:30:22+00:00\" \/>\n<meta property=\"og:image\" content=\"https:\/\/vortice.rocks\/clientes\/tierraviva\/wp-content\/uploads\/2020\/05\/0009017994.jpg\" \/>\n\t<meta property=\"og:image:width\" content=\"1110\" \/>\n\t<meta property=\"og:image:height\" content=\"833\" \/>\n\t<meta property=\"og:image:type\" content=\"image\/jpeg\" \/>\n<meta name=\"author\" content=\"Santi Ortiz\" \/>\n<meta name=\"twitter:label1\" content=\"Escrito por\" \/>\n\t<meta name=\"twitter:data1\" content=\"Santi Ortiz\" \/>\n\t<meta name=\"twitter:label2\" content=\"Tiempo de lectura\" \/>\n\t<meta name=\"twitter:data2\" content=\"3 minutos\" \/>\n<script type=\"application\/ld+json\" class=\"yoast-schema-graph\">{\"@context\":\"https:\/\/schema.org\",\"@graph\":[{\"@type\":\"WebPage\",\"@id\":\"https:\/\/vortice.rocks\/clientes\/tierraviva\/mades-pone-en-riesgo-territorio-indigena\/\",\"url\":\"https:\/\/vortice.rocks\/clientes\/tierraviva\/mades-pone-en-riesgo-territorio-indigena\/\",\"name\":\"MADES pone en riesgo territorio ind\u00edgena - Tierraviva\",\"isPartOf\":{\"@id\":\"https:\/\/vortice.rocks\/clientes\/tierraviva\/#website\"},\"datePublished\":\"2020-05-14T16:30:22+00:00\",\"dateModified\":\"2020-05-14T16:30:22+00:00\",\"author\":{\"@id\":\"https:\/\/vortice.rocks\/clientes\/tierraviva\/#\/schema\/person\/0652c5aad419c86cff8f8129d355edd0\"},\"breadcrumb\":{\"@id\":\"https:\/\/vortice.rocks\/clientes\/tierraviva\/mades-pone-en-riesgo-territorio-indigena\/#breadcrumb\"},\"inLanguage\":\"es\",\"potentialAction\":[{\"@type\":\"ReadAction\",\"target\":[\"https:\/\/vortice.rocks\/clientes\/tierraviva\/mades-pone-en-riesgo-territorio-indigena\/\"]}]},{\"@type\":\"BreadcrumbList\",\"@id\":\"https:\/\/vortice.rocks\/clientes\/tierraviva\/mades-pone-en-riesgo-territorio-indigena\/#breadcrumb\",\"itemListElement\":[{\"@type\":\"ListItem\",\"position\":1,\"name\":\"Portada\",\"item\":\"https:\/\/vortice.rocks\/clientes\/tierraviva\/\"},{\"@type\":\"ListItem\",\"position\":2,\"name\":\"MADES pone en riesgo territorio ind\u00edgena\"}]},{\"@type\":\"WebSite\",\"@id\":\"https:\/\/vortice.rocks\/clientes\/tierraviva\/#website\",\"url\":\"https:\/\/vortice.rocks\/clientes\/tierraviva\/\",\"name\":\"Tierraviva\",\"description\":\"\",\"potentialAction\":[{\"@type\":\"SearchAction\",\"target\":{\"@type\":\"EntryPoint\",\"urlTemplate\":\"https:\/\/vortice.rocks\/clientes\/tierraviva\/?s={search_term_string}\"},\"query-input\":\"required name=search_term_string\"}],\"inLanguage\":\"es\"},{\"@type\":\"Person\",\"@id\":\"https:\/\/vortice.rocks\/clientes\/tierraviva\/#\/schema\/person\/0652c5aad419c86cff8f8129d355edd0\",\"name\":\"Santi Ortiz\",\"image\":{\"@type\":\"ImageObject\",\"inLanguage\":\"es\",\"@id\":\"https:\/\/vortice.rocks\/clientes\/tierraviva\/#\/schema\/person\/image\/\",\"url\":\"https:\/\/secure.gravatar.com\/avatar\/78bab899e21d2840245c1646bfc64d01?s=96&d=mm&r=g\",\"contentUrl\":\"https:\/\/secure.gravatar.com\/avatar\/78bab899e21d2840245c1646bfc64d01?s=96&d=mm&r=g\",\"caption\":\"Santi Ortiz\"},\"sameAs\":[\"https:\/\/vortice.rocks\/clientes\/tierraviva\"],\"url\":\"https:\/\/vortice.rocks\/clientes\/tierraviva\/author\/santi-ortiz\/\"}]}<\/script>\n<!-- \/ Yoast SEO plugin. -->","yoast_head_json":{"title":"MADES pone en riesgo territorio ind\u00edgena - Tierraviva","robots":{"index":"index","follow":"follow","max-snippet":"max-snippet:-1","max-image-preview":"max-image-preview:large","max-video-preview":"max-video-preview:-1"},"canonical":"https:\/\/vortice.rocks\/clientes\/tierraviva\/mades-pone-en-riesgo-territorio-indigena\/","og_locale":"es_ES","og_type":"article","og_title":"MADES pone en riesgo territorio ind\u00edgena - Tierraviva","og_description":"EL Ministerio del Ambiente y Desarrollo Sostenible emiti\u00f3 el 6 de febrero del presente a\u00f1o una\u00a0resoluci\u00f3n donde aprueba el Plan de Uso de la Tierra de la firma\u00a0Paraverde\u00a0S.A; seg\u00fan el\u00a0mencionado documento la firma pretende realizar explotaci\u00f3n de carb\u00f3n y\u00a0agroganader\u00eda\u00a0en\u00a0una propiedad que viene siendo reclamada como territorio ancestral por el Pueblo\u00a0Yshir\u00a0desde\u00a0el 2010.\u00a0 Las tierras conocidas comoSeguir leyendo \"MADES pone en riesgo territorio ind\u00edgena\"","og_url":"https:\/\/vortice.rocks\/clientes\/tierraviva\/mades-pone-en-riesgo-territorio-indigena\/","og_site_name":"Tierraviva","article_publisher":"https:\/\/www.facebook.com\/Tierraviva-a-los-pueblos-indigenas-del-Chaco-217328148281564\/","article_published_time":"2020-05-14T16:30:22+00:00","og_image":[{"width":1110,"height":833,"url":"https:\/\/vortice.rocks\/clientes\/tierraviva\/wp-content\/uploads\/2020\/05\/0009017994.jpg","type":"image\/jpeg"}],"author":"Santi Ortiz","twitter_misc":{"Escrito por":"Santi Ortiz","Tiempo de lectura":"3 minutos"},"schema":{"@context":"https:\/\/schema.org","@graph":[{"@type":"WebPage","@id":"https:\/\/vortice.rocks\/clientes\/tierraviva\/mades-pone-en-riesgo-territorio-indigena\/","url":"https:\/\/vortice.rocks\/clientes\/tierraviva\/mades-pone-en-riesgo-territorio-indigena\/","name":"MADES pone en riesgo territorio ind\u00edgena - Tierraviva","isPartOf":{"@id":"https:\/\/vortice.rocks\/clientes\/tierraviva\/#website"},"datePublished":"2020-05-14T16:30:22+00:00","dateModified":"2020-05-14T16:30:22+00:00","author":{"@id":"https:\/\/vortice.rocks\/clientes\/tierraviva\/#\/schema\/person\/0652c5aad419c86cff8f8129d355edd0"},"breadcrumb":{"@id":"https:\/\/vortice.rocks\/clientes\/tierraviva\/mades-pone-en-riesgo-territorio-indigena\/#breadcrumb"},"inLanguage":"es","potentialAction":[{"@type":"ReadAction","target":["https:\/\/vortice.rocks\/clientes\/tierraviva\/mades-pone-en-riesgo-territorio-indigena\/"]}]},{"@type":"BreadcrumbList","@id":"https:\/\/vortice.rocks\/clientes\/tierraviva\/mades-pone-en-riesgo-territorio-indigena\/#breadcrumb","itemListElement":[{"@type":"ListItem","position":1,"name":"Portada","item":"https:\/\/vortice.rocks\/clientes\/tierraviva\/"},{"@type":"ListItem","position":2,"name":"MADES pone en riesgo territorio ind\u00edgena"}]},{"@type":"WebSite","@id":"https:\/\/vortice.rocks\/clientes\/tierraviva\/#website","url":"https:\/\/vortice.rocks\/clientes\/tierraviva\/","name":"Tierraviva","description":"","potentialAction":[{"@type":"SearchAction","target":{"@type":"EntryPoint","urlTemplate":"https:\/\/vortice.rocks\/clientes\/tierraviva\/?s={search_term_string}"},"query-input":"required name=search_term_string"}],"inLanguage":"es"},{"@type":"Person","@id":"https:\/\/vortice.rocks\/clientes\/tierraviva\/#\/schema\/person\/0652c5aad419c86cff8f8129d355edd0","name":"Santi Ortiz","image":{"@type":"ImageObject","inLanguage":"es","@id":"https:\/\/vortice.rocks\/clientes\/tierraviva\/#\/schema\/person\/image\/","url":"https:\/\/secure.gravatar.com\/avatar\/78bab899e21d2840245c1646bfc64d01?s=96&d=mm&r=g","contentUrl":"https:\/\/secure.gravatar.com\/avatar\/78bab899e21d2840245c1646bfc64d01?s=96&d=mm&r=g","caption":"Santi Ortiz"},"sameAs":["https:\/\/vortice.rocks\/clientes\/tierraviva"],"url":"https:\/\/vortice.rocks\/clientes\/tierraviva\/author\/santi-ortiz\/"}]}},"_links":{"self":[{"href":"https:\/\/vortice.rocks\/clientes\/tierraviva\/wp-json\/wp\/v2\/posts\/1962"}],"collection":[{"href":"https:\/\/vortice.rocks\/clientes\/tierraviva\/wp-json\/wp\/v2\/posts"}],"about":[{"href":"https:\/\/vortice.rocks\/clientes\/tierraviva\/wp-json\/wp\/v2\/types\/post"}],"author":[{"embeddable":true,"href":"https:\/\/vortice.rocks\/clientes\/tierraviva\/wp-json\/wp\/v2\/users\/5"}],"replies":[{"embeddable":true,"href":"https:\/\/vortice.rocks\/clientes\/tierraviva\/wp-json\/wp\/v2\/comments?post=1962"}],"version-history":[{"count":2,"href":"https:\/\/vortice.rocks\/clientes\/tierraviva\/wp-json\/wp\/v2\/posts\/1962\/revisions"}],"predecessor-version":[{"id":1965,"href":"https:\/\/vortice.rocks\/clientes\/tierraviva\/wp-json\/wp\/v2\/posts\/1962\/revisions\/1965"}],"wp:featuredmedia":[{"embeddable":true,"href":"https:\/\/vortice.rocks\/clientes\/tierraviva\/wp-json\/wp\/v2\/media\/1963"}],"wp:attachment":[{"href":"https:\/\/vortice.rocks\/clientes\/tierraviva\/wp-json\/wp\/v2\/media?parent=1962"}],"wp:term":[{"taxonomy":"category","embeddable":true,"href":"https:\/\/vortice.rocks\/clientes\/tierraviva\/wp-json\/wp\/v2\/categories?post=1962"},{"taxonomy":"post_tag","embeddable":true,"href":"https:\/\/vortice.rocks\/clientes\/tierraviva\/wp-json\/wp\/v2\/tags?post=1962"}],"curies":[{"name":"wp","href":"https:\/\/api.w.org\/{rel}","templated":true}]}}