{"id":1987,"date":"2020-05-30T10:40:53","date_gmt":"2020-05-30T14:40:53","guid":{"rendered":"https:\/\/vortice.rocks\/clientes\/tierraviva\/?p=1987"},"modified":"2020-05-30T10:40:53","modified_gmt":"2020-05-30T14:40:53","slug":"representante-indigena-ante-la-onu-la-reaccion-de-los-gobiernos-ha-sido-muy-lamentable","status":"publish","type":"post","link":"https:\/\/vortice.rocks\/clientes\/tierraviva\/representante-indigena-ante-la-onu-la-reaccion-de-los-gobiernos-ha-sido-muy-lamentable\/","title":{"rendered":"Representante Ind\u00edgena ante la ONU: \u201cLa reacci\u00f3n de los gobiernos ha sido muy lamentable\u201d"},"content":{"rendered":"<p><span data-contrast=\"auto\">Irma Pineda es ind\u00edgena zapoteca, mexicana, ejerce el cargo de representante de los pueblos\u00a0<\/span><span data-contrast=\"auto\">Ind\u00edgenas<\/span><span data-contrast=\"auto\">\u00a0de\u00a0<\/span><span data-contrast=\"auto\">Latinoamerica<\/span><span data-contrast=\"auto\">\u00a0y el Caribe\u00a0ante el\u00a0<\/span><span data-contrast=\"none\">Foro Permanente sobre cuestiones ind\u00edgenas de la Organizaci\u00f3n de las Naciones Unidas. Desde su M\u00e9xico natal habl\u00f3 sobre las situaciones que afectan a los pueblos ind\u00edgenas de la Regi\u00f3n en el marco de la pandemia por Coronavirus. Cuestion\u00f3 la respuesta de los Estados respecto a la protecci\u00f3n a comunidades ind\u00edgenas y se\u00f1al\u00f3 que la Emergencia Sanitaria es una oportunidad para volver a la organizaci\u00f3n comunitaria y a la relaci\u00f3n con los saberes ancestrales<\/span><span data-ccp-props=\"{&quot;201341983&quot;:0,&quot;335559739&quot;:160,&quot;335559740&quot;:259}\">\u00a0<\/span><\/p>\n<p><span data-contrast=\"none\">Irma dialog\u00f3 con el programa Saber es tu Derecho, que se emite los s\u00e1bados de 15 a 17 horas por Radio 1000, all\u00ed dejo su impresi\u00f3n respecto a lo que sucede actualmente con los Pueblos\u00a0<\/span><span data-contrast=\"none\">Ind\u00edgenas<\/span><span data-contrast=\"none\">\u00a0de Latinoam\u00e9rica y el Caribe. Indic\u00f3 que la reacci\u00f3n de gran parte de las comunidades ind\u00edgenas ha sido\u00a0<\/span><span data-contrast=\"none\">autoaislarse<\/span><span data-contrast=\"none\">\u00a0en sus territorios ya que \u201c<\/span><span data-contrast=\"auto\">f\u00edsicamente<\/span><span data-contrast=\"auto\">\u00a0no estamos preparados para hacer frente a enfermedades nuevas; tampoco nuestras comunidades tienen infraestructura para hacer frente a esto, no existen puestos de salud adecuados en la mayor\u00eda de los pa\u00edses\u201d se\u00f1al\u00f3.\u00a0<\/span><span data-ccp-props=\"{&quot;201341983&quot;:0,&quot;335559739&quot;:160,&quot;335559740&quot;:259}\">\u00a0<\/span><\/p>\n<p><span data-contrast=\"auto\">Agreg\u00f3 que este aislamiento ha significado, en muchos casos, \u201cllegar a situaciones graves precariedad en la\u00a0<\/span><span data-contrast=\"auto\">alimentaci\u00f3n, ya que\u00a0<\/span><span data-contrast=\"auto\">muchas comunidades dejamos de ser productoras de nuestros propios alimentos; y esto se debe a que las pol\u00edticas p\u00fablicas de los Estados\u00a0fueron procurando que comunidades no sean autosuficientes, a fin de que exista una\u00a0<\/span><span data-contrast=\"auto\">co-dependencia<\/span><span data-contrast=\"auto\">\u00a0y por ende un mayor control pol\u00edtico de las comunidades\u201d indic\u00f3. Se\u00f1al\u00f3 adem\u00e1s que miles de comunidades ind\u00edgenas han perdido sus territorios a causa del avance de modelos productivos poco sostenibles ambientalmente como el agronegocio, o las grandes mineras, que obligaron a miles de ind\u00edgenas a desplazarse y quedar sin arraigo.<\/span><span data-ccp-props=\"{&quot;201341983&quot;:0,&quot;335559739&quot;:160,&quot;335559740&quot;:259}\">\u00a0<\/span><\/p>\n<p><span data-contrast=\"auto\">Ante esta situaci\u00f3n hizo un llamado a los y las ind\u00edgenas a volver a la comunidad \u201ca\u00a0revincularnos con la tierra y con las formas tradicionales de cultivos, con los saberes ancestrales que permitieron ser\u00a0<\/span><span data-contrast=\"auto\">autosuficiencientes<\/span><span data-contrast=\"auto\">\u00a0en la alimentaci\u00f3n\u201d, insisti\u00f3 en la necesidad de retomar la organizaci\u00f3n comunitaria para luchar por recuperar los territorios y saberes ind\u00edgenas.\u00a0<\/span><span data-ccp-props=\"{&quot;201341983&quot;:0,&quot;335559739&quot;:160,&quot;335559740&quot;:259}\">\u00a0<\/span><\/p>\n<p><span data-contrast=\"auto\">Como ejemplo mencion\u00f3 que en muchas comunidades fueron los j\u00f3venes ind\u00edgenas quienes se encargaron de traducir los mensajes\u00a0en lenguas propias ind\u00edgenas ya que por parte de los gobiernos fue muy poco o nada lo que se hizo para hacer llegar los mensajes para cuidados y temas de la COVID19.<\/span><span data-ccp-props=\"{&quot;201341983&quot;:0,&quot;335551550&quot;:1,&quot;335551620&quot;:1,&quot;335559739&quot;:160,&quot;335559740&quot;:259}\">\u00a0<\/span><\/p>\n<p><span data-contrast=\"auto\">Irma calific\u00f3 de \u201cmuy lamentable la reacci\u00f3n de los gobiernos respecto a la protecci\u00f3n de los pueblos ind\u00edgenas ante la COVID19\u201d mencion\u00f3 los casos de Pueblos Ind\u00edgenas de la Amazon\u00eda que han sido gravemente afectados debido al ingreso de la enfermedad a sus comunidades, sin contar con una respuesta adecuada por parte de los gobiernos, particularmente el gobierno de Brasil, de Jair\u00a0<\/span><span data-contrast=\"auto\">Bolsonaro<\/span><span data-contrast=\"auto\">.\u00a0<\/span><span data-ccp-props=\"{&quot;201341983&quot;:0,&quot;335559739&quot;:160,&quot;335559740&quot;:259}\">\u00a0<\/span><\/p>\n<p><span data-contrast=\"auto\">\u201cPor un lado no existen pol\u00edticas p\u00fablicas para los Pueblos Ind\u00edgenas para hacer frente a esta situaci\u00f3n, y por otro lado sigue existiendo racismo y discriminaci\u00f3n desde los propios gobiernos hacia la poblaci\u00f3n ind\u00edgena. La poblaci\u00f3n\u00a0<\/span><span data-contrast=\"auto\">ind\u00edgena<\/span><span data-contrast=\"auto\">\u00a0es de porcentaje reducido en todos nuestros pa\u00edses y no se le ha dado prioridad desde los gobiernos, esto ha llevado a que el Foro Permanente para Cuestiones Ind\u00edgenas de la ONU y otras agencias se pronuncien exigiendo a los gobiernos que tengan en cuenta a la poblaci\u00f3n ind\u00edgena.\u00a0 Entre los golpeados la poblaci\u00f3n ind\u00edgena somos los m\u00e1s golpeados&#8221; concluy\u00f3.<\/span><span data-ccp-props=\"{&quot;201341983&quot;:0,&quot;335551550&quot;:1,&quot;335551620&quot;:1,&quot;335559739&quot;:160,&quot;335559740&quot;:259}\">\u00a0<\/span><\/p>\n","protected":false},"excerpt":{"rendered":"<p>Irma Pineda es ind\u00edgena zapoteca, mexicana, ejerce el cargo de representante de los pueblos\u00a0Ind\u00edgenas\u00a0de\u00a0Latinoamerica\u00a0y el Caribe\u00a0ante el\u00a0Foro Permanente sobre cuestiones ind\u00edgenas de la Organizaci\u00f3n de las Naciones Unidas. Desde su M\u00e9xico natal habl\u00f3 sobre las situaciones que afectan a los pueblos ind\u00edgenas de la Regi\u00f3n en el marco de la pandemia por Coronavirus. Cuestion\u00f3 la<a class=\"more-link\" href=\"https:\/\/vortice.rocks\/clientes\/tierraviva\/representante-indigena-ante-la-onu-la-reaccion-de-los-gobiernos-ha-sido-muy-lamentable\/\">Seguir leyendo <span class=\"screen-reader-text\">&#8220;Representante Ind\u00edgena ante la ONU: \u201cLa reacci\u00f3n de los gobiernos ha sido muy lamentable\u201d&#8221;<\/span><\/a><\/p>\n","protected":false},"author":5,"featured_media":1990,"comment_status":"open","ping_status":"open","sticky":false,"template":"","format":"standard","meta":{"_exactmetrics_skip_tracking":false,"_exactmetrics_sitenote_active":false,"_exactmetrics_sitenote_note":"","_exactmetrics_sitenote_category":0,"footnotes":""},"categories":[3],"tags":[62,63],"yoast_head":"<!-- This site is optimized with the Yoast SEO plugin v21.7 - https:\/\/yoast.com\/wordpress\/plugins\/seo\/ -->\n<title>Representante Ind\u00edgena ante la ONU: \u201cLa reacci\u00f3n de los gobiernos ha sido muy lamentable\u201d - Tierraviva<\/title>\n<meta name=\"robots\" content=\"index, follow, max-snippet:-1, max-image-preview:large, max-video-preview:-1\" \/>\n<link rel=\"canonical\" href=\"https:\/\/vortice.rocks\/clientes\/tierraviva\/representante-indigena-ante-la-onu-la-reaccion-de-los-gobiernos-ha-sido-muy-lamentable\/\" \/>\n<meta property=\"og:locale\" content=\"es_ES\" \/>\n<meta property=\"og:type\" content=\"article\" \/>\n<meta property=\"og:title\" content=\"Representante Ind\u00edgena ante la ONU: \u201cLa reacci\u00f3n de los gobiernos ha sido muy lamentable\u201d - Tierraviva\" \/>\n<meta property=\"og:description\" content=\"Irma Pineda es ind\u00edgena zapoteca, mexicana, ejerce el cargo de representante de los pueblos\u00a0Ind\u00edgenas\u00a0de\u00a0Latinoamerica\u00a0y el Caribe\u00a0ante el\u00a0Foro Permanente sobre cuestiones ind\u00edgenas de la Organizaci\u00f3n de las Naciones Unidas. Desde su M\u00e9xico natal habl\u00f3 sobre las situaciones que afectan a los pueblos ind\u00edgenas de la Regi\u00f3n en el marco de la pandemia por Coronavirus. Cuestion\u00f3 laSeguir leyendo &quot;Representante Ind\u00edgena ante la ONU: \u201cLa reacci\u00f3n de los gobiernos ha sido muy lamentable\u201d&quot;\" \/>\n<meta property=\"og:url\" content=\"https:\/\/vortice.rocks\/clientes\/tierraviva\/representante-indigena-ante-la-onu-la-reaccion-de-los-gobiernos-ha-sido-muy-lamentable\/\" \/>\n<meta property=\"og:site_name\" content=\"Tierraviva\" \/>\n<meta property=\"article:publisher\" content=\"https:\/\/www.facebook.com\/Tierraviva-a-los-pueblos-indigenas-del-Chaco-217328148281564\/\" \/>\n<meta property=\"article:published_time\" content=\"2020-05-30T14:40:53+00:00\" \/>\n<meta property=\"og:image\" content=\"https:\/\/vortice.rocks\/clientes\/tierraviva\/wp-content\/uploads\/2020\/05\/26281_0174099001567784152.jpg\" \/>\n\t<meta property=\"og:image:width\" content=\"400\" \/>\n\t<meta property=\"og:image:height\" content=\"272\" \/>\n\t<meta property=\"og:image:type\" content=\"image\/jpeg\" \/>\n<meta name=\"author\" content=\"Santi Ortiz\" \/>\n<meta name=\"twitter:label1\" content=\"Escrito por\" \/>\n\t<meta name=\"twitter:data1\" content=\"Santi Ortiz\" \/>\n\t<meta name=\"twitter:label2\" content=\"Tiempo de lectura\" \/>\n\t<meta name=\"twitter:data2\" content=\"3 minutos\" \/>\n<script type=\"application\/ld+json\" class=\"yoast-schema-graph\">{\"@context\":\"https:\/\/schema.org\",\"@graph\":[{\"@type\":\"WebPage\",\"@id\":\"https:\/\/vortice.rocks\/clientes\/tierraviva\/representante-indigena-ante-la-onu-la-reaccion-de-los-gobiernos-ha-sido-muy-lamentable\/\",\"url\":\"https:\/\/vortice.rocks\/clientes\/tierraviva\/representante-indigena-ante-la-onu-la-reaccion-de-los-gobiernos-ha-sido-muy-lamentable\/\",\"name\":\"Representante Ind\u00edgena ante la ONU: \u201cLa reacci\u00f3n de los gobiernos ha sido muy lamentable\u201d - Tierraviva\",\"isPartOf\":{\"@id\":\"https:\/\/vortice.rocks\/clientes\/tierraviva\/#website\"},\"datePublished\":\"2020-05-30T14:40:53+00:00\",\"dateModified\":\"2020-05-30T14:40:53+00:00\",\"author\":{\"@id\":\"https:\/\/vortice.rocks\/clientes\/tierraviva\/#\/schema\/person\/0652c5aad419c86cff8f8129d355edd0\"},\"breadcrumb\":{\"@id\":\"https:\/\/vortice.rocks\/clientes\/tierraviva\/representante-indigena-ante-la-onu-la-reaccion-de-los-gobiernos-ha-sido-muy-lamentable\/#breadcrumb\"},\"inLanguage\":\"es\",\"potentialAction\":[{\"@type\":\"ReadAction\",\"target\":[\"https:\/\/vortice.rocks\/clientes\/tierraviva\/representante-indigena-ante-la-onu-la-reaccion-de-los-gobiernos-ha-sido-muy-lamentable\/\"]}]},{\"@type\":\"BreadcrumbList\",\"@id\":\"https:\/\/vortice.rocks\/clientes\/tierraviva\/representante-indigena-ante-la-onu-la-reaccion-de-los-gobiernos-ha-sido-muy-lamentable\/#breadcrumb\",\"itemListElement\":[{\"@type\":\"ListItem\",\"position\":1,\"name\":\"Portada\",\"item\":\"https:\/\/vortice.rocks\/clientes\/tierraviva\/\"},{\"@type\":\"ListItem\",\"position\":2,\"name\":\"Representante Ind\u00edgena ante la ONU: \u201cLa reacci\u00f3n de los gobiernos ha sido muy lamentable\u201d\"}]},{\"@type\":\"WebSite\",\"@id\":\"https:\/\/vortice.rocks\/clientes\/tierraviva\/#website\",\"url\":\"https:\/\/vortice.rocks\/clientes\/tierraviva\/\",\"name\":\"Tierraviva\",\"description\":\"\",\"potentialAction\":[{\"@type\":\"SearchAction\",\"target\":{\"@type\":\"EntryPoint\",\"urlTemplate\":\"https:\/\/vortice.rocks\/clientes\/tierraviva\/?s={search_term_string}\"},\"query-input\":\"required name=search_term_string\"}],\"inLanguage\":\"es\"},{\"@type\":\"Person\",\"@id\":\"https:\/\/vortice.rocks\/clientes\/tierraviva\/#\/schema\/person\/0652c5aad419c86cff8f8129d355edd0\",\"name\":\"Santi Ortiz\",\"image\":{\"@type\":\"ImageObject\",\"inLanguage\":\"es\",\"@id\":\"https:\/\/vortice.rocks\/clientes\/tierraviva\/#\/schema\/person\/image\/\",\"url\":\"https:\/\/secure.gravatar.com\/avatar\/78bab899e21d2840245c1646bfc64d01?s=96&d=mm&r=g\",\"contentUrl\":\"https:\/\/secure.gravatar.com\/avatar\/78bab899e21d2840245c1646bfc64d01?s=96&d=mm&r=g\",\"caption\":\"Santi Ortiz\"},\"sameAs\":[\"https:\/\/vortice.rocks\/clientes\/tierraviva\"],\"url\":\"https:\/\/vortice.rocks\/clientes\/tierraviva\/author\/santi-ortiz\/\"}]}<\/script>\n<!-- \/ Yoast SEO plugin. -->","yoast_head_json":{"title":"Representante Ind\u00edgena ante la ONU: \u201cLa reacci\u00f3n de los gobiernos ha sido muy lamentable\u201d - Tierraviva","robots":{"index":"index","follow":"follow","max-snippet":"max-snippet:-1","max-image-preview":"max-image-preview:large","max-video-preview":"max-video-preview:-1"},"canonical":"https:\/\/vortice.rocks\/clientes\/tierraviva\/representante-indigena-ante-la-onu-la-reaccion-de-los-gobiernos-ha-sido-muy-lamentable\/","og_locale":"es_ES","og_type":"article","og_title":"Representante Ind\u00edgena ante la ONU: \u201cLa reacci\u00f3n de los gobiernos ha sido muy lamentable\u201d - Tierraviva","og_description":"Irma Pineda es ind\u00edgena zapoteca, mexicana, ejerce el cargo de representante de los pueblos\u00a0Ind\u00edgenas\u00a0de\u00a0Latinoamerica\u00a0y el Caribe\u00a0ante el\u00a0Foro Permanente sobre cuestiones ind\u00edgenas de la Organizaci\u00f3n de las Naciones Unidas. Desde su M\u00e9xico natal habl\u00f3 sobre las situaciones que afectan a los pueblos ind\u00edgenas de la Regi\u00f3n en el marco de la pandemia por Coronavirus. Cuestion\u00f3 laSeguir leyendo \"Representante Ind\u00edgena ante la ONU: \u201cLa reacci\u00f3n de los gobiernos ha sido muy lamentable\u201d\"","og_url":"https:\/\/vortice.rocks\/clientes\/tierraviva\/representante-indigena-ante-la-onu-la-reaccion-de-los-gobiernos-ha-sido-muy-lamentable\/","og_site_name":"Tierraviva","article_publisher":"https:\/\/www.facebook.com\/Tierraviva-a-los-pueblos-indigenas-del-Chaco-217328148281564\/","article_published_time":"2020-05-30T14:40:53+00:00","og_image":[{"width":400,"height":272,"url":"https:\/\/vortice.rocks\/clientes\/tierraviva\/wp-content\/uploads\/2020\/05\/26281_0174099001567784152.jpg","type":"image\/jpeg"}],"author":"Santi Ortiz","twitter_misc":{"Escrito por":"Santi Ortiz","Tiempo de lectura":"3 minutos"},"schema":{"@context":"https:\/\/schema.org","@graph":[{"@type":"WebPage","@id":"https:\/\/vortice.rocks\/clientes\/tierraviva\/representante-indigena-ante-la-onu-la-reaccion-de-los-gobiernos-ha-sido-muy-lamentable\/","url":"https:\/\/vortice.rocks\/clientes\/tierraviva\/representante-indigena-ante-la-onu-la-reaccion-de-los-gobiernos-ha-sido-muy-lamentable\/","name":"Representante Ind\u00edgena ante la ONU: \u201cLa reacci\u00f3n de los gobiernos ha sido muy lamentable\u201d - Tierraviva","isPartOf":{"@id":"https:\/\/vortice.rocks\/clientes\/tierraviva\/#website"},"datePublished":"2020-05-30T14:40:53+00:00","dateModified":"2020-05-30T14:40:53+00:00","author":{"@id":"https:\/\/vortice.rocks\/clientes\/tierraviva\/#\/schema\/person\/0652c5aad419c86cff8f8129d355edd0"},"breadcrumb":{"@id":"https:\/\/vortice.rocks\/clientes\/tierraviva\/representante-indigena-ante-la-onu-la-reaccion-de-los-gobiernos-ha-sido-muy-lamentable\/#breadcrumb"},"inLanguage":"es","potentialAction":[{"@type":"ReadAction","target":["https:\/\/vortice.rocks\/clientes\/tierraviva\/representante-indigena-ante-la-onu-la-reaccion-de-los-gobiernos-ha-sido-muy-lamentable\/"]}]},{"@type":"BreadcrumbList","@id":"https:\/\/vortice.rocks\/clientes\/tierraviva\/representante-indigena-ante-la-onu-la-reaccion-de-los-gobiernos-ha-sido-muy-lamentable\/#breadcrumb","itemListElement":[{"@type":"ListItem","position":1,"name":"Portada","item":"https:\/\/vortice.rocks\/clientes\/tierraviva\/"},{"@type":"ListItem","position":2,"name":"Representante Ind\u00edgena ante la ONU: \u201cLa reacci\u00f3n de los gobiernos ha sido muy lamentable\u201d"}]},{"@type":"WebSite","@id":"https:\/\/vortice.rocks\/clientes\/tierraviva\/#website","url":"https:\/\/vortice.rocks\/clientes\/tierraviva\/","name":"Tierraviva","description":"","potentialAction":[{"@type":"SearchAction","target":{"@type":"EntryPoint","urlTemplate":"https:\/\/vortice.rocks\/clientes\/tierraviva\/?s={search_term_string}"},"query-input":"required name=search_term_string"}],"inLanguage":"es"},{"@type":"Person","@id":"https:\/\/vortice.rocks\/clientes\/tierraviva\/#\/schema\/person\/0652c5aad419c86cff8f8129d355edd0","name":"Santi Ortiz","image":{"@type":"ImageObject","inLanguage":"es","@id":"https:\/\/vortice.rocks\/clientes\/tierraviva\/#\/schema\/person\/image\/","url":"https:\/\/secure.gravatar.com\/avatar\/78bab899e21d2840245c1646bfc64d01?s=96&d=mm&r=g","contentUrl":"https:\/\/secure.gravatar.com\/avatar\/78bab899e21d2840245c1646bfc64d01?s=96&d=mm&r=g","caption":"Santi Ortiz"},"sameAs":["https:\/\/vortice.rocks\/clientes\/tierraviva"],"url":"https:\/\/vortice.rocks\/clientes\/tierraviva\/author\/santi-ortiz\/"}]}},"_links":{"self":[{"href":"https:\/\/vortice.rocks\/clientes\/tierraviva\/wp-json\/wp\/v2\/posts\/1987"}],"collection":[{"href":"https:\/\/vortice.rocks\/clientes\/tierraviva\/wp-json\/wp\/v2\/posts"}],"about":[{"href":"https:\/\/vortice.rocks\/clientes\/tierraviva\/wp-json\/wp\/v2\/types\/post"}],"author":[{"embeddable":true,"href":"https:\/\/vortice.rocks\/clientes\/tierraviva\/wp-json\/wp\/v2\/users\/5"}],"replies":[{"embeddable":true,"href":"https:\/\/vortice.rocks\/clientes\/tierraviva\/wp-json\/wp\/v2\/comments?post=1987"}],"version-history":[{"count":1,"href":"https:\/\/vortice.rocks\/clientes\/tierraviva\/wp-json\/wp\/v2\/posts\/1987\/revisions"}],"predecessor-version":[{"id":1991,"href":"https:\/\/vortice.rocks\/clientes\/tierraviva\/wp-json\/wp\/v2\/posts\/1987\/revisions\/1991"}],"wp:featuredmedia":[{"embeddable":true,"href":"https:\/\/vortice.rocks\/clientes\/tierraviva\/wp-json\/wp\/v2\/media\/1990"}],"wp:attachment":[{"href":"https:\/\/vortice.rocks\/clientes\/tierraviva\/wp-json\/wp\/v2\/media?parent=1987"}],"wp:term":[{"taxonomy":"category","embeddable":true,"href":"https:\/\/vortice.rocks\/clientes\/tierraviva\/wp-json\/wp\/v2\/categories?post=1987"},{"taxonomy":"post_tag","embeddable":true,"href":"https:\/\/vortice.rocks\/clientes\/tierraviva\/wp-json\/wp\/v2\/tags?post=1987"}],"curies":[{"name":"wp","href":"https:\/\/api.w.org\/{rel}","templated":true}]}}