{"id":2001,"date":"2020-06-18T12:19:16","date_gmt":"2020-06-18T16:19:16","guid":{"rendered":"https:\/\/vortice.rocks\/clientes\/tierraviva\/?p=2001"},"modified":"2020-06-18T12:19:16","modified_gmt":"2020-06-18T16:19:16","slug":"segundo-dia-de-manifestacion-en-yakye-axa","status":"publish","type":"post","link":"https:\/\/vortice.rocks\/clientes\/tierraviva\/segundo-dia-de-manifestacion-en-yakye-axa\/","title":{"rendered":"Segundo d\u00eda de manifestaci\u00f3n en Yakye Axa"},"content":{"rendered":"<p>Por segundo d\u00eda consecutivo se realiza el cierre de la Ruta Pozo Colorado Concepci\u00f3n por parte de la Comunidad Yakye Axa, que cuenta con el acompa\u00f1amiento de miembros de otras comunidades ind\u00edgenas de la zona, reclamando el pleno cumplimiento de la sentencia de la Corte Interamericana de Derechos Humanos. La comunidad aguarda hace a\u00f1os al costado de la mencionada ruta que el Estado construya un camino que les permita ingresar a sus tierras.<\/p>\n<p>El Director Jur\u00eddico del Instituto Paraguayo del Ind\u00edgena, Abogado Daniel Ben\u00edtez, manifest\u00f3 que el INDI ha realizado diversas gestiones para atender los reclamos de la comunidad, \u201ctodo lo que est\u00e1 en el \u00e1mbito del INDI ya se resolvi\u00f3 mediante resoluciones adoptadas por el Presidente, ahora falta la cuesti\u00f3n del camino que depende del Ministerio de Obras P\u00fablicas\u201d indic\u00f3.<\/p>\n<p>Sin embargo, el punto central del reclamo es la exigencia de la construcci\u00f3n del camino que permita ingresar a las tierras de la Comunidad, este punto a\u00fan no fue respondido por las autoridades. En ese sentido Benitez se\u00f1al\u00f3 que seg\u00fan las informaciones a las que el INDI accedi\u00f3, el d\u00eda viernes se firmar\u00eda un acuerdo entre los establecimientos ganaderos, que rodean las tierras que deben ser ocupadas por la comunidad, y el MOPC a fin de que las maquinarias del puedan iniciar la construcci\u00f3n del tramo de unos 33 kil\u00f3metros que permitir\u00e1 que Yakye Axa ingrese a sus tierras tras m\u00e1s de 20 a\u00f1os de lucha.<\/p>\n<p>La construcci\u00f3n del camino fue resuelta por la Ley 6465\/19, que expropia los terrenos necesarios para la construcci\u00f3n del mismo con un trazado favorable para las comunidades y menos oneroso para el Estado; Ben\u00edtez indic\u00f3 que el INDI apoya dicho trazado ya que es el resuelto por la comunidad.<\/p>\n<p>A la espera de que las autoridades den respuestas concretas al reclamo de la construcci\u00f3n del camino la comunidad Yakye Axa inici\u00f3 ayer, al cumplirse 15 a\u00f1os de la Sentencia de la Corte IDH, una manifestaci\u00f3n indefinida con cierre de la Ruta Pozo Colorado &#8211; Concepci\u00f3n, donde se mantienen firmes en sus reclamos.<\/p>\n","protected":false},"excerpt":{"rendered":"<p>Por segundo d\u00eda consecutivo se realiza el cierre de la Ruta Pozo Colorado Concepci\u00f3n por parte de la Comunidad Yakye Axa, que cuenta con el acompa\u00f1amiento de miembros de otras comunidades ind\u00edgenas de la zona, reclamando el pleno cumplimiento de la sentencia de la Corte Interamericana de Derechos Humanos. La comunidad aguarda hace a\u00f1os al<a class=\"more-link\" href=\"https:\/\/vortice.rocks\/clientes\/tierraviva\/segundo-dia-de-manifestacion-en-yakye-axa\/\">Seguir leyendo <span class=\"screen-reader-text\">&#8220;Segundo d\u00eda de manifestaci\u00f3n en Yakye Axa&#8221;<\/span><\/a><\/p>\n","protected":false},"author":5,"featured_media":2002,"comment_status":"open","ping_status":"open","sticky":false,"template":"","format":"standard","meta":{"_exactmetrics_skip_tracking":false,"_exactmetrics_sitenote_active":false,"_exactmetrics_sitenote_note":"","_exactmetrics_sitenote_category":0,"footnotes":""},"categories":[3],"tags":[],"yoast_head":"<!-- This site is optimized with the Yoast SEO plugin v21.7 - https:\/\/yoast.com\/wordpress\/plugins\/seo\/ -->\n<title>Segundo d\u00eda de manifestaci\u00f3n en Yakye Axa - Tierraviva<\/title>\n<meta name=\"robots\" content=\"index, follow, max-snippet:-1, max-image-preview:large, max-video-preview:-1\" \/>\n<link rel=\"canonical\" href=\"https:\/\/vortice.rocks\/clientes\/tierraviva\/segundo-dia-de-manifestacion-en-yakye-axa\/\" \/>\n<meta property=\"og:locale\" content=\"es_ES\" \/>\n<meta property=\"og:type\" content=\"article\" \/>\n<meta property=\"og:title\" content=\"Segundo d\u00eda de manifestaci\u00f3n en Yakye Axa - Tierraviva\" \/>\n<meta property=\"og:description\" content=\"Por segundo d\u00eda consecutivo se realiza el cierre de la Ruta Pozo Colorado Concepci\u00f3n por parte de la Comunidad Yakye Axa, que cuenta con el acompa\u00f1amiento de miembros de otras comunidades ind\u00edgenas de la zona, reclamando el pleno cumplimiento de la sentencia de la Corte Interamericana de Derechos Humanos. La comunidad aguarda hace a\u00f1os alSeguir leyendo &quot;Segundo d\u00eda de manifestaci\u00f3n en Yakye Axa&quot;\" \/>\n<meta property=\"og:url\" content=\"https:\/\/vortice.rocks\/clientes\/tierraviva\/segundo-dia-de-manifestacion-en-yakye-axa\/\" \/>\n<meta property=\"og:site_name\" content=\"Tierraviva\" \/>\n<meta property=\"article:publisher\" content=\"https:\/\/www.facebook.com\/Tierraviva-a-los-pueblos-indigenas-del-Chaco-217328148281564\/\" \/>\n<meta property=\"article:published_time\" content=\"2020-06-18T16:19:16+00:00\" \/>\n<meta property=\"og:image\" content=\"https:\/\/vortice.rocks\/clientes\/tierraviva\/wp-content\/uploads\/2020\/06\/IMG-20200617-WA0041.jpg\" \/>\n\t<meta property=\"og:image:width\" content=\"1280\" \/>\n\t<meta property=\"og:image:height\" content=\"622\" \/>\n\t<meta property=\"og:image:type\" content=\"image\/jpeg\" \/>\n<meta name=\"author\" content=\"Santi Ortiz\" \/>\n<meta name=\"twitter:label1\" content=\"Escrito por\" \/>\n\t<meta name=\"twitter:data1\" content=\"Santi Ortiz\" \/>\n\t<meta name=\"twitter:label2\" content=\"Tiempo de lectura\" \/>\n\t<meta name=\"twitter:data2\" content=\"2 minutos\" \/>\n<script type=\"application\/ld+json\" class=\"yoast-schema-graph\">{\"@context\":\"https:\/\/schema.org\",\"@graph\":[{\"@type\":\"WebPage\",\"@id\":\"https:\/\/vortice.rocks\/clientes\/tierraviva\/segundo-dia-de-manifestacion-en-yakye-axa\/\",\"url\":\"https:\/\/vortice.rocks\/clientes\/tierraviva\/segundo-dia-de-manifestacion-en-yakye-axa\/\",\"name\":\"Segundo d\u00eda de manifestaci\u00f3n en Yakye Axa - Tierraviva\",\"isPartOf\":{\"@id\":\"https:\/\/vortice.rocks\/clientes\/tierraviva\/#website\"},\"datePublished\":\"2020-06-18T16:19:16+00:00\",\"dateModified\":\"2020-06-18T16:19:16+00:00\",\"author\":{\"@id\":\"https:\/\/vortice.rocks\/clientes\/tierraviva\/#\/schema\/person\/0652c5aad419c86cff8f8129d355edd0\"},\"breadcrumb\":{\"@id\":\"https:\/\/vortice.rocks\/clientes\/tierraviva\/segundo-dia-de-manifestacion-en-yakye-axa\/#breadcrumb\"},\"inLanguage\":\"es\",\"potentialAction\":[{\"@type\":\"ReadAction\",\"target\":[\"https:\/\/vortice.rocks\/clientes\/tierraviva\/segundo-dia-de-manifestacion-en-yakye-axa\/\"]}]},{\"@type\":\"BreadcrumbList\",\"@id\":\"https:\/\/vortice.rocks\/clientes\/tierraviva\/segundo-dia-de-manifestacion-en-yakye-axa\/#breadcrumb\",\"itemListElement\":[{\"@type\":\"ListItem\",\"position\":1,\"name\":\"Portada\",\"item\":\"https:\/\/vortice.rocks\/clientes\/tierraviva\/\"},{\"@type\":\"ListItem\",\"position\":2,\"name\":\"Segundo d\u00eda de manifestaci\u00f3n en Yakye Axa\"}]},{\"@type\":\"WebSite\",\"@id\":\"https:\/\/vortice.rocks\/clientes\/tierraviva\/#website\",\"url\":\"https:\/\/vortice.rocks\/clientes\/tierraviva\/\",\"name\":\"Tierraviva\",\"description\":\"\",\"potentialAction\":[{\"@type\":\"SearchAction\",\"target\":{\"@type\":\"EntryPoint\",\"urlTemplate\":\"https:\/\/vortice.rocks\/clientes\/tierraviva\/?s={search_term_string}\"},\"query-input\":\"required name=search_term_string\"}],\"inLanguage\":\"es\"},{\"@type\":\"Person\",\"@id\":\"https:\/\/vortice.rocks\/clientes\/tierraviva\/#\/schema\/person\/0652c5aad419c86cff8f8129d355edd0\",\"name\":\"Santi Ortiz\",\"image\":{\"@type\":\"ImageObject\",\"inLanguage\":\"es\",\"@id\":\"https:\/\/vortice.rocks\/clientes\/tierraviva\/#\/schema\/person\/image\/\",\"url\":\"https:\/\/secure.gravatar.com\/avatar\/78bab899e21d2840245c1646bfc64d01?s=96&d=mm&r=g\",\"contentUrl\":\"https:\/\/secure.gravatar.com\/avatar\/78bab899e21d2840245c1646bfc64d01?s=96&d=mm&r=g\",\"caption\":\"Santi Ortiz\"},\"sameAs\":[\"https:\/\/vortice.rocks\/clientes\/tierraviva\"],\"url\":\"https:\/\/vortice.rocks\/clientes\/tierraviva\/author\/santi-ortiz\/\"}]}<\/script>\n<!-- \/ Yoast SEO plugin. -->","yoast_head_json":{"title":"Segundo d\u00eda de manifestaci\u00f3n en Yakye Axa - Tierraviva","robots":{"index":"index","follow":"follow","max-snippet":"max-snippet:-1","max-image-preview":"max-image-preview:large","max-video-preview":"max-video-preview:-1"},"canonical":"https:\/\/vortice.rocks\/clientes\/tierraviva\/segundo-dia-de-manifestacion-en-yakye-axa\/","og_locale":"es_ES","og_type":"article","og_title":"Segundo d\u00eda de manifestaci\u00f3n en Yakye Axa - Tierraviva","og_description":"Por segundo d\u00eda consecutivo se realiza el cierre de la Ruta Pozo Colorado Concepci\u00f3n por parte de la Comunidad Yakye Axa, que cuenta con el acompa\u00f1amiento de miembros de otras comunidades ind\u00edgenas de la zona, reclamando el pleno cumplimiento de la sentencia de la Corte Interamericana de Derechos Humanos. La comunidad aguarda hace a\u00f1os alSeguir leyendo \"Segundo d\u00eda de manifestaci\u00f3n en Yakye Axa\"","og_url":"https:\/\/vortice.rocks\/clientes\/tierraviva\/segundo-dia-de-manifestacion-en-yakye-axa\/","og_site_name":"Tierraviva","article_publisher":"https:\/\/www.facebook.com\/Tierraviva-a-los-pueblos-indigenas-del-Chaco-217328148281564\/","article_published_time":"2020-06-18T16:19:16+00:00","og_image":[{"width":1280,"height":622,"url":"https:\/\/vortice.rocks\/clientes\/tierraviva\/wp-content\/uploads\/2020\/06\/IMG-20200617-WA0041.jpg","type":"image\/jpeg"}],"author":"Santi Ortiz","twitter_misc":{"Escrito por":"Santi Ortiz","Tiempo de lectura":"2 minutos"},"schema":{"@context":"https:\/\/schema.org","@graph":[{"@type":"WebPage","@id":"https:\/\/vortice.rocks\/clientes\/tierraviva\/segundo-dia-de-manifestacion-en-yakye-axa\/","url":"https:\/\/vortice.rocks\/clientes\/tierraviva\/segundo-dia-de-manifestacion-en-yakye-axa\/","name":"Segundo d\u00eda de manifestaci\u00f3n en Yakye Axa - Tierraviva","isPartOf":{"@id":"https:\/\/vortice.rocks\/clientes\/tierraviva\/#website"},"datePublished":"2020-06-18T16:19:16+00:00","dateModified":"2020-06-18T16:19:16+00:00","author":{"@id":"https:\/\/vortice.rocks\/clientes\/tierraviva\/#\/schema\/person\/0652c5aad419c86cff8f8129d355edd0"},"breadcrumb":{"@id":"https:\/\/vortice.rocks\/clientes\/tierraviva\/segundo-dia-de-manifestacion-en-yakye-axa\/#breadcrumb"},"inLanguage":"es","potentialAction":[{"@type":"ReadAction","target":["https:\/\/vortice.rocks\/clientes\/tierraviva\/segundo-dia-de-manifestacion-en-yakye-axa\/"]}]},{"@type":"BreadcrumbList","@id":"https:\/\/vortice.rocks\/clientes\/tierraviva\/segundo-dia-de-manifestacion-en-yakye-axa\/#breadcrumb","itemListElement":[{"@type":"ListItem","position":1,"name":"Portada","item":"https:\/\/vortice.rocks\/clientes\/tierraviva\/"},{"@type":"ListItem","position":2,"name":"Segundo d\u00eda de manifestaci\u00f3n en Yakye Axa"}]},{"@type":"WebSite","@id":"https:\/\/vortice.rocks\/clientes\/tierraviva\/#website","url":"https:\/\/vortice.rocks\/clientes\/tierraviva\/","name":"Tierraviva","description":"","potentialAction":[{"@type":"SearchAction","target":{"@type":"EntryPoint","urlTemplate":"https:\/\/vortice.rocks\/clientes\/tierraviva\/?s={search_term_string}"},"query-input":"required name=search_term_string"}],"inLanguage":"es"},{"@type":"Person","@id":"https:\/\/vortice.rocks\/clientes\/tierraviva\/#\/schema\/person\/0652c5aad419c86cff8f8129d355edd0","name":"Santi Ortiz","image":{"@type":"ImageObject","inLanguage":"es","@id":"https:\/\/vortice.rocks\/clientes\/tierraviva\/#\/schema\/person\/image\/","url":"https:\/\/secure.gravatar.com\/avatar\/78bab899e21d2840245c1646bfc64d01?s=96&d=mm&r=g","contentUrl":"https:\/\/secure.gravatar.com\/avatar\/78bab899e21d2840245c1646bfc64d01?s=96&d=mm&r=g","caption":"Santi Ortiz"},"sameAs":["https:\/\/vortice.rocks\/clientes\/tierraviva"],"url":"https:\/\/vortice.rocks\/clientes\/tierraviva\/author\/santi-ortiz\/"}]}},"_links":{"self":[{"href":"https:\/\/vortice.rocks\/clientes\/tierraviva\/wp-json\/wp\/v2\/posts\/2001"}],"collection":[{"href":"https:\/\/vortice.rocks\/clientes\/tierraviva\/wp-json\/wp\/v2\/posts"}],"about":[{"href":"https:\/\/vortice.rocks\/clientes\/tierraviva\/wp-json\/wp\/v2\/types\/post"}],"author":[{"embeddable":true,"href":"https:\/\/vortice.rocks\/clientes\/tierraviva\/wp-json\/wp\/v2\/users\/5"}],"replies":[{"embeddable":true,"href":"https:\/\/vortice.rocks\/clientes\/tierraviva\/wp-json\/wp\/v2\/comments?post=2001"}],"version-history":[{"count":1,"href":"https:\/\/vortice.rocks\/clientes\/tierraviva\/wp-json\/wp\/v2\/posts\/2001\/revisions"}],"predecessor-version":[{"id":2003,"href":"https:\/\/vortice.rocks\/clientes\/tierraviva\/wp-json\/wp\/v2\/posts\/2001\/revisions\/2003"}],"wp:featuredmedia":[{"embeddable":true,"href":"https:\/\/vortice.rocks\/clientes\/tierraviva\/wp-json\/wp\/v2\/media\/2002"}],"wp:attachment":[{"href":"https:\/\/vortice.rocks\/clientes\/tierraviva\/wp-json\/wp\/v2\/media?parent=2001"}],"wp:term":[{"taxonomy":"category","embeddable":true,"href":"https:\/\/vortice.rocks\/clientes\/tierraviva\/wp-json\/wp\/v2\/categories?post=2001"},{"taxonomy":"post_tag","embeddable":true,"href":"https:\/\/vortice.rocks\/clientes\/tierraviva\/wp-json\/wp\/v2\/tags?post=2001"}],"curies":[{"name":"wp","href":"https:\/\/api.w.org\/{rel}","templated":true}]}}