{"id":2006,"date":"2020-06-25T15:11:36","date_gmt":"2020-06-25T19:11:36","guid":{"rendered":"https:\/\/vortice.rocks\/clientes\/tierraviva\/?p=2006"},"modified":"2020-06-25T18:45:18","modified_gmt":"2020-06-25T22:45:18","slug":"miles-de-familias-indigenas-padecen-la-falta-de-agua-en-comunidades-del-chaco","status":"publish","type":"post","link":"https:\/\/vortice.rocks\/clientes\/tierraviva\/miles-de-familias-indigenas-padecen-la-falta-de-agua-en-comunidades-del-chaco\/","title":{"rendered":"Miles de familias ind\u00edgenas padecen la falta de agua en comunidades del Chaco.\u00a0"},"content":{"rendered":"<p><span data-contrast=\"auto\">Seg\u00fan el monitoreo realizado por la Organizaci\u00f3n\u00a0<\/span><span data-contrast=\"auto\">Tierraviva<\/span><span data-contrast=\"auto\">\u00a0m\u00e1s de 50 comunidades ind\u00edgenas del Bajo Chaco se encuentran con requerimientos urgentes de acceder a agua; la fuerte sequ\u00eda que afecta al Chaco ha dejado pr\u00e1cticamente sin reservas a los pobladores, que se ven obligados a consumir agua de los tajamares, no apta para consumo humano. Seg\u00fan se\u00f1alan desde diferentes organismos del Estado, la ayuda llega a las comunidades, pero de forma insuficiente.<\/span><span data-ccp-props=\"{&quot;201341983&quot;:0,&quot;335551550&quot;:1,&quot;335551620&quot;:1,&quot;335559739&quot;:160,&quot;335559740&quot;:259}\">\u00a0<\/span><\/p>\n<p><span data-contrast=\"auto\">Rub\u00e9n<\/span><span data-contrast=\"auto\">\u00a0Cuevas, de la Secretar\u00eda de Emergencia Nacional (SEN), mencion\u00f3\u00a0<\/span><span data-contrast=\"auto\">que,<\/span><span data-contrast=\"auto\">\u00a0si bien la sequ\u00eda es habitual en esta temporada, le resulta at\u00edpico que la zona del Bajo Chaco est\u00e9 siendo tan afectada, ya que normalmente suele recibir algunas lluvias a\u00fan en tiempos de sequ\u00eda. Indic\u00f3 que la SEN se encuentra monitoreando, conjuntamente con los gobiernos locales, la situaci\u00f3n y asistiendo en la medida de las posibilidades; Cuevas se\u00f1al\u00f3 que cuentan con camiones cisterna para asistir a las comunidades, sin embargo, al no existir fuentes de agua en la zona las cantidades del l\u00edquido que pueden entregar a las comunidades son limitadas.<\/span><span data-ccp-props=\"{&quot;201341983&quot;:0,&quot;335551550&quot;:1,&quot;335551620&quot;:1,&quot;335559739&quot;:160,&quot;335559740&quot;:259}\">\u00a0<\/span><\/p>\n<p><span data-contrast=\"auto\">Los testimonios de los l\u00edderes ind\u00edgenas dan cuenta de la angustiosa situaci\u00f3n que atraviesan las comunidades debido a la falta de agua, muchos miembros de las comunidades se enferman debido al consumo de agua en mal estado, que es lo que queda en los tajamares actualmente. Los principales afectados son los ni\u00f1os, ni\u00f1as y adultos mayores que desarrollan cuadros de v\u00f3mitos y diarreas a causa de intoxicaciones por el agua de mala calidad que consumen.<\/span><span data-ccp-props=\"{&quot;201341983&quot;:0,&quot;335551550&quot;:1,&quot;335551620&quot;:1,&quot;335559739&quot;:160,&quot;335559740&quot;:259}\">\u00a0<\/span><\/p>\n<p><iframe style=\"border: none; overflow: hidden;\" src=\"https:\/\/www.facebook.com\/plugins\/video.php?href=https%3A%2F%2Fwww.facebook.com%2F217328148281564%2Fvideos%2F277022073377953%2F&amp;show_text=0&amp;width=560\" width=\"560\" height=\"315\" frameborder=\"0\" scrolling=\"no\" allowfullscreen=\"allowfullscreen\"><\/iframe><\/p>\n<p><span data-contrast=\"auto\">El Servicio Nacional de Sanidad Ambiental (SENASA) es otra instituci\u00f3n que tiene a su cargo garantizar el acceso a agua potable, desde su Direcci\u00f3n de Asuntos Ind\u00edgenas informaron que actualmente no se encuentran realizando asistencia, pero que\u00a0<\/span><span data-contrast=\"auto\">est\u00e1n<\/span><span data-contrast=\"auto\">\u00a0relevando datos de las comunidades con mayores inconvenientes a fin de poder desarrollar soluciones a futuro.<\/span><span data-ccp-props=\"{&quot;201341983&quot;:0,&quot;335551550&quot;:1,&quot;335551620&quot;:1,&quot;335559739&quot;:160,&quot;335559740&quot;:259}\">\u00a0<\/span><\/p>\n<p><span data-contrast=\"auto\">Solo en la zona del Bajo Chaco cerca de 3.000 familias ind\u00edgenas estar\u00edan requiriendo una asistencia urgente debido a la falta de agua, elemento vital para la vida. La asistencia del Estado es insuficiente y, a pesar de que la situaci\u00f3n es reiterada, no se cuenta con un plan integral y\u00a0<\/span><span data-contrast=\"auto\">sistem\u00e1tico<\/span><span data-contrast=\"auto\">\u00a0de asistencia a las comunidades afectadas por la sequ\u00eda.<\/span><span data-ccp-props=\"{&quot;201341983&quot;:0,&quot;335551550&quot;:1,&quot;335551620&quot;:1,&quot;335559739&quot;:160,&quot;335559740&quot;:259}\">\u00a0<\/span><\/p>\n<p><span data-ccp-props=\"{&quot;201341983&quot;:0,&quot;335559739&quot;:160,&quot;335559740&quot;:259}\">\u00a0Foto: Abc Color<\/span><\/p>\n","protected":false},"excerpt":{"rendered":"<p>Seg\u00fan el monitoreo realizado por la Organizaci\u00f3n\u00a0Tierraviva\u00a0m\u00e1s de 50 comunidades ind\u00edgenas del Bajo Chaco se encuentran con requerimientos urgentes de acceder a agua; la fuerte sequ\u00eda que afecta al Chaco ha dejado pr\u00e1cticamente sin reservas a los pobladores, que se ven obligados a consumir agua de los tajamares, no apta para consumo humano. Seg\u00fan se\u00f1alan<a class=\"more-link\" href=\"https:\/\/vortice.rocks\/clientes\/tierraviva\/miles-de-familias-indigenas-padecen-la-falta-de-agua-en-comunidades-del-chaco\/\">Seguir leyendo <span class=\"screen-reader-text\">&#8220;Miles de familias ind\u00edgenas padecen la falta de agua en comunidades del Chaco.\u00a0&#8220;<\/span><\/a><\/p>\n","protected":false},"author":5,"featured_media":2007,"comment_status":"open","ping_status":"open","sticky":false,"template":"","format":"standard","meta":{"_exactmetrics_skip_tracking":false,"_exactmetrics_sitenote_active":false,"_exactmetrics_sitenote_note":"","_exactmetrics_sitenote_category":0,"footnotes":""},"categories":[3],"tags":[],"yoast_head":"<!-- This site is optimized with the Yoast SEO plugin v21.7 - https:\/\/yoast.com\/wordpress\/plugins\/seo\/ -->\n<title>Miles de familias ind\u00edgenas padecen la falta de agua en comunidades del Chaco.\u00a0 - Tierraviva<\/title>\n<meta name=\"robots\" content=\"index, follow, max-snippet:-1, max-image-preview:large, max-video-preview:-1\" \/>\n<link rel=\"canonical\" href=\"https:\/\/vortice.rocks\/clientes\/tierraviva\/miles-de-familias-indigenas-padecen-la-falta-de-agua-en-comunidades-del-chaco\/\" \/>\n<meta property=\"og:locale\" content=\"es_ES\" \/>\n<meta property=\"og:type\" content=\"article\" \/>\n<meta property=\"og:title\" content=\"Miles de familias ind\u00edgenas padecen la falta de agua en comunidades del Chaco.\u00a0 - Tierraviva\" \/>\n<meta property=\"og:description\" content=\"Seg\u00fan el monitoreo realizado por la Organizaci\u00f3n\u00a0Tierraviva\u00a0m\u00e1s de 50 comunidades ind\u00edgenas del Bajo Chaco se encuentran con requerimientos urgentes de acceder a agua; la fuerte sequ\u00eda que afecta al Chaco ha dejado pr\u00e1cticamente sin reservas a los pobladores, que se ven obligados a consumir agua de los tajamares, no apta para consumo humano. Seg\u00fan se\u00f1alanSeguir leyendo &quot;Miles de familias ind\u00edgenas padecen la falta de agua en comunidades del Chaco.\u00a0&quot;\" \/>\n<meta property=\"og:url\" content=\"https:\/\/vortice.rocks\/clientes\/tierraviva\/miles-de-familias-indigenas-padecen-la-falta-de-agua-en-comunidades-del-chaco\/\" \/>\n<meta property=\"og:site_name\" content=\"Tierraviva\" \/>\n<meta property=\"article:publisher\" content=\"https:\/\/www.facebook.com\/Tierraviva-a-los-pueblos-indigenas-del-Chaco-217328148281564\/\" \/>\n<meta property=\"article:published_time\" content=\"2020-06-25T19:11:36+00:00\" \/>\n<meta property=\"article:modified_time\" content=\"2020-06-25T22:45:18+00:00\" \/>\n<meta property=\"og:image\" content=\"https:\/\/vortice.rocks\/clientes\/tierraviva\/wp-content\/uploads\/2020\/06\/EEIWVNAST5BYPK7IO45QIFPOTI.jpg\" \/>\n\t<meta property=\"og:image:width\" content=\"689\" \/>\n\t<meta property=\"og:image:height\" content=\"495\" \/>\n\t<meta property=\"og:image:type\" content=\"image\/jpeg\" \/>\n<meta name=\"author\" content=\"Santi Ortiz\" \/>\n<meta name=\"twitter:label1\" content=\"Escrito por\" \/>\n\t<meta name=\"twitter:data1\" content=\"Santi Ortiz\" \/>\n\t<meta name=\"twitter:label2\" content=\"Tiempo de lectura\" \/>\n\t<meta name=\"twitter:data2\" content=\"2 minutos\" \/>\n<script type=\"application\/ld+json\" class=\"yoast-schema-graph\">{\"@context\":\"https:\/\/schema.org\",\"@graph\":[{\"@type\":\"WebPage\",\"@id\":\"https:\/\/vortice.rocks\/clientes\/tierraviva\/miles-de-familias-indigenas-padecen-la-falta-de-agua-en-comunidades-del-chaco\/\",\"url\":\"https:\/\/vortice.rocks\/clientes\/tierraviva\/miles-de-familias-indigenas-padecen-la-falta-de-agua-en-comunidades-del-chaco\/\",\"name\":\"Miles de familias ind\u00edgenas padecen la falta de agua en comunidades del Chaco.\u00a0 - Tierraviva\",\"isPartOf\":{\"@id\":\"https:\/\/vortice.rocks\/clientes\/tierraviva\/#website\"},\"datePublished\":\"2020-06-25T19:11:36+00:00\",\"dateModified\":\"2020-06-25T22:45:18+00:00\",\"author\":{\"@id\":\"https:\/\/vortice.rocks\/clientes\/tierraviva\/#\/schema\/person\/0652c5aad419c86cff8f8129d355edd0\"},\"breadcrumb\":{\"@id\":\"https:\/\/vortice.rocks\/clientes\/tierraviva\/miles-de-familias-indigenas-padecen-la-falta-de-agua-en-comunidades-del-chaco\/#breadcrumb\"},\"inLanguage\":\"es\",\"potentialAction\":[{\"@type\":\"ReadAction\",\"target\":[\"https:\/\/vortice.rocks\/clientes\/tierraviva\/miles-de-familias-indigenas-padecen-la-falta-de-agua-en-comunidades-del-chaco\/\"]}]},{\"@type\":\"BreadcrumbList\",\"@id\":\"https:\/\/vortice.rocks\/clientes\/tierraviva\/miles-de-familias-indigenas-padecen-la-falta-de-agua-en-comunidades-del-chaco\/#breadcrumb\",\"itemListElement\":[{\"@type\":\"ListItem\",\"position\":1,\"name\":\"Portada\",\"item\":\"https:\/\/vortice.rocks\/clientes\/tierraviva\/\"},{\"@type\":\"ListItem\",\"position\":2,\"name\":\"Miles de familias ind\u00edgenas padecen la falta de agua en comunidades del Chaco.\u00a0\"}]},{\"@type\":\"WebSite\",\"@id\":\"https:\/\/vortice.rocks\/clientes\/tierraviva\/#website\",\"url\":\"https:\/\/vortice.rocks\/clientes\/tierraviva\/\",\"name\":\"Tierraviva\",\"description\":\"\",\"potentialAction\":[{\"@type\":\"SearchAction\",\"target\":{\"@type\":\"EntryPoint\",\"urlTemplate\":\"https:\/\/vortice.rocks\/clientes\/tierraviva\/?s={search_term_string}\"},\"query-input\":\"required name=search_term_string\"}],\"inLanguage\":\"es\"},{\"@type\":\"Person\",\"@id\":\"https:\/\/vortice.rocks\/clientes\/tierraviva\/#\/schema\/person\/0652c5aad419c86cff8f8129d355edd0\",\"name\":\"Santi Ortiz\",\"image\":{\"@type\":\"ImageObject\",\"inLanguage\":\"es\",\"@id\":\"https:\/\/vortice.rocks\/clientes\/tierraviva\/#\/schema\/person\/image\/\",\"url\":\"https:\/\/secure.gravatar.com\/avatar\/78bab899e21d2840245c1646bfc64d01?s=96&d=mm&r=g\",\"contentUrl\":\"https:\/\/secure.gravatar.com\/avatar\/78bab899e21d2840245c1646bfc64d01?s=96&d=mm&r=g\",\"caption\":\"Santi Ortiz\"},\"sameAs\":[\"https:\/\/vortice.rocks\/clientes\/tierraviva\"],\"url\":\"https:\/\/vortice.rocks\/clientes\/tierraviva\/author\/santi-ortiz\/\"}]}<\/script>\n<!-- \/ Yoast SEO plugin. -->","yoast_head_json":{"title":"Miles de familias ind\u00edgenas padecen la falta de agua en comunidades del Chaco.\u00a0 - Tierraviva","robots":{"index":"index","follow":"follow","max-snippet":"max-snippet:-1","max-image-preview":"max-image-preview:large","max-video-preview":"max-video-preview:-1"},"canonical":"https:\/\/vortice.rocks\/clientes\/tierraviva\/miles-de-familias-indigenas-padecen-la-falta-de-agua-en-comunidades-del-chaco\/","og_locale":"es_ES","og_type":"article","og_title":"Miles de familias ind\u00edgenas padecen la falta de agua en comunidades del Chaco.\u00a0 - Tierraviva","og_description":"Seg\u00fan el monitoreo realizado por la Organizaci\u00f3n\u00a0Tierraviva\u00a0m\u00e1s de 50 comunidades ind\u00edgenas del Bajo Chaco se encuentran con requerimientos urgentes de acceder a agua; la fuerte sequ\u00eda que afecta al Chaco ha dejado pr\u00e1cticamente sin reservas a los pobladores, que se ven obligados a consumir agua de los tajamares, no apta para consumo humano. Seg\u00fan se\u00f1alanSeguir leyendo \"Miles de familias ind\u00edgenas padecen la falta de agua en comunidades del Chaco.\u00a0\"","og_url":"https:\/\/vortice.rocks\/clientes\/tierraviva\/miles-de-familias-indigenas-padecen-la-falta-de-agua-en-comunidades-del-chaco\/","og_site_name":"Tierraviva","article_publisher":"https:\/\/www.facebook.com\/Tierraviva-a-los-pueblos-indigenas-del-Chaco-217328148281564\/","article_published_time":"2020-06-25T19:11:36+00:00","article_modified_time":"2020-06-25T22:45:18+00:00","og_image":[{"width":689,"height":495,"url":"https:\/\/vortice.rocks\/clientes\/tierraviva\/wp-content\/uploads\/2020\/06\/EEIWVNAST5BYPK7IO45QIFPOTI.jpg","type":"image\/jpeg"}],"author":"Santi Ortiz","twitter_misc":{"Escrito por":"Santi Ortiz","Tiempo de lectura":"2 minutos"},"schema":{"@context":"https:\/\/schema.org","@graph":[{"@type":"WebPage","@id":"https:\/\/vortice.rocks\/clientes\/tierraviva\/miles-de-familias-indigenas-padecen-la-falta-de-agua-en-comunidades-del-chaco\/","url":"https:\/\/vortice.rocks\/clientes\/tierraviva\/miles-de-familias-indigenas-padecen-la-falta-de-agua-en-comunidades-del-chaco\/","name":"Miles de familias ind\u00edgenas padecen la falta de agua en comunidades del Chaco.\u00a0 - Tierraviva","isPartOf":{"@id":"https:\/\/vortice.rocks\/clientes\/tierraviva\/#website"},"datePublished":"2020-06-25T19:11:36+00:00","dateModified":"2020-06-25T22:45:18+00:00","author":{"@id":"https:\/\/vortice.rocks\/clientes\/tierraviva\/#\/schema\/person\/0652c5aad419c86cff8f8129d355edd0"},"breadcrumb":{"@id":"https:\/\/vortice.rocks\/clientes\/tierraviva\/miles-de-familias-indigenas-padecen-la-falta-de-agua-en-comunidades-del-chaco\/#breadcrumb"},"inLanguage":"es","potentialAction":[{"@type":"ReadAction","target":["https:\/\/vortice.rocks\/clientes\/tierraviva\/miles-de-familias-indigenas-padecen-la-falta-de-agua-en-comunidades-del-chaco\/"]}]},{"@type":"BreadcrumbList","@id":"https:\/\/vortice.rocks\/clientes\/tierraviva\/miles-de-familias-indigenas-padecen-la-falta-de-agua-en-comunidades-del-chaco\/#breadcrumb","itemListElement":[{"@type":"ListItem","position":1,"name":"Portada","item":"https:\/\/vortice.rocks\/clientes\/tierraviva\/"},{"@type":"ListItem","position":2,"name":"Miles de familias ind\u00edgenas padecen la falta de agua en comunidades del Chaco.\u00a0"}]},{"@type":"WebSite","@id":"https:\/\/vortice.rocks\/clientes\/tierraviva\/#website","url":"https:\/\/vortice.rocks\/clientes\/tierraviva\/","name":"Tierraviva","description":"","potentialAction":[{"@type":"SearchAction","target":{"@type":"EntryPoint","urlTemplate":"https:\/\/vortice.rocks\/clientes\/tierraviva\/?s={search_term_string}"},"query-input":"required name=search_term_string"}],"inLanguage":"es"},{"@type":"Person","@id":"https:\/\/vortice.rocks\/clientes\/tierraviva\/#\/schema\/person\/0652c5aad419c86cff8f8129d355edd0","name":"Santi Ortiz","image":{"@type":"ImageObject","inLanguage":"es","@id":"https:\/\/vortice.rocks\/clientes\/tierraviva\/#\/schema\/person\/image\/","url":"https:\/\/secure.gravatar.com\/avatar\/78bab899e21d2840245c1646bfc64d01?s=96&d=mm&r=g","contentUrl":"https:\/\/secure.gravatar.com\/avatar\/78bab899e21d2840245c1646bfc64d01?s=96&d=mm&r=g","caption":"Santi Ortiz"},"sameAs":["https:\/\/vortice.rocks\/clientes\/tierraviva"],"url":"https:\/\/vortice.rocks\/clientes\/tierraviva\/author\/santi-ortiz\/"}]}},"_links":{"self":[{"href":"https:\/\/vortice.rocks\/clientes\/tierraviva\/wp-json\/wp\/v2\/posts\/2006"}],"collection":[{"href":"https:\/\/vortice.rocks\/clientes\/tierraviva\/wp-json\/wp\/v2\/posts"}],"about":[{"href":"https:\/\/vortice.rocks\/clientes\/tierraviva\/wp-json\/wp\/v2\/types\/post"}],"author":[{"embeddable":true,"href":"https:\/\/vortice.rocks\/clientes\/tierraviva\/wp-json\/wp\/v2\/users\/5"}],"replies":[{"embeddable":true,"href":"https:\/\/vortice.rocks\/clientes\/tierraviva\/wp-json\/wp\/v2\/comments?post=2006"}],"version-history":[{"count":4,"href":"https:\/\/vortice.rocks\/clientes\/tierraviva\/wp-json\/wp\/v2\/posts\/2006\/revisions"}],"predecessor-version":[{"id":2011,"href":"https:\/\/vortice.rocks\/clientes\/tierraviva\/wp-json\/wp\/v2\/posts\/2006\/revisions\/2011"}],"wp:featuredmedia":[{"embeddable":true,"href":"https:\/\/vortice.rocks\/clientes\/tierraviva\/wp-json\/wp\/v2\/media\/2007"}],"wp:attachment":[{"href":"https:\/\/vortice.rocks\/clientes\/tierraviva\/wp-json\/wp\/v2\/media?parent=2006"}],"wp:term":[{"taxonomy":"category","embeddable":true,"href":"https:\/\/vortice.rocks\/clientes\/tierraviva\/wp-json\/wp\/v2\/categories?post=2006"},{"taxonomy":"post_tag","embeddable":true,"href":"https:\/\/vortice.rocks\/clientes\/tierraviva\/wp-json\/wp\/v2\/tags?post=2006"}],"curies":[{"name":"wp","href":"https:\/\/api.w.org\/{rel}","templated":true}]}}