{"id":2022,"date":"2020-07-21T14:01:08","date_gmt":"2020-07-21T18:01:08","guid":{"rendered":"https:\/\/vortice.rocks\/clientes\/tierraviva\/?p=2022"},"modified":"2020-07-21T14:19:43","modified_gmt":"2020-07-21T18:19:43","slug":"preocupacion-e-indignacion-ante-los-hechos-acontecidos-con-indigenas-de-la-comunidad-yapy-santa-isabel","status":"publish","type":"post","link":"https:\/\/vortice.rocks\/clientes\/tierraviva\/preocupacion-e-indignacion-ante-los-hechos-acontecidos-con-indigenas-de-la-comunidad-yapy-santa-isabel\/","title":{"rendered":"Preocupaci\u00f3n e indignaci\u00f3n ante los hechos acontecidos con ind\u00edgenas de la Comunidad Y\u2019apy Santa Isabel"},"content":{"rendered":"<p>Desde Tierraviva a los Pueblos Ind\u00edgenas del Chaco, organizaci\u00f3n defensora de Derechos Humanos de los Pueblos Ind\u00edgenas, manifestamos nuestra preocupaci\u00f3n e indignaci\u00f3n ante los hechos acontecidos con ind\u00edgenas de la Comunidad Y\u2019apy Santa Isabel, del Distrito de Yryvukua, Departamento de San Pedro.<\/p>\n<p>Seg\u00fan denunci\u00f3 el l\u00edder, miembros de la comunidad que trabajan en una empresa agr\u00edcola cercana fueron obligados por los propietarios a vacunarse con un medicamento antiparasitario de uso veterinario bajo el supuesto de prevenir la propagaci\u00f3n de la Covid 19, ya que en la comunidad se detectaron casos de la enfermedad. Este hecho gener\u00f3 da\u00f1os en la salud de los afectados. Adem\u00e1s, la empresa en cuesti\u00f3n habr\u00eda dejado fuera del trabajo a, al menos, tres ind\u00edgenas que se negaron a la vacunaci\u00f3n.<\/p>\n<p>A estos graves sucesos se sumaron amenazas y amedrentamientos por parte de los propietarios de la Estancia hacia los denunciantes.<\/p>\n<p>Estas pr\u00e1cticas representan un atentado contra los derechos humanos, una violaci\u00f3n al derecho a la consulta previa, libre e informada, adem\u00e1s de no estar autorizado por el Ministerio de Salud e ir en contra de la normativa laboral.<\/p>\n<p>Exhortamos a las autoridades a cumplir con la obligaci\u00f3n de identificar y sancionar a los responsables de tan deleznable hecho, adem\u00e1s de garantizar el acceso a la salud y a condiciones dignas de vida y trabajo para los integrantes de la comunidad.<\/p>\n<p>Foto: MSPBS<\/p>\n","protected":false},"excerpt":{"rendered":"<p>Desde Tierraviva a los Pueblos Ind\u00edgenas del Chaco, organizaci\u00f3n defensora de Derechos Humanos de los Pueblos Ind\u00edgenas, manifestamos nuestra preocupaci\u00f3n e indignaci\u00f3n ante los hechos acontecidos con ind\u00edgenas de la Comunidad Y\u2019apy Santa Isabel, del Distrito de Yryvukua, Departamento de San Pedro. Seg\u00fan denunci\u00f3 el l\u00edder, miembros de la comunidad que trabajan en una empresa<a class=\"more-link\" href=\"https:\/\/vortice.rocks\/clientes\/tierraviva\/preocupacion-e-indignacion-ante-los-hechos-acontecidos-con-indigenas-de-la-comunidad-yapy-santa-isabel\/\">Seguir leyendo <span class=\"screen-reader-text\">&#8220;Preocupaci\u00f3n e indignaci\u00f3n ante los hechos acontecidos con ind\u00edgenas de la Comunidad Y\u2019apy Santa Isabel&#8221;<\/span><\/a><\/p>\n","protected":false},"author":5,"featured_media":2027,"comment_status":"open","ping_status":"open","sticky":false,"template":"","format":"standard","meta":{"_exactmetrics_skip_tracking":false,"_exactmetrics_sitenote_active":false,"_exactmetrics_sitenote_note":"","_exactmetrics_sitenote_category":0,"footnotes":""},"categories":[3],"tags":[],"yoast_head":"<!-- This site is optimized with the Yoast SEO plugin v21.7 - https:\/\/yoast.com\/wordpress\/plugins\/seo\/ -->\n<title>Preocupaci\u00f3n e indignaci\u00f3n ante los hechos acontecidos con ind\u00edgenas de la Comunidad Y\u2019apy Santa Isabel - Tierraviva<\/title>\n<meta name=\"robots\" content=\"index, follow, max-snippet:-1, max-image-preview:large, max-video-preview:-1\" \/>\n<link rel=\"canonical\" href=\"https:\/\/vortice.rocks\/clientes\/tierraviva\/preocupacion-e-indignacion-ante-los-hechos-acontecidos-con-indigenas-de-la-comunidad-yapy-santa-isabel\/\" \/>\n<meta property=\"og:locale\" content=\"es_ES\" \/>\n<meta property=\"og:type\" content=\"article\" \/>\n<meta property=\"og:title\" content=\"Preocupaci\u00f3n e indignaci\u00f3n ante los hechos acontecidos con ind\u00edgenas de la Comunidad Y\u2019apy Santa Isabel - Tierraviva\" \/>\n<meta property=\"og:description\" content=\"Desde Tierraviva a los Pueblos Ind\u00edgenas del Chaco, organizaci\u00f3n defensora de Derechos Humanos de los Pueblos Ind\u00edgenas, manifestamos nuestra preocupaci\u00f3n e indignaci\u00f3n ante los hechos acontecidos con ind\u00edgenas de la Comunidad Y\u2019apy Santa Isabel, del Distrito de Yryvukua, Departamento de San Pedro. Seg\u00fan denunci\u00f3 el l\u00edder, miembros de la comunidad que trabajan en una empresaSeguir leyendo &quot;Preocupaci\u00f3n e indignaci\u00f3n ante los hechos acontecidos con ind\u00edgenas de la Comunidad Y\u2019apy Santa Isabel&quot;\" \/>\n<meta property=\"og:url\" content=\"https:\/\/vortice.rocks\/clientes\/tierraviva\/preocupacion-e-indignacion-ante-los-hechos-acontecidos-con-indigenas-de-la-comunidad-yapy-santa-isabel\/\" \/>\n<meta property=\"og:site_name\" content=\"Tierraviva\" \/>\n<meta property=\"article:publisher\" content=\"https:\/\/www.facebook.com\/Tierraviva-a-los-pueblos-indigenas-del-Chaco-217328148281564\/\" \/>\n<meta property=\"article:published_time\" content=\"2020-07-21T18:01:08+00:00\" \/>\n<meta property=\"article:modified_time\" content=\"2020-07-21T18:19:43+00:00\" \/>\n<meta property=\"og:image\" content=\"https:\/\/vortice.rocks\/clientes\/tierraviva\/wp-content\/uploads\/2020\/07\/Reuni\u00f3n-del-MSPBS-en-comunidad-ind\u00edgena-ante-casos-positivos-696x522.jpg\" \/>\n\t<meta property=\"og:image:width\" content=\"696\" \/>\n\t<meta property=\"og:image:height\" content=\"522\" \/>\n\t<meta property=\"og:image:type\" content=\"image\/jpeg\" \/>\n<meta name=\"author\" content=\"Santi Ortiz\" \/>\n<meta name=\"twitter:label1\" content=\"Escrito por\" \/>\n\t<meta name=\"twitter:data1\" content=\"Santi Ortiz\" \/>\n\t<meta name=\"twitter:label2\" content=\"Tiempo de lectura\" \/>\n\t<meta name=\"twitter:data2\" content=\"1 minuto\" \/>\n<script type=\"application\/ld+json\" class=\"yoast-schema-graph\">{\"@context\":\"https:\/\/schema.org\",\"@graph\":[{\"@type\":\"WebPage\",\"@id\":\"https:\/\/vortice.rocks\/clientes\/tierraviva\/preocupacion-e-indignacion-ante-los-hechos-acontecidos-con-indigenas-de-la-comunidad-yapy-santa-isabel\/\",\"url\":\"https:\/\/vortice.rocks\/clientes\/tierraviva\/preocupacion-e-indignacion-ante-los-hechos-acontecidos-con-indigenas-de-la-comunidad-yapy-santa-isabel\/\",\"name\":\"Preocupaci\u00f3n e indignaci\u00f3n ante los hechos acontecidos con ind\u00edgenas de la Comunidad Y\u2019apy Santa Isabel - Tierraviva\",\"isPartOf\":{\"@id\":\"https:\/\/vortice.rocks\/clientes\/tierraviva\/#website\"},\"datePublished\":\"2020-07-21T18:01:08+00:00\",\"dateModified\":\"2020-07-21T18:19:43+00:00\",\"author\":{\"@id\":\"https:\/\/vortice.rocks\/clientes\/tierraviva\/#\/schema\/person\/0652c5aad419c86cff8f8129d355edd0\"},\"breadcrumb\":{\"@id\":\"https:\/\/vortice.rocks\/clientes\/tierraviva\/preocupacion-e-indignacion-ante-los-hechos-acontecidos-con-indigenas-de-la-comunidad-yapy-santa-isabel\/#breadcrumb\"},\"inLanguage\":\"es\",\"potentialAction\":[{\"@type\":\"ReadAction\",\"target\":[\"https:\/\/vortice.rocks\/clientes\/tierraviva\/preocupacion-e-indignacion-ante-los-hechos-acontecidos-con-indigenas-de-la-comunidad-yapy-santa-isabel\/\"]}]},{\"@type\":\"BreadcrumbList\",\"@id\":\"https:\/\/vortice.rocks\/clientes\/tierraviva\/preocupacion-e-indignacion-ante-los-hechos-acontecidos-con-indigenas-de-la-comunidad-yapy-santa-isabel\/#breadcrumb\",\"itemListElement\":[{\"@type\":\"ListItem\",\"position\":1,\"name\":\"Portada\",\"item\":\"https:\/\/vortice.rocks\/clientes\/tierraviva\/\"},{\"@type\":\"ListItem\",\"position\":2,\"name\":\"Preocupaci\u00f3n e indignaci\u00f3n ante los hechos acontecidos con ind\u00edgenas de la Comunidad Y\u2019apy Santa Isabel\"}]},{\"@type\":\"WebSite\",\"@id\":\"https:\/\/vortice.rocks\/clientes\/tierraviva\/#website\",\"url\":\"https:\/\/vortice.rocks\/clientes\/tierraviva\/\",\"name\":\"Tierraviva\",\"description\":\"\",\"potentialAction\":[{\"@type\":\"SearchAction\",\"target\":{\"@type\":\"EntryPoint\",\"urlTemplate\":\"https:\/\/vortice.rocks\/clientes\/tierraviva\/?s={search_term_string}\"},\"query-input\":\"required name=search_term_string\"}],\"inLanguage\":\"es\"},{\"@type\":\"Person\",\"@id\":\"https:\/\/vortice.rocks\/clientes\/tierraviva\/#\/schema\/person\/0652c5aad419c86cff8f8129d355edd0\",\"name\":\"Santi Ortiz\",\"image\":{\"@type\":\"ImageObject\",\"inLanguage\":\"es\",\"@id\":\"https:\/\/vortice.rocks\/clientes\/tierraviva\/#\/schema\/person\/image\/\",\"url\":\"https:\/\/secure.gravatar.com\/avatar\/78bab899e21d2840245c1646bfc64d01?s=96&d=mm&r=g\",\"contentUrl\":\"https:\/\/secure.gravatar.com\/avatar\/78bab899e21d2840245c1646bfc64d01?s=96&d=mm&r=g\",\"caption\":\"Santi Ortiz\"},\"sameAs\":[\"https:\/\/vortice.rocks\/clientes\/tierraviva\"],\"url\":\"https:\/\/vortice.rocks\/clientes\/tierraviva\/author\/santi-ortiz\/\"}]}<\/script>\n<!-- \/ Yoast SEO plugin. -->","yoast_head_json":{"title":"Preocupaci\u00f3n e indignaci\u00f3n ante los hechos acontecidos con ind\u00edgenas de la Comunidad Y\u2019apy Santa Isabel - Tierraviva","robots":{"index":"index","follow":"follow","max-snippet":"max-snippet:-1","max-image-preview":"max-image-preview:large","max-video-preview":"max-video-preview:-1"},"canonical":"https:\/\/vortice.rocks\/clientes\/tierraviva\/preocupacion-e-indignacion-ante-los-hechos-acontecidos-con-indigenas-de-la-comunidad-yapy-santa-isabel\/","og_locale":"es_ES","og_type":"article","og_title":"Preocupaci\u00f3n e indignaci\u00f3n ante los hechos acontecidos con ind\u00edgenas de la Comunidad Y\u2019apy Santa Isabel - Tierraviva","og_description":"Desde Tierraviva a los Pueblos Ind\u00edgenas del Chaco, organizaci\u00f3n defensora de Derechos Humanos de los Pueblos Ind\u00edgenas, manifestamos nuestra preocupaci\u00f3n e indignaci\u00f3n ante los hechos acontecidos con ind\u00edgenas de la Comunidad Y\u2019apy Santa Isabel, del Distrito de Yryvukua, Departamento de San Pedro. Seg\u00fan denunci\u00f3 el l\u00edder, miembros de la comunidad que trabajan en una empresaSeguir leyendo \"Preocupaci\u00f3n e indignaci\u00f3n ante los hechos acontecidos con ind\u00edgenas de la Comunidad Y\u2019apy Santa Isabel\"","og_url":"https:\/\/vortice.rocks\/clientes\/tierraviva\/preocupacion-e-indignacion-ante-los-hechos-acontecidos-con-indigenas-de-la-comunidad-yapy-santa-isabel\/","og_site_name":"Tierraviva","article_publisher":"https:\/\/www.facebook.com\/Tierraviva-a-los-pueblos-indigenas-del-Chaco-217328148281564\/","article_published_time":"2020-07-21T18:01:08+00:00","article_modified_time":"2020-07-21T18:19:43+00:00","og_image":[{"width":696,"height":522,"url":"https:\/\/vortice.rocks\/clientes\/tierraviva\/wp-content\/uploads\/2020\/07\/Reuni\u00f3n-del-MSPBS-en-comunidad-ind\u00edgena-ante-casos-positivos-696x522.jpg","type":"image\/jpeg"}],"author":"Santi Ortiz","twitter_misc":{"Escrito por":"Santi Ortiz","Tiempo de lectura":"1 minuto"},"schema":{"@context":"https:\/\/schema.org","@graph":[{"@type":"WebPage","@id":"https:\/\/vortice.rocks\/clientes\/tierraviva\/preocupacion-e-indignacion-ante-los-hechos-acontecidos-con-indigenas-de-la-comunidad-yapy-santa-isabel\/","url":"https:\/\/vortice.rocks\/clientes\/tierraviva\/preocupacion-e-indignacion-ante-los-hechos-acontecidos-con-indigenas-de-la-comunidad-yapy-santa-isabel\/","name":"Preocupaci\u00f3n e indignaci\u00f3n ante los hechos acontecidos con ind\u00edgenas de la Comunidad Y\u2019apy Santa Isabel - Tierraviva","isPartOf":{"@id":"https:\/\/vortice.rocks\/clientes\/tierraviva\/#website"},"datePublished":"2020-07-21T18:01:08+00:00","dateModified":"2020-07-21T18:19:43+00:00","author":{"@id":"https:\/\/vortice.rocks\/clientes\/tierraviva\/#\/schema\/person\/0652c5aad419c86cff8f8129d355edd0"},"breadcrumb":{"@id":"https:\/\/vortice.rocks\/clientes\/tierraviva\/preocupacion-e-indignacion-ante-los-hechos-acontecidos-con-indigenas-de-la-comunidad-yapy-santa-isabel\/#breadcrumb"},"inLanguage":"es","potentialAction":[{"@type":"ReadAction","target":["https:\/\/vortice.rocks\/clientes\/tierraviva\/preocupacion-e-indignacion-ante-los-hechos-acontecidos-con-indigenas-de-la-comunidad-yapy-santa-isabel\/"]}]},{"@type":"BreadcrumbList","@id":"https:\/\/vortice.rocks\/clientes\/tierraviva\/preocupacion-e-indignacion-ante-los-hechos-acontecidos-con-indigenas-de-la-comunidad-yapy-santa-isabel\/#breadcrumb","itemListElement":[{"@type":"ListItem","position":1,"name":"Portada","item":"https:\/\/vortice.rocks\/clientes\/tierraviva\/"},{"@type":"ListItem","position":2,"name":"Preocupaci\u00f3n e indignaci\u00f3n ante los hechos acontecidos con ind\u00edgenas de la Comunidad Y\u2019apy Santa Isabel"}]},{"@type":"WebSite","@id":"https:\/\/vortice.rocks\/clientes\/tierraviva\/#website","url":"https:\/\/vortice.rocks\/clientes\/tierraviva\/","name":"Tierraviva","description":"","potentialAction":[{"@type":"SearchAction","target":{"@type":"EntryPoint","urlTemplate":"https:\/\/vortice.rocks\/clientes\/tierraviva\/?s={search_term_string}"},"query-input":"required name=search_term_string"}],"inLanguage":"es"},{"@type":"Person","@id":"https:\/\/vortice.rocks\/clientes\/tierraviva\/#\/schema\/person\/0652c5aad419c86cff8f8129d355edd0","name":"Santi Ortiz","image":{"@type":"ImageObject","inLanguage":"es","@id":"https:\/\/vortice.rocks\/clientes\/tierraviva\/#\/schema\/person\/image\/","url":"https:\/\/secure.gravatar.com\/avatar\/78bab899e21d2840245c1646bfc64d01?s=96&d=mm&r=g","contentUrl":"https:\/\/secure.gravatar.com\/avatar\/78bab899e21d2840245c1646bfc64d01?s=96&d=mm&r=g","caption":"Santi Ortiz"},"sameAs":["https:\/\/vortice.rocks\/clientes\/tierraviva"],"url":"https:\/\/vortice.rocks\/clientes\/tierraviva\/author\/santi-ortiz\/"}]}},"_links":{"self":[{"href":"https:\/\/vortice.rocks\/clientes\/tierraviva\/wp-json\/wp\/v2\/posts\/2022"}],"collection":[{"href":"https:\/\/vortice.rocks\/clientes\/tierraviva\/wp-json\/wp\/v2\/posts"}],"about":[{"href":"https:\/\/vortice.rocks\/clientes\/tierraviva\/wp-json\/wp\/v2\/types\/post"}],"author":[{"embeddable":true,"href":"https:\/\/vortice.rocks\/clientes\/tierraviva\/wp-json\/wp\/v2\/users\/5"}],"replies":[{"embeddable":true,"href":"https:\/\/vortice.rocks\/clientes\/tierraviva\/wp-json\/wp\/v2\/comments?post=2022"}],"version-history":[{"count":4,"href":"https:\/\/vortice.rocks\/clientes\/tierraviva\/wp-json\/wp\/v2\/posts\/2022\/revisions"}],"predecessor-version":[{"id":2029,"href":"https:\/\/vortice.rocks\/clientes\/tierraviva\/wp-json\/wp\/v2\/posts\/2022\/revisions\/2029"}],"wp:featuredmedia":[{"embeddable":true,"href":"https:\/\/vortice.rocks\/clientes\/tierraviva\/wp-json\/wp\/v2\/media\/2027"}],"wp:attachment":[{"href":"https:\/\/vortice.rocks\/clientes\/tierraviva\/wp-json\/wp\/v2\/media?parent=2022"}],"wp:term":[{"taxonomy":"category","embeddable":true,"href":"https:\/\/vortice.rocks\/clientes\/tierraviva\/wp-json\/wp\/v2\/categories?post=2022"},{"taxonomy":"post_tag","embeddable":true,"href":"https:\/\/vortice.rocks\/clientes\/tierraviva\/wp-json\/wp\/v2\/tags?post=2022"}],"curies":[{"name":"wp","href":"https:\/\/api.w.org\/{rel}","templated":true}]}}