{"id":2040,"date":"2020-08-09T10:22:08","date_gmt":"2020-08-09T14:22:08","guid":{"rendered":"https:\/\/vortice.rocks\/clientes\/tierraviva\/?p=2040"},"modified":"2020-08-09T10:22:08","modified_gmt":"2020-08-09T14:22:08","slug":"dia-internacional-de-los-pueblos-indigenas-urge-proteccion-y-asistencia-a-la-poblacion-indigena","status":"publish","type":"post","link":"https:\/\/vortice.rocks\/clientes\/tierraviva\/dia-internacional-de-los-pueblos-indigenas-urge-proteccion-y-asistencia-a-la-poblacion-indigena\/","title":{"rendered":"D\u00eda Internacional de los Pueblos Ind\u00edgenas: Urge protecci\u00f3n y asistencia a la poblaci\u00f3n ind\u00edgena"},"content":{"rendered":"<p>En este 9 de agosto se conmemora el D\u00eda Internacional de los Pueblos Ind\u00edgenas; desde la Organizaci\u00f3n Tierraviva creemos oportuno el momento para reflexionar sobre la situaci\u00f3n de los ind\u00edgenas en Paraguay. La crisis provocada por pandemia y las medidas de aislamiento social han profundizado las situaciones de exclusi\u00f3n y pobreza estructural que afectan a los Pueblos Ind\u00edgenas en nuestro pa\u00eds.<\/p>\n<p>La hist\u00f3rica desatenci\u00f3n a las necesidades de acceso y protecci\u00f3n del territorio ind\u00edgena hacen que decenas de comunidades atraviesen la actual crisis desplazados de sus tierras. Otras comunidades han visto sus territorios afectados ambientalmente por la deforestaci\u00f3n o la contaminaci\u00f3n de sus recursos h\u00eddricos.<\/p>\n<p>Esta situaci\u00f3n ha afectado gravemente el acceso a alimentos de las comunidades lo que se suma a la falta de asistencia adecuada y suficiente por parte del Gobierno, configurando una grave crisis alimentaria en las comunidades.<\/p>\n<p>Al de por s\u00ed delicado cuadro de situaci\u00f3n se ha sumado una fuerte sequ\u00eda que afecta particularmente a las comunidades Ind\u00edgenas del Chaco, muchas de las cuales han quedado sin acceso a fuentes de agua e imposibilitadas de consumir agua potable. Tambi\u00e9n en este caso hemos visto la incapacidad e indolencia del Estado que no ha dado asistencias m\u00ednimas para salvaguardar la vida y la salud de los Pueblos Ind\u00edgenas.<\/p>\n<p>C\u00f3mo casos emblem\u00e1ticos de est\u00e1s desatenciones podemos citar lo acontecido con la comunidad Loma, del Pueblo Guaran\u00ed \u00d1andeva, ubicada en Boquer\u00f3n, cuyo territorio fue deforestado por ganaderos de la zona en complicidad con autoridades ambientales. Tambi\u00e9n debemos mencionar la grave situaci\u00f3n que soportan los miembros de la comunidad Yakye Axa, del Pueblo Enxet, quienes hace a\u00f1os aguardan la construcci\u00f3n de un camino que le permita ingresar a su territorio mientras sobreviven en precarias condiciones al costado de una ruta.<\/p>\n<p>Los desalojos y la falta de garant\u00edas para el arraigo de las comunidades ind\u00edgenas en sus territorios pueden notarse claramente en el reciente desalojo irregular de la Comunidad Guyrapaju, del Pueblo Mbya, atacada por civiles armados que atropellaron la comunidad. As\u00ed tambi\u00e9n la Comunidad Ind\u00edgena Sauce, del Pueblo Mbya, es permanentemente hostigada por la propia Entidad Binacional Itaipu que busca forzarlos a abandonar su territorio.<\/p>\n<p>Otros derechos como el acceso a la salud y la educaci\u00f3n tambi\u00e9n contin\u00faan siendo vulnerados y afectando a miles de familias ind\u00edgenas en Paraguay.<\/p>\n<p>Estos niveles de abandono y desatenci\u00f3n a los Pueblos Ind\u00edgenas, en plena situaci\u00f3n de Emergencia ri\u00f1e directamente con lo establecido en nuestra Constituci\u00f3n Nacional, que en su art\u00edculo 68 &#8220;Del Derecho a la salud&#8221; se\u00f1ala que &#8220;nadie ser\u00e1 privado de asistencia p\u00fablica para prevenir o tratar enfermedades, pestes o plagas, y de socorro en los casos de cat\u00e1strofe y de accidentes&#8221;<\/p>\n<p>La grave crisis que atraviesa el pa\u00eds afecta particularmente al sector m\u00e1s vulnerabilizado de la poblaci\u00f3n, los Pueblos Ind\u00edgenas. Resulta urgente que el Estado en su conjunto articule pol\u00edticas de protecci\u00f3n y atenci\u00f3n permanente e integral a la poblaci\u00f3n ind\u00edgena.<\/p>\n","protected":false},"excerpt":{"rendered":"<p>En este 9 de agosto se conmemora el D\u00eda Internacional de los Pueblos Ind\u00edgenas; desde la Organizaci\u00f3n Tierraviva creemos oportuno el momento para reflexionar sobre la situaci\u00f3n de los ind\u00edgenas en Paraguay. La crisis provocada por pandemia y las medidas de aislamiento social han profundizado las situaciones de exclusi\u00f3n y pobreza estructural que afectan a<a class=\"more-link\" href=\"https:\/\/vortice.rocks\/clientes\/tierraviva\/dia-internacional-de-los-pueblos-indigenas-urge-proteccion-y-asistencia-a-la-poblacion-indigena\/\">Seguir leyendo <span class=\"screen-reader-text\">&#8220;D\u00eda Internacional de los Pueblos Ind\u00edgenas: Urge protecci\u00f3n y asistencia a la poblaci\u00f3n ind\u00edgena&#8221;<\/span><\/a><\/p>\n","protected":false},"author":5,"featured_media":2024,"comment_status":"open","ping_status":"open","sticky":false,"template":"","format":"standard","meta":{"_exactmetrics_skip_tracking":false,"_exactmetrics_sitenote_active":false,"_exactmetrics_sitenote_note":"","_exactmetrics_sitenote_category":0,"footnotes":""},"categories":[3],"tags":[],"yoast_head":"<!-- This site is optimized with the Yoast SEO plugin v21.7 - https:\/\/yoast.com\/wordpress\/plugins\/seo\/ -->\n<title>D\u00eda Internacional de los Pueblos Ind\u00edgenas: Urge protecci\u00f3n y asistencia a la poblaci\u00f3n ind\u00edgena - Tierraviva<\/title>\n<meta name=\"robots\" content=\"index, follow, max-snippet:-1, max-image-preview:large, max-video-preview:-1\" \/>\n<link rel=\"canonical\" href=\"https:\/\/vortice.rocks\/clientes\/tierraviva\/dia-internacional-de-los-pueblos-indigenas-urge-proteccion-y-asistencia-a-la-poblacion-indigena\/\" \/>\n<meta property=\"og:locale\" content=\"es_ES\" \/>\n<meta property=\"og:type\" content=\"article\" \/>\n<meta property=\"og:title\" content=\"D\u00eda Internacional de los Pueblos Ind\u00edgenas: Urge protecci\u00f3n y asistencia a la poblaci\u00f3n ind\u00edgena - Tierraviva\" \/>\n<meta property=\"og:description\" content=\"En este 9 de agosto se conmemora el D\u00eda Internacional de los Pueblos Ind\u00edgenas; desde la Organizaci\u00f3n Tierraviva creemos oportuno el momento para reflexionar sobre la situaci\u00f3n de los ind\u00edgenas en Paraguay. La crisis provocada por pandemia y las medidas de aislamiento social han profundizado las situaciones de exclusi\u00f3n y pobreza estructural que afectan aSeguir leyendo &quot;D\u00eda Internacional de los Pueblos Ind\u00edgenas: Urge protecci\u00f3n y asistencia a la poblaci\u00f3n ind\u00edgena&quot;\" \/>\n<meta property=\"og:url\" content=\"https:\/\/vortice.rocks\/clientes\/tierraviva\/dia-internacional-de-los-pueblos-indigenas-urge-proteccion-y-asistencia-a-la-poblacion-indigena\/\" \/>\n<meta property=\"og:site_name\" content=\"Tierraviva\" \/>\n<meta property=\"article:publisher\" content=\"https:\/\/www.facebook.com\/Tierraviva-a-los-pueblos-indigenas-del-Chaco-217328148281564\/\" \/>\n<meta property=\"article:published_time\" content=\"2020-08-09T14:22:08+00:00\" \/>\n<meta property=\"og:image\" content=\"https:\/\/vortice.rocks\/clientes\/tierraviva\/wp-content\/uploads\/2020\/07\/EdJRdxFX0AA1diu.jpg\" \/>\n\t<meta property=\"og:image:width\" content=\"762\" \/>\n\t<meta property=\"og:image:height\" content=\"762\" \/>\n\t<meta property=\"og:image:type\" content=\"image\/jpeg\" \/>\n<meta name=\"author\" content=\"Santi Ortiz\" \/>\n<meta name=\"twitter:label1\" content=\"Escrito por\" \/>\n\t<meta name=\"twitter:data1\" content=\"Santi Ortiz\" \/>\n\t<meta name=\"twitter:label2\" content=\"Tiempo de lectura\" \/>\n\t<meta name=\"twitter:data2\" content=\"3 minutos\" \/>\n<script type=\"application\/ld+json\" class=\"yoast-schema-graph\">{\"@context\":\"https:\/\/schema.org\",\"@graph\":[{\"@type\":\"WebPage\",\"@id\":\"https:\/\/vortice.rocks\/clientes\/tierraviva\/dia-internacional-de-los-pueblos-indigenas-urge-proteccion-y-asistencia-a-la-poblacion-indigena\/\",\"url\":\"https:\/\/vortice.rocks\/clientes\/tierraviva\/dia-internacional-de-los-pueblos-indigenas-urge-proteccion-y-asistencia-a-la-poblacion-indigena\/\",\"name\":\"D\u00eda Internacional de los Pueblos Ind\u00edgenas: Urge protecci\u00f3n y asistencia a la poblaci\u00f3n ind\u00edgena - Tierraviva\",\"isPartOf\":{\"@id\":\"https:\/\/vortice.rocks\/clientes\/tierraviva\/#website\"},\"datePublished\":\"2020-08-09T14:22:08+00:00\",\"dateModified\":\"2020-08-09T14:22:08+00:00\",\"author\":{\"@id\":\"https:\/\/vortice.rocks\/clientes\/tierraviva\/#\/schema\/person\/0652c5aad419c86cff8f8129d355edd0\"},\"breadcrumb\":{\"@id\":\"https:\/\/vortice.rocks\/clientes\/tierraviva\/dia-internacional-de-los-pueblos-indigenas-urge-proteccion-y-asistencia-a-la-poblacion-indigena\/#breadcrumb\"},\"inLanguage\":\"es\",\"potentialAction\":[{\"@type\":\"ReadAction\",\"target\":[\"https:\/\/vortice.rocks\/clientes\/tierraviva\/dia-internacional-de-los-pueblos-indigenas-urge-proteccion-y-asistencia-a-la-poblacion-indigena\/\"]}]},{\"@type\":\"BreadcrumbList\",\"@id\":\"https:\/\/vortice.rocks\/clientes\/tierraviva\/dia-internacional-de-los-pueblos-indigenas-urge-proteccion-y-asistencia-a-la-poblacion-indigena\/#breadcrumb\",\"itemListElement\":[{\"@type\":\"ListItem\",\"position\":1,\"name\":\"Portada\",\"item\":\"https:\/\/vortice.rocks\/clientes\/tierraviva\/\"},{\"@type\":\"ListItem\",\"position\":2,\"name\":\"D\u00eda Internacional de los Pueblos Ind\u00edgenas: Urge protecci\u00f3n y asistencia a la poblaci\u00f3n ind\u00edgena\"}]},{\"@type\":\"WebSite\",\"@id\":\"https:\/\/vortice.rocks\/clientes\/tierraviva\/#website\",\"url\":\"https:\/\/vortice.rocks\/clientes\/tierraviva\/\",\"name\":\"Tierraviva\",\"description\":\"\",\"potentialAction\":[{\"@type\":\"SearchAction\",\"target\":{\"@type\":\"EntryPoint\",\"urlTemplate\":\"https:\/\/vortice.rocks\/clientes\/tierraviva\/?s={search_term_string}\"},\"query-input\":\"required name=search_term_string\"}],\"inLanguage\":\"es\"},{\"@type\":\"Person\",\"@id\":\"https:\/\/vortice.rocks\/clientes\/tierraviva\/#\/schema\/person\/0652c5aad419c86cff8f8129d355edd0\",\"name\":\"Santi Ortiz\",\"image\":{\"@type\":\"ImageObject\",\"inLanguage\":\"es\",\"@id\":\"https:\/\/vortice.rocks\/clientes\/tierraviva\/#\/schema\/person\/image\/\",\"url\":\"https:\/\/secure.gravatar.com\/avatar\/78bab899e21d2840245c1646bfc64d01?s=96&d=mm&r=g\",\"contentUrl\":\"https:\/\/secure.gravatar.com\/avatar\/78bab899e21d2840245c1646bfc64d01?s=96&d=mm&r=g\",\"caption\":\"Santi Ortiz\"},\"sameAs\":[\"https:\/\/vortice.rocks\/clientes\/tierraviva\"],\"url\":\"https:\/\/vortice.rocks\/clientes\/tierraviva\/author\/santi-ortiz\/\"}]}<\/script>\n<!-- \/ Yoast SEO plugin. -->","yoast_head_json":{"title":"D\u00eda Internacional de los Pueblos Ind\u00edgenas: Urge protecci\u00f3n y asistencia a la poblaci\u00f3n ind\u00edgena - Tierraviva","robots":{"index":"index","follow":"follow","max-snippet":"max-snippet:-1","max-image-preview":"max-image-preview:large","max-video-preview":"max-video-preview:-1"},"canonical":"https:\/\/vortice.rocks\/clientes\/tierraviva\/dia-internacional-de-los-pueblos-indigenas-urge-proteccion-y-asistencia-a-la-poblacion-indigena\/","og_locale":"es_ES","og_type":"article","og_title":"D\u00eda Internacional de los Pueblos Ind\u00edgenas: Urge protecci\u00f3n y asistencia a la poblaci\u00f3n ind\u00edgena - Tierraviva","og_description":"En este 9 de agosto se conmemora el D\u00eda Internacional de los Pueblos Ind\u00edgenas; desde la Organizaci\u00f3n Tierraviva creemos oportuno el momento para reflexionar sobre la situaci\u00f3n de los ind\u00edgenas en Paraguay. La crisis provocada por pandemia y las medidas de aislamiento social han profundizado las situaciones de exclusi\u00f3n y pobreza estructural que afectan aSeguir leyendo \"D\u00eda Internacional de los Pueblos Ind\u00edgenas: Urge protecci\u00f3n y asistencia a la poblaci\u00f3n ind\u00edgena\"","og_url":"https:\/\/vortice.rocks\/clientes\/tierraviva\/dia-internacional-de-los-pueblos-indigenas-urge-proteccion-y-asistencia-a-la-poblacion-indigena\/","og_site_name":"Tierraviva","article_publisher":"https:\/\/www.facebook.com\/Tierraviva-a-los-pueblos-indigenas-del-Chaco-217328148281564\/","article_published_time":"2020-08-09T14:22:08+00:00","og_image":[{"width":762,"height":762,"url":"https:\/\/vortice.rocks\/clientes\/tierraviva\/wp-content\/uploads\/2020\/07\/EdJRdxFX0AA1diu.jpg","type":"image\/jpeg"}],"author":"Santi Ortiz","twitter_misc":{"Escrito por":"Santi Ortiz","Tiempo de lectura":"3 minutos"},"schema":{"@context":"https:\/\/schema.org","@graph":[{"@type":"WebPage","@id":"https:\/\/vortice.rocks\/clientes\/tierraviva\/dia-internacional-de-los-pueblos-indigenas-urge-proteccion-y-asistencia-a-la-poblacion-indigena\/","url":"https:\/\/vortice.rocks\/clientes\/tierraviva\/dia-internacional-de-los-pueblos-indigenas-urge-proteccion-y-asistencia-a-la-poblacion-indigena\/","name":"D\u00eda Internacional de los Pueblos Ind\u00edgenas: Urge protecci\u00f3n y asistencia a la poblaci\u00f3n ind\u00edgena - Tierraviva","isPartOf":{"@id":"https:\/\/vortice.rocks\/clientes\/tierraviva\/#website"},"datePublished":"2020-08-09T14:22:08+00:00","dateModified":"2020-08-09T14:22:08+00:00","author":{"@id":"https:\/\/vortice.rocks\/clientes\/tierraviva\/#\/schema\/person\/0652c5aad419c86cff8f8129d355edd0"},"breadcrumb":{"@id":"https:\/\/vortice.rocks\/clientes\/tierraviva\/dia-internacional-de-los-pueblos-indigenas-urge-proteccion-y-asistencia-a-la-poblacion-indigena\/#breadcrumb"},"inLanguage":"es","potentialAction":[{"@type":"ReadAction","target":["https:\/\/vortice.rocks\/clientes\/tierraviva\/dia-internacional-de-los-pueblos-indigenas-urge-proteccion-y-asistencia-a-la-poblacion-indigena\/"]}]},{"@type":"BreadcrumbList","@id":"https:\/\/vortice.rocks\/clientes\/tierraviva\/dia-internacional-de-los-pueblos-indigenas-urge-proteccion-y-asistencia-a-la-poblacion-indigena\/#breadcrumb","itemListElement":[{"@type":"ListItem","position":1,"name":"Portada","item":"https:\/\/vortice.rocks\/clientes\/tierraviva\/"},{"@type":"ListItem","position":2,"name":"D\u00eda Internacional de los Pueblos Ind\u00edgenas: Urge protecci\u00f3n y asistencia a la poblaci\u00f3n ind\u00edgena"}]},{"@type":"WebSite","@id":"https:\/\/vortice.rocks\/clientes\/tierraviva\/#website","url":"https:\/\/vortice.rocks\/clientes\/tierraviva\/","name":"Tierraviva","description":"","potentialAction":[{"@type":"SearchAction","target":{"@type":"EntryPoint","urlTemplate":"https:\/\/vortice.rocks\/clientes\/tierraviva\/?s={search_term_string}"},"query-input":"required name=search_term_string"}],"inLanguage":"es"},{"@type":"Person","@id":"https:\/\/vortice.rocks\/clientes\/tierraviva\/#\/schema\/person\/0652c5aad419c86cff8f8129d355edd0","name":"Santi Ortiz","image":{"@type":"ImageObject","inLanguage":"es","@id":"https:\/\/vortice.rocks\/clientes\/tierraviva\/#\/schema\/person\/image\/","url":"https:\/\/secure.gravatar.com\/avatar\/78bab899e21d2840245c1646bfc64d01?s=96&d=mm&r=g","contentUrl":"https:\/\/secure.gravatar.com\/avatar\/78bab899e21d2840245c1646bfc64d01?s=96&d=mm&r=g","caption":"Santi Ortiz"},"sameAs":["https:\/\/vortice.rocks\/clientes\/tierraviva"],"url":"https:\/\/vortice.rocks\/clientes\/tierraviva\/author\/santi-ortiz\/"}]}},"_links":{"self":[{"href":"https:\/\/vortice.rocks\/clientes\/tierraviva\/wp-json\/wp\/v2\/posts\/2040"}],"collection":[{"href":"https:\/\/vortice.rocks\/clientes\/tierraviva\/wp-json\/wp\/v2\/posts"}],"about":[{"href":"https:\/\/vortice.rocks\/clientes\/tierraviva\/wp-json\/wp\/v2\/types\/post"}],"author":[{"embeddable":true,"href":"https:\/\/vortice.rocks\/clientes\/tierraviva\/wp-json\/wp\/v2\/users\/5"}],"replies":[{"embeddable":true,"href":"https:\/\/vortice.rocks\/clientes\/tierraviva\/wp-json\/wp\/v2\/comments?post=2040"}],"version-history":[{"count":1,"href":"https:\/\/vortice.rocks\/clientes\/tierraviva\/wp-json\/wp\/v2\/posts\/2040\/revisions"}],"predecessor-version":[{"id":2041,"href":"https:\/\/vortice.rocks\/clientes\/tierraviva\/wp-json\/wp\/v2\/posts\/2040\/revisions\/2041"}],"wp:featuredmedia":[{"embeddable":true,"href":"https:\/\/vortice.rocks\/clientes\/tierraviva\/wp-json\/wp\/v2\/media\/2024"}],"wp:attachment":[{"href":"https:\/\/vortice.rocks\/clientes\/tierraviva\/wp-json\/wp\/v2\/media?parent=2040"}],"wp:term":[{"taxonomy":"category","embeddable":true,"href":"https:\/\/vortice.rocks\/clientes\/tierraviva\/wp-json\/wp\/v2\/categories?post=2040"},{"taxonomy":"post_tag","embeddable":true,"href":"https:\/\/vortice.rocks\/clientes\/tierraviva\/wp-json\/wp\/v2\/tags?post=2040"}],"curies":[{"name":"wp","href":"https:\/\/api.w.org\/{rel}","templated":true}]}}