{"id":2046,"date":"2020-08-18T07:16:37","date_gmt":"2020-08-18T11:16:37","guid":{"rendered":"https:\/\/vortice.rocks\/clientes\/tierraviva\/?p=2046"},"modified":"2020-08-18T07:16:37","modified_gmt":"2020-08-18T11:16:37","slug":"emergencia-para-el-ganado-pero-no-para-comunidades-indigenas","status":"publish","type":"post","link":"https:\/\/vortice.rocks\/clientes\/tierraviva\/emergencia-para-el-ganado-pero-no-para-comunidades-indigenas\/","title":{"rendered":"Emergencia para el ganado pero no para comunidades ind\u00edgenas"},"content":{"rendered":"<p>El Antrop\u00f3logo Rodrigo Villagra, integrante de la Organizaci\u00f3n Tierraviva, cuestion\u00f3 la decisi\u00f3n del Parlamento de declarar emergencia agr\u00edcola y ganadera para la zona del Chaco debido a la sequ\u00eda. Se\u00f1al\u00f3 que no se ha declarado emergencia por las miles de familias ind\u00edgenas que sufren por la falta de agua en la zona.<\/p>\n<p>&#8220;Hoy tenemos un paradigma que dice que la vida es el bien que hay que proteger con mayor fuerza y contundencia, sin embargo, tenemos una contradicci\u00f3n no resuelta, que es la defensa de otros intereses en contraposici\u00f3n a la vida misma. Como ejemplo tenemos comunidades ind\u00edgenas que est\u00e1n sufriendo desnutrici\u00f3n cr\u00f3nica, hambre, abandono por las reducidas tierras que recibieron muy por debajo del est\u00e1ndar legal&#8221; se\u00f1al\u00f3 agregando que por el otro lado, sectores poderosos que han privatizado el Estado paraguayo para sus propios intereses, como el sector ganadero y agroexportador, son una vez m\u00e1s beneficiados y ponen a toda la estructura del Estado a su servicio con esta Ley de Emergencia hecha a medida.<\/p>\n<p>El antrop\u00f3logo cuestion\u00f3 que el Estado no invierte un solo guaran\u00ed en proporcionar las condiciones adecuadas de agua, de salud y de salubridad b\u00e1sica para afrontar no solo la pandemia sino la vida cotidiana con privaciones que hoy viven las comunidades ind\u00edgenas. &#8220;Es una contradicci\u00f3n demasiado abierta que solo se puede ocultar mediante un discurso ideol\u00f3gico fascista que ataca a cualquiera que exponga est\u00e1 contradicci\u00f3n&#8221; a\u00f1adi\u00f3 Villagra cuestionando las recientes declaraciones del Senador Fidel Zavala atacando a Centros de Investigaci\u00f3n de Ciencias Sociales.<\/p>\n<p>&#8220;Una vez m\u00e1s vemos que no hay declaraci\u00f3n de emergencia para las comunidades, no hay fondos suficientes para invertir en protecci\u00f3n social a este sector, sin embargo el Estado si invierte en proteger a los sectores privilegiados y sus bienes&#8221; a\u00f1adi\u00f3. Villagra calific\u00f3 de &#8220;tremenda injusticia&#8221; esta situaci\u00f3n e indic\u00f3 que ni el Poder Ejecutivo, ni el Parlamento est\u00e1n protegiendo el derecho a la vida de los pueblos ind\u00edgenas, &#8220;por el contrario se han encargado de perpetuar los privilegios de unos pocos, en detrimento del derecho a la vida de los sectores m\u00e1s vulnerables de la poblaci\u00f3n&#8221; concluy\u00f3.<\/p>\n","protected":false},"excerpt":{"rendered":"<p>El Antrop\u00f3logo Rodrigo Villagra, integrante de la Organizaci\u00f3n Tierraviva, cuestion\u00f3 la decisi\u00f3n del Parlamento de declarar emergencia agr\u00edcola y ganadera para la zona del Chaco debido a la sequ\u00eda. Se\u00f1al\u00f3 que no se ha declarado emergencia por las miles de familias ind\u00edgenas que sufren por la falta de agua en la zona. &#8220;Hoy tenemos un<a class=\"more-link\" href=\"https:\/\/vortice.rocks\/clientes\/tierraviva\/emergencia-para-el-ganado-pero-no-para-comunidades-indigenas\/\">Seguir leyendo <span class=\"screen-reader-text\">&#8220;Emergencia para el ganado pero no para comunidades ind\u00edgenas&#8221;<\/span><\/a><\/p>\n","protected":false},"author":5,"featured_media":2047,"comment_status":"open","ping_status":"open","sticky":false,"template":"","format":"standard","meta":{"_exactmetrics_skip_tracking":false,"_exactmetrics_sitenote_active":false,"_exactmetrics_sitenote_note":"","_exactmetrics_sitenote_category":0,"footnotes":""},"categories":[3],"tags":[],"yoast_head":"<!-- This site is optimized with the Yoast SEO plugin v21.7 - https:\/\/yoast.com\/wordpress\/plugins\/seo\/ -->\n<title>Emergencia para el ganado pero no para comunidades ind\u00edgenas - Tierraviva<\/title>\n<meta name=\"robots\" content=\"index, follow, max-snippet:-1, max-image-preview:large, max-video-preview:-1\" \/>\n<link rel=\"canonical\" href=\"https:\/\/vortice.rocks\/clientes\/tierraviva\/emergencia-para-el-ganado-pero-no-para-comunidades-indigenas\/\" \/>\n<meta property=\"og:locale\" content=\"es_ES\" \/>\n<meta property=\"og:type\" content=\"article\" \/>\n<meta property=\"og:title\" content=\"Emergencia para el ganado pero no para comunidades ind\u00edgenas - Tierraviva\" \/>\n<meta property=\"og:description\" content=\"El Antrop\u00f3logo Rodrigo Villagra, integrante de la Organizaci\u00f3n Tierraviva, cuestion\u00f3 la decisi\u00f3n del Parlamento de declarar emergencia agr\u00edcola y ganadera para la zona del Chaco debido a la sequ\u00eda. Se\u00f1al\u00f3 que no se ha declarado emergencia por las miles de familias ind\u00edgenas que sufren por la falta de agua en la zona. &#8220;Hoy tenemos unSeguir leyendo &quot;Emergencia para el ganado pero no para comunidades ind\u00edgenas&quot;\" \/>\n<meta property=\"og:url\" content=\"https:\/\/vortice.rocks\/clientes\/tierraviva\/emergencia-para-el-ganado-pero-no-para-comunidades-indigenas\/\" \/>\n<meta property=\"og:site_name\" content=\"Tierraviva\" \/>\n<meta property=\"article:publisher\" content=\"https:\/\/www.facebook.com\/Tierraviva-a-los-pueblos-indigenas-del-Chaco-217328148281564\/\" \/>\n<meta property=\"article:published_time\" content=\"2020-08-18T11:16:37+00:00\" \/>\n<meta property=\"og:image\" content=\"https:\/\/vortice.rocks\/clientes\/tierraviva\/wp-content\/uploads\/2020\/08\/IMG-20200707-WA0068.jpg\" \/>\n\t<meta property=\"og:image:width\" content=\"1280\" \/>\n\t<meta property=\"og:image:height\" content=\"853\" \/>\n\t<meta property=\"og:image:type\" content=\"image\/jpeg\" \/>\n<meta name=\"author\" content=\"Santi Ortiz\" \/>\n<meta name=\"twitter:label1\" content=\"Escrito por\" \/>\n\t<meta name=\"twitter:data1\" content=\"Santi Ortiz\" \/>\n\t<meta name=\"twitter:label2\" content=\"Tiempo de lectura\" \/>\n\t<meta name=\"twitter:data2\" content=\"2 minutos\" \/>\n<script type=\"application\/ld+json\" class=\"yoast-schema-graph\">{\"@context\":\"https:\/\/schema.org\",\"@graph\":[{\"@type\":\"WebPage\",\"@id\":\"https:\/\/vortice.rocks\/clientes\/tierraviva\/emergencia-para-el-ganado-pero-no-para-comunidades-indigenas\/\",\"url\":\"https:\/\/vortice.rocks\/clientes\/tierraviva\/emergencia-para-el-ganado-pero-no-para-comunidades-indigenas\/\",\"name\":\"Emergencia para el ganado pero no para comunidades ind\u00edgenas - Tierraviva\",\"isPartOf\":{\"@id\":\"https:\/\/vortice.rocks\/clientes\/tierraviva\/#website\"},\"datePublished\":\"2020-08-18T11:16:37+00:00\",\"dateModified\":\"2020-08-18T11:16:37+00:00\",\"author\":{\"@id\":\"https:\/\/vortice.rocks\/clientes\/tierraviva\/#\/schema\/person\/0652c5aad419c86cff8f8129d355edd0\"},\"breadcrumb\":{\"@id\":\"https:\/\/vortice.rocks\/clientes\/tierraviva\/emergencia-para-el-ganado-pero-no-para-comunidades-indigenas\/#breadcrumb\"},\"inLanguage\":\"es\",\"potentialAction\":[{\"@type\":\"ReadAction\",\"target\":[\"https:\/\/vortice.rocks\/clientes\/tierraviva\/emergencia-para-el-ganado-pero-no-para-comunidades-indigenas\/\"]}]},{\"@type\":\"BreadcrumbList\",\"@id\":\"https:\/\/vortice.rocks\/clientes\/tierraviva\/emergencia-para-el-ganado-pero-no-para-comunidades-indigenas\/#breadcrumb\",\"itemListElement\":[{\"@type\":\"ListItem\",\"position\":1,\"name\":\"Portada\",\"item\":\"https:\/\/vortice.rocks\/clientes\/tierraviva\/\"},{\"@type\":\"ListItem\",\"position\":2,\"name\":\"Emergencia para el ganado pero no para comunidades ind\u00edgenas\"}]},{\"@type\":\"WebSite\",\"@id\":\"https:\/\/vortice.rocks\/clientes\/tierraviva\/#website\",\"url\":\"https:\/\/vortice.rocks\/clientes\/tierraviva\/\",\"name\":\"Tierraviva\",\"description\":\"\",\"potentialAction\":[{\"@type\":\"SearchAction\",\"target\":{\"@type\":\"EntryPoint\",\"urlTemplate\":\"https:\/\/vortice.rocks\/clientes\/tierraviva\/?s={search_term_string}\"},\"query-input\":\"required name=search_term_string\"}],\"inLanguage\":\"es\"},{\"@type\":\"Person\",\"@id\":\"https:\/\/vortice.rocks\/clientes\/tierraviva\/#\/schema\/person\/0652c5aad419c86cff8f8129d355edd0\",\"name\":\"Santi Ortiz\",\"image\":{\"@type\":\"ImageObject\",\"inLanguage\":\"es\",\"@id\":\"https:\/\/vortice.rocks\/clientes\/tierraviva\/#\/schema\/person\/image\/\",\"url\":\"https:\/\/secure.gravatar.com\/avatar\/78bab899e21d2840245c1646bfc64d01?s=96&d=mm&r=g\",\"contentUrl\":\"https:\/\/secure.gravatar.com\/avatar\/78bab899e21d2840245c1646bfc64d01?s=96&d=mm&r=g\",\"caption\":\"Santi Ortiz\"},\"sameAs\":[\"https:\/\/vortice.rocks\/clientes\/tierraviva\"],\"url\":\"https:\/\/vortice.rocks\/clientes\/tierraviva\/author\/santi-ortiz\/\"}]}<\/script>\n<!-- \/ Yoast SEO plugin. -->","yoast_head_json":{"title":"Emergencia para el ganado pero no para comunidades ind\u00edgenas - Tierraviva","robots":{"index":"index","follow":"follow","max-snippet":"max-snippet:-1","max-image-preview":"max-image-preview:large","max-video-preview":"max-video-preview:-1"},"canonical":"https:\/\/vortice.rocks\/clientes\/tierraviva\/emergencia-para-el-ganado-pero-no-para-comunidades-indigenas\/","og_locale":"es_ES","og_type":"article","og_title":"Emergencia para el ganado pero no para comunidades ind\u00edgenas - Tierraviva","og_description":"El Antrop\u00f3logo Rodrigo Villagra, integrante de la Organizaci\u00f3n Tierraviva, cuestion\u00f3 la decisi\u00f3n del Parlamento de declarar emergencia agr\u00edcola y ganadera para la zona del Chaco debido a la sequ\u00eda. Se\u00f1al\u00f3 que no se ha declarado emergencia por las miles de familias ind\u00edgenas que sufren por la falta de agua en la zona. &#8220;Hoy tenemos unSeguir leyendo \"Emergencia para el ganado pero no para comunidades ind\u00edgenas\"","og_url":"https:\/\/vortice.rocks\/clientes\/tierraviva\/emergencia-para-el-ganado-pero-no-para-comunidades-indigenas\/","og_site_name":"Tierraviva","article_publisher":"https:\/\/www.facebook.com\/Tierraviva-a-los-pueblos-indigenas-del-Chaco-217328148281564\/","article_published_time":"2020-08-18T11:16:37+00:00","og_image":[{"width":1280,"height":853,"url":"https:\/\/vortice.rocks\/clientes\/tierraviva\/wp-content\/uploads\/2020\/08\/IMG-20200707-WA0068.jpg","type":"image\/jpeg"}],"author":"Santi Ortiz","twitter_misc":{"Escrito por":"Santi Ortiz","Tiempo de lectura":"2 minutos"},"schema":{"@context":"https:\/\/schema.org","@graph":[{"@type":"WebPage","@id":"https:\/\/vortice.rocks\/clientes\/tierraviva\/emergencia-para-el-ganado-pero-no-para-comunidades-indigenas\/","url":"https:\/\/vortice.rocks\/clientes\/tierraviva\/emergencia-para-el-ganado-pero-no-para-comunidades-indigenas\/","name":"Emergencia para el ganado pero no para comunidades ind\u00edgenas - Tierraviva","isPartOf":{"@id":"https:\/\/vortice.rocks\/clientes\/tierraviva\/#website"},"datePublished":"2020-08-18T11:16:37+00:00","dateModified":"2020-08-18T11:16:37+00:00","author":{"@id":"https:\/\/vortice.rocks\/clientes\/tierraviva\/#\/schema\/person\/0652c5aad419c86cff8f8129d355edd0"},"breadcrumb":{"@id":"https:\/\/vortice.rocks\/clientes\/tierraviva\/emergencia-para-el-ganado-pero-no-para-comunidades-indigenas\/#breadcrumb"},"inLanguage":"es","potentialAction":[{"@type":"ReadAction","target":["https:\/\/vortice.rocks\/clientes\/tierraviva\/emergencia-para-el-ganado-pero-no-para-comunidades-indigenas\/"]}]},{"@type":"BreadcrumbList","@id":"https:\/\/vortice.rocks\/clientes\/tierraviva\/emergencia-para-el-ganado-pero-no-para-comunidades-indigenas\/#breadcrumb","itemListElement":[{"@type":"ListItem","position":1,"name":"Portada","item":"https:\/\/vortice.rocks\/clientes\/tierraviva\/"},{"@type":"ListItem","position":2,"name":"Emergencia para el ganado pero no para comunidades ind\u00edgenas"}]},{"@type":"WebSite","@id":"https:\/\/vortice.rocks\/clientes\/tierraviva\/#website","url":"https:\/\/vortice.rocks\/clientes\/tierraviva\/","name":"Tierraviva","description":"","potentialAction":[{"@type":"SearchAction","target":{"@type":"EntryPoint","urlTemplate":"https:\/\/vortice.rocks\/clientes\/tierraviva\/?s={search_term_string}"},"query-input":"required name=search_term_string"}],"inLanguage":"es"},{"@type":"Person","@id":"https:\/\/vortice.rocks\/clientes\/tierraviva\/#\/schema\/person\/0652c5aad419c86cff8f8129d355edd0","name":"Santi Ortiz","image":{"@type":"ImageObject","inLanguage":"es","@id":"https:\/\/vortice.rocks\/clientes\/tierraviva\/#\/schema\/person\/image\/","url":"https:\/\/secure.gravatar.com\/avatar\/78bab899e21d2840245c1646bfc64d01?s=96&d=mm&r=g","contentUrl":"https:\/\/secure.gravatar.com\/avatar\/78bab899e21d2840245c1646bfc64d01?s=96&d=mm&r=g","caption":"Santi Ortiz"},"sameAs":["https:\/\/vortice.rocks\/clientes\/tierraviva"],"url":"https:\/\/vortice.rocks\/clientes\/tierraviva\/author\/santi-ortiz\/"}]}},"_links":{"self":[{"href":"https:\/\/vortice.rocks\/clientes\/tierraviva\/wp-json\/wp\/v2\/posts\/2046"}],"collection":[{"href":"https:\/\/vortice.rocks\/clientes\/tierraviva\/wp-json\/wp\/v2\/posts"}],"about":[{"href":"https:\/\/vortice.rocks\/clientes\/tierraviva\/wp-json\/wp\/v2\/types\/post"}],"author":[{"embeddable":true,"href":"https:\/\/vortice.rocks\/clientes\/tierraviva\/wp-json\/wp\/v2\/users\/5"}],"replies":[{"embeddable":true,"href":"https:\/\/vortice.rocks\/clientes\/tierraviva\/wp-json\/wp\/v2\/comments?post=2046"}],"version-history":[{"count":1,"href":"https:\/\/vortice.rocks\/clientes\/tierraviva\/wp-json\/wp\/v2\/posts\/2046\/revisions"}],"predecessor-version":[{"id":2048,"href":"https:\/\/vortice.rocks\/clientes\/tierraviva\/wp-json\/wp\/v2\/posts\/2046\/revisions\/2048"}],"wp:featuredmedia":[{"embeddable":true,"href":"https:\/\/vortice.rocks\/clientes\/tierraviva\/wp-json\/wp\/v2\/media\/2047"}],"wp:attachment":[{"href":"https:\/\/vortice.rocks\/clientes\/tierraviva\/wp-json\/wp\/v2\/media?parent=2046"}],"wp:term":[{"taxonomy":"category","embeddable":true,"href":"https:\/\/vortice.rocks\/clientes\/tierraviva\/wp-json\/wp\/v2\/categories?post=2046"},{"taxonomy":"post_tag","embeddable":true,"href":"https:\/\/vortice.rocks\/clientes\/tierraviva\/wp-json\/wp\/v2\/tags?post=2046"}],"curies":[{"name":"wp","href":"https:\/\/api.w.org\/{rel}","templated":true}]}}