{"id":2056,"date":"2020-08-26T17:08:18","date_gmt":"2020-08-26T21:08:18","guid":{"rendered":"https:\/\/vortice.rocks\/clientes\/tierraviva\/?p=2056"},"modified":"2020-08-26T17:08:18","modified_gmt":"2020-08-26T21:08:18","slug":"redespi-advierte-sobre-el-ingreso-de-covid-19-a-comunidades-indigenas-y-falta-de-atencion-estatal","status":"publish","type":"post","link":"https:\/\/vortice.rocks\/clientes\/tierraviva\/redespi-advierte-sobre-el-ingreso-de-covid-19-a-comunidades-indigenas-y-falta-de-atencion-estatal\/","title":{"rendered":"REDESPI advierte sobre el ingreso de COVID 19 a Comunidades Ind\u00edgenas y falta de atenci\u00f3n estatal"},"content":{"rendered":"<p dir=\"ltr\">Las organizaciones integrantes de la Red de Entidades Privadas al Servicio de los Pueblos Ind\u00edgenas (REDESPI) advierten que en los \u00faltimos d\u00edas han recabado denuncias de l\u00edderes y referentes ind\u00edgenas respecto a la existencia de casos positivos y sospechosos de COVID 19 en comunidades ind\u00edgenas, tanto en la Regi\u00f3n Oriental como en el Chaco. Seg\u00fan los reportes existir\u00edan casos sospechosos en 5 comunidades ind\u00edgenas, sin tener datos concretos en cuanto a pacientes positivos.<\/p>\n<p>La principal preocupaci\u00f3n de las organizaciones radica en la falta de respuestas y mecanismos de abordaje adecuados por parte del Estado. Aun cuando se ha advertido permanentemente al Estado sobre la necesidad de abordar responsablemente las escasas posibilidades de las comunidades de enfrentar esta situaci\u00f3n, ya que la gran mayor\u00eda de los establecimientos de salud a los que acuden las comunidades se encuentran desabastecidos y muchas comunidades no han accedido a informaci\u00f3n adecuada respecto a c\u00f3mo actuar ante el ingreso de la COVID 19 a sus territorios.<\/p>\n<p dir=\"ltr\">\nComo ejemplo de la falta de atenci\u00f3n a la situaci\u00f3n en las comunidades mencionan lo que est\u00e1 ocurriendo en el Departamento de Presidente Hayes, donde se han registrado hasta la fecha 5 casos confirmados, en el que los pacientes fueron trasladados, despu\u00e9s de la insistencia y reclamos de sus l\u00edderes, a m\u00e1s de 200 kil\u00f3metros de sus comunidades para ser atendidos en el centro asistencial m\u00e1s cercano. Este Departamento, el m\u00e1s extenso del pa\u00eds y con una poblaci\u00f3n ind\u00edgena importante, cuenta con un solo centro de atenci\u00f3n de pacientes con Covid 19, lo que demuestra la falta de inter\u00e9s de las autoridades sanitarias hacia la salud de la poblaci\u00f3n ind\u00edgena, seg\u00fan indican.<\/p>\n<p dir=\"ltr\">A pesar de estos insistentes llamados a la acci\u00f3n por parte de las comunidades ind\u00edgenas y de las organizaciones no gubernamentales, el Estado no ha elaborado un protocolo culturalmente pertinente que permita abordar adecuadamente la emergencia sanitaria en las comunidades. La urgencia de este protocolo radica en que debido a la realidad material y a sus formas tradicionales de vida los pueblos ind\u00edgenas se encuentran mucho m\u00e1s vulnerables a la enfermedad; adem\u00e1s, de que pueden convertirse potencialmente en focos de contagios masivos.<\/p>\n<p>Los \u00f3rganos de protecci\u00f3n internacionales han entregado pautas claras y el Estado no ha desarrollado acciones concretas para prever lo que podr\u00eda ser una tragedia, a uno de los grupos m\u00e1s vulnerabilizados del pa\u00eds como lo son los Pueblos Ind\u00edgenas, como lo fueron las resoluciones <a href=\"tel:012020\">01\/2020<\/a> \u201cPandemia y Derechos Humanos en las Am\u00e9ricas\u201d y <a href=\"tel:042020\">04\/2020<\/a> \u201cDerechos Humanos de las<br \/>\npersonas con COVID 19\u201d de la CIDH.<\/p>\n<p>Las organizaciones de la REDESPI se suman a los llamados de los l\u00edderes y comunidades a la autoprotecci\u00f3n, al resguardo en atenci\u00f3n a que el Estado es totalmente negligente para enfrentar la pandemia con las poblaciones m\u00e1s vulnerabilizados. Finalmente los miembros de REDESPI llaman, una vez m\u00e1s, a las autoridades del Estado a tomar cartas en el asunto y desarrollar acciones urgentes que puedan hacer frente a la grave amenaza que representa para los pueblos ind\u00edgenas la propagaci\u00f3n del COVID 19 en sus comunidades.<\/p>\n<p>Asunci\u00f3n, 26 de agosto de 2020<\/p>\n<p>Contactos:<br \/>\nSalustiana Caballero, Grupo Sunu: <a href=\"tel:0982328087\">0982-328.087<\/a><br \/>\nLidia Ruiz Cuevas, Tierraviva: <a href=\"tel:0981427378\">0981-427.378<\/a><br \/>\nTeresa Vargas, Tekoha:<br \/>\n<a href=\"tel:0986924444\">0986-924.444<\/a><\/p>\n","protected":false},"excerpt":{"rendered":"<p>Las organizaciones integrantes de la Red de Entidades Privadas al Servicio de los Pueblos Ind\u00edgenas (REDESPI) advierten que en los \u00faltimos d\u00edas han recabado denuncias de l\u00edderes y referentes ind\u00edgenas respecto a la existencia de casos positivos y sospechosos de COVID 19 en comunidades ind\u00edgenas, tanto en la Regi\u00f3n Oriental como en el Chaco. Seg\u00fan<a class=\"more-link\" href=\"https:\/\/vortice.rocks\/clientes\/tierraviva\/redespi-advierte-sobre-el-ingreso-de-covid-19-a-comunidades-indigenas-y-falta-de-atencion-estatal\/\">Seguir leyendo <span class=\"screen-reader-text\">&#8220;REDESPI advierte sobre el ingreso de COVID 19 a Comunidades Ind\u00edgenas y falta de atenci\u00f3n estatal&#8221;<\/span><\/a><\/p>\n","protected":false},"author":5,"featured_media":2024,"comment_status":"open","ping_status":"open","sticky":false,"template":"","format":"standard","meta":{"_exactmetrics_skip_tracking":false,"_exactmetrics_sitenote_active":false,"_exactmetrics_sitenote_note":"","_exactmetrics_sitenote_category":0,"footnotes":""},"categories":[3],"tags":[],"yoast_head":"<!-- This site is optimized with the Yoast SEO plugin v21.7 - https:\/\/yoast.com\/wordpress\/plugins\/seo\/ -->\n<title>REDESPI advierte sobre el ingreso de COVID 19 a Comunidades Ind\u00edgenas y falta de atenci\u00f3n estatal - Tierraviva<\/title>\n<meta name=\"robots\" content=\"index, follow, max-snippet:-1, max-image-preview:large, max-video-preview:-1\" \/>\n<link rel=\"canonical\" href=\"https:\/\/vortice.rocks\/clientes\/tierraviva\/redespi-advierte-sobre-el-ingreso-de-covid-19-a-comunidades-indigenas-y-falta-de-atencion-estatal\/\" \/>\n<meta property=\"og:locale\" content=\"es_ES\" \/>\n<meta property=\"og:type\" content=\"article\" \/>\n<meta property=\"og:title\" content=\"REDESPI advierte sobre el ingreso de COVID 19 a Comunidades Ind\u00edgenas y falta de atenci\u00f3n estatal - Tierraviva\" \/>\n<meta property=\"og:description\" content=\"Las organizaciones integrantes de la Red de Entidades Privadas al Servicio de los Pueblos Ind\u00edgenas (REDESPI) advierten que en los \u00faltimos d\u00edas han recabado denuncias de l\u00edderes y referentes ind\u00edgenas respecto a la existencia de casos positivos y sospechosos de COVID 19 en comunidades ind\u00edgenas, tanto en la Regi\u00f3n Oriental como en el Chaco. Seg\u00fanSeguir leyendo &quot;REDESPI advierte sobre el ingreso de COVID 19 a Comunidades Ind\u00edgenas y falta de atenci\u00f3n estatal&quot;\" \/>\n<meta property=\"og:url\" content=\"https:\/\/vortice.rocks\/clientes\/tierraviva\/redespi-advierte-sobre-el-ingreso-de-covid-19-a-comunidades-indigenas-y-falta-de-atencion-estatal\/\" \/>\n<meta property=\"og:site_name\" content=\"Tierraviva\" \/>\n<meta property=\"article:publisher\" content=\"https:\/\/www.facebook.com\/Tierraviva-a-los-pueblos-indigenas-del-Chaco-217328148281564\/\" \/>\n<meta property=\"article:published_time\" content=\"2020-08-26T21:08:18+00:00\" \/>\n<meta property=\"og:image\" content=\"https:\/\/vortice.rocks\/clientes\/tierraviva\/wp-content\/uploads\/2020\/07\/EdJRdxFX0AA1diu.jpg\" \/>\n\t<meta property=\"og:image:width\" content=\"762\" \/>\n\t<meta property=\"og:image:height\" content=\"762\" \/>\n\t<meta property=\"og:image:type\" content=\"image\/jpeg\" \/>\n<meta name=\"author\" content=\"Santi Ortiz\" \/>\n<meta name=\"twitter:label1\" content=\"Escrito por\" \/>\n\t<meta name=\"twitter:data1\" content=\"Santi Ortiz\" \/>\n\t<meta name=\"twitter:label2\" content=\"Tiempo de lectura\" \/>\n\t<meta name=\"twitter:data2\" content=\"3 minutos\" \/>\n<script type=\"application\/ld+json\" class=\"yoast-schema-graph\">{\"@context\":\"https:\/\/schema.org\",\"@graph\":[{\"@type\":\"WebPage\",\"@id\":\"https:\/\/vortice.rocks\/clientes\/tierraviva\/redespi-advierte-sobre-el-ingreso-de-covid-19-a-comunidades-indigenas-y-falta-de-atencion-estatal\/\",\"url\":\"https:\/\/vortice.rocks\/clientes\/tierraviva\/redespi-advierte-sobre-el-ingreso-de-covid-19-a-comunidades-indigenas-y-falta-de-atencion-estatal\/\",\"name\":\"REDESPI advierte sobre el ingreso de COVID 19 a Comunidades Ind\u00edgenas y falta de atenci\u00f3n estatal - Tierraviva\",\"isPartOf\":{\"@id\":\"https:\/\/vortice.rocks\/clientes\/tierraviva\/#website\"},\"datePublished\":\"2020-08-26T21:08:18+00:00\",\"dateModified\":\"2020-08-26T21:08:18+00:00\",\"author\":{\"@id\":\"https:\/\/vortice.rocks\/clientes\/tierraviva\/#\/schema\/person\/0652c5aad419c86cff8f8129d355edd0\"},\"breadcrumb\":{\"@id\":\"https:\/\/vortice.rocks\/clientes\/tierraviva\/redespi-advierte-sobre-el-ingreso-de-covid-19-a-comunidades-indigenas-y-falta-de-atencion-estatal\/#breadcrumb\"},\"inLanguage\":\"es\",\"potentialAction\":[{\"@type\":\"ReadAction\",\"target\":[\"https:\/\/vortice.rocks\/clientes\/tierraviva\/redespi-advierte-sobre-el-ingreso-de-covid-19-a-comunidades-indigenas-y-falta-de-atencion-estatal\/\"]}]},{\"@type\":\"BreadcrumbList\",\"@id\":\"https:\/\/vortice.rocks\/clientes\/tierraviva\/redespi-advierte-sobre-el-ingreso-de-covid-19-a-comunidades-indigenas-y-falta-de-atencion-estatal\/#breadcrumb\",\"itemListElement\":[{\"@type\":\"ListItem\",\"position\":1,\"name\":\"Portada\",\"item\":\"https:\/\/vortice.rocks\/clientes\/tierraviva\/\"},{\"@type\":\"ListItem\",\"position\":2,\"name\":\"REDESPI advierte sobre el ingreso de COVID 19 a Comunidades Ind\u00edgenas y falta de atenci\u00f3n estatal\"}]},{\"@type\":\"WebSite\",\"@id\":\"https:\/\/vortice.rocks\/clientes\/tierraviva\/#website\",\"url\":\"https:\/\/vortice.rocks\/clientes\/tierraviva\/\",\"name\":\"Tierraviva\",\"description\":\"\",\"potentialAction\":[{\"@type\":\"SearchAction\",\"target\":{\"@type\":\"EntryPoint\",\"urlTemplate\":\"https:\/\/vortice.rocks\/clientes\/tierraviva\/?s={search_term_string}\"},\"query-input\":\"required name=search_term_string\"}],\"inLanguage\":\"es\"},{\"@type\":\"Person\",\"@id\":\"https:\/\/vortice.rocks\/clientes\/tierraviva\/#\/schema\/person\/0652c5aad419c86cff8f8129d355edd0\",\"name\":\"Santi Ortiz\",\"image\":{\"@type\":\"ImageObject\",\"inLanguage\":\"es\",\"@id\":\"https:\/\/vortice.rocks\/clientes\/tierraviva\/#\/schema\/person\/image\/\",\"url\":\"https:\/\/secure.gravatar.com\/avatar\/78bab899e21d2840245c1646bfc64d01?s=96&d=mm&r=g\",\"contentUrl\":\"https:\/\/secure.gravatar.com\/avatar\/78bab899e21d2840245c1646bfc64d01?s=96&d=mm&r=g\",\"caption\":\"Santi Ortiz\"},\"sameAs\":[\"https:\/\/vortice.rocks\/clientes\/tierraviva\"],\"url\":\"https:\/\/vortice.rocks\/clientes\/tierraviva\/author\/santi-ortiz\/\"}]}<\/script>\n<!-- \/ Yoast SEO plugin. -->","yoast_head_json":{"title":"REDESPI advierte sobre el ingreso de COVID 19 a Comunidades Ind\u00edgenas y falta de atenci\u00f3n estatal - Tierraviva","robots":{"index":"index","follow":"follow","max-snippet":"max-snippet:-1","max-image-preview":"max-image-preview:large","max-video-preview":"max-video-preview:-1"},"canonical":"https:\/\/vortice.rocks\/clientes\/tierraviva\/redespi-advierte-sobre-el-ingreso-de-covid-19-a-comunidades-indigenas-y-falta-de-atencion-estatal\/","og_locale":"es_ES","og_type":"article","og_title":"REDESPI advierte sobre el ingreso de COVID 19 a Comunidades Ind\u00edgenas y falta de atenci\u00f3n estatal - Tierraviva","og_description":"Las organizaciones integrantes de la Red de Entidades Privadas al Servicio de los Pueblos Ind\u00edgenas (REDESPI) advierten que en los \u00faltimos d\u00edas han recabado denuncias de l\u00edderes y referentes ind\u00edgenas respecto a la existencia de casos positivos y sospechosos de COVID 19 en comunidades ind\u00edgenas, tanto en la Regi\u00f3n Oriental como en el Chaco. Seg\u00fanSeguir leyendo \"REDESPI advierte sobre el ingreso de COVID 19 a Comunidades Ind\u00edgenas y falta de atenci\u00f3n estatal\"","og_url":"https:\/\/vortice.rocks\/clientes\/tierraviva\/redespi-advierte-sobre-el-ingreso-de-covid-19-a-comunidades-indigenas-y-falta-de-atencion-estatal\/","og_site_name":"Tierraviva","article_publisher":"https:\/\/www.facebook.com\/Tierraviva-a-los-pueblos-indigenas-del-Chaco-217328148281564\/","article_published_time":"2020-08-26T21:08:18+00:00","og_image":[{"width":762,"height":762,"url":"https:\/\/vortice.rocks\/clientes\/tierraviva\/wp-content\/uploads\/2020\/07\/EdJRdxFX0AA1diu.jpg","type":"image\/jpeg"}],"author":"Santi Ortiz","twitter_misc":{"Escrito por":"Santi Ortiz","Tiempo de lectura":"3 minutos"},"schema":{"@context":"https:\/\/schema.org","@graph":[{"@type":"WebPage","@id":"https:\/\/vortice.rocks\/clientes\/tierraviva\/redespi-advierte-sobre-el-ingreso-de-covid-19-a-comunidades-indigenas-y-falta-de-atencion-estatal\/","url":"https:\/\/vortice.rocks\/clientes\/tierraviva\/redespi-advierte-sobre-el-ingreso-de-covid-19-a-comunidades-indigenas-y-falta-de-atencion-estatal\/","name":"REDESPI advierte sobre el ingreso de COVID 19 a Comunidades Ind\u00edgenas y falta de atenci\u00f3n estatal - Tierraviva","isPartOf":{"@id":"https:\/\/vortice.rocks\/clientes\/tierraviva\/#website"},"datePublished":"2020-08-26T21:08:18+00:00","dateModified":"2020-08-26T21:08:18+00:00","author":{"@id":"https:\/\/vortice.rocks\/clientes\/tierraviva\/#\/schema\/person\/0652c5aad419c86cff8f8129d355edd0"},"breadcrumb":{"@id":"https:\/\/vortice.rocks\/clientes\/tierraviva\/redespi-advierte-sobre-el-ingreso-de-covid-19-a-comunidades-indigenas-y-falta-de-atencion-estatal\/#breadcrumb"},"inLanguage":"es","potentialAction":[{"@type":"ReadAction","target":["https:\/\/vortice.rocks\/clientes\/tierraviva\/redespi-advierte-sobre-el-ingreso-de-covid-19-a-comunidades-indigenas-y-falta-de-atencion-estatal\/"]}]},{"@type":"BreadcrumbList","@id":"https:\/\/vortice.rocks\/clientes\/tierraviva\/redespi-advierte-sobre-el-ingreso-de-covid-19-a-comunidades-indigenas-y-falta-de-atencion-estatal\/#breadcrumb","itemListElement":[{"@type":"ListItem","position":1,"name":"Portada","item":"https:\/\/vortice.rocks\/clientes\/tierraviva\/"},{"@type":"ListItem","position":2,"name":"REDESPI advierte sobre el ingreso de COVID 19 a Comunidades Ind\u00edgenas y falta de atenci\u00f3n estatal"}]},{"@type":"WebSite","@id":"https:\/\/vortice.rocks\/clientes\/tierraviva\/#website","url":"https:\/\/vortice.rocks\/clientes\/tierraviva\/","name":"Tierraviva","description":"","potentialAction":[{"@type":"SearchAction","target":{"@type":"EntryPoint","urlTemplate":"https:\/\/vortice.rocks\/clientes\/tierraviva\/?s={search_term_string}"},"query-input":"required name=search_term_string"}],"inLanguage":"es"},{"@type":"Person","@id":"https:\/\/vortice.rocks\/clientes\/tierraviva\/#\/schema\/person\/0652c5aad419c86cff8f8129d355edd0","name":"Santi Ortiz","image":{"@type":"ImageObject","inLanguage":"es","@id":"https:\/\/vortice.rocks\/clientes\/tierraviva\/#\/schema\/person\/image\/","url":"https:\/\/secure.gravatar.com\/avatar\/78bab899e21d2840245c1646bfc64d01?s=96&d=mm&r=g","contentUrl":"https:\/\/secure.gravatar.com\/avatar\/78bab899e21d2840245c1646bfc64d01?s=96&d=mm&r=g","caption":"Santi Ortiz"},"sameAs":["https:\/\/vortice.rocks\/clientes\/tierraviva"],"url":"https:\/\/vortice.rocks\/clientes\/tierraviva\/author\/santi-ortiz\/"}]}},"_links":{"self":[{"href":"https:\/\/vortice.rocks\/clientes\/tierraviva\/wp-json\/wp\/v2\/posts\/2056"}],"collection":[{"href":"https:\/\/vortice.rocks\/clientes\/tierraviva\/wp-json\/wp\/v2\/posts"}],"about":[{"href":"https:\/\/vortice.rocks\/clientes\/tierraviva\/wp-json\/wp\/v2\/types\/post"}],"author":[{"embeddable":true,"href":"https:\/\/vortice.rocks\/clientes\/tierraviva\/wp-json\/wp\/v2\/users\/5"}],"replies":[{"embeddable":true,"href":"https:\/\/vortice.rocks\/clientes\/tierraviva\/wp-json\/wp\/v2\/comments?post=2056"}],"version-history":[{"count":1,"href":"https:\/\/vortice.rocks\/clientes\/tierraviva\/wp-json\/wp\/v2\/posts\/2056\/revisions"}],"predecessor-version":[{"id":2057,"href":"https:\/\/vortice.rocks\/clientes\/tierraviva\/wp-json\/wp\/v2\/posts\/2056\/revisions\/2057"}],"wp:featuredmedia":[{"embeddable":true,"href":"https:\/\/vortice.rocks\/clientes\/tierraviva\/wp-json\/wp\/v2\/media\/2024"}],"wp:attachment":[{"href":"https:\/\/vortice.rocks\/clientes\/tierraviva\/wp-json\/wp\/v2\/media?parent=2056"}],"wp:term":[{"taxonomy":"category","embeddable":true,"href":"https:\/\/vortice.rocks\/clientes\/tierraviva\/wp-json\/wp\/v2\/categories?post=2056"},{"taxonomy":"post_tag","embeddable":true,"href":"https:\/\/vortice.rocks\/clientes\/tierraviva\/wp-json\/wp\/v2\/tags?post=2056"}],"curies":[{"name":"wp","href":"https:\/\/api.w.org\/{rel}","templated":true}]}}