{"id":2059,"date":"2020-09-02T12:36:13","date_gmt":"2020-09-02T16:36:13","guid":{"rendered":"https:\/\/vortice.rocks\/clientes\/tierraviva\/?p=2059"},"modified":"2020-09-02T12:55:35","modified_gmt":"2020-09-02T16:55:35","slug":"comunicado-de-tierraviva-a-la-opinion-publica-y-al-ministerio-de-salud","status":"publish","type":"post","link":"https:\/\/vortice.rocks\/clientes\/tierraviva\/comunicado-de-tierraviva-a-la-opinion-publica-y-al-ministerio-de-salud\/","title":{"rendered":"Comunicado de Tierraviva a la opini\u00f3n p\u00fablica y al Ministerio de Salud"},"content":{"rendered":"<p><span style=\"font-weight: 400;\">Al tiempo que lamentamos profundamente la muerte del l\u00edder Tito Recalde del pueblo Qom en el 25 de agosto pasado y de un joven de 17 a\u00f1os de la comunidad Enxet de La Herencia, el d\u00eda 31 del mismo mes, ambos por causa del COVID-19, manifestamos cuanto sigue: <\/span><\/p>\n<p><span style=\"font-weight: 400;\">Estas dos muertes son las primeras en registrarse oficialmente en la poblaci\u00f3n ind\u00edgena de nuestro pa\u00eds, y particularmente del Chaco paraguayo, luego de m\u00e1s de 5 meses de declarada la cuarentena oficial. Si bien, la primera comunidad ind\u00edgena en ser afectada por el virus ha sido la del pueblo Ava Guaran\u00ed de Yapy Santa Isabel del Departamento de San Pedro, donde se confirmaron varios casos positivos, hoy recuperados luego del periodo de aislamiento correspondiente, existen otras comunidades donde se han constatado casos comunitarios en la Regi\u00f3n Occidental y del \u00c1rea Metropolitana de Asunci\u00f3n a trav\u00e9s de un monitoreo que Tierraviva est\u00e1 realizando. <\/span><\/p>\n<p><span style=\"font-weight: 400;\">Existen as\u00ed casos confirmados en la comunidad Qom de Cerrito del Distrito de Benjam\u00edn Aceval y casos en la comunidad Enxet de La Herencia del Distrito de Villa Hayes, as\u00ed como un n\u00famero mayor con casos sospechosos o posibles, a\u00fan sin testeos realizados en varias de las comunidades consultadas, todas en Presidente Hayes. Asimismo, tambi\u00e9n se han reportado casos positivos por la XVI Regi\u00f3n Sanitaria Boquer\u00f3n, en Loma Plata y en Filadelfia, y casos positivos en Alto Paraguay, en el Distrito de Bah\u00eda Negra y en el Distrito de Carmelo Peralta, con una alta probabilidad de que estos incluyan a personas ind\u00edgenas.<\/span><\/p>\n<p><span style=\"font-weight: 400;\">A la par, la desnutrici\u00f3n y malnutrici\u00f3n cr\u00f3nicas en las comunidades ind\u00edgenas, la falta de agua potable y\/o su distribuci\u00f3n domiciliaria, sumada a la sequ\u00eda estacional que afecta a la gran mayor\u00eda de ellas, la limitada asistencia alimentaria que han recibido y las enfermedades de base end\u00e9micas que afligen actualmente a la poblaci\u00f3n ind\u00edgena, presentan un panorama de una afectaci\u00f3n agravada, donde la letalidad del virus en cuesti\u00f3n, ser\u00eda mucho mayor, como ha sido el caso en otras poblaciones ind\u00edgenas de pa\u00edses de la regi\u00f3n. <\/span><\/p>\n<p><span style=\"font-weight: 400;\">Para muestra basta un bot\u00f3n, s\u00f3lo en agosto y entre las comunidades monitoreadas fallecieron 10 personas por diversas enfermedades, y de acuerdo a las informaciones de los s\u00edntomas presentados, bien podr\u00eda ser el COVID-19 una causa concurrente. Asimismo, 15 comunidades manifestaron en el monitoreo realizado por las organizaciones indigenistas contar con personas con enfermedades de base como tuberculosis, diabetes e hipertensi\u00f3n, muchas de las cuales reciben insuficiente asistencia sanitaria p\u00fablica para su tratamiento. <\/span><\/p>\n<p><span style=\"font-weight: 400;\">Como es sabido y ha sido denunciado en m\u00faltiples ocasiones por organizaciones ind\u00edgenas, indigenistas y de la sociedad civil &#8211; con mayor insistencia en el transcurso de la pandemia &#8211; que el Sistema de Salud P\u00fablica es deficiente e insuficiente en su atenci\u00f3n a los pueblos ind\u00edgenas, lo cual es reconocido por las propias estad\u00edsticas oficiales. Existe apenas un hospital por Regi\u00f3n Sanitaria en el Chaco, los que se encuentran en las distantes capitales departamentales \u2013 para una buena parte de su poblaci\u00f3n. Los Centros de Salud existentes en otras localidades, al igual que dichos hospitales, est\u00e1n mal equipados y tienen limitados recursos humanos en cantidad y especialidad, quienes a su vez \u2013 incluyendo a los\/as promotores ind\u00edgenas de las comunidades est\u00e1n sobrepasados por las necesidades de su poblaci\u00f3n beneficiaria. No hay disponibles unidades de terapias, suficientes respiradores, ambulancias, as\u00ed como elementos sanitarios preventivos para distribuir \u2013 tapabocas, alcohol, etc. A esto se suma la falta de priorizaci\u00f3n y fortalecimiento de la Direcci\u00f3n Nacional de Salud de los Pueblos Ind\u00edgenas-DINASAPI en la propia estructura del MSPyBS. Asimismo, en el Chaco Central, otros servicios de salud, como los prestados por las Colonias Menonitas o la Ascim, son, en primer t\u00e9rmino, privados y, en segundo lugar, reducidos y\/o renuentes a prestar atenci\u00f3n a la mayor parte de la poblaci\u00f3n ind\u00edgena que les rodea. Esta desatenci\u00f3n, invisibilidad y menosprecio de la salud ind\u00edgena se constata con el hecho de que hasta el presente no se cuenta con un protocolo sanitario con enfoque intercultural del Ministerio de Salud para afrontar la pandemia en las comunidades ind\u00edgenas. <\/span><\/p>\n<p><span style=\"font-weight: 400;\">La desprotecci\u00f3n de la poblaci\u00f3n ind\u00edgena, cabe resaltar, no es exclusivamente responsabilidad del MSPBS sino de las otras carteras e instituciones estatales como el INDI, el MOPC, el Ministerio de Trabajo, de Educaci\u00f3n, la SEN, IPS, el MADES, SENASA y otras que tienen obligaciones espec\u00edficas como la asistencia jur\u00eddica y territorial, alimentaria, protecci\u00f3n y seguridad laboral y ambiental, provisi\u00f3n y mantenimiento de caminos comunitarios, agua potable \u2013entre otros servicios b\u00e1sicos\u2013 y que no han atendido o priorizado a la poblaci\u00f3n ind\u00edgena y a sus necesidades m\u00e1s b\u00e1sicas, sea con anterioridad a la pandemia o durante ella. <\/span><\/p>\n<p><span style=\"font-weight: 400;\">Conforme a ello, requerimos que el MSP y BS, lleve a cabo un Plan de Emergencia para Pueblos y Comunidades Ind\u00edgenas frente al COVID-19, que contemple, entre otras, las siguientes medidas: 1. La aprobaci\u00f3n de un Protocolo Sanitario para Pueblos Ind\u00edgenas, que contemple: una gu\u00eda intercultural de intervenci\u00f3n, las especificidades propias de cada pueblo y comunidad como:<\/span><\/p>\n<p><span style=\"font-weight: 400;\"> i) comunicaci\u00f3n y coordinaci\u00f3n eficiente a trav\u00e9s de sus autoridades comunitarias y promotores\/as de salud y con otras instituciones presentes en la zona; <\/span><\/p>\n<p><span style=\"font-weight: 400;\">ii) monitoreo a trav\u00e9s de la Regiones sanitarias y sus redes de casos sospechosos y confirmados;<\/span><\/p>\n<p><span style=\"font-weight: 400;\"> iii) sistema extensivos, apropiados y expeditivos de levantamiento de muestras por Vigilancia de la Salud, incluyendo la identificaci\u00f3n\/publicaci\u00f3n como personas ind\u00edgenas sin nombres particulares, identidad \u00e9tnica y distrito origen de los\/as afectados\/as;<\/span><\/p>\n<p><span style=\"font-weight: 400;\"> iv) un campa\u00f1a de educaci\u00f3n e informaci\u00f3n espec\u00edfica para la poblaci\u00f3n ind\u00edgena \u2013 si es posible en los propios idiomas y donde cabe con las medidas necesarias, con talleres presenciales,<\/span><\/p>\n<p><span style=\"font-weight: 400;\"> v) disponibilidad y distribuci\u00f3n de elementos de prevenci\u00f3n (tapabocas, alcohol, agua y jab\u00f3n); <\/span><\/p>\n<p><span style=\"font-weight: 400;\">vi) disposici\u00f3n y asistencia t\u00e9cnica adecuada \u2013 instrucciones y elementos de protecci\u00f3n para atenci\u00f3n a enfermos, medicamentos, kit de alimentos y disposici\u00f3n de agua potable &#8211; para establecer albergues comunitarios en escuelas, iglesias o centros comunitarios y\/o domiciliares para la realizaci\u00f3n de cuarentena de casos positivos o sospechosos; <\/span><\/p>\n<p><span style=\"font-weight: 400;\">vii) seguimiento a casos de personas de las comunidades con enfermedades de base para extremar cuidados y\u00a0<\/span><span style=\"font-weight: 400;\">asistencia. <\/span><\/p>\n<p><span style=\"font-weight: 400;\">2. La dotaci\u00f3n y fortalecimiento de los Regiones Sanitarias de la Regi\u00f3n Occidental con un mayor n\u00famero de ambulancias, veh\u00edculos adecuados con sus choferes para traslados de pacientes, helic\u00f3ptero para actuaci\u00f3n r\u00e1pida en comunidades aisladas, recursos humanos especializados y as\u00ed como de mayores recursos m\u00e9dicos y equipamientos a las USF y Centros de Salud y dependencias de IPS, que atienden a poblaci\u00f3n ind\u00edgena, incluyendo su ampliaci\u00f3n para comunidades y aldeas que no cuentan con ellos\/as. <\/span><\/p>\n<p><span style=\"font-weight: 400;\">3. El involucramiento del INDI, la SEN, SENASA y el Ministerio de Educaci\u00f3n, para contribuir a dicho Plan PP.II. COVID-19 con asistencia alimentaria y provisi\u00f3n de agua suficiente y regular a las comunidades afectadas. <\/span><\/p>\n<p><span style=\"font-weight: 400;\">4. Asimismo, el MOPC deber\u00eda acelerar y priorizar la construcci\u00f3n y mantenimiento de caminos vecinales de comunidades ind\u00edgenas, hoy aisladas o inaccesibles para recibir asistencia m\u00e9dica, como el caso de la comunidad Paysenyamexenpa\u2019a (Colonia 96 y Buena Vista). <\/span><\/p>\n<p><span style=\"font-weight: 400;\">5. As\u00ed tambi\u00e9n, se debe asegurar que las empresas contratadas para el corredor Bioce\u00e1nico licencien a los trabajadores ind\u00edgenas afectados, sin interrupci\u00f3n del pago de sus haberes, para que puedan realizar la cuarentena respectiva. En el mismo sentido, el Ministerio del Trabajo deber\u00eda monitorear el cumplimiento de las medidas sanitarias y de seguridad en las estancias y colonias menonitas, asegurando a la par, la estabilidad y pago legal de los trabajadores\/as ind\u00edgenas.egal de los trabajadores\/as ind\u00edgenas.<\/span><\/p>\n","protected":false},"excerpt":{"rendered":"<p>Al tiempo que lamentamos profundamente la muerte del l\u00edder Tito Recalde del pueblo Qom en el 25 de agosto pasado y de un joven de 17 a\u00f1os de la comunidad Enxet de La Herencia, el d\u00eda 31 del mismo mes, ambos por causa del COVID-19, manifestamos cuanto sigue: Estas dos muertes son las primeras en<a class=\"more-link\" href=\"https:\/\/vortice.rocks\/clientes\/tierraviva\/comunicado-de-tierraviva-a-la-opinion-publica-y-al-ministerio-de-salud\/\">Seguir leyendo <span class=\"screen-reader-text\">&#8220;Comunicado de Tierraviva a la opini\u00f3n p\u00fablica y al Ministerio de Salud&#8221;<\/span><\/a><\/p>\n","protected":false},"author":5,"featured_media":1119,"comment_status":"open","ping_status":"open","sticky":false,"template":"","format":"standard","meta":{"_exactmetrics_skip_tracking":false,"_exactmetrics_sitenote_active":false,"_exactmetrics_sitenote_note":"","_exactmetrics_sitenote_category":0,"footnotes":""},"categories":[3],"tags":[],"yoast_head":"<!-- This site is optimized with the Yoast SEO plugin v21.7 - https:\/\/yoast.com\/wordpress\/plugins\/seo\/ -->\n<title>Comunicado de Tierraviva a la opini\u00f3n p\u00fablica y al Ministerio de Salud - Tierraviva<\/title>\n<meta name=\"robots\" content=\"index, follow, max-snippet:-1, max-image-preview:large, max-video-preview:-1\" \/>\n<link rel=\"canonical\" href=\"https:\/\/vortice.rocks\/clientes\/tierraviva\/comunicado-de-tierraviva-a-la-opinion-publica-y-al-ministerio-de-salud\/\" \/>\n<meta property=\"og:locale\" content=\"es_ES\" \/>\n<meta property=\"og:type\" content=\"article\" \/>\n<meta property=\"og:title\" content=\"Comunicado de Tierraviva a la opini\u00f3n p\u00fablica y al Ministerio de Salud - Tierraviva\" \/>\n<meta property=\"og:description\" content=\"Al tiempo que lamentamos profundamente la muerte del l\u00edder Tito Recalde del pueblo Qom en el 25 de agosto pasado y de un joven de 17 a\u00f1os de la comunidad Enxet de La Herencia, el d\u00eda 31 del mismo mes, ambos por causa del COVID-19, manifestamos cuanto sigue: Estas dos muertes son las primeras enSeguir leyendo &quot;Comunicado de Tierraviva a la opini\u00f3n p\u00fablica y al Ministerio de Salud&quot;\" \/>\n<meta property=\"og:url\" content=\"https:\/\/vortice.rocks\/clientes\/tierraviva\/comunicado-de-tierraviva-a-la-opinion-publica-y-al-ministerio-de-salud\/\" \/>\n<meta property=\"og:site_name\" content=\"Tierraviva\" \/>\n<meta property=\"article:publisher\" content=\"https:\/\/www.facebook.com\/Tierraviva-a-los-pueblos-indigenas-del-Chaco-217328148281564\/\" \/>\n<meta property=\"article:published_time\" content=\"2020-09-02T16:36:13+00:00\" \/>\n<meta property=\"article:modified_time\" content=\"2020-09-02T16:55:35+00:00\" \/>\n<meta property=\"og:image\" content=\"https:\/\/vortice.rocks\/clientes\/tierraviva\/wp-content\/uploads\/2018\/05\/Logo-Tierraviva-PNG-1.png\" \/>\n\t<meta property=\"og:image:width\" content=\"1427\" \/>\n\t<meta property=\"og:image:height\" content=\"614\" \/>\n\t<meta property=\"og:image:type\" content=\"image\/png\" \/>\n<meta name=\"author\" content=\"Santi Ortiz\" \/>\n<meta name=\"twitter:label1\" content=\"Escrito por\" \/>\n\t<meta name=\"twitter:data1\" content=\"Santi Ortiz\" \/>\n\t<meta name=\"twitter:label2\" content=\"Tiempo de lectura\" \/>\n\t<meta name=\"twitter:data2\" content=\"7 minutos\" \/>\n<script type=\"application\/ld+json\" class=\"yoast-schema-graph\">{\"@context\":\"https:\/\/schema.org\",\"@graph\":[{\"@type\":\"WebPage\",\"@id\":\"https:\/\/vortice.rocks\/clientes\/tierraviva\/comunicado-de-tierraviva-a-la-opinion-publica-y-al-ministerio-de-salud\/\",\"url\":\"https:\/\/vortice.rocks\/clientes\/tierraviva\/comunicado-de-tierraviva-a-la-opinion-publica-y-al-ministerio-de-salud\/\",\"name\":\"Comunicado de Tierraviva a la opini\u00f3n p\u00fablica y al Ministerio de Salud - Tierraviva\",\"isPartOf\":{\"@id\":\"https:\/\/vortice.rocks\/clientes\/tierraviva\/#website\"},\"datePublished\":\"2020-09-02T16:36:13+00:00\",\"dateModified\":\"2020-09-02T16:55:35+00:00\",\"author\":{\"@id\":\"https:\/\/vortice.rocks\/clientes\/tierraviva\/#\/schema\/person\/0652c5aad419c86cff8f8129d355edd0\"},\"breadcrumb\":{\"@id\":\"https:\/\/vortice.rocks\/clientes\/tierraviva\/comunicado-de-tierraviva-a-la-opinion-publica-y-al-ministerio-de-salud\/#breadcrumb\"},\"inLanguage\":\"es\",\"potentialAction\":[{\"@type\":\"ReadAction\",\"target\":[\"https:\/\/vortice.rocks\/clientes\/tierraviva\/comunicado-de-tierraviva-a-la-opinion-publica-y-al-ministerio-de-salud\/\"]}]},{\"@type\":\"BreadcrumbList\",\"@id\":\"https:\/\/vortice.rocks\/clientes\/tierraviva\/comunicado-de-tierraviva-a-la-opinion-publica-y-al-ministerio-de-salud\/#breadcrumb\",\"itemListElement\":[{\"@type\":\"ListItem\",\"position\":1,\"name\":\"Portada\",\"item\":\"https:\/\/vortice.rocks\/clientes\/tierraviva\/\"},{\"@type\":\"ListItem\",\"position\":2,\"name\":\"Comunicado de Tierraviva a la opini\u00f3n p\u00fablica y al Ministerio de Salud\"}]},{\"@type\":\"WebSite\",\"@id\":\"https:\/\/vortice.rocks\/clientes\/tierraviva\/#website\",\"url\":\"https:\/\/vortice.rocks\/clientes\/tierraviva\/\",\"name\":\"Tierraviva\",\"description\":\"\",\"potentialAction\":[{\"@type\":\"SearchAction\",\"target\":{\"@type\":\"EntryPoint\",\"urlTemplate\":\"https:\/\/vortice.rocks\/clientes\/tierraviva\/?s={search_term_string}\"},\"query-input\":\"required name=search_term_string\"}],\"inLanguage\":\"es\"},{\"@type\":\"Person\",\"@id\":\"https:\/\/vortice.rocks\/clientes\/tierraviva\/#\/schema\/person\/0652c5aad419c86cff8f8129d355edd0\",\"name\":\"Santi Ortiz\",\"image\":{\"@type\":\"ImageObject\",\"inLanguage\":\"es\",\"@id\":\"https:\/\/vortice.rocks\/clientes\/tierraviva\/#\/schema\/person\/image\/\",\"url\":\"https:\/\/secure.gravatar.com\/avatar\/78bab899e21d2840245c1646bfc64d01?s=96&d=mm&r=g\",\"contentUrl\":\"https:\/\/secure.gravatar.com\/avatar\/78bab899e21d2840245c1646bfc64d01?s=96&d=mm&r=g\",\"caption\":\"Santi Ortiz\"},\"sameAs\":[\"https:\/\/vortice.rocks\/clientes\/tierraviva\"],\"url\":\"https:\/\/vortice.rocks\/clientes\/tierraviva\/author\/santi-ortiz\/\"}]}<\/script>\n<!-- \/ Yoast SEO plugin. -->","yoast_head_json":{"title":"Comunicado de Tierraviva a la opini\u00f3n p\u00fablica y al Ministerio de Salud - Tierraviva","robots":{"index":"index","follow":"follow","max-snippet":"max-snippet:-1","max-image-preview":"max-image-preview:large","max-video-preview":"max-video-preview:-1"},"canonical":"https:\/\/vortice.rocks\/clientes\/tierraviva\/comunicado-de-tierraviva-a-la-opinion-publica-y-al-ministerio-de-salud\/","og_locale":"es_ES","og_type":"article","og_title":"Comunicado de Tierraviva a la opini\u00f3n p\u00fablica y al Ministerio de Salud - Tierraviva","og_description":"Al tiempo que lamentamos profundamente la muerte del l\u00edder Tito Recalde del pueblo Qom en el 25 de agosto pasado y de un joven de 17 a\u00f1os de la comunidad Enxet de La Herencia, el d\u00eda 31 del mismo mes, ambos por causa del COVID-19, manifestamos cuanto sigue: Estas dos muertes son las primeras enSeguir leyendo \"Comunicado de Tierraviva a la opini\u00f3n p\u00fablica y al Ministerio de Salud\"","og_url":"https:\/\/vortice.rocks\/clientes\/tierraviva\/comunicado-de-tierraviva-a-la-opinion-publica-y-al-ministerio-de-salud\/","og_site_name":"Tierraviva","article_publisher":"https:\/\/www.facebook.com\/Tierraviva-a-los-pueblos-indigenas-del-Chaco-217328148281564\/","article_published_time":"2020-09-02T16:36:13+00:00","article_modified_time":"2020-09-02T16:55:35+00:00","og_image":[{"width":1427,"height":614,"url":"https:\/\/vortice.rocks\/clientes\/tierraviva\/wp-content\/uploads\/2018\/05\/Logo-Tierraviva-PNG-1.png","type":"image\/png"}],"author":"Santi Ortiz","twitter_misc":{"Escrito por":"Santi Ortiz","Tiempo de lectura":"7 minutos"},"schema":{"@context":"https:\/\/schema.org","@graph":[{"@type":"WebPage","@id":"https:\/\/vortice.rocks\/clientes\/tierraviva\/comunicado-de-tierraviva-a-la-opinion-publica-y-al-ministerio-de-salud\/","url":"https:\/\/vortice.rocks\/clientes\/tierraviva\/comunicado-de-tierraviva-a-la-opinion-publica-y-al-ministerio-de-salud\/","name":"Comunicado de Tierraviva a la opini\u00f3n p\u00fablica y al Ministerio de Salud - Tierraviva","isPartOf":{"@id":"https:\/\/vortice.rocks\/clientes\/tierraviva\/#website"},"datePublished":"2020-09-02T16:36:13+00:00","dateModified":"2020-09-02T16:55:35+00:00","author":{"@id":"https:\/\/vortice.rocks\/clientes\/tierraviva\/#\/schema\/person\/0652c5aad419c86cff8f8129d355edd0"},"breadcrumb":{"@id":"https:\/\/vortice.rocks\/clientes\/tierraviva\/comunicado-de-tierraviva-a-la-opinion-publica-y-al-ministerio-de-salud\/#breadcrumb"},"inLanguage":"es","potentialAction":[{"@type":"ReadAction","target":["https:\/\/vortice.rocks\/clientes\/tierraviva\/comunicado-de-tierraviva-a-la-opinion-publica-y-al-ministerio-de-salud\/"]}]},{"@type":"BreadcrumbList","@id":"https:\/\/vortice.rocks\/clientes\/tierraviva\/comunicado-de-tierraviva-a-la-opinion-publica-y-al-ministerio-de-salud\/#breadcrumb","itemListElement":[{"@type":"ListItem","position":1,"name":"Portada","item":"https:\/\/vortice.rocks\/clientes\/tierraviva\/"},{"@type":"ListItem","position":2,"name":"Comunicado de Tierraviva a la opini\u00f3n p\u00fablica y al Ministerio de Salud"}]},{"@type":"WebSite","@id":"https:\/\/vortice.rocks\/clientes\/tierraviva\/#website","url":"https:\/\/vortice.rocks\/clientes\/tierraviva\/","name":"Tierraviva","description":"","potentialAction":[{"@type":"SearchAction","target":{"@type":"EntryPoint","urlTemplate":"https:\/\/vortice.rocks\/clientes\/tierraviva\/?s={search_term_string}"},"query-input":"required name=search_term_string"}],"inLanguage":"es"},{"@type":"Person","@id":"https:\/\/vortice.rocks\/clientes\/tierraviva\/#\/schema\/person\/0652c5aad419c86cff8f8129d355edd0","name":"Santi Ortiz","image":{"@type":"ImageObject","inLanguage":"es","@id":"https:\/\/vortice.rocks\/clientes\/tierraviva\/#\/schema\/person\/image\/","url":"https:\/\/secure.gravatar.com\/avatar\/78bab899e21d2840245c1646bfc64d01?s=96&d=mm&r=g","contentUrl":"https:\/\/secure.gravatar.com\/avatar\/78bab899e21d2840245c1646bfc64d01?s=96&d=mm&r=g","caption":"Santi Ortiz"},"sameAs":["https:\/\/vortice.rocks\/clientes\/tierraviva"],"url":"https:\/\/vortice.rocks\/clientes\/tierraviva\/author\/santi-ortiz\/"}]}},"_links":{"self":[{"href":"https:\/\/vortice.rocks\/clientes\/tierraviva\/wp-json\/wp\/v2\/posts\/2059"}],"collection":[{"href":"https:\/\/vortice.rocks\/clientes\/tierraviva\/wp-json\/wp\/v2\/posts"}],"about":[{"href":"https:\/\/vortice.rocks\/clientes\/tierraviva\/wp-json\/wp\/v2\/types\/post"}],"author":[{"embeddable":true,"href":"https:\/\/vortice.rocks\/clientes\/tierraviva\/wp-json\/wp\/v2\/users\/5"}],"replies":[{"embeddable":true,"href":"https:\/\/vortice.rocks\/clientes\/tierraviva\/wp-json\/wp\/v2\/comments?post=2059"}],"version-history":[{"count":2,"href":"https:\/\/vortice.rocks\/clientes\/tierraviva\/wp-json\/wp\/v2\/posts\/2059\/revisions"}],"predecessor-version":[{"id":2062,"href":"https:\/\/vortice.rocks\/clientes\/tierraviva\/wp-json\/wp\/v2\/posts\/2059\/revisions\/2062"}],"wp:featuredmedia":[{"embeddable":true,"href":"https:\/\/vortice.rocks\/clientes\/tierraviva\/wp-json\/wp\/v2\/media\/1119"}],"wp:attachment":[{"href":"https:\/\/vortice.rocks\/clientes\/tierraviva\/wp-json\/wp\/v2\/media?parent=2059"}],"wp:term":[{"taxonomy":"category","embeddable":true,"href":"https:\/\/vortice.rocks\/clientes\/tierraviva\/wp-json\/wp\/v2\/categories?post=2059"},{"taxonomy":"post_tag","embeddable":true,"href":"https:\/\/vortice.rocks\/clientes\/tierraviva\/wp-json\/wp\/v2\/tags?post=2059"}],"curies":[{"name":"wp","href":"https:\/\/api.w.org\/{rel}","templated":true}]}}