{"id":2064,"date":"2020-09-09T11:28:33","date_gmt":"2020-09-09T15:28:33","guid":{"rendered":"https:\/\/vortice.rocks\/clientes\/tierraviva\/?p=2064"},"modified":"2020-09-09T11:28:33","modified_gmt":"2020-09-09T15:28:33","slug":"justicia-confirma-que-asistencia-a-comunidad-indigena-debe-ser-integral-y-sostenible","status":"publish","type":"post","link":"https:\/\/vortice.rocks\/clientes\/tierraviva\/justicia-confirma-que-asistencia-a-comunidad-indigena-debe-ser-integral-y-sostenible\/","title":{"rendered":"Justicia confirma que asistencia a comunidad ind\u00edgena debe ser integral y sostenible"},"content":{"rendered":"<p>La Sexta Sala del Tribunal de Apelaci\u00f3n en lo Civil y Comercial emiti\u00f3 la sentencia respecto al Amparo promovido por la Comunidad Ind\u00edgena Colonia 96 a fin de acceder a asistencia estatal ante la falta de acceso al agua. En primera instancia la justicia ya hab\u00eda ordenado al Estado la atenci\u00f3n inmediata a los reclamos ind\u00edgenas pero la sentencia fue apelada por los \u00f3rganos estatales, en esta ocasi\u00f3n la Justicia se reafirma en que la Comunidad Ind\u00edgena debe recibir una atenci\u00f3n inmediata, integral y sostenida por parte del Gobierno.<\/p>\n<p>El Tribunal se\u00f1ala que la asistencia debe ser sostenible, y explica que dicha cualidad implica una acci\u00f3n permanente en el tiempo por parte de los \u00f3rganos responsables de la asistencia, en ese sentido indica que \u201c trat\u00e1ndose la controversia de proveer agua potable a una poblaci\u00f3n determinada, no puede entenderse de otra manera que dicha provisi\u00f3n debe ser permanente, pues el consumo de agua potable es fundamental para la salud y la vida de las personas, por lo que pretender que se satisface esa necesidad con una sola prestaci\u00f3n ser\u00eda un desprop\u00f3sito\u201d.<\/p>\n<p>En el fallo el Presiente del Tribunal indica que los derechos Constitucionales vinculados al caso como el derecho a la vida (art. 4), el derecho a la calidad de vida (art. 6), el derecho a un ambiente saludable (art. 7), el derecho a la defensa de los intereses difusos (art. 38), el derecho de peticionar a las autoridades (art. 40), de la igualdad de las personas (art. 46), de las garant\u00edas de la igualdad en la participaci\u00f3n de los beneficios de la naturaleza y bienes materiales (art. 47 inc. 4), de la protecci\u00f3n al ni\u00f1o (art. 54) y el derecho a la asistencia que tienen los pueblos ind\u00edgenas (art. 66) son \u00a0normativas constitucionales que son operativas para el Estado lo que significa que \u201cqueda a cargo de las autoridades estatales competentes trazar las metas a mediano y largo plazo para garantizar la calidad de vida de todos los habitantes. Las comunidades ind\u00edgenas, entre las cuales se encuentra la parte actora, son grupos poblacionales que usualmente quedan relegados a la pobreza extrema y, por tanto, merecen una tutela preferencial por parte del Estado para garantizar su calidad de vida y preservar su h\u00e1bitat. Por opci\u00f3n, los miembros de la comunidad ind\u00edgena eligieron establecerse en determinado territorio, percibiendo directamente los frutos de la tierra (agua, vegetaci\u00f3n, animales). Es por ello que deben tener acceso irrestricto a la provisi\u00f3n de agua potable y recursos h\u00eddricos libres de contaminaci\u00f3n.\u201d<\/p>\n<p>La Abogada Adriana Ag\u00fcero, Directora del \u00c1rea de Casos y Litigios de Tierraviva, manifest\u00f3 que este fallo es muy importante ya que no deja lugar a dudas respecto a los deberes y obligaciones del Estado para con la Comunidad Ind\u00edgena Payseyamexyempa\u2019a \u2013que incluye a las Aldeas Colonia 96 y Buena Vista- y con las comunidades en general. Adem\u00e1s indic\u00f3 que se debe destacar que la sentencia ratifica que la asistencia debe darse de forma integral y sostenible, dejando en claro que no puede realizarse apenas alguna provisi\u00f3n aislada de agua o alimentos, sino que debe ser una atenci\u00f3n permanente.<\/p>\n<p>Por otra parte, Ag\u00fcero se\u00f1al\u00f3 que se encuentran solicitando a las instituciones demandadas en el Amparo: Secretar\u00eda de Emergencia Nacional (SEN), Instituto Paraguayo del Ind\u00edgena (INDI) y Servicio Nacional de Agua y Saneamiento (SENASA), que presenten sus planes de acci\u00f3n a fin de garantizar el cumplimiento de lo ordenado por la justicia de forma inmediata.<\/p>\n<p>La comunidad Payseyamexyempa\u2019a se encuentra asentada en el kil\u00f3metro 352 de la ruta Pozo Colorado-Concepci\u00f3n y a unos 60 km aproximadamente al norte de la misma Ruta en el Departamento de Presidente Hayes. La misma est\u00e1 conformada por 97 personas y se encuentra aislada por falta de caminos p\u00fablicos de acceso al territorio, durante la actual sequ\u00eda que afecta al Chaco la comunidad qued\u00f3 sin acceso a agua potable por lo que decidi\u00f3 recurrir a la Justicia para recibir asistencia por parte del Gobierno.<\/p>\n","protected":false},"excerpt":{"rendered":"<p>La Sexta Sala del Tribunal de Apelaci\u00f3n en lo Civil y Comercial emiti\u00f3 la sentencia respecto al Amparo promovido por la Comunidad Ind\u00edgena Colonia 96 a fin de acceder a asistencia estatal ante la falta de acceso al agua. En primera instancia la justicia ya hab\u00eda ordenado al Estado la atenci\u00f3n inmediata a los reclamos<a class=\"more-link\" href=\"https:\/\/vortice.rocks\/clientes\/tierraviva\/justicia-confirma-que-asistencia-a-comunidad-indigena-debe-ser-integral-y-sostenible\/\">Seguir leyendo <span class=\"screen-reader-text\">&#8220;Justicia confirma que asistencia a comunidad ind\u00edgena debe ser integral y sostenible&#8221;<\/span><\/a><\/p>\n","protected":false},"author":5,"featured_media":2050,"comment_status":"open","ping_status":"open","sticky":false,"template":"","format":"standard","meta":{"_exactmetrics_skip_tracking":false,"_exactmetrics_sitenote_active":false,"_exactmetrics_sitenote_note":"","_exactmetrics_sitenote_category":0,"footnotes":""},"categories":[3],"tags":[],"yoast_head":"<!-- This site is optimized with the Yoast SEO plugin v21.7 - https:\/\/yoast.com\/wordpress\/plugins\/seo\/ -->\n<title>Justicia confirma que asistencia a comunidad ind\u00edgena debe ser integral y sostenible - Tierraviva<\/title>\n<meta name=\"robots\" content=\"index, follow, max-snippet:-1, max-image-preview:large, max-video-preview:-1\" \/>\n<link rel=\"canonical\" href=\"https:\/\/vortice.rocks\/clientes\/tierraviva\/justicia-confirma-que-asistencia-a-comunidad-indigena-debe-ser-integral-y-sostenible\/\" \/>\n<meta property=\"og:locale\" content=\"es_ES\" \/>\n<meta property=\"og:type\" content=\"article\" \/>\n<meta property=\"og:title\" content=\"Justicia confirma que asistencia a comunidad ind\u00edgena debe ser integral y sostenible - Tierraviva\" \/>\n<meta property=\"og:description\" content=\"La Sexta Sala del Tribunal de Apelaci\u00f3n en lo Civil y Comercial emiti\u00f3 la sentencia respecto al Amparo promovido por la Comunidad Ind\u00edgena Colonia 96 a fin de acceder a asistencia estatal ante la falta de acceso al agua. En primera instancia la justicia ya hab\u00eda ordenado al Estado la atenci\u00f3n inmediata a los reclamosSeguir leyendo &quot;Justicia confirma que asistencia a comunidad ind\u00edgena debe ser integral y sostenible&quot;\" \/>\n<meta property=\"og:url\" content=\"https:\/\/vortice.rocks\/clientes\/tierraviva\/justicia-confirma-que-asistencia-a-comunidad-indigena-debe-ser-integral-y-sostenible\/\" \/>\n<meta property=\"og:site_name\" content=\"Tierraviva\" \/>\n<meta property=\"article:publisher\" content=\"https:\/\/www.facebook.com\/Tierraviva-a-los-pueblos-indigenas-del-Chaco-217328148281564\/\" \/>\n<meta property=\"article:published_time\" content=\"2020-09-09T15:28:33+00:00\" \/>\n<meta property=\"og:image\" content=\"https:\/\/vortice.rocks\/clientes\/tierraviva\/wp-content\/uploads\/2020\/08\/IMG-20200707-WA0068-1.jpg\" \/>\n\t<meta property=\"og:image:width\" content=\"1280\" \/>\n\t<meta property=\"og:image:height\" content=\"853\" \/>\n\t<meta property=\"og:image:type\" content=\"image\/jpeg\" \/>\n<meta name=\"author\" content=\"Santi Ortiz\" \/>\n<meta name=\"twitter:label1\" content=\"Escrito por\" \/>\n\t<meta name=\"twitter:data1\" content=\"Santi Ortiz\" \/>\n\t<meta name=\"twitter:label2\" content=\"Tiempo de lectura\" \/>\n\t<meta name=\"twitter:data2\" content=\"3 minutos\" \/>\n<script type=\"application\/ld+json\" class=\"yoast-schema-graph\">{\"@context\":\"https:\/\/schema.org\",\"@graph\":[{\"@type\":\"WebPage\",\"@id\":\"https:\/\/vortice.rocks\/clientes\/tierraviva\/justicia-confirma-que-asistencia-a-comunidad-indigena-debe-ser-integral-y-sostenible\/\",\"url\":\"https:\/\/vortice.rocks\/clientes\/tierraviva\/justicia-confirma-que-asistencia-a-comunidad-indigena-debe-ser-integral-y-sostenible\/\",\"name\":\"Justicia confirma que asistencia a comunidad ind\u00edgena debe ser integral y sostenible - Tierraviva\",\"isPartOf\":{\"@id\":\"https:\/\/vortice.rocks\/clientes\/tierraviva\/#website\"},\"datePublished\":\"2020-09-09T15:28:33+00:00\",\"dateModified\":\"2020-09-09T15:28:33+00:00\",\"author\":{\"@id\":\"https:\/\/vortice.rocks\/clientes\/tierraviva\/#\/schema\/person\/0652c5aad419c86cff8f8129d355edd0\"},\"breadcrumb\":{\"@id\":\"https:\/\/vortice.rocks\/clientes\/tierraviva\/justicia-confirma-que-asistencia-a-comunidad-indigena-debe-ser-integral-y-sostenible\/#breadcrumb\"},\"inLanguage\":\"es\",\"potentialAction\":[{\"@type\":\"ReadAction\",\"target\":[\"https:\/\/vortice.rocks\/clientes\/tierraviva\/justicia-confirma-que-asistencia-a-comunidad-indigena-debe-ser-integral-y-sostenible\/\"]}]},{\"@type\":\"BreadcrumbList\",\"@id\":\"https:\/\/vortice.rocks\/clientes\/tierraviva\/justicia-confirma-que-asistencia-a-comunidad-indigena-debe-ser-integral-y-sostenible\/#breadcrumb\",\"itemListElement\":[{\"@type\":\"ListItem\",\"position\":1,\"name\":\"Portada\",\"item\":\"https:\/\/vortice.rocks\/clientes\/tierraviva\/\"},{\"@type\":\"ListItem\",\"position\":2,\"name\":\"Justicia confirma que asistencia a comunidad ind\u00edgena debe ser integral y sostenible\"}]},{\"@type\":\"WebSite\",\"@id\":\"https:\/\/vortice.rocks\/clientes\/tierraviva\/#website\",\"url\":\"https:\/\/vortice.rocks\/clientes\/tierraviva\/\",\"name\":\"Tierraviva\",\"description\":\"\",\"potentialAction\":[{\"@type\":\"SearchAction\",\"target\":{\"@type\":\"EntryPoint\",\"urlTemplate\":\"https:\/\/vortice.rocks\/clientes\/tierraviva\/?s={search_term_string}\"},\"query-input\":\"required name=search_term_string\"}],\"inLanguage\":\"es\"},{\"@type\":\"Person\",\"@id\":\"https:\/\/vortice.rocks\/clientes\/tierraviva\/#\/schema\/person\/0652c5aad419c86cff8f8129d355edd0\",\"name\":\"Santi Ortiz\",\"image\":{\"@type\":\"ImageObject\",\"inLanguage\":\"es\",\"@id\":\"https:\/\/vortice.rocks\/clientes\/tierraviva\/#\/schema\/person\/image\/\",\"url\":\"https:\/\/secure.gravatar.com\/avatar\/78bab899e21d2840245c1646bfc64d01?s=96&d=mm&r=g\",\"contentUrl\":\"https:\/\/secure.gravatar.com\/avatar\/78bab899e21d2840245c1646bfc64d01?s=96&d=mm&r=g\",\"caption\":\"Santi Ortiz\"},\"sameAs\":[\"https:\/\/vortice.rocks\/clientes\/tierraviva\"],\"url\":\"https:\/\/vortice.rocks\/clientes\/tierraviva\/author\/santi-ortiz\/\"}]}<\/script>\n<!-- \/ Yoast SEO plugin. -->","yoast_head_json":{"title":"Justicia confirma que asistencia a comunidad ind\u00edgena debe ser integral y sostenible - Tierraviva","robots":{"index":"index","follow":"follow","max-snippet":"max-snippet:-1","max-image-preview":"max-image-preview:large","max-video-preview":"max-video-preview:-1"},"canonical":"https:\/\/vortice.rocks\/clientes\/tierraviva\/justicia-confirma-que-asistencia-a-comunidad-indigena-debe-ser-integral-y-sostenible\/","og_locale":"es_ES","og_type":"article","og_title":"Justicia confirma que asistencia a comunidad ind\u00edgena debe ser integral y sostenible - Tierraviva","og_description":"La Sexta Sala del Tribunal de Apelaci\u00f3n en lo Civil y Comercial emiti\u00f3 la sentencia respecto al Amparo promovido por la Comunidad Ind\u00edgena Colonia 96 a fin de acceder a asistencia estatal ante la falta de acceso al agua. En primera instancia la justicia ya hab\u00eda ordenado al Estado la atenci\u00f3n inmediata a los reclamosSeguir leyendo \"Justicia confirma que asistencia a comunidad ind\u00edgena debe ser integral y sostenible\"","og_url":"https:\/\/vortice.rocks\/clientes\/tierraviva\/justicia-confirma-que-asistencia-a-comunidad-indigena-debe-ser-integral-y-sostenible\/","og_site_name":"Tierraviva","article_publisher":"https:\/\/www.facebook.com\/Tierraviva-a-los-pueblos-indigenas-del-Chaco-217328148281564\/","article_published_time":"2020-09-09T15:28:33+00:00","og_image":[{"width":1280,"height":853,"url":"https:\/\/vortice.rocks\/clientes\/tierraviva\/wp-content\/uploads\/2020\/08\/IMG-20200707-WA0068-1.jpg","type":"image\/jpeg"}],"author":"Santi Ortiz","twitter_misc":{"Escrito por":"Santi Ortiz","Tiempo de lectura":"3 minutos"},"schema":{"@context":"https:\/\/schema.org","@graph":[{"@type":"WebPage","@id":"https:\/\/vortice.rocks\/clientes\/tierraviva\/justicia-confirma-que-asistencia-a-comunidad-indigena-debe-ser-integral-y-sostenible\/","url":"https:\/\/vortice.rocks\/clientes\/tierraviva\/justicia-confirma-que-asistencia-a-comunidad-indigena-debe-ser-integral-y-sostenible\/","name":"Justicia confirma que asistencia a comunidad ind\u00edgena debe ser integral y sostenible - Tierraviva","isPartOf":{"@id":"https:\/\/vortice.rocks\/clientes\/tierraviva\/#website"},"datePublished":"2020-09-09T15:28:33+00:00","dateModified":"2020-09-09T15:28:33+00:00","author":{"@id":"https:\/\/vortice.rocks\/clientes\/tierraviva\/#\/schema\/person\/0652c5aad419c86cff8f8129d355edd0"},"breadcrumb":{"@id":"https:\/\/vortice.rocks\/clientes\/tierraviva\/justicia-confirma-que-asistencia-a-comunidad-indigena-debe-ser-integral-y-sostenible\/#breadcrumb"},"inLanguage":"es","potentialAction":[{"@type":"ReadAction","target":["https:\/\/vortice.rocks\/clientes\/tierraviva\/justicia-confirma-que-asistencia-a-comunidad-indigena-debe-ser-integral-y-sostenible\/"]}]},{"@type":"BreadcrumbList","@id":"https:\/\/vortice.rocks\/clientes\/tierraviva\/justicia-confirma-que-asistencia-a-comunidad-indigena-debe-ser-integral-y-sostenible\/#breadcrumb","itemListElement":[{"@type":"ListItem","position":1,"name":"Portada","item":"https:\/\/vortice.rocks\/clientes\/tierraviva\/"},{"@type":"ListItem","position":2,"name":"Justicia confirma que asistencia a comunidad ind\u00edgena debe ser integral y sostenible"}]},{"@type":"WebSite","@id":"https:\/\/vortice.rocks\/clientes\/tierraviva\/#website","url":"https:\/\/vortice.rocks\/clientes\/tierraviva\/","name":"Tierraviva","description":"","potentialAction":[{"@type":"SearchAction","target":{"@type":"EntryPoint","urlTemplate":"https:\/\/vortice.rocks\/clientes\/tierraviva\/?s={search_term_string}"},"query-input":"required name=search_term_string"}],"inLanguage":"es"},{"@type":"Person","@id":"https:\/\/vortice.rocks\/clientes\/tierraviva\/#\/schema\/person\/0652c5aad419c86cff8f8129d355edd0","name":"Santi Ortiz","image":{"@type":"ImageObject","inLanguage":"es","@id":"https:\/\/vortice.rocks\/clientes\/tierraviva\/#\/schema\/person\/image\/","url":"https:\/\/secure.gravatar.com\/avatar\/78bab899e21d2840245c1646bfc64d01?s=96&d=mm&r=g","contentUrl":"https:\/\/secure.gravatar.com\/avatar\/78bab899e21d2840245c1646bfc64d01?s=96&d=mm&r=g","caption":"Santi Ortiz"},"sameAs":["https:\/\/vortice.rocks\/clientes\/tierraviva"],"url":"https:\/\/vortice.rocks\/clientes\/tierraviva\/author\/santi-ortiz\/"}]}},"_links":{"self":[{"href":"https:\/\/vortice.rocks\/clientes\/tierraviva\/wp-json\/wp\/v2\/posts\/2064"}],"collection":[{"href":"https:\/\/vortice.rocks\/clientes\/tierraviva\/wp-json\/wp\/v2\/posts"}],"about":[{"href":"https:\/\/vortice.rocks\/clientes\/tierraviva\/wp-json\/wp\/v2\/types\/post"}],"author":[{"embeddable":true,"href":"https:\/\/vortice.rocks\/clientes\/tierraviva\/wp-json\/wp\/v2\/users\/5"}],"replies":[{"embeddable":true,"href":"https:\/\/vortice.rocks\/clientes\/tierraviva\/wp-json\/wp\/v2\/comments?post=2064"}],"version-history":[{"count":1,"href":"https:\/\/vortice.rocks\/clientes\/tierraviva\/wp-json\/wp\/v2\/posts\/2064\/revisions"}],"predecessor-version":[{"id":2065,"href":"https:\/\/vortice.rocks\/clientes\/tierraviva\/wp-json\/wp\/v2\/posts\/2064\/revisions\/2065"}],"wp:featuredmedia":[{"embeddable":true,"href":"https:\/\/vortice.rocks\/clientes\/tierraviva\/wp-json\/wp\/v2\/media\/2050"}],"wp:attachment":[{"href":"https:\/\/vortice.rocks\/clientes\/tierraviva\/wp-json\/wp\/v2\/media?parent=2064"}],"wp:term":[{"taxonomy":"category","embeddable":true,"href":"https:\/\/vortice.rocks\/clientes\/tierraviva\/wp-json\/wp\/v2\/categories?post=2064"},{"taxonomy":"post_tag","embeddable":true,"href":"https:\/\/vortice.rocks\/clientes\/tierraviva\/wp-json\/wp\/v2\/tags?post=2064"}],"curies":[{"name":"wp","href":"https:\/\/api.w.org\/{rel}","templated":true}]}}