{"id":2066,"date":"2020-09-11T20:25:38","date_gmt":"2020-09-12T00:25:38","guid":{"rendered":"https:\/\/vortice.rocks\/clientes\/tierraviva\/?p=2066"},"modified":"2020-09-11T20:29:24","modified_gmt":"2020-09-12T00:29:24","slug":"abandono-del-estado-y-violencia-estructural-en-comunidades-indigenas","status":"publish","type":"post","link":"https:\/\/vortice.rocks\/clientes\/tierraviva\/abandono-del-estado-y-violencia-estructural-en-comunidades-indigenas\/","title":{"rendered":"Abandono del Estado y Violencia Estructural en Comunidades Ind\u00edgenas"},"content":{"rendered":"<p>Ante los hechos acontecidos en el norte del pa\u00eds en los \u00faltimos d\u00edas, desde las organizaciones miembros de la Red de Entidades Privadas al Servicio de los Pueblos Ind\u00edgenas- REDESPI, manifestamos en primer lugar, nuestra plena solidaridad con las v\u00edctimas de los terribles sucesos. Tanto la muerte de las ni\u00f1as, como el secuestro de Oscar Denis y Adelio Mendoza, forman parte de una violencia que rechazamos y repudiamos.<\/p>\n<p>Como Red defensora de Derechos Humanos exigimos que toda intervenci\u00f3n del Estado en la zona norte se circunscriba en el marco del respeto a las leyes que protegen a los pueblos ind\u00edgenas y al respeto a la legislaci\u00f3n nacional e internacional.<\/p>\n<p>Somos organizaciones con muchas d\u00e9cadas de trabajo junto a las comunidades Ind\u00edgenas del pa\u00eds y damos fe que las reivindicaciones que los pueblos ind\u00edgenas han reclamado hist\u00f3ricamente y reclaman en la actualidad no es otra sino la vigencia del Estado Social de Derecho y las garant\u00edas contempladas a su favor en el Cap\u00edtulo V de la Constituci\u00f3n de la Rep\u00fablica, a trav\u00e9s de organizaciones propiamente ind\u00edgenas y que sus m\u00e9todos de reivindicaci\u00f3n de derechos distan mucho del ejercicio de la violencia criminal.<\/p>\n<p>Sin embargo, la violencia que s\u00ed involucra a ind\u00edgenas y se evidencia de manera indiscutible es la de la ausencia del Estado en las comunidades y el abandono hist\u00f3rico a estos Pueblos. Esto, se refleja en el hecho de que un 25% de las cerca de 800 comunidades y aldeas ind\u00edgenas existentes en todo el pa\u00eds no cuentan con tierra propia, alrededor del 30% han sufrido o sufren atropellos de terceros \u2013 invasi\u00f3n, alquiler, fumigaci\u00f3n \u2013 o violencia externa \u2013 atropello, robo, abigeato, asesinatos \u2013 y apenas el 40% del total cuenta con un centro de salud y el 70% con una escuela en sus comunidades, seg\u00fan se\u00f1alan fuentes oficiales (DGEEC, 2015) y de otra \u00edndole (Tauli Corpuz, 2015; Villagra, 2018). Esta ausencia es a\u00fan m\u00e1s patente ante el escenario de la actual pandemia sanitaria, con el aumento vertiginoso de casos positivos en personas ind\u00edgenas en diversas partes del pa\u00eds y la falta de un plan gubernamental de asistencia a pueblos ind\u00edgenas ante el Covid-19.<\/p>\n<p>Asimismo, resaltamos que en una zona como el norte de la regi\u00f3n Oriental, con un alto \u00edndice de violencia, se ha abandonado a las comunidades ind\u00edgenas al arbitrio de grupos criminales -muchas veces vinculados al narcotr\u00e1fico y al agronegocio- que presionan sobre el territorio ind\u00edgena; situaci\u00f3n, que en muchos casos ha acabado en otras tragedias, como las \u2013 al menos &#8211; 30 personas del Pueblo Ind\u00edgena Pa\u00ee Tavyter\u00e2 asesinadas por sicarios desde el t\u00e9rmino de la dictadura hasta a\u00f1os recientes, seg\u00fan se puede cotejar en varios informes y estudios (Brun, Enciso y Chase-Sardi, 1990; Chase Sardi y Susnik; 1995; Tierraviva, 2014).<\/p>\n<p>Por lo expuesto arriba, llamamos a abordar est\u00e1 exclusi\u00f3n y violencia con una presencia activa e integral del Estado en las comunidades ind\u00edgenas a fin de revertir las dif\u00edciles condiciones de vida en la que se desenvuelven hombres, mujeres, ancianos y ni\u00f1os ind\u00edgenas, respetando su cultura y autodeterminaci\u00f3n, evitando una mayor criminalizaci\u00f3n hacia dichas comunidades que solamente agravar\u00eda la situaci\u00f3n de hist\u00f3rica discriminaci\u00f3n estructural.<\/p>\n<p>Asunci\u00f3n, 11 de septiembre de 2020.<\/p>\n","protected":false},"excerpt":{"rendered":"<p>Ante los hechos acontecidos en el norte del pa\u00eds en los \u00faltimos d\u00edas, desde las organizaciones miembros de la Red de Entidades Privadas al Servicio de los Pueblos Ind\u00edgenas- REDESPI, manifestamos en primer lugar, nuestra plena solidaridad con las v\u00edctimas de los terribles sucesos. Tanto la muerte de las ni\u00f1as, como el secuestro de Oscar<a class=\"more-link\" href=\"https:\/\/vortice.rocks\/clientes\/tierraviva\/abandono-del-estado-y-violencia-estructural-en-comunidades-indigenas\/\">Seguir leyendo <span class=\"screen-reader-text\">&#8220;Abandono del Estado y Violencia Estructural en Comunidades Ind\u00edgenas&#8221;<\/span><\/a><\/p>\n","protected":false},"author":5,"featured_media":2068,"comment_status":"open","ping_status":"open","sticky":false,"template":"","format":"standard","meta":{"_exactmetrics_skip_tracking":false,"_exactmetrics_sitenote_active":false,"_exactmetrics_sitenote_note":"","_exactmetrics_sitenote_category":0,"footnotes":""},"categories":[3],"tags":[],"yoast_head":"<!-- This site is optimized with the Yoast SEO plugin v21.7 - https:\/\/yoast.com\/wordpress\/plugins\/seo\/ -->\n<title>Abandono del Estado y Violencia Estructural en Comunidades Ind\u00edgenas - Tierraviva<\/title>\n<meta name=\"robots\" content=\"index, follow, max-snippet:-1, max-image-preview:large, max-video-preview:-1\" \/>\n<link rel=\"canonical\" href=\"https:\/\/vortice.rocks\/clientes\/tierraviva\/abandono-del-estado-y-violencia-estructural-en-comunidades-indigenas\/\" \/>\n<meta property=\"og:locale\" content=\"es_ES\" \/>\n<meta property=\"og:type\" content=\"article\" \/>\n<meta property=\"og:title\" content=\"Abandono del Estado y Violencia Estructural en Comunidades Ind\u00edgenas - Tierraviva\" \/>\n<meta property=\"og:description\" content=\"Ante los hechos acontecidos en el norte del pa\u00eds en los \u00faltimos d\u00edas, desde las organizaciones miembros de la Red de Entidades Privadas al Servicio de los Pueblos Ind\u00edgenas- REDESPI, manifestamos en primer lugar, nuestra plena solidaridad con las v\u00edctimas de los terribles sucesos. Tanto la muerte de las ni\u00f1as, como el secuestro de OscarSeguir leyendo &quot;Abandono del Estado y Violencia Estructural en Comunidades Ind\u00edgenas&quot;\" \/>\n<meta property=\"og:url\" content=\"https:\/\/vortice.rocks\/clientes\/tierraviva\/abandono-del-estado-y-violencia-estructural-en-comunidades-indigenas\/\" \/>\n<meta property=\"og:site_name\" content=\"Tierraviva\" \/>\n<meta property=\"article:publisher\" content=\"https:\/\/www.facebook.com\/Tierraviva-a-los-pueblos-indigenas-del-Chaco-217328148281564\/\" \/>\n<meta property=\"article:published_time\" content=\"2020-09-12T00:25:38+00:00\" \/>\n<meta property=\"article:modified_time\" content=\"2020-09-12T00:29:24+00:00\" \/>\n<meta property=\"og:image\" content=\"https:\/\/vortice.rocks\/clientes\/tierraviva\/wp-content\/uploads\/2020\/09\/WhatsApp-Image-2020-09-11-at-7.51.43-PM.jpeg\" \/>\n\t<meta property=\"og:image:width\" content=\"1080\" \/>\n\t<meta property=\"og:image:height\" content=\"1080\" \/>\n\t<meta property=\"og:image:type\" content=\"image\/jpeg\" \/>\n<meta name=\"author\" content=\"Santi Ortiz\" \/>\n<meta name=\"twitter:label1\" content=\"Escrito por\" \/>\n\t<meta name=\"twitter:data1\" content=\"Santi Ortiz\" \/>\n\t<meta name=\"twitter:label2\" content=\"Tiempo de lectura\" \/>\n\t<meta name=\"twitter:data2\" content=\"3 minutos\" \/>\n<script type=\"application\/ld+json\" class=\"yoast-schema-graph\">{\"@context\":\"https:\/\/schema.org\",\"@graph\":[{\"@type\":\"WebPage\",\"@id\":\"https:\/\/vortice.rocks\/clientes\/tierraviva\/abandono-del-estado-y-violencia-estructural-en-comunidades-indigenas\/\",\"url\":\"https:\/\/vortice.rocks\/clientes\/tierraviva\/abandono-del-estado-y-violencia-estructural-en-comunidades-indigenas\/\",\"name\":\"Abandono del Estado y Violencia Estructural en Comunidades Ind\u00edgenas - Tierraviva\",\"isPartOf\":{\"@id\":\"https:\/\/vortice.rocks\/clientes\/tierraviva\/#website\"},\"datePublished\":\"2020-09-12T00:25:38+00:00\",\"dateModified\":\"2020-09-12T00:29:24+00:00\",\"author\":{\"@id\":\"https:\/\/vortice.rocks\/clientes\/tierraviva\/#\/schema\/person\/0652c5aad419c86cff8f8129d355edd0\"},\"breadcrumb\":{\"@id\":\"https:\/\/vortice.rocks\/clientes\/tierraviva\/abandono-del-estado-y-violencia-estructural-en-comunidades-indigenas\/#breadcrumb\"},\"inLanguage\":\"es\",\"potentialAction\":[{\"@type\":\"ReadAction\",\"target\":[\"https:\/\/vortice.rocks\/clientes\/tierraviva\/abandono-del-estado-y-violencia-estructural-en-comunidades-indigenas\/\"]}]},{\"@type\":\"BreadcrumbList\",\"@id\":\"https:\/\/vortice.rocks\/clientes\/tierraviva\/abandono-del-estado-y-violencia-estructural-en-comunidades-indigenas\/#breadcrumb\",\"itemListElement\":[{\"@type\":\"ListItem\",\"position\":1,\"name\":\"Portada\",\"item\":\"https:\/\/vortice.rocks\/clientes\/tierraviva\/\"},{\"@type\":\"ListItem\",\"position\":2,\"name\":\"Abandono del Estado y Violencia Estructural en Comunidades Ind\u00edgenas\"}]},{\"@type\":\"WebSite\",\"@id\":\"https:\/\/vortice.rocks\/clientes\/tierraviva\/#website\",\"url\":\"https:\/\/vortice.rocks\/clientes\/tierraviva\/\",\"name\":\"Tierraviva\",\"description\":\"\",\"potentialAction\":[{\"@type\":\"SearchAction\",\"target\":{\"@type\":\"EntryPoint\",\"urlTemplate\":\"https:\/\/vortice.rocks\/clientes\/tierraviva\/?s={search_term_string}\"},\"query-input\":\"required name=search_term_string\"}],\"inLanguage\":\"es\"},{\"@type\":\"Person\",\"@id\":\"https:\/\/vortice.rocks\/clientes\/tierraviva\/#\/schema\/person\/0652c5aad419c86cff8f8129d355edd0\",\"name\":\"Santi Ortiz\",\"image\":{\"@type\":\"ImageObject\",\"inLanguage\":\"es\",\"@id\":\"https:\/\/vortice.rocks\/clientes\/tierraviva\/#\/schema\/person\/image\/\",\"url\":\"https:\/\/secure.gravatar.com\/avatar\/78bab899e21d2840245c1646bfc64d01?s=96&d=mm&r=g\",\"contentUrl\":\"https:\/\/secure.gravatar.com\/avatar\/78bab899e21d2840245c1646bfc64d01?s=96&d=mm&r=g\",\"caption\":\"Santi Ortiz\"},\"sameAs\":[\"https:\/\/vortice.rocks\/clientes\/tierraviva\"],\"url\":\"https:\/\/vortice.rocks\/clientes\/tierraviva\/author\/santi-ortiz\/\"}]}<\/script>\n<!-- \/ Yoast SEO plugin. -->","yoast_head_json":{"title":"Abandono del Estado y Violencia Estructural en Comunidades Ind\u00edgenas - Tierraviva","robots":{"index":"index","follow":"follow","max-snippet":"max-snippet:-1","max-image-preview":"max-image-preview:large","max-video-preview":"max-video-preview:-1"},"canonical":"https:\/\/vortice.rocks\/clientes\/tierraviva\/abandono-del-estado-y-violencia-estructural-en-comunidades-indigenas\/","og_locale":"es_ES","og_type":"article","og_title":"Abandono del Estado y Violencia Estructural en Comunidades Ind\u00edgenas - Tierraviva","og_description":"Ante los hechos acontecidos en el norte del pa\u00eds en los \u00faltimos d\u00edas, desde las organizaciones miembros de la Red de Entidades Privadas al Servicio de los Pueblos Ind\u00edgenas- REDESPI, manifestamos en primer lugar, nuestra plena solidaridad con las v\u00edctimas de los terribles sucesos. Tanto la muerte de las ni\u00f1as, como el secuestro de OscarSeguir leyendo \"Abandono del Estado y Violencia Estructural en Comunidades Ind\u00edgenas\"","og_url":"https:\/\/vortice.rocks\/clientes\/tierraviva\/abandono-del-estado-y-violencia-estructural-en-comunidades-indigenas\/","og_site_name":"Tierraviva","article_publisher":"https:\/\/www.facebook.com\/Tierraviva-a-los-pueblos-indigenas-del-Chaco-217328148281564\/","article_published_time":"2020-09-12T00:25:38+00:00","article_modified_time":"2020-09-12T00:29:24+00:00","og_image":[{"width":1080,"height":1080,"url":"https:\/\/vortice.rocks\/clientes\/tierraviva\/wp-content\/uploads\/2020\/09\/WhatsApp-Image-2020-09-11-at-7.51.43-PM.jpeg","type":"image\/jpeg"}],"author":"Santi Ortiz","twitter_misc":{"Escrito por":"Santi Ortiz","Tiempo de lectura":"3 minutos"},"schema":{"@context":"https:\/\/schema.org","@graph":[{"@type":"WebPage","@id":"https:\/\/vortice.rocks\/clientes\/tierraviva\/abandono-del-estado-y-violencia-estructural-en-comunidades-indigenas\/","url":"https:\/\/vortice.rocks\/clientes\/tierraviva\/abandono-del-estado-y-violencia-estructural-en-comunidades-indigenas\/","name":"Abandono del Estado y Violencia Estructural en Comunidades Ind\u00edgenas - Tierraviva","isPartOf":{"@id":"https:\/\/vortice.rocks\/clientes\/tierraviva\/#website"},"datePublished":"2020-09-12T00:25:38+00:00","dateModified":"2020-09-12T00:29:24+00:00","author":{"@id":"https:\/\/vortice.rocks\/clientes\/tierraviva\/#\/schema\/person\/0652c5aad419c86cff8f8129d355edd0"},"breadcrumb":{"@id":"https:\/\/vortice.rocks\/clientes\/tierraviva\/abandono-del-estado-y-violencia-estructural-en-comunidades-indigenas\/#breadcrumb"},"inLanguage":"es","potentialAction":[{"@type":"ReadAction","target":["https:\/\/vortice.rocks\/clientes\/tierraviva\/abandono-del-estado-y-violencia-estructural-en-comunidades-indigenas\/"]}]},{"@type":"BreadcrumbList","@id":"https:\/\/vortice.rocks\/clientes\/tierraviva\/abandono-del-estado-y-violencia-estructural-en-comunidades-indigenas\/#breadcrumb","itemListElement":[{"@type":"ListItem","position":1,"name":"Portada","item":"https:\/\/vortice.rocks\/clientes\/tierraviva\/"},{"@type":"ListItem","position":2,"name":"Abandono del Estado y Violencia Estructural en Comunidades Ind\u00edgenas"}]},{"@type":"WebSite","@id":"https:\/\/vortice.rocks\/clientes\/tierraviva\/#website","url":"https:\/\/vortice.rocks\/clientes\/tierraviva\/","name":"Tierraviva","description":"","potentialAction":[{"@type":"SearchAction","target":{"@type":"EntryPoint","urlTemplate":"https:\/\/vortice.rocks\/clientes\/tierraviva\/?s={search_term_string}"},"query-input":"required name=search_term_string"}],"inLanguage":"es"},{"@type":"Person","@id":"https:\/\/vortice.rocks\/clientes\/tierraviva\/#\/schema\/person\/0652c5aad419c86cff8f8129d355edd0","name":"Santi Ortiz","image":{"@type":"ImageObject","inLanguage":"es","@id":"https:\/\/vortice.rocks\/clientes\/tierraviva\/#\/schema\/person\/image\/","url":"https:\/\/secure.gravatar.com\/avatar\/78bab899e21d2840245c1646bfc64d01?s=96&d=mm&r=g","contentUrl":"https:\/\/secure.gravatar.com\/avatar\/78bab899e21d2840245c1646bfc64d01?s=96&d=mm&r=g","caption":"Santi Ortiz"},"sameAs":["https:\/\/vortice.rocks\/clientes\/tierraviva"],"url":"https:\/\/vortice.rocks\/clientes\/tierraviva\/author\/santi-ortiz\/"}]}},"_links":{"self":[{"href":"https:\/\/vortice.rocks\/clientes\/tierraviva\/wp-json\/wp\/v2\/posts\/2066"}],"collection":[{"href":"https:\/\/vortice.rocks\/clientes\/tierraviva\/wp-json\/wp\/v2\/posts"}],"about":[{"href":"https:\/\/vortice.rocks\/clientes\/tierraviva\/wp-json\/wp\/v2\/types\/post"}],"author":[{"embeddable":true,"href":"https:\/\/vortice.rocks\/clientes\/tierraviva\/wp-json\/wp\/v2\/users\/5"}],"replies":[{"embeddable":true,"href":"https:\/\/vortice.rocks\/clientes\/tierraviva\/wp-json\/wp\/v2\/comments?post=2066"}],"version-history":[{"count":1,"href":"https:\/\/vortice.rocks\/clientes\/tierraviva\/wp-json\/wp\/v2\/posts\/2066\/revisions"}],"predecessor-version":[{"id":2067,"href":"https:\/\/vortice.rocks\/clientes\/tierraviva\/wp-json\/wp\/v2\/posts\/2066\/revisions\/2067"}],"wp:featuredmedia":[{"embeddable":true,"href":"https:\/\/vortice.rocks\/clientes\/tierraviva\/wp-json\/wp\/v2\/media\/2068"}],"wp:attachment":[{"href":"https:\/\/vortice.rocks\/clientes\/tierraviva\/wp-json\/wp\/v2\/media?parent=2066"}],"wp:term":[{"taxonomy":"category","embeddable":true,"href":"https:\/\/vortice.rocks\/clientes\/tierraviva\/wp-json\/wp\/v2\/categories?post=2066"},{"taxonomy":"post_tag","embeddable":true,"href":"https:\/\/vortice.rocks\/clientes\/tierraviva\/wp-json\/wp\/v2\/tags?post=2066"}],"curies":[{"name":"wp","href":"https:\/\/api.w.org\/{rel}","templated":true}]}}