{"id":2070,"date":"2020-09-17T13:34:16","date_gmt":"2020-09-17T17:34:16","guid":{"rendered":"https:\/\/vortice.rocks\/clientes\/tierraviva\/?p=2070"},"modified":"2020-09-17T13:34:16","modified_gmt":"2020-09-17T17:34:16","slug":"iniciaran-trabajos-de-construccion-del-caminoayakyeaxa","status":"publish","type":"post","link":"https:\/\/vortice.rocks\/clientes\/tierraviva\/iniciaran-trabajos-de-construccion-del-caminoayakyeaxa\/","title":{"rendered":"Iniciar\u00e1n trabajos de construcci\u00f3n del #CaminoAYakyeAxa"},"content":{"rendered":"<p>Autoridades del Ministerio de Obras P\u00fablicas y Comunicaciones confirmaron este jueves que est\u00e1n en condiciones de iniciar los trabajos para la habilitaci\u00f3n del camino de acceso a las tierras de la Comunidad Yakye Axa. Los l\u00edderes de la comunidad manifestaron su alegr\u00eda por esta informaci\u00f3n y se\u00f1alaron que ahora tienen la esperanza de poder ingresar a sus tierras, tras m\u00e1s de 20 a\u00f1os de lucha.<\/p>\n<p>\u201cHace mucho tiempo la comunidad esperaba esto, hoy las autoridades nos dijeron que incluso el lunes ya podr\u00edan iniciarse los trabajos ya que est\u00e1n todos los documentos firmados\u201d se\u00f1al\u00f3 Albino G\u00f3mez, l\u00edder de la Comunidad Yakye Axa.<\/p>\n<p>El pasado 9 de setiembre el ejecutivo promulg\u00f3 la Ley 6607 con la cu\u00e1l se habilitaba la expropiaci\u00f3n de los lotes por los cuales cruzar\u00e1 el camino de acceso a la comunidad. Con esto m\u00e1s de 60 familias de Yakye Axa, integrantes del Pueblo Enxet, podr\u00e1n ingresar a las 12.312 hect\u00e1reas de tierra pertenecientes a la comunidad, tras vivir largos a\u00f1os al costado de la ruta que une Pozo Colorado con Concepci\u00f3n, en el Departamento de presidente Hayes.<\/p>\n<p>\u201cTenemos mucha esperanza, esto trae tranquilidad a la comunidad, saber que ya vamos a poder entrar a nuestras tierras, a trabajar all\u00ed y poder desarrollarnos\u201d agreg\u00f3 Albino indicando que la vida al costado de la ruta por tantos a\u00f1os fue muy dura para la comunidad, ya que subsisten con muchas dificultades sin acceso a derechos b\u00e1sicos y sin poder desarrollar sus formas tradicionales de vida.<\/p>\n<p>La construcci\u00f3n del camino para la comunidad forma parte de la sentencia de la Corte Interamericana de Derechos Humanos, que en el a\u00f1o 2005 se\u00f1al\u00f3 que el Estado paraguayo hab\u00eda violado los derechos humanos de la comunidad al no garantizarles acceso a su territorio y a condiciones dignas de vida. El tramo a ser construido es de aproximadamente 30 kil\u00f3metros y se convertir\u00e1 en un camino p\u00fablico que permitir\u00e1 el libre tr\u00e1nsito de los ind\u00edgenas hasta sus tierras que se encuentran rodeadas por establecimientos ganaderos que no permiten el paso por sus propiedades.<\/p>\n<p>La habilitaci\u00f3n del camino tambi\u00e9n beneficiar\u00e1 a otras cuatro comunidades ind\u00edgenas de la zona, tambi\u00e9n pertenecientes al Pueblo Enxet, constituy\u00e9ndose en un territorio ind\u00edgena continuo de aproximadamente 40 mil hect\u00e1reas lo que genera condiciones importantes para el desarrollo adecuado de las m\u00e1s de 200 familias ind\u00edgenas que las habitan.<\/p>\n","protected":false},"excerpt":{"rendered":"<p>Autoridades del Ministerio de Obras P\u00fablicas y Comunicaciones confirmaron este jueves que est\u00e1n en condiciones de iniciar los trabajos para la habilitaci\u00f3n del camino de acceso a las tierras de la Comunidad Yakye Axa. Los l\u00edderes de la comunidad manifestaron su alegr\u00eda por esta informaci\u00f3n y se\u00f1alaron que ahora tienen la esperanza de poder ingresar<a class=\"more-link\" href=\"https:\/\/vortice.rocks\/clientes\/tierraviva\/iniciaran-trabajos-de-construccion-del-caminoayakyeaxa\/\">Seguir leyendo <span class=\"screen-reader-text\">&#8220;Iniciar\u00e1n trabajos de construcci\u00f3n del #CaminoAYakyeAxa&#8221;<\/span><\/a><\/p>\n","protected":false},"author":5,"featured_media":2002,"comment_status":"open","ping_status":"open","sticky":false,"template":"","format":"standard","meta":{"_exactmetrics_skip_tracking":false,"_exactmetrics_sitenote_active":false,"_exactmetrics_sitenote_note":"","_exactmetrics_sitenote_category":0,"footnotes":""},"categories":[3],"tags":[],"yoast_head":"<!-- This site is optimized with the Yoast SEO plugin v21.7 - https:\/\/yoast.com\/wordpress\/plugins\/seo\/ -->\n<title>Iniciar\u00e1n trabajos de construcci\u00f3n del #CaminoAYakyeAxa - Tierraviva<\/title>\n<meta name=\"robots\" content=\"index, follow, max-snippet:-1, max-image-preview:large, max-video-preview:-1\" \/>\n<link rel=\"canonical\" href=\"https:\/\/vortice.rocks\/clientes\/tierraviva\/iniciaran-trabajos-de-construccion-del-caminoayakyeaxa\/\" \/>\n<meta property=\"og:locale\" content=\"es_ES\" \/>\n<meta property=\"og:type\" content=\"article\" \/>\n<meta property=\"og:title\" content=\"Iniciar\u00e1n trabajos de construcci\u00f3n del #CaminoAYakyeAxa - Tierraviva\" \/>\n<meta property=\"og:description\" content=\"Autoridades del Ministerio de Obras P\u00fablicas y Comunicaciones confirmaron este jueves que est\u00e1n en condiciones de iniciar los trabajos para la habilitaci\u00f3n del camino de acceso a las tierras de la Comunidad Yakye Axa. Los l\u00edderes de la comunidad manifestaron su alegr\u00eda por esta informaci\u00f3n y se\u00f1alaron que ahora tienen la esperanza de poder ingresarSeguir leyendo &quot;Iniciar\u00e1n trabajos de construcci\u00f3n del #CaminoAYakyeAxa&quot;\" \/>\n<meta property=\"og:url\" content=\"https:\/\/vortice.rocks\/clientes\/tierraviva\/iniciaran-trabajos-de-construccion-del-caminoayakyeaxa\/\" \/>\n<meta property=\"og:site_name\" content=\"Tierraviva\" \/>\n<meta property=\"article:publisher\" content=\"https:\/\/www.facebook.com\/Tierraviva-a-los-pueblos-indigenas-del-Chaco-217328148281564\/\" \/>\n<meta property=\"article:published_time\" content=\"2020-09-17T17:34:16+00:00\" \/>\n<meta property=\"og:image\" content=\"https:\/\/vortice.rocks\/clientes\/tierraviva\/wp-content\/uploads\/2020\/06\/IMG-20200617-WA0041.jpg\" \/>\n\t<meta property=\"og:image:width\" content=\"1280\" \/>\n\t<meta property=\"og:image:height\" content=\"622\" \/>\n\t<meta property=\"og:image:type\" content=\"image\/jpeg\" \/>\n<meta name=\"author\" content=\"Santi Ortiz\" \/>\n<meta name=\"twitter:label1\" content=\"Escrito por\" \/>\n\t<meta name=\"twitter:data1\" content=\"Santi Ortiz\" \/>\n\t<meta name=\"twitter:label2\" content=\"Tiempo de lectura\" \/>\n\t<meta name=\"twitter:data2\" content=\"2 minutos\" \/>\n<script type=\"application\/ld+json\" class=\"yoast-schema-graph\">{\"@context\":\"https:\/\/schema.org\",\"@graph\":[{\"@type\":\"WebPage\",\"@id\":\"https:\/\/vortice.rocks\/clientes\/tierraviva\/iniciaran-trabajos-de-construccion-del-caminoayakyeaxa\/\",\"url\":\"https:\/\/vortice.rocks\/clientes\/tierraviva\/iniciaran-trabajos-de-construccion-del-caminoayakyeaxa\/\",\"name\":\"Iniciar\u00e1n trabajos de construcci\u00f3n del #CaminoAYakyeAxa - Tierraviva\",\"isPartOf\":{\"@id\":\"https:\/\/vortice.rocks\/clientes\/tierraviva\/#website\"},\"datePublished\":\"2020-09-17T17:34:16+00:00\",\"dateModified\":\"2020-09-17T17:34:16+00:00\",\"author\":{\"@id\":\"https:\/\/vortice.rocks\/clientes\/tierraviva\/#\/schema\/person\/0652c5aad419c86cff8f8129d355edd0\"},\"breadcrumb\":{\"@id\":\"https:\/\/vortice.rocks\/clientes\/tierraviva\/iniciaran-trabajos-de-construccion-del-caminoayakyeaxa\/#breadcrumb\"},\"inLanguage\":\"es\",\"potentialAction\":[{\"@type\":\"ReadAction\",\"target\":[\"https:\/\/vortice.rocks\/clientes\/tierraviva\/iniciaran-trabajos-de-construccion-del-caminoayakyeaxa\/\"]}]},{\"@type\":\"BreadcrumbList\",\"@id\":\"https:\/\/vortice.rocks\/clientes\/tierraviva\/iniciaran-trabajos-de-construccion-del-caminoayakyeaxa\/#breadcrumb\",\"itemListElement\":[{\"@type\":\"ListItem\",\"position\":1,\"name\":\"Portada\",\"item\":\"https:\/\/vortice.rocks\/clientes\/tierraviva\/\"},{\"@type\":\"ListItem\",\"position\":2,\"name\":\"Iniciar\u00e1n trabajos de construcci\u00f3n del #CaminoAYakyeAxa\"}]},{\"@type\":\"WebSite\",\"@id\":\"https:\/\/vortice.rocks\/clientes\/tierraviva\/#website\",\"url\":\"https:\/\/vortice.rocks\/clientes\/tierraviva\/\",\"name\":\"Tierraviva\",\"description\":\"\",\"potentialAction\":[{\"@type\":\"SearchAction\",\"target\":{\"@type\":\"EntryPoint\",\"urlTemplate\":\"https:\/\/vortice.rocks\/clientes\/tierraviva\/?s={search_term_string}\"},\"query-input\":\"required name=search_term_string\"}],\"inLanguage\":\"es\"},{\"@type\":\"Person\",\"@id\":\"https:\/\/vortice.rocks\/clientes\/tierraviva\/#\/schema\/person\/0652c5aad419c86cff8f8129d355edd0\",\"name\":\"Santi Ortiz\",\"image\":{\"@type\":\"ImageObject\",\"inLanguage\":\"es\",\"@id\":\"https:\/\/vortice.rocks\/clientes\/tierraviva\/#\/schema\/person\/image\/\",\"url\":\"https:\/\/secure.gravatar.com\/avatar\/78bab899e21d2840245c1646bfc64d01?s=96&d=mm&r=g\",\"contentUrl\":\"https:\/\/secure.gravatar.com\/avatar\/78bab899e21d2840245c1646bfc64d01?s=96&d=mm&r=g\",\"caption\":\"Santi Ortiz\"},\"sameAs\":[\"https:\/\/vortice.rocks\/clientes\/tierraviva\"],\"url\":\"https:\/\/vortice.rocks\/clientes\/tierraviva\/author\/santi-ortiz\/\"}]}<\/script>\n<!-- \/ Yoast SEO plugin. -->","yoast_head_json":{"title":"Iniciar\u00e1n trabajos de construcci\u00f3n del #CaminoAYakyeAxa - Tierraviva","robots":{"index":"index","follow":"follow","max-snippet":"max-snippet:-1","max-image-preview":"max-image-preview:large","max-video-preview":"max-video-preview:-1"},"canonical":"https:\/\/vortice.rocks\/clientes\/tierraviva\/iniciaran-trabajos-de-construccion-del-caminoayakyeaxa\/","og_locale":"es_ES","og_type":"article","og_title":"Iniciar\u00e1n trabajos de construcci\u00f3n del #CaminoAYakyeAxa - Tierraviva","og_description":"Autoridades del Ministerio de Obras P\u00fablicas y Comunicaciones confirmaron este jueves que est\u00e1n en condiciones de iniciar los trabajos para la habilitaci\u00f3n del camino de acceso a las tierras de la Comunidad Yakye Axa. Los l\u00edderes de la comunidad manifestaron su alegr\u00eda por esta informaci\u00f3n y se\u00f1alaron que ahora tienen la esperanza de poder ingresarSeguir leyendo \"Iniciar\u00e1n trabajos de construcci\u00f3n del #CaminoAYakyeAxa\"","og_url":"https:\/\/vortice.rocks\/clientes\/tierraviva\/iniciaran-trabajos-de-construccion-del-caminoayakyeaxa\/","og_site_name":"Tierraviva","article_publisher":"https:\/\/www.facebook.com\/Tierraviva-a-los-pueblos-indigenas-del-Chaco-217328148281564\/","article_published_time":"2020-09-17T17:34:16+00:00","og_image":[{"width":1280,"height":622,"url":"https:\/\/vortice.rocks\/clientes\/tierraviva\/wp-content\/uploads\/2020\/06\/IMG-20200617-WA0041.jpg","type":"image\/jpeg"}],"author":"Santi Ortiz","twitter_misc":{"Escrito por":"Santi Ortiz","Tiempo de lectura":"2 minutos"},"schema":{"@context":"https:\/\/schema.org","@graph":[{"@type":"WebPage","@id":"https:\/\/vortice.rocks\/clientes\/tierraviva\/iniciaran-trabajos-de-construccion-del-caminoayakyeaxa\/","url":"https:\/\/vortice.rocks\/clientes\/tierraviva\/iniciaran-trabajos-de-construccion-del-caminoayakyeaxa\/","name":"Iniciar\u00e1n trabajos de construcci\u00f3n del #CaminoAYakyeAxa - Tierraviva","isPartOf":{"@id":"https:\/\/vortice.rocks\/clientes\/tierraviva\/#website"},"datePublished":"2020-09-17T17:34:16+00:00","dateModified":"2020-09-17T17:34:16+00:00","author":{"@id":"https:\/\/vortice.rocks\/clientes\/tierraviva\/#\/schema\/person\/0652c5aad419c86cff8f8129d355edd0"},"breadcrumb":{"@id":"https:\/\/vortice.rocks\/clientes\/tierraviva\/iniciaran-trabajos-de-construccion-del-caminoayakyeaxa\/#breadcrumb"},"inLanguage":"es","potentialAction":[{"@type":"ReadAction","target":["https:\/\/vortice.rocks\/clientes\/tierraviva\/iniciaran-trabajos-de-construccion-del-caminoayakyeaxa\/"]}]},{"@type":"BreadcrumbList","@id":"https:\/\/vortice.rocks\/clientes\/tierraviva\/iniciaran-trabajos-de-construccion-del-caminoayakyeaxa\/#breadcrumb","itemListElement":[{"@type":"ListItem","position":1,"name":"Portada","item":"https:\/\/vortice.rocks\/clientes\/tierraviva\/"},{"@type":"ListItem","position":2,"name":"Iniciar\u00e1n trabajos de construcci\u00f3n del #CaminoAYakyeAxa"}]},{"@type":"WebSite","@id":"https:\/\/vortice.rocks\/clientes\/tierraviva\/#website","url":"https:\/\/vortice.rocks\/clientes\/tierraviva\/","name":"Tierraviva","description":"","potentialAction":[{"@type":"SearchAction","target":{"@type":"EntryPoint","urlTemplate":"https:\/\/vortice.rocks\/clientes\/tierraviva\/?s={search_term_string}"},"query-input":"required name=search_term_string"}],"inLanguage":"es"},{"@type":"Person","@id":"https:\/\/vortice.rocks\/clientes\/tierraviva\/#\/schema\/person\/0652c5aad419c86cff8f8129d355edd0","name":"Santi Ortiz","image":{"@type":"ImageObject","inLanguage":"es","@id":"https:\/\/vortice.rocks\/clientes\/tierraviva\/#\/schema\/person\/image\/","url":"https:\/\/secure.gravatar.com\/avatar\/78bab899e21d2840245c1646bfc64d01?s=96&d=mm&r=g","contentUrl":"https:\/\/secure.gravatar.com\/avatar\/78bab899e21d2840245c1646bfc64d01?s=96&d=mm&r=g","caption":"Santi Ortiz"},"sameAs":["https:\/\/vortice.rocks\/clientes\/tierraviva"],"url":"https:\/\/vortice.rocks\/clientes\/tierraviva\/author\/santi-ortiz\/"}]}},"_links":{"self":[{"href":"https:\/\/vortice.rocks\/clientes\/tierraviva\/wp-json\/wp\/v2\/posts\/2070"}],"collection":[{"href":"https:\/\/vortice.rocks\/clientes\/tierraviva\/wp-json\/wp\/v2\/posts"}],"about":[{"href":"https:\/\/vortice.rocks\/clientes\/tierraviva\/wp-json\/wp\/v2\/types\/post"}],"author":[{"embeddable":true,"href":"https:\/\/vortice.rocks\/clientes\/tierraviva\/wp-json\/wp\/v2\/users\/5"}],"replies":[{"embeddable":true,"href":"https:\/\/vortice.rocks\/clientes\/tierraviva\/wp-json\/wp\/v2\/comments?post=2070"}],"version-history":[{"count":1,"href":"https:\/\/vortice.rocks\/clientes\/tierraviva\/wp-json\/wp\/v2\/posts\/2070\/revisions"}],"predecessor-version":[{"id":2071,"href":"https:\/\/vortice.rocks\/clientes\/tierraviva\/wp-json\/wp\/v2\/posts\/2070\/revisions\/2071"}],"wp:featuredmedia":[{"embeddable":true,"href":"https:\/\/vortice.rocks\/clientes\/tierraviva\/wp-json\/wp\/v2\/media\/2002"}],"wp:attachment":[{"href":"https:\/\/vortice.rocks\/clientes\/tierraviva\/wp-json\/wp\/v2\/media?parent=2070"}],"wp:term":[{"taxonomy":"category","embeddable":true,"href":"https:\/\/vortice.rocks\/clientes\/tierraviva\/wp-json\/wp\/v2\/categories?post=2070"},{"taxonomy":"post_tag","embeddable":true,"href":"https:\/\/vortice.rocks\/clientes\/tierraviva\/wp-json\/wp\/v2\/tags?post=2070"}],"curies":[{"name":"wp","href":"https:\/\/api.w.org\/{rel}","templated":true}]}}