{"id":2083,"date":"2020-10-08T10:00:45","date_gmt":"2020-10-08T14:00:45","guid":{"rendered":"https:\/\/vortice.rocks\/clientes\/tierraviva\/?p=2083"},"modified":"2020-10-08T10:23:30","modified_gmt":"2020-10-08T14:23:30","slug":"asistencia-humanitaria-a-comunidades-indigenas-del-bajo-chaco","status":"publish","type":"post","link":"https:\/\/vortice.rocks\/clientes\/tierraviva\/asistencia-humanitaria-a-comunidades-indigenas-del-bajo-chaco\/","title":{"rendered":"Asistencia humanitaria a Comunidades Ind\u00edgenas del Bajo Chaco"},"content":{"rendered":"<p align=\"justify\"><span style=\"font-family: Times New Roman, serif;\"><span style=\"font-size: medium;\">Con el objetivo de reducir el riesgo de desastre sanitario y alimentario en las comunidades ind\u00edgenas del Bajo Chaco ante la pandemia de COVID-19, Tierraviva, con el apoyo de las agencias de cooperaci\u00f3n internacional Manos Unidas de Espa\u00f1a, Pan Para el Mundo (PPM) de Alemania y el Servicio Mundial de Iglesias (CWS), con sede en los EE.UU. ejecut\u00f3 una acci\u00f3n de asistencia humanitaria que benefici\u00f3 a 70 comunidades y aldeas ind\u00edgenas del Departamento de Presidente Hayes. Desde el inicio de la pandemia la instituci\u00f3n ha estado en contacto con 100 comunidades y aldeas ind\u00edgenas del Bajo Chaco, Alto Paraguay y Boquer\u00f3n para hacer un seguimiento a la situaci\u00f3n de las mismas a lo largo de la crisis sanitaria (que a la fecha continua). Igualmente se han realizado campa\u00f1as educativas sobre prevenci\u00f3n de contagio a trav\u00e9s de las radios comunitarias Ind\u00edgenas, radios regionales y redes sociales, con miras a la concienciaci\u00f3n de la importancia de poner en pr\u00e1ctica las medidas sanitarias del lavado de manos, distanciamiento social y el uso de tapabocas, todo esto para evitar la propagaci\u00f3n del COVID19 en las comunidades ind\u00edgenas.<\/span><\/span><\/p>\n<p align=\"justify\"><span style=\"font-family: Times New Roman, serif;\"><span style=\"font-size: medium;\">En total unas 4.100 familias ind\u00edgenas, aproximadamente 16 mil personas, fueron beneficiadas en dos modalidades de asistencia:<\/span><\/span><\/p>\n<ul>\n<li>\n<p align=\"justify\"><span style=\"font-family: Times New Roman, serif;\"><span style=\"font-size: medium;\">878 familias recibieron kits de alimentos (23.340 kilos) y sanitarios por familia,<\/span><\/span><\/p>\n<\/li>\n<li>\n<p align=\"justify\"><span style=\"font-family: Times New Roman, serif;\"><span style=\"font-size: medium;\">3.225 familias recibieron kits de alimentos (29.160 kilos) para ollas comunitarias y kits sanitarios, adem\u00e1s de alcohol, tapabocas, jabones para promotores de salud. <\/span><\/span><\/p>\n<\/li>\n<\/ul>\n<p align=\"justify\"><span style=\"font-family: Times New Roman, serif;\"><span style=\"font-size: medium;\">En total se entregaron: <\/span><\/span><\/p>\n<ul>\n<li>\n<p align=\"justify\"><span style=\"font-family: Times New Roman, serif;\"><span style=\"font-size: medium;\">55.500 kilos de alimentos de primera necesidad arroz, fideo, yerba, harina, aceite, poroto y sal \u2013,<\/span><\/span><\/p>\n<\/li>\n<li>\n<p align=\"justify\"><span style=\"font-family: Times New Roman, serif;\"><span style=\"font-size: medium;\">21.000 tapabocas, <\/span><\/span><\/p>\n<\/li>\n<li>\n<p align=\"justify\"><span style=\"font-family: Times New Roman, serif;\"><span style=\"font-size: medium;\">5.300 litros de alcohol al 70%, <\/span><\/span><\/p>\n<\/li>\n<li>\n<p align=\"justify\"><span style=\"font-family: Times New Roman, serif;\"><span style=\"font-size: medium;\">200 litros de lavandina <\/span><\/span><\/p>\n<\/li>\n<li>\n<p align=\"justify\"><span style=\"font-family: Times New Roman, serif;\"><span style=\"font-size: medium;\">7.200 panes de jab\u00f3n. <\/span><\/span><\/p>\n<\/li>\n<li>\n<p align=\"justify\"><span style=\"font-family: Times New Roman, serif;\"><span style=\"font-size: medium;\">2000 guantes desechables <\/span><\/span><\/p>\n<\/li>\n<\/ul>\n<p align=\"justify\"><span style=\"font-family: Times New Roman, serif;\"><span style=\"font-size: medium;\">La asistencia apunt\u00f3 a minimizar el impacto de la crisis, mientras se aguarda respuesta del Estado. Adem\u00e1s, mediante un monitoreo permanente desde la declaraci\u00f3n de cuarentena en el pa\u00eds (en el mes de marzo) Tierraviva logr\u00f3 recabar datos de unas 100 comunidades y aldeas ind\u00edgenas del Chaco, en un trabajo coordinado con los l\u00edderes, lideresas, representantes y promotores de salud de dichas comunidades. Est\u00e1 tarea posibilit\u00f3 gestionar asistencias y reclamos de las familias ind\u00edgenas ante las autoridades estatales. <\/span><\/span><\/p>\n<p align=\"justify\"><span style=\"font-family: Times New Roman, serif;\"><span style=\"font-size: medium;\">Otro aspecto importante logrado mediante la acci\u00f3n humanitaria fue brindar informaci\u00f3n adecuada a las poblaciones ind\u00edgenas respecto a la Pandemia por el COVID19, esto se realiz\u00f3 mediante materiales radiof\u00f3nicos en 9 idiomas, as\u00ed como materiales audiovisuales e impresos con enfoque intercultural, socializados a trav\u00e9s de los medios comunicacionales mencionados m\u00e1s arriba, quienes colaboraron para la difusi\u00f3n desde la responsabilidad social y solidaridad.<\/span><\/span><\/p>\n<p align=\"justify\"><span style=\"font-family: Times New Roman, serif;\"><span style=\"font-size: medium;\">Al cierre de esta asistencia humanitaria se logr\u00f3, entre otras cosas, un protocolo orientativo a las comunidades desarrollado en el mes de abril, un protocolo de actuaci\u00f3n para el equipo de trabajo, acompa\u00f1ar fuertemente a la poblaci\u00f3n ind\u00edgena del Chaco a trav\u00e9s de las informaciones sobre los cuidados y en la divulgaci\u00f3n de la situaci\u00f3n de sus comunidades durante esta pandemia, como tambi\u00e9n la visibilizaci\u00f3n de la acuciante situaci\u00f3n por la sequ\u00eda que lleva m\u00e1s de 10 meses. <\/span><\/span><\/p>\n<p align=\"justify\"><span style=\"font-family: Times New Roman, serif;\"><span style=\"font-size: medium;\">Por \u00faltimo, agradecemos a las personas solidarias que acompa\u00f1an los procesos de estas agencias de cooperaci\u00f3n en Espa\u00f1a, Alemania y EE.UU, que desde una preocupaci\u00f3n por los m\u00e1s vulnerabilizados han hecho llegar su granito de Arena al Chaco paraguayo y a las 30 personas voluntarias que en diversos momentos dieron horas de su aporte para armar los kits. <\/span><\/span><\/p>\n<p align=\"right\"><span style=\"font-family: Times New Roman, serif;\"><span style=\"font-size: medium;\">Asunci\u00f3n, 08 de octubre de 2020<\/span><\/span><\/p>\n","protected":false},"excerpt":{"rendered":"<p>Con el objetivo de reducir el riesgo de desastre sanitario y alimentario en las comunidades ind\u00edgenas del Bajo Chaco ante la pandemia de COVID-19, Tierraviva, con el apoyo de las agencias de cooperaci\u00f3n internacional Manos Unidas de Espa\u00f1a, Pan Para el Mundo (PPM) de Alemania y el Servicio Mundial de Iglesias (CWS), con sede en<a class=\"more-link\" href=\"https:\/\/vortice.rocks\/clientes\/tierraviva\/asistencia-humanitaria-a-comunidades-indigenas-del-bajo-chaco\/\">Seguir leyendo <span class=\"screen-reader-text\">&#8220;Asistencia humanitaria a Comunidades Ind\u00edgenas del Bajo Chaco&#8221;<\/span><\/a><\/p>\n","protected":false},"author":5,"featured_media":2084,"comment_status":"open","ping_status":"open","sticky":false,"template":"","format":"standard","meta":{"_exactmetrics_skip_tracking":false,"_exactmetrics_sitenote_active":false,"_exactmetrics_sitenote_note":"","_exactmetrics_sitenote_category":0,"footnotes":""},"categories":[3],"tags":[],"yoast_head":"<!-- This site is optimized with the Yoast SEO plugin v21.7 - https:\/\/yoast.com\/wordpress\/plugins\/seo\/ -->\n<title>Asistencia humanitaria a Comunidades Ind\u00edgenas del Bajo Chaco - Tierraviva<\/title>\n<meta name=\"robots\" content=\"index, follow, max-snippet:-1, max-image-preview:large, max-video-preview:-1\" \/>\n<link rel=\"canonical\" href=\"https:\/\/vortice.rocks\/clientes\/tierraviva\/asistencia-humanitaria-a-comunidades-indigenas-del-bajo-chaco\/\" \/>\n<meta property=\"og:locale\" content=\"es_ES\" \/>\n<meta property=\"og:type\" content=\"article\" \/>\n<meta property=\"og:title\" content=\"Asistencia humanitaria a Comunidades Ind\u00edgenas del Bajo Chaco - Tierraviva\" \/>\n<meta property=\"og:description\" content=\"Con el objetivo de reducir el riesgo de desastre sanitario y alimentario en las comunidades ind\u00edgenas del Bajo Chaco ante la pandemia de COVID-19, Tierraviva, con el apoyo de las agencias de cooperaci\u00f3n internacional Manos Unidas de Espa\u00f1a, Pan Para el Mundo (PPM) de Alemania y el Servicio Mundial de Iglesias (CWS), con sede enSeguir leyendo &quot;Asistencia humanitaria a Comunidades Ind\u00edgenas del Bajo Chaco&quot;\" \/>\n<meta property=\"og:url\" content=\"https:\/\/vortice.rocks\/clientes\/tierraviva\/asistencia-humanitaria-a-comunidades-indigenas-del-bajo-chaco\/\" \/>\n<meta property=\"og:site_name\" content=\"Tierraviva\" \/>\n<meta property=\"article:publisher\" content=\"https:\/\/www.facebook.com\/Tierraviva-a-los-pueblos-indigenas-del-Chaco-217328148281564\/\" \/>\n<meta property=\"article:published_time\" content=\"2020-10-08T14:00:45+00:00\" \/>\n<meta property=\"article:modified_time\" content=\"2020-10-08T14:23:30+00:00\" \/>\n<meta property=\"og:image\" content=\"https:\/\/vortice.rocks\/clientes\/tierraviva\/wp-content\/uploads\/2020\/10\/121162952_675938973303313_1463798410585326293_n.jpg\" \/>\n\t<meta property=\"og:image:width\" content=\"1152\" \/>\n\t<meta property=\"og:image:height\" content=\"532\" \/>\n\t<meta property=\"og:image:type\" content=\"image\/jpeg\" \/>\n<meta name=\"author\" content=\"Santi Ortiz\" \/>\n<meta name=\"twitter:label1\" content=\"Escrito por\" \/>\n\t<meta name=\"twitter:data1\" content=\"Santi Ortiz\" \/>\n\t<meta name=\"twitter:label2\" content=\"Tiempo de lectura\" \/>\n\t<meta name=\"twitter:data2\" content=\"3 minutos\" \/>\n<script type=\"application\/ld+json\" class=\"yoast-schema-graph\">{\"@context\":\"https:\/\/schema.org\",\"@graph\":[{\"@type\":\"WebPage\",\"@id\":\"https:\/\/vortice.rocks\/clientes\/tierraviva\/asistencia-humanitaria-a-comunidades-indigenas-del-bajo-chaco\/\",\"url\":\"https:\/\/vortice.rocks\/clientes\/tierraviva\/asistencia-humanitaria-a-comunidades-indigenas-del-bajo-chaco\/\",\"name\":\"Asistencia humanitaria a Comunidades Ind\u00edgenas del Bajo Chaco - Tierraviva\",\"isPartOf\":{\"@id\":\"https:\/\/vortice.rocks\/clientes\/tierraviva\/#website\"},\"datePublished\":\"2020-10-08T14:00:45+00:00\",\"dateModified\":\"2020-10-08T14:23:30+00:00\",\"author\":{\"@id\":\"https:\/\/vortice.rocks\/clientes\/tierraviva\/#\/schema\/person\/0652c5aad419c86cff8f8129d355edd0\"},\"breadcrumb\":{\"@id\":\"https:\/\/vortice.rocks\/clientes\/tierraviva\/asistencia-humanitaria-a-comunidades-indigenas-del-bajo-chaco\/#breadcrumb\"},\"inLanguage\":\"es\",\"potentialAction\":[{\"@type\":\"ReadAction\",\"target\":[\"https:\/\/vortice.rocks\/clientes\/tierraviva\/asistencia-humanitaria-a-comunidades-indigenas-del-bajo-chaco\/\"]}]},{\"@type\":\"BreadcrumbList\",\"@id\":\"https:\/\/vortice.rocks\/clientes\/tierraviva\/asistencia-humanitaria-a-comunidades-indigenas-del-bajo-chaco\/#breadcrumb\",\"itemListElement\":[{\"@type\":\"ListItem\",\"position\":1,\"name\":\"Portada\",\"item\":\"https:\/\/vortice.rocks\/clientes\/tierraviva\/\"},{\"@type\":\"ListItem\",\"position\":2,\"name\":\"Asistencia humanitaria a Comunidades Ind\u00edgenas del Bajo Chaco\"}]},{\"@type\":\"WebSite\",\"@id\":\"https:\/\/vortice.rocks\/clientes\/tierraviva\/#website\",\"url\":\"https:\/\/vortice.rocks\/clientes\/tierraviva\/\",\"name\":\"Tierraviva\",\"description\":\"\",\"potentialAction\":[{\"@type\":\"SearchAction\",\"target\":{\"@type\":\"EntryPoint\",\"urlTemplate\":\"https:\/\/vortice.rocks\/clientes\/tierraviva\/?s={search_term_string}\"},\"query-input\":\"required name=search_term_string\"}],\"inLanguage\":\"es\"},{\"@type\":\"Person\",\"@id\":\"https:\/\/vortice.rocks\/clientes\/tierraviva\/#\/schema\/person\/0652c5aad419c86cff8f8129d355edd0\",\"name\":\"Santi Ortiz\",\"image\":{\"@type\":\"ImageObject\",\"inLanguage\":\"es\",\"@id\":\"https:\/\/vortice.rocks\/clientes\/tierraviva\/#\/schema\/person\/image\/\",\"url\":\"https:\/\/secure.gravatar.com\/avatar\/78bab899e21d2840245c1646bfc64d01?s=96&d=mm&r=g\",\"contentUrl\":\"https:\/\/secure.gravatar.com\/avatar\/78bab899e21d2840245c1646bfc64d01?s=96&d=mm&r=g\",\"caption\":\"Santi Ortiz\"},\"sameAs\":[\"https:\/\/vortice.rocks\/clientes\/tierraviva\"],\"url\":\"https:\/\/vortice.rocks\/clientes\/tierraviva\/author\/santi-ortiz\/\"}]}<\/script>\n<!-- \/ Yoast SEO plugin. -->","yoast_head_json":{"title":"Asistencia humanitaria a Comunidades Ind\u00edgenas del Bajo Chaco - Tierraviva","robots":{"index":"index","follow":"follow","max-snippet":"max-snippet:-1","max-image-preview":"max-image-preview:large","max-video-preview":"max-video-preview:-1"},"canonical":"https:\/\/vortice.rocks\/clientes\/tierraviva\/asistencia-humanitaria-a-comunidades-indigenas-del-bajo-chaco\/","og_locale":"es_ES","og_type":"article","og_title":"Asistencia humanitaria a Comunidades Ind\u00edgenas del Bajo Chaco - Tierraviva","og_description":"Con el objetivo de reducir el riesgo de desastre sanitario y alimentario en las comunidades ind\u00edgenas del Bajo Chaco ante la pandemia de COVID-19, Tierraviva, con el apoyo de las agencias de cooperaci\u00f3n internacional Manos Unidas de Espa\u00f1a, Pan Para el Mundo (PPM) de Alemania y el Servicio Mundial de Iglesias (CWS), con sede enSeguir leyendo \"Asistencia humanitaria a Comunidades Ind\u00edgenas del Bajo Chaco\"","og_url":"https:\/\/vortice.rocks\/clientes\/tierraviva\/asistencia-humanitaria-a-comunidades-indigenas-del-bajo-chaco\/","og_site_name":"Tierraviva","article_publisher":"https:\/\/www.facebook.com\/Tierraviva-a-los-pueblos-indigenas-del-Chaco-217328148281564\/","article_published_time":"2020-10-08T14:00:45+00:00","article_modified_time":"2020-10-08T14:23:30+00:00","og_image":[{"width":1152,"height":532,"url":"https:\/\/vortice.rocks\/clientes\/tierraviva\/wp-content\/uploads\/2020\/10\/121162952_675938973303313_1463798410585326293_n.jpg","type":"image\/jpeg"}],"author":"Santi Ortiz","twitter_misc":{"Escrito por":"Santi Ortiz","Tiempo de lectura":"3 minutos"},"schema":{"@context":"https:\/\/schema.org","@graph":[{"@type":"WebPage","@id":"https:\/\/vortice.rocks\/clientes\/tierraviva\/asistencia-humanitaria-a-comunidades-indigenas-del-bajo-chaco\/","url":"https:\/\/vortice.rocks\/clientes\/tierraviva\/asistencia-humanitaria-a-comunidades-indigenas-del-bajo-chaco\/","name":"Asistencia humanitaria a Comunidades Ind\u00edgenas del Bajo Chaco - Tierraviva","isPartOf":{"@id":"https:\/\/vortice.rocks\/clientes\/tierraviva\/#website"},"datePublished":"2020-10-08T14:00:45+00:00","dateModified":"2020-10-08T14:23:30+00:00","author":{"@id":"https:\/\/vortice.rocks\/clientes\/tierraviva\/#\/schema\/person\/0652c5aad419c86cff8f8129d355edd0"},"breadcrumb":{"@id":"https:\/\/vortice.rocks\/clientes\/tierraviva\/asistencia-humanitaria-a-comunidades-indigenas-del-bajo-chaco\/#breadcrumb"},"inLanguage":"es","potentialAction":[{"@type":"ReadAction","target":["https:\/\/vortice.rocks\/clientes\/tierraviva\/asistencia-humanitaria-a-comunidades-indigenas-del-bajo-chaco\/"]}]},{"@type":"BreadcrumbList","@id":"https:\/\/vortice.rocks\/clientes\/tierraviva\/asistencia-humanitaria-a-comunidades-indigenas-del-bajo-chaco\/#breadcrumb","itemListElement":[{"@type":"ListItem","position":1,"name":"Portada","item":"https:\/\/vortice.rocks\/clientes\/tierraviva\/"},{"@type":"ListItem","position":2,"name":"Asistencia humanitaria a Comunidades Ind\u00edgenas del Bajo Chaco"}]},{"@type":"WebSite","@id":"https:\/\/vortice.rocks\/clientes\/tierraviva\/#website","url":"https:\/\/vortice.rocks\/clientes\/tierraviva\/","name":"Tierraviva","description":"","potentialAction":[{"@type":"SearchAction","target":{"@type":"EntryPoint","urlTemplate":"https:\/\/vortice.rocks\/clientes\/tierraviva\/?s={search_term_string}"},"query-input":"required name=search_term_string"}],"inLanguage":"es"},{"@type":"Person","@id":"https:\/\/vortice.rocks\/clientes\/tierraviva\/#\/schema\/person\/0652c5aad419c86cff8f8129d355edd0","name":"Santi Ortiz","image":{"@type":"ImageObject","inLanguage":"es","@id":"https:\/\/vortice.rocks\/clientes\/tierraviva\/#\/schema\/person\/image\/","url":"https:\/\/secure.gravatar.com\/avatar\/78bab899e21d2840245c1646bfc64d01?s=96&d=mm&r=g","contentUrl":"https:\/\/secure.gravatar.com\/avatar\/78bab899e21d2840245c1646bfc64d01?s=96&d=mm&r=g","caption":"Santi Ortiz"},"sameAs":["https:\/\/vortice.rocks\/clientes\/tierraviva"],"url":"https:\/\/vortice.rocks\/clientes\/tierraviva\/author\/santi-ortiz\/"}]}},"_links":{"self":[{"href":"https:\/\/vortice.rocks\/clientes\/tierraviva\/wp-json\/wp\/v2\/posts\/2083"}],"collection":[{"href":"https:\/\/vortice.rocks\/clientes\/tierraviva\/wp-json\/wp\/v2\/posts"}],"about":[{"href":"https:\/\/vortice.rocks\/clientes\/tierraviva\/wp-json\/wp\/v2\/types\/post"}],"author":[{"embeddable":true,"href":"https:\/\/vortice.rocks\/clientes\/tierraviva\/wp-json\/wp\/v2\/users\/5"}],"replies":[{"embeddable":true,"href":"https:\/\/vortice.rocks\/clientes\/tierraviva\/wp-json\/wp\/v2\/comments?post=2083"}],"version-history":[{"count":2,"href":"https:\/\/vortice.rocks\/clientes\/tierraviva\/wp-json\/wp\/v2\/posts\/2083\/revisions"}],"predecessor-version":[{"id":2086,"href":"https:\/\/vortice.rocks\/clientes\/tierraviva\/wp-json\/wp\/v2\/posts\/2083\/revisions\/2086"}],"wp:featuredmedia":[{"embeddable":true,"href":"https:\/\/vortice.rocks\/clientes\/tierraviva\/wp-json\/wp\/v2\/media\/2084"}],"wp:attachment":[{"href":"https:\/\/vortice.rocks\/clientes\/tierraviva\/wp-json\/wp\/v2\/media?parent=2083"}],"wp:term":[{"taxonomy":"category","embeddable":true,"href":"https:\/\/vortice.rocks\/clientes\/tierraviva\/wp-json\/wp\/v2\/categories?post=2083"},{"taxonomy":"post_tag","embeddable":true,"href":"https:\/\/vortice.rocks\/clientes\/tierraviva\/wp-json\/wp\/v2\/tags?post=2083"}],"curies":[{"name":"wp","href":"https:\/\/api.w.org\/{rel}","templated":true}]}}