{"id":2097,"date":"2020-10-20T11:06:46","date_gmt":"2020-10-20T15:06:46","guid":{"rendered":"https:\/\/vortice.rocks\/clientes\/tierraviva\/?p=2097"},"modified":"2020-10-20T11:06:46","modified_gmt":"2020-10-20T15:06:46","slug":"jovenes-indigenas-se-capacitan-para-monitorear-la-deforestacion-en-sus-comunidades","status":"publish","type":"post","link":"https:\/\/vortice.rocks\/clientes\/tierraviva\/jovenes-indigenas-se-capacitan-para-monitorear-la-deforestacion-en-sus-comunidades\/","title":{"rendered":"J\u00f3venes ind\u00edgenas se capacitan para monitorear la deforestaci\u00f3n en sus comunidades"},"content":{"rendered":"<p><span style=\"font-weight: 400;\">J\u00f3venes integrantes de 6 comunidades ind\u00edgenas fueron parte de los talleres de capacitaci\u00f3n en monitoreo satelital de la deforestaci\u00f3n, realizado en el marco del proyecto <\/span><i><span style=\"font-weight: 400;\">\u201c<\/span><\/i><span style=\"font-weight: 400;\">Promoci\u00f3n de los derechos humanos de los pueblos ind\u00edgenas en Paraguay a trav\u00e9s de la protecci\u00f3n de sus derechos territoriales, ambientales y a la consulta y consentimiento libre, previo e informado\u201d que cuenta con el apoyo de la Uni\u00f3n Europea.<\/span><\/p>\n<p><span style=\"font-weight: 400;\">Los talleres se realizaron en las comunidades ind\u00edgenas; Colonia 96, Yakye Axa, Naranhaty, ubicadas en el Chaco, y Arroyo Ka\u2019a, Yvypyte y Tekoha Sauce ubicadas en la Regi\u00f3n Oriental, los encuentros buscan responder a la necesidad de las comunidades de mejorar la capacidad de control y protecci\u00f3n de sus territorios y del medioambiente.<\/span><\/p>\n<p><span style=\"font-weight: 400;\">Durante los talleres los j\u00f3venes ind\u00edgenas fueron capacitados en el uso de tecnolog\u00edas que permiten el monitoreo de la deforestaci\u00f3n e incendios forestales, en cada comunidad se entreg\u00f3 un tel\u00e9fono celular inteligente mediante el cual las personas designadas podr\u00e1n fortalecer su rol de Defensoras de Derechos Ambientales, en la medida que acceden a las capacitaciones para el uso de la tecnolog\u00eda.<\/span><\/p>\n<p><span style=\"font-weight: 400;\">Como primer paso, utilizando la aplicaci\u00f3n Forest Watcher, los j\u00f3venes crearon zonas de inter\u00e9s que abarcan sus comunidades y los alrededores y ahora reciben alertas de incendios y deforestaci\u00f3n. Con esto se busca que los mismos puedan registrar y denunciar las vulneraciones al medioambiente que ocurran en las cercan\u00edas de sus comunidades.<\/span><\/p>\n<p><span style=\"font-weight: 400;\">Los talleres se repetir\u00e1n en dos ocasiones m\u00e1s para asegurar la apropiaci\u00f3n de la tecnolog\u00eda por parte de los j\u00f3venes. <\/span><\/p>\n","protected":false},"excerpt":{"rendered":"<p>J\u00f3venes integrantes de 6 comunidades ind\u00edgenas fueron parte de los talleres de capacitaci\u00f3n en monitoreo satelital de la deforestaci\u00f3n, realizado en el marco del proyecto \u201cPromoci\u00f3n de los derechos humanos de los pueblos ind\u00edgenas en Paraguay a trav\u00e9s de la protecci\u00f3n de sus derechos territoriales, ambientales y a la consulta y consentimiento libre, previo e<a class=\"more-link\" href=\"https:\/\/vortice.rocks\/clientes\/tierraviva\/jovenes-indigenas-se-capacitan-para-monitorear-la-deforestacion-en-sus-comunidades\/\">Seguir leyendo <span class=\"screen-reader-text\">&#8220;J\u00f3venes ind\u00edgenas se capacitan para monitorear la deforestaci\u00f3n en sus comunidades&#8221;<\/span><\/a><\/p>\n","protected":false},"author":5,"featured_media":2098,"comment_status":"open","ping_status":"open","sticky":false,"template":"","format":"standard","meta":{"_exactmetrics_skip_tracking":false,"_exactmetrics_sitenote_active":false,"_exactmetrics_sitenote_note":"","_exactmetrics_sitenote_category":0,"footnotes":""},"categories":[3,61],"tags":[],"yoast_head":"<!-- This site is optimized with the Yoast SEO plugin v21.7 - https:\/\/yoast.com\/wordpress\/plugins\/seo\/ -->\n<title>J\u00f3venes ind\u00edgenas se capacitan para monitorear la deforestaci\u00f3n en sus comunidades - Tierraviva<\/title>\n<meta name=\"robots\" content=\"index, follow, max-snippet:-1, max-image-preview:large, max-video-preview:-1\" \/>\n<link rel=\"canonical\" href=\"https:\/\/vortice.rocks\/clientes\/tierraviva\/jovenes-indigenas-se-capacitan-para-monitorear-la-deforestacion-en-sus-comunidades\/\" \/>\n<meta property=\"og:locale\" content=\"es_ES\" \/>\n<meta property=\"og:type\" content=\"article\" \/>\n<meta property=\"og:title\" content=\"J\u00f3venes ind\u00edgenas se capacitan para monitorear la deforestaci\u00f3n en sus comunidades - Tierraviva\" \/>\n<meta property=\"og:description\" content=\"J\u00f3venes integrantes de 6 comunidades ind\u00edgenas fueron parte de los talleres de capacitaci\u00f3n en monitoreo satelital de la deforestaci\u00f3n, realizado en el marco del proyecto \u201cPromoci\u00f3n de los derechos humanos de los pueblos ind\u00edgenas en Paraguay a trav\u00e9s de la protecci\u00f3n de sus derechos territoriales, ambientales y a la consulta y consentimiento libre, previo eSeguir leyendo &quot;J\u00f3venes ind\u00edgenas se capacitan para monitorear la deforestaci\u00f3n en sus comunidades&quot;\" \/>\n<meta property=\"og:url\" content=\"https:\/\/vortice.rocks\/clientes\/tierraviva\/jovenes-indigenas-se-capacitan-para-monitorear-la-deforestacion-en-sus-comunidades\/\" \/>\n<meta property=\"og:site_name\" content=\"Tierraviva\" \/>\n<meta property=\"article:publisher\" content=\"https:\/\/www.facebook.com\/Tierraviva-a-los-pueblos-indigenas-del-Chaco-217328148281564\/\" \/>\n<meta property=\"article:published_time\" content=\"2020-10-20T15:06:46+00:00\" \/>\n<meta property=\"og:image\" content=\"https:\/\/vortice.rocks\/clientes\/tierraviva\/wp-content\/uploads\/2020\/10\/WhatsApp-Image-2020-10-20-at-11.59.50-AM.jpeg\" \/>\n\t<meta property=\"og:image:width\" content=\"1280\" \/>\n\t<meta property=\"og:image:height\" content=\"853\" \/>\n\t<meta property=\"og:image:type\" content=\"image\/jpeg\" \/>\n<meta name=\"author\" content=\"Santi Ortiz\" \/>\n<meta name=\"twitter:label1\" content=\"Escrito por\" \/>\n\t<meta name=\"twitter:data1\" content=\"Santi Ortiz\" \/>\n\t<meta name=\"twitter:label2\" content=\"Tiempo de lectura\" \/>\n\t<meta name=\"twitter:data2\" content=\"1 minuto\" \/>\n<script type=\"application\/ld+json\" class=\"yoast-schema-graph\">{\"@context\":\"https:\/\/schema.org\",\"@graph\":[{\"@type\":\"WebPage\",\"@id\":\"https:\/\/vortice.rocks\/clientes\/tierraviva\/jovenes-indigenas-se-capacitan-para-monitorear-la-deforestacion-en-sus-comunidades\/\",\"url\":\"https:\/\/vortice.rocks\/clientes\/tierraviva\/jovenes-indigenas-se-capacitan-para-monitorear-la-deforestacion-en-sus-comunidades\/\",\"name\":\"J\u00f3venes ind\u00edgenas se capacitan para monitorear la deforestaci\u00f3n en sus comunidades - Tierraviva\",\"isPartOf\":{\"@id\":\"https:\/\/vortice.rocks\/clientes\/tierraviva\/#website\"},\"datePublished\":\"2020-10-20T15:06:46+00:00\",\"dateModified\":\"2020-10-20T15:06:46+00:00\",\"author\":{\"@id\":\"https:\/\/vortice.rocks\/clientes\/tierraviva\/#\/schema\/person\/0652c5aad419c86cff8f8129d355edd0\"},\"breadcrumb\":{\"@id\":\"https:\/\/vortice.rocks\/clientes\/tierraviva\/jovenes-indigenas-se-capacitan-para-monitorear-la-deforestacion-en-sus-comunidades\/#breadcrumb\"},\"inLanguage\":\"es\",\"potentialAction\":[{\"@type\":\"ReadAction\",\"target\":[\"https:\/\/vortice.rocks\/clientes\/tierraviva\/jovenes-indigenas-se-capacitan-para-monitorear-la-deforestacion-en-sus-comunidades\/\"]}]},{\"@type\":\"BreadcrumbList\",\"@id\":\"https:\/\/vortice.rocks\/clientes\/tierraviva\/jovenes-indigenas-se-capacitan-para-monitorear-la-deforestacion-en-sus-comunidades\/#breadcrumb\",\"itemListElement\":[{\"@type\":\"ListItem\",\"position\":1,\"name\":\"Portada\",\"item\":\"https:\/\/vortice.rocks\/clientes\/tierraviva\/\"},{\"@type\":\"ListItem\",\"position\":2,\"name\":\"J\u00f3venes ind\u00edgenas se capacitan para monitorear la deforestaci\u00f3n en sus comunidades\"}]},{\"@type\":\"WebSite\",\"@id\":\"https:\/\/vortice.rocks\/clientes\/tierraviva\/#website\",\"url\":\"https:\/\/vortice.rocks\/clientes\/tierraviva\/\",\"name\":\"Tierraviva\",\"description\":\"\",\"potentialAction\":[{\"@type\":\"SearchAction\",\"target\":{\"@type\":\"EntryPoint\",\"urlTemplate\":\"https:\/\/vortice.rocks\/clientes\/tierraviva\/?s={search_term_string}\"},\"query-input\":\"required name=search_term_string\"}],\"inLanguage\":\"es\"},{\"@type\":\"Person\",\"@id\":\"https:\/\/vortice.rocks\/clientes\/tierraviva\/#\/schema\/person\/0652c5aad419c86cff8f8129d355edd0\",\"name\":\"Santi Ortiz\",\"image\":{\"@type\":\"ImageObject\",\"inLanguage\":\"es\",\"@id\":\"https:\/\/vortice.rocks\/clientes\/tierraviva\/#\/schema\/person\/image\/\",\"url\":\"https:\/\/secure.gravatar.com\/avatar\/78bab899e21d2840245c1646bfc64d01?s=96&d=mm&r=g\",\"contentUrl\":\"https:\/\/secure.gravatar.com\/avatar\/78bab899e21d2840245c1646bfc64d01?s=96&d=mm&r=g\",\"caption\":\"Santi Ortiz\"},\"sameAs\":[\"https:\/\/vortice.rocks\/clientes\/tierraviva\"],\"url\":\"https:\/\/vortice.rocks\/clientes\/tierraviva\/author\/santi-ortiz\/\"}]}<\/script>\n<!-- \/ Yoast SEO plugin. -->","yoast_head_json":{"title":"J\u00f3venes ind\u00edgenas se capacitan para monitorear la deforestaci\u00f3n en sus comunidades - Tierraviva","robots":{"index":"index","follow":"follow","max-snippet":"max-snippet:-1","max-image-preview":"max-image-preview:large","max-video-preview":"max-video-preview:-1"},"canonical":"https:\/\/vortice.rocks\/clientes\/tierraviva\/jovenes-indigenas-se-capacitan-para-monitorear-la-deforestacion-en-sus-comunidades\/","og_locale":"es_ES","og_type":"article","og_title":"J\u00f3venes ind\u00edgenas se capacitan para monitorear la deforestaci\u00f3n en sus comunidades - Tierraviva","og_description":"J\u00f3venes integrantes de 6 comunidades ind\u00edgenas fueron parte de los talleres de capacitaci\u00f3n en monitoreo satelital de la deforestaci\u00f3n, realizado en el marco del proyecto \u201cPromoci\u00f3n de los derechos humanos de los pueblos ind\u00edgenas en Paraguay a trav\u00e9s de la protecci\u00f3n de sus derechos territoriales, ambientales y a la consulta y consentimiento libre, previo eSeguir leyendo \"J\u00f3venes ind\u00edgenas se capacitan para monitorear la deforestaci\u00f3n en sus comunidades\"","og_url":"https:\/\/vortice.rocks\/clientes\/tierraviva\/jovenes-indigenas-se-capacitan-para-monitorear-la-deforestacion-en-sus-comunidades\/","og_site_name":"Tierraviva","article_publisher":"https:\/\/www.facebook.com\/Tierraviva-a-los-pueblos-indigenas-del-Chaco-217328148281564\/","article_published_time":"2020-10-20T15:06:46+00:00","og_image":[{"width":1280,"height":853,"url":"https:\/\/vortice.rocks\/clientes\/tierraviva\/wp-content\/uploads\/2020\/10\/WhatsApp-Image-2020-10-20-at-11.59.50-AM.jpeg","type":"image\/jpeg"}],"author":"Santi Ortiz","twitter_misc":{"Escrito por":"Santi Ortiz","Tiempo de lectura":"1 minuto"},"schema":{"@context":"https:\/\/schema.org","@graph":[{"@type":"WebPage","@id":"https:\/\/vortice.rocks\/clientes\/tierraviva\/jovenes-indigenas-se-capacitan-para-monitorear-la-deforestacion-en-sus-comunidades\/","url":"https:\/\/vortice.rocks\/clientes\/tierraviva\/jovenes-indigenas-se-capacitan-para-monitorear-la-deforestacion-en-sus-comunidades\/","name":"J\u00f3venes ind\u00edgenas se capacitan para monitorear la deforestaci\u00f3n en sus comunidades - Tierraviva","isPartOf":{"@id":"https:\/\/vortice.rocks\/clientes\/tierraviva\/#website"},"datePublished":"2020-10-20T15:06:46+00:00","dateModified":"2020-10-20T15:06:46+00:00","author":{"@id":"https:\/\/vortice.rocks\/clientes\/tierraviva\/#\/schema\/person\/0652c5aad419c86cff8f8129d355edd0"},"breadcrumb":{"@id":"https:\/\/vortice.rocks\/clientes\/tierraviva\/jovenes-indigenas-se-capacitan-para-monitorear-la-deforestacion-en-sus-comunidades\/#breadcrumb"},"inLanguage":"es","potentialAction":[{"@type":"ReadAction","target":["https:\/\/vortice.rocks\/clientes\/tierraviva\/jovenes-indigenas-se-capacitan-para-monitorear-la-deforestacion-en-sus-comunidades\/"]}]},{"@type":"BreadcrumbList","@id":"https:\/\/vortice.rocks\/clientes\/tierraviva\/jovenes-indigenas-se-capacitan-para-monitorear-la-deforestacion-en-sus-comunidades\/#breadcrumb","itemListElement":[{"@type":"ListItem","position":1,"name":"Portada","item":"https:\/\/vortice.rocks\/clientes\/tierraviva\/"},{"@type":"ListItem","position":2,"name":"J\u00f3venes ind\u00edgenas se capacitan para monitorear la deforestaci\u00f3n en sus comunidades"}]},{"@type":"WebSite","@id":"https:\/\/vortice.rocks\/clientes\/tierraviva\/#website","url":"https:\/\/vortice.rocks\/clientes\/tierraviva\/","name":"Tierraviva","description":"","potentialAction":[{"@type":"SearchAction","target":{"@type":"EntryPoint","urlTemplate":"https:\/\/vortice.rocks\/clientes\/tierraviva\/?s={search_term_string}"},"query-input":"required name=search_term_string"}],"inLanguage":"es"},{"@type":"Person","@id":"https:\/\/vortice.rocks\/clientes\/tierraviva\/#\/schema\/person\/0652c5aad419c86cff8f8129d355edd0","name":"Santi Ortiz","image":{"@type":"ImageObject","inLanguage":"es","@id":"https:\/\/vortice.rocks\/clientes\/tierraviva\/#\/schema\/person\/image\/","url":"https:\/\/secure.gravatar.com\/avatar\/78bab899e21d2840245c1646bfc64d01?s=96&d=mm&r=g","contentUrl":"https:\/\/secure.gravatar.com\/avatar\/78bab899e21d2840245c1646bfc64d01?s=96&d=mm&r=g","caption":"Santi Ortiz"},"sameAs":["https:\/\/vortice.rocks\/clientes\/tierraviva"],"url":"https:\/\/vortice.rocks\/clientes\/tierraviva\/author\/santi-ortiz\/"}]}},"_links":{"self":[{"href":"https:\/\/vortice.rocks\/clientes\/tierraviva\/wp-json\/wp\/v2\/posts\/2097"}],"collection":[{"href":"https:\/\/vortice.rocks\/clientes\/tierraviva\/wp-json\/wp\/v2\/posts"}],"about":[{"href":"https:\/\/vortice.rocks\/clientes\/tierraviva\/wp-json\/wp\/v2\/types\/post"}],"author":[{"embeddable":true,"href":"https:\/\/vortice.rocks\/clientes\/tierraviva\/wp-json\/wp\/v2\/users\/5"}],"replies":[{"embeddable":true,"href":"https:\/\/vortice.rocks\/clientes\/tierraviva\/wp-json\/wp\/v2\/comments?post=2097"}],"version-history":[{"count":1,"href":"https:\/\/vortice.rocks\/clientes\/tierraviva\/wp-json\/wp\/v2\/posts\/2097\/revisions"}],"predecessor-version":[{"id":2099,"href":"https:\/\/vortice.rocks\/clientes\/tierraviva\/wp-json\/wp\/v2\/posts\/2097\/revisions\/2099"}],"wp:featuredmedia":[{"embeddable":true,"href":"https:\/\/vortice.rocks\/clientes\/tierraviva\/wp-json\/wp\/v2\/media\/2098"}],"wp:attachment":[{"href":"https:\/\/vortice.rocks\/clientes\/tierraviva\/wp-json\/wp\/v2\/media?parent=2097"}],"wp:term":[{"taxonomy":"category","embeddable":true,"href":"https:\/\/vortice.rocks\/clientes\/tierraviva\/wp-json\/wp\/v2\/categories?post=2097"},{"taxonomy":"post_tag","embeddable":true,"href":"https:\/\/vortice.rocks\/clientes\/tierraviva\/wp-json\/wp\/v2\/tags?post=2097"}],"curies":[{"name":"wp","href":"https:\/\/api.w.org\/{rel}","templated":true}]}}