{"id":2101,"date":"2020-10-23T11:52:45","date_gmt":"2020-10-23T15:52:45","guid":{"rendered":"https:\/\/vortice.rocks\/clientes\/tierraviva\/?p=2101"},"modified":"2020-10-26T18:08:05","modified_gmt":"2020-10-26T22:08:05","slug":"presupuesto-digno-campana-por-inversion-publica-para-comunidades-indigenas","status":"publish","type":"post","link":"https:\/\/vortice.rocks\/clientes\/tierraviva\/presupuesto-digno-campana-por-inversion-publica-para-comunidades-indigenas\/","title":{"rendered":"Presupuesto Digno: Campa\u00f1a por inversi\u00f3n p\u00fablica para comunidades ind\u00edgenas"},"content":{"rendered":"<p>Paraguay vive un momento de crisis ambiental, econ\u00f3mica y social que nos afecta a todos, pero no de la misma manera. Las comunidades ind\u00edgenas sobreviven al hambre, la falta de agua y al despojo de sus tierras ancestrales desde hace d\u00e9cadas, con una esperanza de vida de solo 37 a\u00f1os.<\/p>\n<p>Con dignidad, diecinueve pueblos ind\u00edgenas defienden su forma de vida, su territorio y su cultura frente a la falta de oportunidades y la escasa inversi\u00f3n por parte del Estado paraguayo: unos 300 mil guaran\u00edes por persona, anualmente.<\/p>\n<p>Las decisiones que se tomar\u00e1n en el corto plazo tienen el poder de profundizar o revertir estas desigualdades, protegiendo a quienes sufren las consecuencias m\u00e1s duras de la pandemia, la prolongada sequ\u00eda y la crisis econ\u00f3mica. Sin la voluntad pol\u00edtica de quienes integran el Congreso Nacional, estaremos afectando el desarrollo de pol\u00edticas sociales relacionadas con los Objetivos de Desarrollo Sostenible (ODS) 1 y 2 \u2212fin de la pobreza y hambre cero\u2212, condenando al abandono a familias ind\u00edgenas en todo el territorio paraguayo.<\/p>\n<p>El Presupuesto General de la Naci\u00f3n para el 2021 propuesto por el Poder Ejecutivo \u2212que ha recortado en 16% los recursos para el Instituto Paraguayo del Ind\u00edgena (INDI)\u2212, necesita volverse digno de nuestros pueblos ind\u00edgenas. \u00bfC\u00f3mo? Aumentando 12 veces m\u00e1s los recursos destinados a proteger integralmente a las comunidades ind\u00edgenas, para asegurarles el acceso a la tierra y la producci\u00f3n de alimentos, a servicios p\u00fablicos esenciales, a la salud, a la educaci\u00f3n y al trabajo.<\/p>\n<p>Sin una inversi\u00f3n social sostenida a mediano plazo, no se cumplir\u00e1n los Objetivos de Desarrollo del Sostenibles para 2030 ni otros compromisos sobre derechos sociales, econ\u00f3micos y culturales asumidos por el Estado paraguayo.<\/p>\n<p>Con esta campa\u00f1a, desde la Articulaci\u00f3n Nacional Ind\u00edgena por una Vida Digna invitamos a todas las personas solidarias con las comunidades ind\u00edgenas a exigir inversi\u00f3n p\u00fablica suficiente para garantizar sus derechos fundamentales, contemplados en la Constituci\u00f3n Nacional.<\/p>\n<p>Conoce la\u00a0<a href=\"https:\/\/vortice.rocks\/clientes\/tierraviva\/wp-content\/uploads\/2020\/10\/Propuesta-Presupuesto-Digno-2021.pdf\">Propuesta Presupuesto Digno 2021<\/a><\/p>\n<p>La iniciativa cuenta con el acompa\u00f1amiento de Tierraviva y Codehupy, y el apoyo de la Uni\u00f3n Europea y Diakonia.<\/p>\n<p>La Articulaci\u00f3n Nacional Ind\u00edgena por una Vida Digna est\u00e1 integrada por: Asociaci\u00f3n de Comunidades Mbya Guaran\u00ed \u00d1oguero\u0129 Pave\u0129, Articulaci\u00f3n de Mujeres Ind\u00edgenas del Paraguay (MIPY), Coordinadora de L\u00edderes Ind\u00edgenas del Bajo Chaco (CLIBCH), Clan Kuchingi Mairekoty, Coordinadora Ind\u00edgena de Comunidades y N\u00facleos Urbanos (CICNU), Organizaci\u00f3n Nacional de Abor\u00edgenes Independientes(ONAI), Organizaci\u00f3n Nacional del Pueblo Guaran\u00ed(OPG), Organizaci\u00f3n Nacional de Mujeres Guaran\u00ed del Paraguay &#8211; Ku\u00f1a Guaran\u00ed Aty, Organizaci\u00f3n Ku\u00f1a Guaran\u00ed, Organizaci\u00f3n Payipie Ichadie Totobiegosode (OPIT), Red de Veedur\u00eda Social Juvenil Ind\u00edgena, Coordinaci\u00f3n de L\u00edderes Urbanos, Uni\u00f3n Juvenil Ind\u00edgena del Paraguay (UJIP), Uni\u00f3n de Comunidades Ind\u00edgenas de la Naci\u00f3n Yshir (UCINY).<\/p>\n<p>&nbsp;<\/p>\n","protected":false},"excerpt":{"rendered":"<p>Paraguay vive un momento de crisis ambiental, econ\u00f3mica y social que nos afecta a todos, pero no de la misma manera. Las comunidades ind\u00edgenas sobreviven al hambre, la falta de agua y al despojo de sus tierras ancestrales desde hace d\u00e9cadas, con una esperanza de vida de solo 37 a\u00f1os. Con dignidad, diecinueve pueblos ind\u00edgenas<a class=\"more-link\" href=\"https:\/\/vortice.rocks\/clientes\/tierraviva\/presupuesto-digno-campana-por-inversion-publica-para-comunidades-indigenas\/\">Seguir leyendo <span class=\"screen-reader-text\">&#8220;Presupuesto Digno: Campa\u00f1a por inversi\u00f3n p\u00fablica para comunidades ind\u00edgenas&#8221;<\/span><\/a><\/p>\n","protected":false},"author":5,"featured_media":2105,"comment_status":"open","ping_status":"open","sticky":false,"template":"","format":"standard","meta":{"_exactmetrics_skip_tracking":false,"_exactmetrics_sitenote_active":false,"_exactmetrics_sitenote_note":"","_exactmetrics_sitenote_category":0,"footnotes":""},"categories":[3],"tags":[],"yoast_head":"<!-- This site is optimized with the Yoast SEO plugin v21.7 - https:\/\/yoast.com\/wordpress\/plugins\/seo\/ -->\n<title>Presupuesto Digno: Campa\u00f1a por inversi\u00f3n p\u00fablica para comunidades ind\u00edgenas - Tierraviva<\/title>\n<meta name=\"robots\" content=\"index, follow, max-snippet:-1, max-image-preview:large, max-video-preview:-1\" \/>\n<link rel=\"canonical\" href=\"https:\/\/vortice.rocks\/clientes\/tierraviva\/presupuesto-digno-campana-por-inversion-publica-para-comunidades-indigenas\/\" \/>\n<meta property=\"og:locale\" content=\"es_ES\" \/>\n<meta property=\"og:type\" content=\"article\" \/>\n<meta property=\"og:title\" content=\"Presupuesto Digno: Campa\u00f1a por inversi\u00f3n p\u00fablica para comunidades ind\u00edgenas - Tierraviva\" \/>\n<meta property=\"og:description\" content=\"Paraguay vive un momento de crisis ambiental, econ\u00f3mica y social que nos afecta a todos, pero no de la misma manera. Las comunidades ind\u00edgenas sobreviven al hambre, la falta de agua y al despojo de sus tierras ancestrales desde hace d\u00e9cadas, con una esperanza de vida de solo 37 a\u00f1os. Con dignidad, diecinueve pueblos ind\u00edgenasSeguir leyendo &quot;Presupuesto Digno: Campa\u00f1a por inversi\u00f3n p\u00fablica para comunidades ind\u00edgenas&quot;\" \/>\n<meta property=\"og:url\" content=\"https:\/\/vortice.rocks\/clientes\/tierraviva\/presupuesto-digno-campana-por-inversion-publica-para-comunidades-indigenas\/\" \/>\n<meta property=\"og:site_name\" content=\"Tierraviva\" \/>\n<meta property=\"article:publisher\" content=\"https:\/\/www.facebook.com\/Tierraviva-a-los-pueblos-indigenas-del-Chaco-217328148281564\/\" \/>\n<meta property=\"article:published_time\" content=\"2020-10-23T15:52:45+00:00\" \/>\n<meta property=\"article:modified_time\" content=\"2020-10-26T22:08:05+00:00\" \/>\n<meta property=\"og:image\" content=\"https:\/\/vortice.rocks\/clientes\/tierraviva\/wp-content\/uploads\/2020\/10\/1600x900_0-1-1024x576.jpg\" \/>\n\t<meta property=\"og:image:width\" content=\"1024\" \/>\n\t<meta property=\"og:image:height\" content=\"576\" \/>\n\t<meta property=\"og:image:type\" content=\"image\/jpeg\" \/>\n<meta name=\"author\" content=\"Santi Ortiz\" \/>\n<meta name=\"twitter:label1\" content=\"Escrito por\" \/>\n\t<meta name=\"twitter:data1\" content=\"Santi Ortiz\" \/>\n\t<meta name=\"twitter:label2\" content=\"Tiempo de lectura\" \/>\n\t<meta name=\"twitter:data2\" content=\"2 minutos\" \/>\n<script type=\"application\/ld+json\" class=\"yoast-schema-graph\">{\"@context\":\"https:\/\/schema.org\",\"@graph\":[{\"@type\":\"WebPage\",\"@id\":\"https:\/\/vortice.rocks\/clientes\/tierraviva\/presupuesto-digno-campana-por-inversion-publica-para-comunidades-indigenas\/\",\"url\":\"https:\/\/vortice.rocks\/clientes\/tierraviva\/presupuesto-digno-campana-por-inversion-publica-para-comunidades-indigenas\/\",\"name\":\"Presupuesto Digno: Campa\u00f1a por inversi\u00f3n p\u00fablica para comunidades ind\u00edgenas - Tierraviva\",\"isPartOf\":{\"@id\":\"https:\/\/vortice.rocks\/clientes\/tierraviva\/#website\"},\"datePublished\":\"2020-10-23T15:52:45+00:00\",\"dateModified\":\"2020-10-26T22:08:05+00:00\",\"author\":{\"@id\":\"https:\/\/vortice.rocks\/clientes\/tierraviva\/#\/schema\/person\/0652c5aad419c86cff8f8129d355edd0\"},\"breadcrumb\":{\"@id\":\"https:\/\/vortice.rocks\/clientes\/tierraviva\/presupuesto-digno-campana-por-inversion-publica-para-comunidades-indigenas\/#breadcrumb\"},\"inLanguage\":\"es\",\"potentialAction\":[{\"@type\":\"ReadAction\",\"target\":[\"https:\/\/vortice.rocks\/clientes\/tierraviva\/presupuesto-digno-campana-por-inversion-publica-para-comunidades-indigenas\/\"]}]},{\"@type\":\"BreadcrumbList\",\"@id\":\"https:\/\/vortice.rocks\/clientes\/tierraviva\/presupuesto-digno-campana-por-inversion-publica-para-comunidades-indigenas\/#breadcrumb\",\"itemListElement\":[{\"@type\":\"ListItem\",\"position\":1,\"name\":\"Portada\",\"item\":\"https:\/\/vortice.rocks\/clientes\/tierraviva\/\"},{\"@type\":\"ListItem\",\"position\":2,\"name\":\"Presupuesto Digno: Campa\u00f1a por inversi\u00f3n p\u00fablica para comunidades ind\u00edgenas\"}]},{\"@type\":\"WebSite\",\"@id\":\"https:\/\/vortice.rocks\/clientes\/tierraviva\/#website\",\"url\":\"https:\/\/vortice.rocks\/clientes\/tierraviva\/\",\"name\":\"Tierraviva\",\"description\":\"\",\"potentialAction\":[{\"@type\":\"SearchAction\",\"target\":{\"@type\":\"EntryPoint\",\"urlTemplate\":\"https:\/\/vortice.rocks\/clientes\/tierraviva\/?s={search_term_string}\"},\"query-input\":\"required name=search_term_string\"}],\"inLanguage\":\"es\"},{\"@type\":\"Person\",\"@id\":\"https:\/\/vortice.rocks\/clientes\/tierraviva\/#\/schema\/person\/0652c5aad419c86cff8f8129d355edd0\",\"name\":\"Santi Ortiz\",\"image\":{\"@type\":\"ImageObject\",\"inLanguage\":\"es\",\"@id\":\"https:\/\/vortice.rocks\/clientes\/tierraviva\/#\/schema\/person\/image\/\",\"url\":\"https:\/\/secure.gravatar.com\/avatar\/78bab899e21d2840245c1646bfc64d01?s=96&d=mm&r=g\",\"contentUrl\":\"https:\/\/secure.gravatar.com\/avatar\/78bab899e21d2840245c1646bfc64d01?s=96&d=mm&r=g\",\"caption\":\"Santi Ortiz\"},\"sameAs\":[\"https:\/\/vortice.rocks\/clientes\/tierraviva\"],\"url\":\"https:\/\/vortice.rocks\/clientes\/tierraviva\/author\/santi-ortiz\/\"}]}<\/script>\n<!-- \/ Yoast SEO plugin. -->","yoast_head_json":{"title":"Presupuesto Digno: Campa\u00f1a por inversi\u00f3n p\u00fablica para comunidades ind\u00edgenas - Tierraviva","robots":{"index":"index","follow":"follow","max-snippet":"max-snippet:-1","max-image-preview":"max-image-preview:large","max-video-preview":"max-video-preview:-1"},"canonical":"https:\/\/vortice.rocks\/clientes\/tierraviva\/presupuesto-digno-campana-por-inversion-publica-para-comunidades-indigenas\/","og_locale":"es_ES","og_type":"article","og_title":"Presupuesto Digno: Campa\u00f1a por inversi\u00f3n p\u00fablica para comunidades ind\u00edgenas - Tierraviva","og_description":"Paraguay vive un momento de crisis ambiental, econ\u00f3mica y social que nos afecta a todos, pero no de la misma manera. Las comunidades ind\u00edgenas sobreviven al hambre, la falta de agua y al despojo de sus tierras ancestrales desde hace d\u00e9cadas, con una esperanza de vida de solo 37 a\u00f1os. Con dignidad, diecinueve pueblos ind\u00edgenasSeguir leyendo \"Presupuesto Digno: Campa\u00f1a por inversi\u00f3n p\u00fablica para comunidades ind\u00edgenas\"","og_url":"https:\/\/vortice.rocks\/clientes\/tierraviva\/presupuesto-digno-campana-por-inversion-publica-para-comunidades-indigenas\/","og_site_name":"Tierraviva","article_publisher":"https:\/\/www.facebook.com\/Tierraviva-a-los-pueblos-indigenas-del-Chaco-217328148281564\/","article_published_time":"2020-10-23T15:52:45+00:00","article_modified_time":"2020-10-26T22:08:05+00:00","og_image":[{"width":1024,"height":576,"url":"https:\/\/vortice.rocks\/clientes\/tierraviva\/wp-content\/uploads\/2020\/10\/1600x900_0-1-1024x576.jpg","type":"image\/jpeg"}],"author":"Santi Ortiz","twitter_misc":{"Escrito por":"Santi Ortiz","Tiempo de lectura":"2 minutos"},"schema":{"@context":"https:\/\/schema.org","@graph":[{"@type":"WebPage","@id":"https:\/\/vortice.rocks\/clientes\/tierraviva\/presupuesto-digno-campana-por-inversion-publica-para-comunidades-indigenas\/","url":"https:\/\/vortice.rocks\/clientes\/tierraviva\/presupuesto-digno-campana-por-inversion-publica-para-comunidades-indigenas\/","name":"Presupuesto Digno: Campa\u00f1a por inversi\u00f3n p\u00fablica para comunidades ind\u00edgenas - Tierraviva","isPartOf":{"@id":"https:\/\/vortice.rocks\/clientes\/tierraviva\/#website"},"datePublished":"2020-10-23T15:52:45+00:00","dateModified":"2020-10-26T22:08:05+00:00","author":{"@id":"https:\/\/vortice.rocks\/clientes\/tierraviva\/#\/schema\/person\/0652c5aad419c86cff8f8129d355edd0"},"breadcrumb":{"@id":"https:\/\/vortice.rocks\/clientes\/tierraviva\/presupuesto-digno-campana-por-inversion-publica-para-comunidades-indigenas\/#breadcrumb"},"inLanguage":"es","potentialAction":[{"@type":"ReadAction","target":["https:\/\/vortice.rocks\/clientes\/tierraviva\/presupuesto-digno-campana-por-inversion-publica-para-comunidades-indigenas\/"]}]},{"@type":"BreadcrumbList","@id":"https:\/\/vortice.rocks\/clientes\/tierraviva\/presupuesto-digno-campana-por-inversion-publica-para-comunidades-indigenas\/#breadcrumb","itemListElement":[{"@type":"ListItem","position":1,"name":"Portada","item":"https:\/\/vortice.rocks\/clientes\/tierraviva\/"},{"@type":"ListItem","position":2,"name":"Presupuesto Digno: Campa\u00f1a por inversi\u00f3n p\u00fablica para comunidades ind\u00edgenas"}]},{"@type":"WebSite","@id":"https:\/\/vortice.rocks\/clientes\/tierraviva\/#website","url":"https:\/\/vortice.rocks\/clientes\/tierraviva\/","name":"Tierraviva","description":"","potentialAction":[{"@type":"SearchAction","target":{"@type":"EntryPoint","urlTemplate":"https:\/\/vortice.rocks\/clientes\/tierraviva\/?s={search_term_string}"},"query-input":"required name=search_term_string"}],"inLanguage":"es"},{"@type":"Person","@id":"https:\/\/vortice.rocks\/clientes\/tierraviva\/#\/schema\/person\/0652c5aad419c86cff8f8129d355edd0","name":"Santi Ortiz","image":{"@type":"ImageObject","inLanguage":"es","@id":"https:\/\/vortice.rocks\/clientes\/tierraviva\/#\/schema\/person\/image\/","url":"https:\/\/secure.gravatar.com\/avatar\/78bab899e21d2840245c1646bfc64d01?s=96&d=mm&r=g","contentUrl":"https:\/\/secure.gravatar.com\/avatar\/78bab899e21d2840245c1646bfc64d01?s=96&d=mm&r=g","caption":"Santi Ortiz"},"sameAs":["https:\/\/vortice.rocks\/clientes\/tierraviva"],"url":"https:\/\/vortice.rocks\/clientes\/tierraviva\/author\/santi-ortiz\/"}]}},"_links":{"self":[{"href":"https:\/\/vortice.rocks\/clientes\/tierraviva\/wp-json\/wp\/v2\/posts\/2101"}],"collection":[{"href":"https:\/\/vortice.rocks\/clientes\/tierraviva\/wp-json\/wp\/v2\/posts"}],"about":[{"href":"https:\/\/vortice.rocks\/clientes\/tierraviva\/wp-json\/wp\/v2\/types\/post"}],"author":[{"embeddable":true,"href":"https:\/\/vortice.rocks\/clientes\/tierraviva\/wp-json\/wp\/v2\/users\/5"}],"replies":[{"embeddable":true,"href":"https:\/\/vortice.rocks\/clientes\/tierraviva\/wp-json\/wp\/v2\/comments?post=2101"}],"version-history":[{"count":5,"href":"https:\/\/vortice.rocks\/clientes\/tierraviva\/wp-json\/wp\/v2\/posts\/2101\/revisions"}],"predecessor-version":[{"id":2113,"href":"https:\/\/vortice.rocks\/clientes\/tierraviva\/wp-json\/wp\/v2\/posts\/2101\/revisions\/2113"}],"wp:featuredmedia":[{"embeddable":true,"href":"https:\/\/vortice.rocks\/clientes\/tierraviva\/wp-json\/wp\/v2\/media\/2105"}],"wp:attachment":[{"href":"https:\/\/vortice.rocks\/clientes\/tierraviva\/wp-json\/wp\/v2\/media?parent=2101"}],"wp:term":[{"taxonomy":"category","embeddable":true,"href":"https:\/\/vortice.rocks\/clientes\/tierraviva\/wp-json\/wp\/v2\/categories?post=2101"},{"taxonomy":"post_tag","embeddable":true,"href":"https:\/\/vortice.rocks\/clientes\/tierraviva\/wp-json\/wp\/v2\/tags?post=2101"}],"curies":[{"name":"wp","href":"https:\/\/api.w.org\/{rel}","templated":true}]}}