{"id":2136,"date":"2021-02-03T10:21:02","date_gmt":"2021-02-03T14:21:02","guid":{"rendered":"https:\/\/vortice.rocks\/clientes\/tierraviva\/?p=2136"},"modified":"2021-02-03T10:49:28","modified_gmt":"2021-02-03T14:49:28","slug":"indigenas-presentan-denuncia-por-apologia-del-delito-y-discriminacion","status":"publish","type":"post","link":"https:\/\/vortice.rocks\/clientes\/tierraviva\/indigenas-presentan-denuncia-por-apologia-del-delito-y-discriminacion\/","title":{"rendered":"Ind\u00edgenas presentan denuncia por apolog\u00eda del delito y discriminaci\u00f3n"},"content":{"rendered":"<p>La Articulaci\u00f3n Nacional Ind\u00edgena por una Vida Digna present\u00f3 en la ma\u00f1ana de hoy una denuncia ante la Fiscal\u00eda General del Estado por apolog\u00eda a la violencia, discriminaci\u00f3n contra los Pueblos Ind\u00edgenas y discurso de odio por parte de un comunicador que llam\u00f3 a &#8220;garrotear&#8221; a los ind\u00edgenas, entre otras expresiones.<\/p>\n<p style=\"text-align: left;\">Seg\u00fan se\u00f1alan las organizaciones este tipo de discursos refuerzan la discriminaci\u00f3n y violencia hacia los pueblos ind\u00edgenas y deben ser sancionados ya que no caben en los l\u00edmites de la libertad de expresi\u00f3n.<\/p>\n<p>A continuaci\u00f3n reproducimos la denuncia presentada por las organizaciones:<\/p>\n<p>Desde las organizaciones que componemos la Articulaci\u00f3n Nacional Ind\u00edgena por una Vida Digna, hacemos entrega de esta denuncia a la Fiscal\u00eda General del Estado, \u00f3rgano responsable de investigar los hechos punibles y buscar la sanci\u00f3n de quienes violentan las leyes; en este caso nos referimos a las expresiones del ciudadano Firmino Ben\u00edtez, comunicador de Pedro Juan Caballero, quien en un audio se le escucha sostener, entre otras cosas: \u201c&#8230;Los ind\u00edgenas no son seres humanos creativos, \u2026. Les falta garrotes \u2026 el tema ind\u00edgena se tiene que terminar, japoima ind\u00edgena asunto, &#8230;\u00f1a elimina mbama va\u2019er\u00e4..\u201d. Con estas expresiones el individuo Firmino Benitez est\u00e1 cometiendo una APOLOG\u00cdA DE DELITO requiriendo la eliminaci\u00f3n, lesi\u00f3n, sometimiento de personas ind\u00edgenas.<\/p>\n<p>En primer lugar, este tipo de discursos de odio, discriminaci\u00f3n y racismo, instiga y refuerza la conducta de las personas como de quien acab\u00f3 con la vida de Lorenzo Silva Arce, joven ind\u00edgena reciclador asesinado mientras dorm\u00eda en el banco de una parada de buses en Asunci\u00f3n. Igualmente, fue lo que permiti\u00f3 que una ni\u00f1a ind\u00edgena fuera descuartizada y depositada como una basura en las inmediaciones de la terminal de Asunci\u00f3n, o que otra fuera violada, drogada y atada en un inmueble en las inmediaciones del centro de la capital, casos de mujeres ind\u00edgenas violentadas y asesinadas cuyos cuerpos luego fueran desechados, entre otras muchas v\u00edctimas del odio y discriminaci\u00f3n, sin que hasta el momento cesen la violencia permanente perpetrada contra los Pueblos Ind\u00edgenas en todo sentido.<\/p>\n<p>En segundo lugar, es importante recordar que el Paraguay ya fue condenado por un \u00f3rgano internacional como la Corte Interamericana de Derechos Humanos, ya en el 2010 en el caso de X\u00e1kmok K\u00e1sek record\u00f3 al Estado que su deber especial de protecci\u00f3n a la no discriminaci\u00f3n, abarca las actuaciones y pr\u00e1cticas de terceros quienes bajo su tolerancia mantengan situaciones discriminatorias. Por tanto, el Estado debe intervenir en este tipo de casos. Por otra parte, recordamos que sigue la deuda pendiente respecto a una Ley contra toda forma de discriminaci\u00f3n, que reglamente el art\u00edculo 46 de la Constituci\u00f3n Nacional, que consagr\u00f3 el derecho fundamental a la no discriminaci\u00f3n; que, tanto las organizaciones ind\u00edgenas, organizaciones sociales y organizaciones de la sociedad civil vienen trabajando y presentando al Parlamento por lo menos desde hace m\u00e1s de 14 a\u00f1os y hasta el momento no se ha tenido voluntad pol\u00edtica para aprobar. En el 2016, La Convenci\u00f3n Internacional sobre la Eliminaci\u00f3n de todas las Formas de Discriminaci\u00f3n Racial de Naciones Unidas ha recomendado al Estado Paraguayo \u201cEl Comit\u00e9 recomienda al Estado parte que adopte una pol\u00edtica nacional integral de lucha contra el racismo y la discriminaci\u00f3n racial que promueva la inclusi\u00f3n social y reduzca los altos niveles de desigualdad y pobreza que afectan a los miembros de pueblos ind\u00edgenas y los afroparaguayos\u201d. Sin embargo, hasta el momento no se ha tomado las medidas legales necesarias. Recordamos que este tipo de discursos como el sostenido por Firmino Ben\u00edtez, no se encuentra amparados ni protegidos por la libertad de expresi\u00f3n y contrar\u00eda normativa nacional e internacional que expresamente proh\u00edbe la propaganda a favor del odio racial.<\/p>\n<p>En tercer lugar, es importante recordar que estas expresiones suman a un sistema de violencia permanente contra los Pueblos Ind\u00edgenas, que siguen sufriendo la expulsi\u00f3n y los desalojos forzosos de los territorios, ordenados por los poderosos que se apropiaron de las tierras y la utilizan como mercader\u00eda, con un Estado servil que no muestra inter\u00e9s en solucionar la violencia contra los Pueblos Ind\u00edgenas de este pa\u00eds.<\/p>\n<p>Requerimos, por tanto, al Ministerio P\u00fablico, que en raz\u00f3n a estos dichos y en el marco, incluso de su propia carta org\u00e1nica, que en su art\u00edculo 1 se\u00f1ala su obligaci\u00f3n particular de promover la acci\u00f3n penal p\u00fablica en defensa de los derechos ind\u00edgenas, tome este caso y lo investigue decididamente a fin de disuadir discursos y acciones de odio, discriminaci\u00f3n, violencia que ejercen el propio Estado, particulares y grupos econ\u00f3micos contra los Pueblos Ind\u00edgenas en el pa\u00eds. En ese sentido, pedimos que sume esta denuncia a la realizada el d\u00eda de ayer por los miembros del Pueblo Pa\u00ef Tavyter\u00e4 en la Fiscal\u00eda de Pedro Juan Caballero.<\/p>\n<p>Los Pueblos Ind\u00edgenas somos personas con todos los Derechos que garantiza la Constituci\u00f3n Nacional, los Convenios y tratados internacionales y por lo tanto merecemos respeto, pol\u00edticas p\u00fablicas y seguridad para vivir en nuestros territorios que son reconocido anteriores a la existencia del Estado Naci\u00f3n.<\/p>\n<p>&nbsp;<\/p>\n<p style=\"text-align: center;\">NO A LA DISCRIMINACI\u00d3N RACIAL<\/p>\n<p style=\"text-align: center;\">NO AL ODIO A LOS PUEBLOS IND\u00cdGENAS<\/p>\n<p style=\"text-align: center;\">NO A LA VIOLENCIA CONTRA LOS PUEBLOS IND\u00cdGENAS<\/p>\n<p>Organizaciones Ind\u00edgenas que integran la Articulaci\u00f3n:<\/p>\n<p>Asociaci\u00f3n de Comunidades Mbya Guaran\u00ed \u00d1oguero\u00ef Pave\u00ef, La Articulaci\u00f3n de Mujeres Ind\u00edgenas del Paraguay \u2013Mipy, Coordinadora de L\u00edderes Ind\u00edgenas del Bajo Chaco \u2013 ClibCh, Clan Kuchingi Mairekoty, Coordinadora Ind\u00edgena de Comunidades y N\u00facleos Urbanos \u2013 C.IC.N.U., Organizaci\u00f3n Nacional de Abor\u00edgenes Independientes-ONAI, Organizaci\u00f3n Nacional del Pueblo Guaran\u00ed-OPG, Organizaci\u00f3n Nacional de Mujeres Guaran\u00ed del Paraguay- Ku\u00f1a Guaran\u00ed Aty, Organizaci\u00f3n Ku\u00f1a Guaran\u00ed, Organizaci\u00f3n Payipie Ichadie Totobiegosode-OPIT, Red de Veeduria Social Juvenil Ind\u00edgena, Coordinaci\u00f3n de L\u00edderes Urbanos, Uni\u00f3n juvenil ind\u00edgena del Paraguay ( UJIP), Uni\u00f3n de Comunidades de la Naci\u00f3n Yshir- UCINY.<\/p>\n<p>&nbsp;<\/p>\n","protected":false},"excerpt":{"rendered":"<p>La Articulaci\u00f3n Nacional Ind\u00edgena por una Vida Digna present\u00f3 en la ma\u00f1ana de hoy una denuncia ante la Fiscal\u00eda General del Estado por apolog\u00eda a la violencia, discriminaci\u00f3n contra los Pueblos Ind\u00edgenas y discurso de odio por parte de un comunicador que llam\u00f3 a &#8220;garrotear&#8221; a los ind\u00edgenas, entre otras expresiones. Seg\u00fan se\u00f1alan las organizaciones<a class=\"more-link\" href=\"https:\/\/vortice.rocks\/clientes\/tierraviva\/indigenas-presentan-denuncia-por-apologia-del-delito-y-discriminacion\/\">Seguir leyendo <span class=\"screen-reader-text\">&#8220;Ind\u00edgenas presentan denuncia por apolog\u00eda del delito y discriminaci\u00f3n&#8221;<\/span><\/a><\/p>\n","protected":false},"author":5,"featured_media":2138,"comment_status":"open","ping_status":"open","sticky":false,"template":"","format":"standard","meta":{"_exactmetrics_skip_tracking":false,"_exactmetrics_sitenote_active":false,"_exactmetrics_sitenote_note":"","_exactmetrics_sitenote_category":0,"footnotes":""},"categories":[3],"tags":[],"yoast_head":"<!-- This site is optimized with the Yoast SEO plugin v21.7 - https:\/\/yoast.com\/wordpress\/plugins\/seo\/ -->\n<title>Ind\u00edgenas presentan denuncia por apolog\u00eda del delito y discriminaci\u00f3n - Tierraviva<\/title>\n<meta name=\"robots\" content=\"index, follow, max-snippet:-1, max-image-preview:large, max-video-preview:-1\" \/>\n<link rel=\"canonical\" href=\"https:\/\/vortice.rocks\/clientes\/tierraviva\/indigenas-presentan-denuncia-por-apologia-del-delito-y-discriminacion\/\" \/>\n<meta property=\"og:locale\" content=\"es_ES\" \/>\n<meta property=\"og:type\" content=\"article\" \/>\n<meta property=\"og:title\" content=\"Ind\u00edgenas presentan denuncia por apolog\u00eda del delito y discriminaci\u00f3n - Tierraviva\" \/>\n<meta property=\"og:description\" content=\"La Articulaci\u00f3n Nacional Ind\u00edgena por una Vida Digna present\u00f3 en la ma\u00f1ana de hoy una denuncia ante la Fiscal\u00eda General del Estado por apolog\u00eda a la violencia, discriminaci\u00f3n contra los Pueblos Ind\u00edgenas y discurso de odio por parte de un comunicador que llam\u00f3 a &#8220;garrotear&#8221; a los ind\u00edgenas, entre otras expresiones. Seg\u00fan se\u00f1alan las organizacionesSeguir leyendo &quot;Ind\u00edgenas presentan denuncia por apolog\u00eda del delito y discriminaci\u00f3n&quot;\" \/>\n<meta property=\"og:url\" content=\"https:\/\/vortice.rocks\/clientes\/tierraviva\/indigenas-presentan-denuncia-por-apologia-del-delito-y-discriminacion\/\" \/>\n<meta property=\"og:site_name\" content=\"Tierraviva\" \/>\n<meta property=\"article:publisher\" content=\"https:\/\/www.facebook.com\/Tierraviva-a-los-pueblos-indigenas-del-Chaco-217328148281564\/\" \/>\n<meta property=\"article:published_time\" content=\"2021-02-03T14:21:02+00:00\" \/>\n<meta property=\"article:modified_time\" content=\"2021-02-03T14:49:28+00:00\" \/>\n<meta property=\"og:image\" content=\"https:\/\/vortice.rocks\/clientes\/tierraviva\/wp-content\/uploads\/2021\/02\/IMG-20210203-WA0117.jpg\" \/>\n\t<meta property=\"og:image:width\" content=\"1152\" \/>\n\t<meta property=\"og:image:height\" content=\"532\" \/>\n\t<meta property=\"og:image:type\" content=\"image\/jpeg\" \/>\n<meta name=\"author\" content=\"Santi Ortiz\" \/>\n<meta name=\"twitter:label1\" content=\"Escrito por\" \/>\n\t<meta name=\"twitter:data1\" content=\"Santi Ortiz\" \/>\n\t<meta name=\"twitter:label2\" content=\"Tiempo de lectura\" \/>\n\t<meta name=\"twitter:data2\" content=\"5 minutos\" \/>\n<script type=\"application\/ld+json\" class=\"yoast-schema-graph\">{\"@context\":\"https:\/\/schema.org\",\"@graph\":[{\"@type\":\"WebPage\",\"@id\":\"https:\/\/vortice.rocks\/clientes\/tierraviva\/indigenas-presentan-denuncia-por-apologia-del-delito-y-discriminacion\/\",\"url\":\"https:\/\/vortice.rocks\/clientes\/tierraviva\/indigenas-presentan-denuncia-por-apologia-del-delito-y-discriminacion\/\",\"name\":\"Ind\u00edgenas presentan denuncia por apolog\u00eda del delito y discriminaci\u00f3n - Tierraviva\",\"isPartOf\":{\"@id\":\"https:\/\/vortice.rocks\/clientes\/tierraviva\/#website\"},\"datePublished\":\"2021-02-03T14:21:02+00:00\",\"dateModified\":\"2021-02-03T14:49:28+00:00\",\"author\":{\"@id\":\"https:\/\/vortice.rocks\/clientes\/tierraviva\/#\/schema\/person\/0652c5aad419c86cff8f8129d355edd0\"},\"breadcrumb\":{\"@id\":\"https:\/\/vortice.rocks\/clientes\/tierraviva\/indigenas-presentan-denuncia-por-apologia-del-delito-y-discriminacion\/#breadcrumb\"},\"inLanguage\":\"es\",\"potentialAction\":[{\"@type\":\"ReadAction\",\"target\":[\"https:\/\/vortice.rocks\/clientes\/tierraviva\/indigenas-presentan-denuncia-por-apologia-del-delito-y-discriminacion\/\"]}]},{\"@type\":\"BreadcrumbList\",\"@id\":\"https:\/\/vortice.rocks\/clientes\/tierraviva\/indigenas-presentan-denuncia-por-apologia-del-delito-y-discriminacion\/#breadcrumb\",\"itemListElement\":[{\"@type\":\"ListItem\",\"position\":1,\"name\":\"Portada\",\"item\":\"https:\/\/vortice.rocks\/clientes\/tierraviva\/\"},{\"@type\":\"ListItem\",\"position\":2,\"name\":\"Ind\u00edgenas presentan denuncia por apolog\u00eda del delito y discriminaci\u00f3n\"}]},{\"@type\":\"WebSite\",\"@id\":\"https:\/\/vortice.rocks\/clientes\/tierraviva\/#website\",\"url\":\"https:\/\/vortice.rocks\/clientes\/tierraviva\/\",\"name\":\"Tierraviva\",\"description\":\"\",\"potentialAction\":[{\"@type\":\"SearchAction\",\"target\":{\"@type\":\"EntryPoint\",\"urlTemplate\":\"https:\/\/vortice.rocks\/clientes\/tierraviva\/?s={search_term_string}\"},\"query-input\":\"required name=search_term_string\"}],\"inLanguage\":\"es\"},{\"@type\":\"Person\",\"@id\":\"https:\/\/vortice.rocks\/clientes\/tierraviva\/#\/schema\/person\/0652c5aad419c86cff8f8129d355edd0\",\"name\":\"Santi Ortiz\",\"image\":{\"@type\":\"ImageObject\",\"inLanguage\":\"es\",\"@id\":\"https:\/\/vortice.rocks\/clientes\/tierraviva\/#\/schema\/person\/image\/\",\"url\":\"https:\/\/secure.gravatar.com\/avatar\/78bab899e21d2840245c1646bfc64d01?s=96&d=mm&r=g\",\"contentUrl\":\"https:\/\/secure.gravatar.com\/avatar\/78bab899e21d2840245c1646bfc64d01?s=96&d=mm&r=g\",\"caption\":\"Santi Ortiz\"},\"sameAs\":[\"https:\/\/vortice.rocks\/clientes\/tierraviva\"],\"url\":\"https:\/\/vortice.rocks\/clientes\/tierraviva\/author\/santi-ortiz\/\"}]}<\/script>\n<!-- \/ Yoast SEO plugin. -->","yoast_head_json":{"title":"Ind\u00edgenas presentan denuncia por apolog\u00eda del delito y discriminaci\u00f3n - Tierraviva","robots":{"index":"index","follow":"follow","max-snippet":"max-snippet:-1","max-image-preview":"max-image-preview:large","max-video-preview":"max-video-preview:-1"},"canonical":"https:\/\/vortice.rocks\/clientes\/tierraviva\/indigenas-presentan-denuncia-por-apologia-del-delito-y-discriminacion\/","og_locale":"es_ES","og_type":"article","og_title":"Ind\u00edgenas presentan denuncia por apolog\u00eda del delito y discriminaci\u00f3n - Tierraviva","og_description":"La Articulaci\u00f3n Nacional Ind\u00edgena por una Vida Digna present\u00f3 en la ma\u00f1ana de hoy una denuncia ante la Fiscal\u00eda General del Estado por apolog\u00eda a la violencia, discriminaci\u00f3n contra los Pueblos Ind\u00edgenas y discurso de odio por parte de un comunicador que llam\u00f3 a &#8220;garrotear&#8221; a los ind\u00edgenas, entre otras expresiones. Seg\u00fan se\u00f1alan las organizacionesSeguir leyendo \"Ind\u00edgenas presentan denuncia por apolog\u00eda del delito y discriminaci\u00f3n\"","og_url":"https:\/\/vortice.rocks\/clientes\/tierraviva\/indigenas-presentan-denuncia-por-apologia-del-delito-y-discriminacion\/","og_site_name":"Tierraviva","article_publisher":"https:\/\/www.facebook.com\/Tierraviva-a-los-pueblos-indigenas-del-Chaco-217328148281564\/","article_published_time":"2021-02-03T14:21:02+00:00","article_modified_time":"2021-02-03T14:49:28+00:00","og_image":[{"width":1152,"height":532,"url":"https:\/\/vortice.rocks\/clientes\/tierraviva\/wp-content\/uploads\/2021\/02\/IMG-20210203-WA0117.jpg","type":"image\/jpeg"}],"author":"Santi Ortiz","twitter_misc":{"Escrito por":"Santi Ortiz","Tiempo de lectura":"5 minutos"},"schema":{"@context":"https:\/\/schema.org","@graph":[{"@type":"WebPage","@id":"https:\/\/vortice.rocks\/clientes\/tierraviva\/indigenas-presentan-denuncia-por-apologia-del-delito-y-discriminacion\/","url":"https:\/\/vortice.rocks\/clientes\/tierraviva\/indigenas-presentan-denuncia-por-apologia-del-delito-y-discriminacion\/","name":"Ind\u00edgenas presentan denuncia por apolog\u00eda del delito y discriminaci\u00f3n - Tierraviva","isPartOf":{"@id":"https:\/\/vortice.rocks\/clientes\/tierraviva\/#website"},"datePublished":"2021-02-03T14:21:02+00:00","dateModified":"2021-02-03T14:49:28+00:00","author":{"@id":"https:\/\/vortice.rocks\/clientes\/tierraviva\/#\/schema\/person\/0652c5aad419c86cff8f8129d355edd0"},"breadcrumb":{"@id":"https:\/\/vortice.rocks\/clientes\/tierraviva\/indigenas-presentan-denuncia-por-apologia-del-delito-y-discriminacion\/#breadcrumb"},"inLanguage":"es","potentialAction":[{"@type":"ReadAction","target":["https:\/\/vortice.rocks\/clientes\/tierraviva\/indigenas-presentan-denuncia-por-apologia-del-delito-y-discriminacion\/"]}]},{"@type":"BreadcrumbList","@id":"https:\/\/vortice.rocks\/clientes\/tierraviva\/indigenas-presentan-denuncia-por-apologia-del-delito-y-discriminacion\/#breadcrumb","itemListElement":[{"@type":"ListItem","position":1,"name":"Portada","item":"https:\/\/vortice.rocks\/clientes\/tierraviva\/"},{"@type":"ListItem","position":2,"name":"Ind\u00edgenas presentan denuncia por apolog\u00eda del delito y discriminaci\u00f3n"}]},{"@type":"WebSite","@id":"https:\/\/vortice.rocks\/clientes\/tierraviva\/#website","url":"https:\/\/vortice.rocks\/clientes\/tierraviva\/","name":"Tierraviva","description":"","potentialAction":[{"@type":"SearchAction","target":{"@type":"EntryPoint","urlTemplate":"https:\/\/vortice.rocks\/clientes\/tierraviva\/?s={search_term_string}"},"query-input":"required name=search_term_string"}],"inLanguage":"es"},{"@type":"Person","@id":"https:\/\/vortice.rocks\/clientes\/tierraviva\/#\/schema\/person\/0652c5aad419c86cff8f8129d355edd0","name":"Santi Ortiz","image":{"@type":"ImageObject","inLanguage":"es","@id":"https:\/\/vortice.rocks\/clientes\/tierraviva\/#\/schema\/person\/image\/","url":"https:\/\/secure.gravatar.com\/avatar\/78bab899e21d2840245c1646bfc64d01?s=96&d=mm&r=g","contentUrl":"https:\/\/secure.gravatar.com\/avatar\/78bab899e21d2840245c1646bfc64d01?s=96&d=mm&r=g","caption":"Santi Ortiz"},"sameAs":["https:\/\/vortice.rocks\/clientes\/tierraviva"],"url":"https:\/\/vortice.rocks\/clientes\/tierraviva\/author\/santi-ortiz\/"}]}},"_links":{"self":[{"href":"https:\/\/vortice.rocks\/clientes\/tierraviva\/wp-json\/wp\/v2\/posts\/2136"}],"collection":[{"href":"https:\/\/vortice.rocks\/clientes\/tierraviva\/wp-json\/wp\/v2\/posts"}],"about":[{"href":"https:\/\/vortice.rocks\/clientes\/tierraviva\/wp-json\/wp\/v2\/types\/post"}],"author":[{"embeddable":true,"href":"https:\/\/vortice.rocks\/clientes\/tierraviva\/wp-json\/wp\/v2\/users\/5"}],"replies":[{"embeddable":true,"href":"https:\/\/vortice.rocks\/clientes\/tierraviva\/wp-json\/wp\/v2\/comments?post=2136"}],"version-history":[{"count":4,"href":"https:\/\/vortice.rocks\/clientes\/tierraviva\/wp-json\/wp\/v2\/posts\/2136\/revisions"}],"predecessor-version":[{"id":2142,"href":"https:\/\/vortice.rocks\/clientes\/tierraviva\/wp-json\/wp\/v2\/posts\/2136\/revisions\/2142"}],"wp:featuredmedia":[{"embeddable":true,"href":"https:\/\/vortice.rocks\/clientes\/tierraviva\/wp-json\/wp\/v2\/media\/2138"}],"wp:attachment":[{"href":"https:\/\/vortice.rocks\/clientes\/tierraviva\/wp-json\/wp\/v2\/media?parent=2136"}],"wp:term":[{"taxonomy":"category","embeddable":true,"href":"https:\/\/vortice.rocks\/clientes\/tierraviva\/wp-json\/wp\/v2\/categories?post=2136"},{"taxonomy":"post_tag","embeddable":true,"href":"https:\/\/vortice.rocks\/clientes\/tierraviva\/wp-json\/wp\/v2\/tags?post=2136"}],"curies":[{"name":"wp","href":"https:\/\/api.w.org\/{rel}","templated":true}]}}