{"id":2155,"date":"2021-03-05T15:36:35","date_gmt":"2021-03-05T19:36:35","guid":{"rendered":"https:\/\/vortice.rocks\/clientes\/tierraviva\/?p=2155"},"modified":"2021-03-05T15:36:35","modified_gmt":"2021-03-05T19:36:35","slug":"xakmok-kasek-pasado-y-presente-de-lucha-futuro-de-esperanza","status":"publish","type":"post","link":"https:\/\/vortice.rocks\/clientes\/tierraviva\/xakmok-kasek-pasado-y-presente-de-lucha-futuro-de-esperanza\/","title":{"rendered":"X\u00e1kmok K\u00e1sek, pasado y presente de lucha, futuro de esperanza"},"content":{"rendered":"<p>El pasado 23 de febrero se cumplieron 6 a\u00f1os de la reocupaci\u00f3n de sus tierras por parte de la comunidad X\u00e1kmok K\u00e1sek, del Pueblo Sanapan\u00e1, ubicada en el distrito de Irala Fern\u00e1ndez, departamento de Presidente Hayes, a 20 kil\u00f3metros de la Ruta Transchaco. La comunidad lleva m\u00e1s de 30 a\u00f1os de lucha por recuperar sus territorios y garantizar condiciones dignas de vida para sus integrantes.<\/p>\n<p>En 2010 la Corte Interamericana de Derechos Humanos fall\u00f3 a favor de la comunidad ordenando la restituci\u00f3n de m\u00e1s unas 10.700 hect\u00e1reas de su territorio ancestral, adem\u00e1s de la obligaci\u00f3n del Estado de garantizar derechos fundamentales que durante a\u00f1os les fueron negados a la comunidad.<\/p>\n<p>A pesar de esta sentencia del organismo internacional, en febrero de 2015 la comunidad debi\u00f3 reocupar sus tierras para lograr que el Estado cumpla, parcialmente, con el fallo. Actualmente ocupan 7.701 hect\u00e1reas de tierra y luchan por garantizar el cumplimiento de los dem\u00e1s puntos del fallo, como el acceso a la vivienda digna, salud y educaci\u00f3n de calidad.<\/p>\n<p>Para conmemorar los seis a\u00f1os de la reocupaci\u00f3n de sus tierras la comunidad organiz\u00f3, el s\u00e1bado 21 y domingo 22 del corriente, dos d\u00edas de intercambio, debate y celebraci\u00f3n junto a invitados e invitadas de otras comunidades ind\u00edgenas y organizaciones que acompa\u00f1an la lucha de la comunidad. Partidos de f\u00fatbol masculino y femenino, rondas de intercambio y una recopilaci\u00f3n hist\u00f3rica de la lucha de la comunidad fueron parte de esta celebraci\u00f3n, donde lo fundamental fue transmitir a los m\u00e1s j\u00f3venes la experiencia de luchas y sacrificios que atraves\u00f3 la comunidad, y y brindar un homenaje a los ancianos y ancianas que llevaron adelante esas luchas.<\/p>\n<p>Al momento de celebrar el sexto aniversario de la reocupaci\u00f3n de sus tierras, los l\u00edderes y referentes hist\u00f3ricos de la comunidad recordaron los duros momentos que atravesaron cuando no pod\u00edan acceder a su territorio, las carencias y dolores que soport\u00f3 la comunidad y como, mediante la organizaci\u00f3n y la lucha, pudieron recuperar parte de sus tierras y mejorar su calidad de vida.<\/p>\n<p>\u201cYa tenemos la tierra, esto es de todos nosotros, pero principalmente es de los j\u00f3venes, cuando ellos quieran formar una familia tienen esta tierra para elegir donde formar su hogar. Nosotros ya somos viejos, pero esta tierra queda para las nuevas generaciones. Es grande el cambio. Mucho todav\u00eda falta pero lo vamos a alcanzar mediante la lucha como lo hicimos siempre\u201d asegura Clemente Dermont, uno de los l\u00edderes de la comunidad, al momento de destacar las mejoras que han logrado en la comunidad y los desaf\u00edos que a\u00fan quedan por delante.<\/p>\n<p>Por su parte Amancio Ruiz, tamb\u00eden l\u00edder de Xakmok K\u00e1sek, indic\u00f3 \u201cse cumplen seis a\u00f1os de que estamos de nuevo aqu\u00ed, casi 40 a\u00f1os de lucha para lograr conquistar este pedazo de tierra. Todav\u00eda falta mucho de lo que la Corte IDH estableci\u00f3 que le corresponde a la comunidad Xakmok K\u00e1sek, faltan a\u00fan m\u00e1s de 3000 hect\u00e1reas de recuperar nuestras tierras\u201d haciendo alusi\u00f3n a las tierras reclamadas por la comunidad que a\u00fan est\u00e1n en poder de establecimientos privados.<\/p>\n<p>M\u00e1s de 70 familias ind\u00edgenas conforman hoy la comunidad de Xakmok K\u00e1sek, ellas contin\u00faan luchando por garantizar los derechos fundamentales que durante d\u00e9cadas les fueron negados, hoy mediante la organizaci\u00f3n, la lucha y el esfuerzo colectivo la calidad de vida de los miembros de la comunidad ha mejorado sustancialmente, sin embargo a\u00fan queda mucho por mejorar, y el Estado paraguayo contin\u00faa en deuda con esta comunidad, y con los pueblos ind\u00edgenas en general.<\/p>\n","protected":false},"excerpt":{"rendered":"<p>El pasado 23 de febrero se cumplieron 6 a\u00f1os de la reocupaci\u00f3n de sus tierras por parte de la comunidad X\u00e1kmok K\u00e1sek, del Pueblo Sanapan\u00e1, ubicada en el distrito de Irala Fern\u00e1ndez, departamento de Presidente Hayes, a 20 kil\u00f3metros de la Ruta Transchaco. La comunidad lleva m\u00e1s de 30 a\u00f1os de lucha por recuperar sus<a class=\"more-link\" href=\"https:\/\/vortice.rocks\/clientes\/tierraviva\/xakmok-kasek-pasado-y-presente-de-lucha-futuro-de-esperanza\/\">Seguir leyendo <span class=\"screen-reader-text\">&#8220;X\u00e1kmok K\u00e1sek, pasado y presente de lucha, futuro de esperanza&#8221;<\/span><\/a><\/p>\n","protected":false},"author":5,"featured_media":2157,"comment_status":"open","ping_status":"open","sticky":false,"template":"","format":"standard","meta":{"_exactmetrics_skip_tracking":false,"_exactmetrics_sitenote_active":false,"_exactmetrics_sitenote_note":"","_exactmetrics_sitenote_category":0,"footnotes":""},"categories":[3],"tags":[],"yoast_head":"<!-- This site is optimized with the Yoast SEO plugin v21.7 - https:\/\/yoast.com\/wordpress\/plugins\/seo\/ -->\n<title>X\u00e1kmok K\u00e1sek, pasado y presente de lucha, futuro de esperanza - Tierraviva<\/title>\n<meta name=\"robots\" content=\"index, follow, max-snippet:-1, max-image-preview:large, max-video-preview:-1\" \/>\n<link rel=\"canonical\" href=\"https:\/\/vortice.rocks\/clientes\/tierraviva\/xakmok-kasek-pasado-y-presente-de-lucha-futuro-de-esperanza\/\" \/>\n<meta property=\"og:locale\" content=\"es_ES\" \/>\n<meta property=\"og:type\" content=\"article\" \/>\n<meta property=\"og:title\" content=\"X\u00e1kmok K\u00e1sek, pasado y presente de lucha, futuro de esperanza - Tierraviva\" \/>\n<meta property=\"og:description\" content=\"El pasado 23 de febrero se cumplieron 6 a\u00f1os de la reocupaci\u00f3n de sus tierras por parte de la comunidad X\u00e1kmok K\u00e1sek, del Pueblo Sanapan\u00e1, ubicada en el distrito de Irala Fern\u00e1ndez, departamento de Presidente Hayes, a 20 kil\u00f3metros de la Ruta Transchaco. La comunidad lleva m\u00e1s de 30 a\u00f1os de lucha por recuperar susSeguir leyendo &quot;X\u00e1kmok K\u00e1sek, pasado y presente de lucha, futuro de esperanza&quot;\" \/>\n<meta property=\"og:url\" content=\"https:\/\/vortice.rocks\/clientes\/tierraviva\/xakmok-kasek-pasado-y-presente-de-lucha-futuro-de-esperanza\/\" \/>\n<meta property=\"og:site_name\" content=\"Tierraviva\" \/>\n<meta property=\"article:publisher\" content=\"https:\/\/www.facebook.com\/Tierraviva-a-los-pueblos-indigenas-del-Chaco-217328148281564\/\" \/>\n<meta property=\"article:published_time\" content=\"2021-03-05T19:36:35+00:00\" \/>\n<meta property=\"og:image\" content=\"https:\/\/vortice.rocks\/clientes\/tierraviva\/wp-content\/uploads\/2021\/03\/IMG-20210303-WA0070.jpg\" \/>\n\t<meta property=\"og:image:width\" content=\"1280\" \/>\n\t<meta property=\"og:image:height\" content=\"853\" \/>\n\t<meta property=\"og:image:type\" content=\"image\/jpeg\" \/>\n<meta name=\"author\" content=\"Santi Ortiz\" \/>\n<meta name=\"twitter:label1\" content=\"Escrito por\" \/>\n\t<meta name=\"twitter:data1\" content=\"Santi Ortiz\" \/>\n\t<meta name=\"twitter:label2\" content=\"Tiempo de lectura\" \/>\n\t<meta name=\"twitter:data2\" content=\"3 minutos\" \/>\n<script type=\"application\/ld+json\" class=\"yoast-schema-graph\">{\"@context\":\"https:\/\/schema.org\",\"@graph\":[{\"@type\":\"WebPage\",\"@id\":\"https:\/\/vortice.rocks\/clientes\/tierraviva\/xakmok-kasek-pasado-y-presente-de-lucha-futuro-de-esperanza\/\",\"url\":\"https:\/\/vortice.rocks\/clientes\/tierraviva\/xakmok-kasek-pasado-y-presente-de-lucha-futuro-de-esperanza\/\",\"name\":\"X\u00e1kmok K\u00e1sek, pasado y presente de lucha, futuro de esperanza - Tierraviva\",\"isPartOf\":{\"@id\":\"https:\/\/vortice.rocks\/clientes\/tierraviva\/#website\"},\"datePublished\":\"2021-03-05T19:36:35+00:00\",\"dateModified\":\"2021-03-05T19:36:35+00:00\",\"author\":{\"@id\":\"https:\/\/vortice.rocks\/clientes\/tierraviva\/#\/schema\/person\/0652c5aad419c86cff8f8129d355edd0\"},\"breadcrumb\":{\"@id\":\"https:\/\/vortice.rocks\/clientes\/tierraviva\/xakmok-kasek-pasado-y-presente-de-lucha-futuro-de-esperanza\/#breadcrumb\"},\"inLanguage\":\"es\",\"potentialAction\":[{\"@type\":\"ReadAction\",\"target\":[\"https:\/\/vortice.rocks\/clientes\/tierraviva\/xakmok-kasek-pasado-y-presente-de-lucha-futuro-de-esperanza\/\"]}]},{\"@type\":\"BreadcrumbList\",\"@id\":\"https:\/\/vortice.rocks\/clientes\/tierraviva\/xakmok-kasek-pasado-y-presente-de-lucha-futuro-de-esperanza\/#breadcrumb\",\"itemListElement\":[{\"@type\":\"ListItem\",\"position\":1,\"name\":\"Portada\",\"item\":\"https:\/\/vortice.rocks\/clientes\/tierraviva\/\"},{\"@type\":\"ListItem\",\"position\":2,\"name\":\"X\u00e1kmok K\u00e1sek, pasado y presente de lucha, futuro de esperanza\"}]},{\"@type\":\"WebSite\",\"@id\":\"https:\/\/vortice.rocks\/clientes\/tierraviva\/#website\",\"url\":\"https:\/\/vortice.rocks\/clientes\/tierraviva\/\",\"name\":\"Tierraviva\",\"description\":\"\",\"potentialAction\":[{\"@type\":\"SearchAction\",\"target\":{\"@type\":\"EntryPoint\",\"urlTemplate\":\"https:\/\/vortice.rocks\/clientes\/tierraviva\/?s={search_term_string}\"},\"query-input\":\"required name=search_term_string\"}],\"inLanguage\":\"es\"},{\"@type\":\"Person\",\"@id\":\"https:\/\/vortice.rocks\/clientes\/tierraviva\/#\/schema\/person\/0652c5aad419c86cff8f8129d355edd0\",\"name\":\"Santi Ortiz\",\"image\":{\"@type\":\"ImageObject\",\"inLanguage\":\"es\",\"@id\":\"https:\/\/vortice.rocks\/clientes\/tierraviva\/#\/schema\/person\/image\/\",\"url\":\"https:\/\/secure.gravatar.com\/avatar\/78bab899e21d2840245c1646bfc64d01?s=96&d=mm&r=g\",\"contentUrl\":\"https:\/\/secure.gravatar.com\/avatar\/78bab899e21d2840245c1646bfc64d01?s=96&d=mm&r=g\",\"caption\":\"Santi Ortiz\"},\"sameAs\":[\"https:\/\/vortice.rocks\/clientes\/tierraviva\"],\"url\":\"https:\/\/vortice.rocks\/clientes\/tierraviva\/author\/santi-ortiz\/\"}]}<\/script>\n<!-- \/ Yoast SEO plugin. -->","yoast_head_json":{"title":"X\u00e1kmok K\u00e1sek, pasado y presente de lucha, futuro de esperanza - Tierraviva","robots":{"index":"index","follow":"follow","max-snippet":"max-snippet:-1","max-image-preview":"max-image-preview:large","max-video-preview":"max-video-preview:-1"},"canonical":"https:\/\/vortice.rocks\/clientes\/tierraviva\/xakmok-kasek-pasado-y-presente-de-lucha-futuro-de-esperanza\/","og_locale":"es_ES","og_type":"article","og_title":"X\u00e1kmok K\u00e1sek, pasado y presente de lucha, futuro de esperanza - Tierraviva","og_description":"El pasado 23 de febrero se cumplieron 6 a\u00f1os de la reocupaci\u00f3n de sus tierras por parte de la comunidad X\u00e1kmok K\u00e1sek, del Pueblo Sanapan\u00e1, ubicada en el distrito de Irala Fern\u00e1ndez, departamento de Presidente Hayes, a 20 kil\u00f3metros de la Ruta Transchaco. La comunidad lleva m\u00e1s de 30 a\u00f1os de lucha por recuperar susSeguir leyendo \"X\u00e1kmok K\u00e1sek, pasado y presente de lucha, futuro de esperanza\"","og_url":"https:\/\/vortice.rocks\/clientes\/tierraviva\/xakmok-kasek-pasado-y-presente-de-lucha-futuro-de-esperanza\/","og_site_name":"Tierraviva","article_publisher":"https:\/\/www.facebook.com\/Tierraviva-a-los-pueblos-indigenas-del-Chaco-217328148281564\/","article_published_time":"2021-03-05T19:36:35+00:00","og_image":[{"width":1280,"height":853,"url":"https:\/\/vortice.rocks\/clientes\/tierraviva\/wp-content\/uploads\/2021\/03\/IMG-20210303-WA0070.jpg","type":"image\/jpeg"}],"author":"Santi Ortiz","twitter_misc":{"Escrito por":"Santi Ortiz","Tiempo de lectura":"3 minutos"},"schema":{"@context":"https:\/\/schema.org","@graph":[{"@type":"WebPage","@id":"https:\/\/vortice.rocks\/clientes\/tierraviva\/xakmok-kasek-pasado-y-presente-de-lucha-futuro-de-esperanza\/","url":"https:\/\/vortice.rocks\/clientes\/tierraviva\/xakmok-kasek-pasado-y-presente-de-lucha-futuro-de-esperanza\/","name":"X\u00e1kmok K\u00e1sek, pasado y presente de lucha, futuro de esperanza - Tierraviva","isPartOf":{"@id":"https:\/\/vortice.rocks\/clientes\/tierraviva\/#website"},"datePublished":"2021-03-05T19:36:35+00:00","dateModified":"2021-03-05T19:36:35+00:00","author":{"@id":"https:\/\/vortice.rocks\/clientes\/tierraviva\/#\/schema\/person\/0652c5aad419c86cff8f8129d355edd0"},"breadcrumb":{"@id":"https:\/\/vortice.rocks\/clientes\/tierraviva\/xakmok-kasek-pasado-y-presente-de-lucha-futuro-de-esperanza\/#breadcrumb"},"inLanguage":"es","potentialAction":[{"@type":"ReadAction","target":["https:\/\/vortice.rocks\/clientes\/tierraviva\/xakmok-kasek-pasado-y-presente-de-lucha-futuro-de-esperanza\/"]}]},{"@type":"BreadcrumbList","@id":"https:\/\/vortice.rocks\/clientes\/tierraviva\/xakmok-kasek-pasado-y-presente-de-lucha-futuro-de-esperanza\/#breadcrumb","itemListElement":[{"@type":"ListItem","position":1,"name":"Portada","item":"https:\/\/vortice.rocks\/clientes\/tierraviva\/"},{"@type":"ListItem","position":2,"name":"X\u00e1kmok K\u00e1sek, pasado y presente de lucha, futuro de esperanza"}]},{"@type":"WebSite","@id":"https:\/\/vortice.rocks\/clientes\/tierraviva\/#website","url":"https:\/\/vortice.rocks\/clientes\/tierraviva\/","name":"Tierraviva","description":"","potentialAction":[{"@type":"SearchAction","target":{"@type":"EntryPoint","urlTemplate":"https:\/\/vortice.rocks\/clientes\/tierraviva\/?s={search_term_string}"},"query-input":"required name=search_term_string"}],"inLanguage":"es"},{"@type":"Person","@id":"https:\/\/vortice.rocks\/clientes\/tierraviva\/#\/schema\/person\/0652c5aad419c86cff8f8129d355edd0","name":"Santi Ortiz","image":{"@type":"ImageObject","inLanguage":"es","@id":"https:\/\/vortice.rocks\/clientes\/tierraviva\/#\/schema\/person\/image\/","url":"https:\/\/secure.gravatar.com\/avatar\/78bab899e21d2840245c1646bfc64d01?s=96&d=mm&r=g","contentUrl":"https:\/\/secure.gravatar.com\/avatar\/78bab899e21d2840245c1646bfc64d01?s=96&d=mm&r=g","caption":"Santi Ortiz"},"sameAs":["https:\/\/vortice.rocks\/clientes\/tierraviva"],"url":"https:\/\/vortice.rocks\/clientes\/tierraviva\/author\/santi-ortiz\/"}]}},"_links":{"self":[{"href":"https:\/\/vortice.rocks\/clientes\/tierraviva\/wp-json\/wp\/v2\/posts\/2155"}],"collection":[{"href":"https:\/\/vortice.rocks\/clientes\/tierraviva\/wp-json\/wp\/v2\/posts"}],"about":[{"href":"https:\/\/vortice.rocks\/clientes\/tierraviva\/wp-json\/wp\/v2\/types\/post"}],"author":[{"embeddable":true,"href":"https:\/\/vortice.rocks\/clientes\/tierraviva\/wp-json\/wp\/v2\/users\/5"}],"replies":[{"embeddable":true,"href":"https:\/\/vortice.rocks\/clientes\/tierraviva\/wp-json\/wp\/v2\/comments?post=2155"}],"version-history":[{"count":1,"href":"https:\/\/vortice.rocks\/clientes\/tierraviva\/wp-json\/wp\/v2\/posts\/2155\/revisions"}],"predecessor-version":[{"id":2158,"href":"https:\/\/vortice.rocks\/clientes\/tierraviva\/wp-json\/wp\/v2\/posts\/2155\/revisions\/2158"}],"wp:featuredmedia":[{"embeddable":true,"href":"https:\/\/vortice.rocks\/clientes\/tierraviva\/wp-json\/wp\/v2\/media\/2157"}],"wp:attachment":[{"href":"https:\/\/vortice.rocks\/clientes\/tierraviva\/wp-json\/wp\/v2\/media?parent=2155"}],"wp:term":[{"taxonomy":"category","embeddable":true,"href":"https:\/\/vortice.rocks\/clientes\/tierraviva\/wp-json\/wp\/v2\/categories?post=2155"},{"taxonomy":"post_tag","embeddable":true,"href":"https:\/\/vortice.rocks\/clientes\/tierraviva\/wp-json\/wp\/v2\/tags?post=2155"}],"curies":[{"name":"wp","href":"https:\/\/api.w.org\/{rel}","templated":true}]}}