{"id":2159,"date":"2021-03-07T10:08:18","date_gmt":"2021-03-07T14:08:18","guid":{"rendered":"https:\/\/vortice.rocks\/clientes\/tierraviva\/?p=2159"},"modified":"2021-03-07T10:08:18","modified_gmt":"2021-03-07T14:08:18","slug":"comunicado-de-la-articulacion-nacional-indigena-denuncia-violacion-de-derechos","status":"publish","type":"post","link":"https:\/\/vortice.rocks\/clientes\/tierraviva\/comunicado-de-la-articulacion-nacional-indigena-denuncia-violacion-de-derechos\/","title":{"rendered":"Comunicado de la Articulaci\u00f3n Nacional Ind\u00edgena denuncia violaci\u00f3n de derechos."},"content":{"rendered":"<p>Desde la Articulaci\u00f3n Nacional Indigena por una Vida Digna, denunciamos los atropellos a nuestras comunidades por parte de civiles armados, matones que desalojaron a las comunidades sin orden judicial que hacen el uso desmedido de sus fuerzas contra hombres, mujeres, ancianas, ancianas, ni\u00f1os y ni\u00f1as indigenas<\/p>\n<p>Como Plataforma Social Indigena, que vienen luchando por una vida digna para los pueblos indigenas del Paraguay, nos solidarizamos con nuestros hermanos y hermanas de la comunidad Arroyo-Kupu&#8217;y, del Pueblo Ava Guaruni, asentados en el distrito de itakyry, alto Parana, victimas de un atropello por parte de civiles armados, ocurrido el ultimo 3 de marzo de 2021<\/p>\n<p>Nos preocupa la inacci\u00f3n de las autoridades nacional, que tienen como funcion garantizar el goce irrestricto de derechos a los Pueblos Indigenas, sin embargo, demuestran una actitud servil a los poderes econ\u00f3micos, al igro negocio, haciendo oido sordo a nuestros gritos de denuncia, acompuhando y validando desalojos de tierras tituladas a nombre de las comunidades indigenas o del Instituto Paraguayo del Indigena, como es el caso de la comunidad Arroyo Kupa&#8217;y, Veraro en Canindey\u00fa: Arroyo Piro&#8217;y, Guyra Payu, Loma Piroy, Hugua Po&#8217;i de Caaguazu, Jacigua, Ka&#8217;s Poty, de Alto Paran\u00e1 son solo algunos casos de comunidades indigenas victimas de atropellos ilegales y sobre todo victimas de la inacci\u00f3n de las autoridades, que no han realizados investigaciones serias de las denuncias que han presentado los lideres y lideresas de estas comunidades, permitiendo la violaci\u00f3n de nuestros derechos humano, obligandonos a un Etnocidio y llevandonos a muerte paulatina y silenciosa.<\/p>\n<p>Vemos con dolor, nuestros bosques arrasados a nuestros hermanos y herranas expulsados de sus tierras, forzados a migrar, perdiendo nuestra identidad, mestra cultura. nuestro TEKO. Sentimos que nuestras tierras ancestrales son el objetivo de los poderes externos, que se enriquecen acaparando tierras, tierras que nos han pertenecido desde siempre, incluso antes que se conforme la Rep\u00fablica del Paraguay<\/p>\n<p>La falta de pol\u00edticas p\u00fablicas eficientes que respondan a nuestras necesidades, hace que estemos expuestos y m\u00e1s que nunca vulnerables, privados de concretar nuestros derechos y desarrollamos en un ambiente de acuerdo a nuestras costumbres.<\/p>\n<p>Es por esto que exigimos a las autoridades p\u00fablicas de los tres poderes del Estado especialmente al INDI en la persona del Abg. Edgar Olmedo y del Ministerio P\u00fablico en la persona de la Fiscal General del Estado Aby Sandra Quinonez, a adoptar acciones pr\u00e1cticas y prontas para la defensa de nuestros territorios en especial, investigaci\u00f3n de las demincias presentadas por los lideres y lideresas sobre amenazas de invasiones y desalojes y la adopci\u00f3n de medidas que garanticen el cumplimiento de nuestro derechos constitucionalmente reconocidos, amparados por tratados internacionales leyes y otros Instrumentos como las 100 Reglas de Brasilia, el Convenio 169 de la OfT entre otros.<\/p>\n<p>&nbsp;<\/p>\n<p>Asuncion, 6 de marzo 2021<\/p>\n<p>&nbsp;<\/p>\n<p>Organizaciones Indigenas: Asociaci\u00f3n de Comunidades Mbya Guaranl Noguerol Pavei, La Articulaci\u00f3n de Mujeres Indigenas del Paraguay -Mipy, Coordinadora de Lideres Indigenas del Bajo Chaco &#8211; Clinch, Clan Kuchingi Mairekoty, Coordinadora Indigena de Comunidades y Nucleos Urbanos &#8211; CIC.N.U. Organizaci\u00f3n Nacional de Aborigenes Independientes-ONAL Organizaci\u00f3n Nacional del Pueblo Guarani-OPG, Organizaci\u00f3n Nacional de Mujeres Guarani del Paraguay- Ku\u00f1a Guarani Aty. Organizaci\u00f3n Kuna Guarani, Organizaci\u00f3n Payipie Ichadie Totoblegosode-OPIT; Red de Veeduria Social Juvenil Indigena, Coordinaci\u00f3n de Lideres Urbanos, Uni\u00f3n Juvenil indigena del Paraguay ( USIP). Union de Comunidades de la Naci\u00f3n Yshir- UNITY.<\/p>\n","protected":false},"excerpt":{"rendered":"<p>Desde la Articulaci\u00f3n Nacional Indigena por una Vida Digna, denunciamos los atropellos a nuestras comunidades por parte de civiles armados, matones que desalojaron a las comunidades sin orden judicial que hacen el uso desmedido de sus fuerzas contra hombres, mujeres, ancianas, ancianas, ni\u00f1os y ni\u00f1as indigenas Como Plataforma Social Indigena, que vienen luchando por una<a class=\"more-link\" href=\"https:\/\/vortice.rocks\/clientes\/tierraviva\/comunicado-de-la-articulacion-nacional-indigena-denuncia-violacion-de-derechos\/\">Seguir leyendo <span class=\"screen-reader-text\">&#8220;Comunicado de la Articulaci\u00f3n Nacional Ind\u00edgena denuncia violaci\u00f3n de derechos.&#8221;<\/span><\/a><\/p>\n","protected":false},"author":5,"featured_media":2160,"comment_status":"open","ping_status":"open","sticky":false,"template":"","format":"standard","meta":{"_exactmetrics_skip_tracking":false,"_exactmetrics_sitenote_active":false,"_exactmetrics_sitenote_note":"","_exactmetrics_sitenote_category":0,"footnotes":""},"categories":[3],"tags":[],"yoast_head":"<!-- This site is optimized with the Yoast SEO plugin v21.7 - https:\/\/yoast.com\/wordpress\/plugins\/seo\/ -->\n<title>Comunicado de la Articulaci\u00f3n Nacional Ind\u00edgena denuncia violaci\u00f3n de derechos. - Tierraviva<\/title>\n<meta name=\"robots\" content=\"index, follow, max-snippet:-1, max-image-preview:large, max-video-preview:-1\" \/>\n<link rel=\"canonical\" href=\"https:\/\/vortice.rocks\/clientes\/tierraviva\/comunicado-de-la-articulacion-nacional-indigena-denuncia-violacion-de-derechos\/\" \/>\n<meta property=\"og:locale\" content=\"es_ES\" \/>\n<meta property=\"og:type\" content=\"article\" \/>\n<meta property=\"og:title\" content=\"Comunicado de la Articulaci\u00f3n Nacional Ind\u00edgena denuncia violaci\u00f3n de derechos. - Tierraviva\" \/>\n<meta property=\"og:description\" content=\"Desde la Articulaci\u00f3n Nacional Indigena por una Vida Digna, denunciamos los atropellos a nuestras comunidades por parte de civiles armados, matones que desalojaron a las comunidades sin orden judicial que hacen el uso desmedido de sus fuerzas contra hombres, mujeres, ancianas, ancianas, ni\u00f1os y ni\u00f1as indigenas Como Plataforma Social Indigena, que vienen luchando por unaSeguir leyendo &quot;Comunicado de la Articulaci\u00f3n Nacional Ind\u00edgena denuncia violaci\u00f3n de derechos.&quot;\" \/>\n<meta property=\"og:url\" content=\"https:\/\/vortice.rocks\/clientes\/tierraviva\/comunicado-de-la-articulacion-nacional-indigena-denuncia-violacion-de-derechos\/\" \/>\n<meta property=\"og:site_name\" content=\"Tierraviva\" \/>\n<meta property=\"article:publisher\" content=\"https:\/\/www.facebook.com\/Tierraviva-a-los-pueblos-indigenas-del-Chaco-217328148281564\/\" \/>\n<meta property=\"article:published_time\" content=\"2021-03-07T14:08:18+00:00\" \/>\n<meta property=\"og:image\" content=\"https:\/\/vortice.rocks\/clientes\/tierraviva\/wp-content\/uploads\/2021\/03\/IMG_20210307_110720_834.jpg\" \/>\n\t<meta property=\"og:image:width\" content=\"1280\" \/>\n\t<meta property=\"og:image:height\" content=\"587\" \/>\n\t<meta property=\"og:image:type\" content=\"image\/jpeg\" \/>\n<meta name=\"author\" content=\"Santi Ortiz\" \/>\n<meta name=\"twitter:label1\" content=\"Escrito por\" \/>\n\t<meta name=\"twitter:data1\" content=\"Santi Ortiz\" \/>\n\t<meta name=\"twitter:label2\" content=\"Tiempo de lectura\" \/>\n\t<meta name=\"twitter:data2\" content=\"3 minutos\" \/>\n<script type=\"application\/ld+json\" class=\"yoast-schema-graph\">{\"@context\":\"https:\/\/schema.org\",\"@graph\":[{\"@type\":\"WebPage\",\"@id\":\"https:\/\/vortice.rocks\/clientes\/tierraviva\/comunicado-de-la-articulacion-nacional-indigena-denuncia-violacion-de-derechos\/\",\"url\":\"https:\/\/vortice.rocks\/clientes\/tierraviva\/comunicado-de-la-articulacion-nacional-indigena-denuncia-violacion-de-derechos\/\",\"name\":\"Comunicado de la Articulaci\u00f3n Nacional Ind\u00edgena denuncia violaci\u00f3n de derechos. - Tierraviva\",\"isPartOf\":{\"@id\":\"https:\/\/vortice.rocks\/clientes\/tierraviva\/#website\"},\"datePublished\":\"2021-03-07T14:08:18+00:00\",\"dateModified\":\"2021-03-07T14:08:18+00:00\",\"author\":{\"@id\":\"https:\/\/vortice.rocks\/clientes\/tierraviva\/#\/schema\/person\/0652c5aad419c86cff8f8129d355edd0\"},\"breadcrumb\":{\"@id\":\"https:\/\/vortice.rocks\/clientes\/tierraviva\/comunicado-de-la-articulacion-nacional-indigena-denuncia-violacion-de-derechos\/#breadcrumb\"},\"inLanguage\":\"es\",\"potentialAction\":[{\"@type\":\"ReadAction\",\"target\":[\"https:\/\/vortice.rocks\/clientes\/tierraviva\/comunicado-de-la-articulacion-nacional-indigena-denuncia-violacion-de-derechos\/\"]}]},{\"@type\":\"BreadcrumbList\",\"@id\":\"https:\/\/vortice.rocks\/clientes\/tierraviva\/comunicado-de-la-articulacion-nacional-indigena-denuncia-violacion-de-derechos\/#breadcrumb\",\"itemListElement\":[{\"@type\":\"ListItem\",\"position\":1,\"name\":\"Portada\",\"item\":\"https:\/\/vortice.rocks\/clientes\/tierraviva\/\"},{\"@type\":\"ListItem\",\"position\":2,\"name\":\"Comunicado de la Articulaci\u00f3n Nacional Ind\u00edgena denuncia violaci\u00f3n de derechos.\"}]},{\"@type\":\"WebSite\",\"@id\":\"https:\/\/vortice.rocks\/clientes\/tierraviva\/#website\",\"url\":\"https:\/\/vortice.rocks\/clientes\/tierraviva\/\",\"name\":\"Tierraviva\",\"description\":\"\",\"potentialAction\":[{\"@type\":\"SearchAction\",\"target\":{\"@type\":\"EntryPoint\",\"urlTemplate\":\"https:\/\/vortice.rocks\/clientes\/tierraviva\/?s={search_term_string}\"},\"query-input\":\"required name=search_term_string\"}],\"inLanguage\":\"es\"},{\"@type\":\"Person\",\"@id\":\"https:\/\/vortice.rocks\/clientes\/tierraviva\/#\/schema\/person\/0652c5aad419c86cff8f8129d355edd0\",\"name\":\"Santi Ortiz\",\"image\":{\"@type\":\"ImageObject\",\"inLanguage\":\"es\",\"@id\":\"https:\/\/vortice.rocks\/clientes\/tierraviva\/#\/schema\/person\/image\/\",\"url\":\"https:\/\/secure.gravatar.com\/avatar\/78bab899e21d2840245c1646bfc64d01?s=96&d=mm&r=g\",\"contentUrl\":\"https:\/\/secure.gravatar.com\/avatar\/78bab899e21d2840245c1646bfc64d01?s=96&d=mm&r=g\",\"caption\":\"Santi Ortiz\"},\"sameAs\":[\"https:\/\/vortice.rocks\/clientes\/tierraviva\"],\"url\":\"https:\/\/vortice.rocks\/clientes\/tierraviva\/author\/santi-ortiz\/\"}]}<\/script>\n<!-- \/ Yoast SEO plugin. -->","yoast_head_json":{"title":"Comunicado de la Articulaci\u00f3n Nacional Ind\u00edgena denuncia violaci\u00f3n de derechos. - Tierraviva","robots":{"index":"index","follow":"follow","max-snippet":"max-snippet:-1","max-image-preview":"max-image-preview:large","max-video-preview":"max-video-preview:-1"},"canonical":"https:\/\/vortice.rocks\/clientes\/tierraviva\/comunicado-de-la-articulacion-nacional-indigena-denuncia-violacion-de-derechos\/","og_locale":"es_ES","og_type":"article","og_title":"Comunicado de la Articulaci\u00f3n Nacional Ind\u00edgena denuncia violaci\u00f3n de derechos. - Tierraviva","og_description":"Desde la Articulaci\u00f3n Nacional Indigena por una Vida Digna, denunciamos los atropellos a nuestras comunidades por parte de civiles armados, matones que desalojaron a las comunidades sin orden judicial que hacen el uso desmedido de sus fuerzas contra hombres, mujeres, ancianas, ancianas, ni\u00f1os y ni\u00f1as indigenas Como Plataforma Social Indigena, que vienen luchando por unaSeguir leyendo \"Comunicado de la Articulaci\u00f3n Nacional Ind\u00edgena denuncia violaci\u00f3n de derechos.\"","og_url":"https:\/\/vortice.rocks\/clientes\/tierraviva\/comunicado-de-la-articulacion-nacional-indigena-denuncia-violacion-de-derechos\/","og_site_name":"Tierraviva","article_publisher":"https:\/\/www.facebook.com\/Tierraviva-a-los-pueblos-indigenas-del-Chaco-217328148281564\/","article_published_time":"2021-03-07T14:08:18+00:00","og_image":[{"width":1280,"height":587,"url":"https:\/\/vortice.rocks\/clientes\/tierraviva\/wp-content\/uploads\/2021\/03\/IMG_20210307_110720_834.jpg","type":"image\/jpeg"}],"author":"Santi Ortiz","twitter_misc":{"Escrito por":"Santi Ortiz","Tiempo de lectura":"3 minutos"},"schema":{"@context":"https:\/\/schema.org","@graph":[{"@type":"WebPage","@id":"https:\/\/vortice.rocks\/clientes\/tierraviva\/comunicado-de-la-articulacion-nacional-indigena-denuncia-violacion-de-derechos\/","url":"https:\/\/vortice.rocks\/clientes\/tierraviva\/comunicado-de-la-articulacion-nacional-indigena-denuncia-violacion-de-derechos\/","name":"Comunicado de la Articulaci\u00f3n Nacional Ind\u00edgena denuncia violaci\u00f3n de derechos. - Tierraviva","isPartOf":{"@id":"https:\/\/vortice.rocks\/clientes\/tierraviva\/#website"},"datePublished":"2021-03-07T14:08:18+00:00","dateModified":"2021-03-07T14:08:18+00:00","author":{"@id":"https:\/\/vortice.rocks\/clientes\/tierraviva\/#\/schema\/person\/0652c5aad419c86cff8f8129d355edd0"},"breadcrumb":{"@id":"https:\/\/vortice.rocks\/clientes\/tierraviva\/comunicado-de-la-articulacion-nacional-indigena-denuncia-violacion-de-derechos\/#breadcrumb"},"inLanguage":"es","potentialAction":[{"@type":"ReadAction","target":["https:\/\/vortice.rocks\/clientes\/tierraviva\/comunicado-de-la-articulacion-nacional-indigena-denuncia-violacion-de-derechos\/"]}]},{"@type":"BreadcrumbList","@id":"https:\/\/vortice.rocks\/clientes\/tierraviva\/comunicado-de-la-articulacion-nacional-indigena-denuncia-violacion-de-derechos\/#breadcrumb","itemListElement":[{"@type":"ListItem","position":1,"name":"Portada","item":"https:\/\/vortice.rocks\/clientes\/tierraviva\/"},{"@type":"ListItem","position":2,"name":"Comunicado de la Articulaci\u00f3n Nacional Ind\u00edgena denuncia violaci\u00f3n de derechos."}]},{"@type":"WebSite","@id":"https:\/\/vortice.rocks\/clientes\/tierraviva\/#website","url":"https:\/\/vortice.rocks\/clientes\/tierraviva\/","name":"Tierraviva","description":"","potentialAction":[{"@type":"SearchAction","target":{"@type":"EntryPoint","urlTemplate":"https:\/\/vortice.rocks\/clientes\/tierraviva\/?s={search_term_string}"},"query-input":"required name=search_term_string"}],"inLanguage":"es"},{"@type":"Person","@id":"https:\/\/vortice.rocks\/clientes\/tierraviva\/#\/schema\/person\/0652c5aad419c86cff8f8129d355edd0","name":"Santi Ortiz","image":{"@type":"ImageObject","inLanguage":"es","@id":"https:\/\/vortice.rocks\/clientes\/tierraviva\/#\/schema\/person\/image\/","url":"https:\/\/secure.gravatar.com\/avatar\/78bab899e21d2840245c1646bfc64d01?s=96&d=mm&r=g","contentUrl":"https:\/\/secure.gravatar.com\/avatar\/78bab899e21d2840245c1646bfc64d01?s=96&d=mm&r=g","caption":"Santi Ortiz"},"sameAs":["https:\/\/vortice.rocks\/clientes\/tierraviva"],"url":"https:\/\/vortice.rocks\/clientes\/tierraviva\/author\/santi-ortiz\/"}]}},"_links":{"self":[{"href":"https:\/\/vortice.rocks\/clientes\/tierraviva\/wp-json\/wp\/v2\/posts\/2159"}],"collection":[{"href":"https:\/\/vortice.rocks\/clientes\/tierraviva\/wp-json\/wp\/v2\/posts"}],"about":[{"href":"https:\/\/vortice.rocks\/clientes\/tierraviva\/wp-json\/wp\/v2\/types\/post"}],"author":[{"embeddable":true,"href":"https:\/\/vortice.rocks\/clientes\/tierraviva\/wp-json\/wp\/v2\/users\/5"}],"replies":[{"embeddable":true,"href":"https:\/\/vortice.rocks\/clientes\/tierraviva\/wp-json\/wp\/v2\/comments?post=2159"}],"version-history":[{"count":1,"href":"https:\/\/vortice.rocks\/clientes\/tierraviva\/wp-json\/wp\/v2\/posts\/2159\/revisions"}],"predecessor-version":[{"id":2161,"href":"https:\/\/vortice.rocks\/clientes\/tierraviva\/wp-json\/wp\/v2\/posts\/2159\/revisions\/2161"}],"wp:featuredmedia":[{"embeddable":true,"href":"https:\/\/vortice.rocks\/clientes\/tierraviva\/wp-json\/wp\/v2\/media\/2160"}],"wp:attachment":[{"href":"https:\/\/vortice.rocks\/clientes\/tierraviva\/wp-json\/wp\/v2\/media?parent=2159"}],"wp:term":[{"taxonomy":"category","embeddable":true,"href":"https:\/\/vortice.rocks\/clientes\/tierraviva\/wp-json\/wp\/v2\/categories?post=2159"},{"taxonomy":"post_tag","embeddable":true,"href":"https:\/\/vortice.rocks\/clientes\/tierraviva\/wp-json\/wp\/v2\/tags?post=2159"}],"curies":[{"name":"wp","href":"https:\/\/api.w.org\/{rel}","templated":true}]}}