{"id":2166,"date":"2021-04-19T15:33:57","date_gmt":"2021-04-19T19:33:57","guid":{"rendered":"https:\/\/vortice.rocks\/clientes\/tierraviva\/?p=2166"},"modified":"2021-04-19T15:35:20","modified_gmt":"2021-04-19T19:35:20","slug":"kemha-yat-sepo-lucha-por-el-territorio","status":"publish","type":"post","link":"https:\/\/vortice.rocks\/clientes\/tierraviva\/kemha-yat-sepo-lucha-por-el-territorio\/","title":{"rendered":"Kemha Yat Sepo, lucha por el territorio"},"content":{"rendered":"<p>La Comunidad Ind\u00edgena Kemha Yat Sepo (Cerrito Hamaquera, Montelindo) del Pueblo Enxet, se moviliz\u00f3 este 19 de abril, en conmemoraci\u00f3n del D\u00eda del Ind\u00edgena, para exigir el acceso a su territorio. Tras 26 a\u00f1os de haber sido despojados de sus tierras, la comunidad corre riesgo de ser nuevamente desalojada de la franja de dominio de la Ruta Transchaco, lugar que habitan desde hace largos a\u00f1os.<\/p>\n<p>Ante el avance de las obras de ampliaci\u00f3n de la Ruta Transchaco la comunidad se ve cada vez m\u00e1s presionada para abandonar el lugar por eso desde hace meses, con el apoyo de la Articulaci\u00f3n Nacional Ind\u00edgena por una Vida Digna, vienen insistiendo ante las autoridades para lograr la adquisici\u00f3n de 1582 hect\u00e1reas de tierras que permitir\u00e1n a las 120 familias integrantes de la comunidad asentarse nuevamente en un lugar que les permita desarrollar sus formas tradicionales de vida.<\/p>\n<p>La jornada de este 19 de abril estuvo marcada por la movilizaci\u00f3n y la alegr\u00eda, desde tempranas horas las familias ind\u00edgenas cerraron la Ruta Transchaco, a la altura del Kil\u00f3metro 210, hasta que ya pasado el mediod\u00eda se logr\u00f3 la firma de una carta de compromiso entre el titular del Instituto Paraguayo del Ind\u00edgena, Edgar Olmedo, y la representante de la Agroganadera Pukavy, propietaria de las tierras que el INDI comprar\u00e1 para entregarlas a la comunidad ind\u00edgena.<\/p>\n<p>Los l\u00edderes de la comunidad agradecieron el acompa\u00f1amiento de Tierraviva y manifestaron su alegr\u00eda por este logro que les permitir\u00e1 mejorar las condiciones de vida de sus familias. Adem\u00e1s indicaron que continuar\u00e1n expectantes del cumplimiento del acuerdo.<\/p>\n","protected":false},"excerpt":{"rendered":"<p>La Comunidad Ind\u00edgena Kemha Yat Sepo (Cerrito Hamaquera, Montelindo) del Pueblo Enxet, se moviliz\u00f3 este 19 de abril, en conmemoraci\u00f3n del D\u00eda del Ind\u00edgena, para exigir el acceso a su territorio. Tras 26 a\u00f1os de haber sido despojados de sus tierras, la comunidad corre riesgo de ser nuevamente desalojada de la franja de dominio de<a class=\"more-link\" href=\"https:\/\/vortice.rocks\/clientes\/tierraviva\/kemha-yat-sepo-lucha-por-el-territorio\/\">Seguir leyendo <span class=\"screen-reader-text\">&#8220;Kemha Yat Sepo, lucha por el territorio&#8221;<\/span><\/a><\/p>\n","protected":false},"author":5,"featured_media":2167,"comment_status":"open","ping_status":"open","sticky":false,"template":"","format":"standard","meta":{"_exactmetrics_skip_tracking":false,"_exactmetrics_sitenote_active":false,"_exactmetrics_sitenote_note":"","_exactmetrics_sitenote_category":0,"footnotes":""},"categories":[3],"tags":[],"yoast_head":"<!-- This site is optimized with the Yoast SEO plugin v21.7 - https:\/\/yoast.com\/wordpress\/plugins\/seo\/ -->\n<title>Kemha Yat Sepo, lucha por el territorio - Tierraviva<\/title>\n<meta name=\"robots\" content=\"index, follow, max-snippet:-1, max-image-preview:large, max-video-preview:-1\" \/>\n<link rel=\"canonical\" href=\"https:\/\/vortice.rocks\/clientes\/tierraviva\/kemha-yat-sepo-lucha-por-el-territorio\/\" \/>\n<meta property=\"og:locale\" content=\"es_ES\" \/>\n<meta property=\"og:type\" content=\"article\" \/>\n<meta property=\"og:title\" content=\"Kemha Yat Sepo, lucha por el territorio - Tierraviva\" \/>\n<meta property=\"og:description\" content=\"La Comunidad Ind\u00edgena Kemha Yat Sepo (Cerrito Hamaquera, Montelindo) del Pueblo Enxet, se moviliz\u00f3 este 19 de abril, en conmemoraci\u00f3n del D\u00eda del Ind\u00edgena, para exigir el acceso a su territorio. Tras 26 a\u00f1os de haber sido despojados de sus tierras, la comunidad corre riesgo de ser nuevamente desalojada de la franja de dominio deSeguir leyendo &quot;Kemha Yat Sepo, lucha por el territorio&quot;\" \/>\n<meta property=\"og:url\" content=\"https:\/\/vortice.rocks\/clientes\/tierraviva\/kemha-yat-sepo-lucha-por-el-territorio\/\" \/>\n<meta property=\"og:site_name\" content=\"Tierraviva\" \/>\n<meta property=\"article:publisher\" content=\"https:\/\/www.facebook.com\/Tierraviva-a-los-pueblos-indigenas-del-Chaco-217328148281564\/\" \/>\n<meta property=\"article:published_time\" content=\"2021-04-19T19:33:57+00:00\" \/>\n<meta property=\"article:modified_time\" content=\"2021-04-19T19:35:20+00:00\" \/>\n<meta property=\"og:image\" content=\"https:\/\/vortice.rocks\/clientes\/tierraviva\/wp-content\/uploads\/2021\/04\/IMG-20210419-WA0039.jpg\" \/>\n\t<meta property=\"og:image:width\" content=\"1024\" \/>\n\t<meta property=\"og:image:height\" content=\"576\" \/>\n\t<meta property=\"og:image:type\" content=\"image\/jpeg\" \/>\n<meta name=\"author\" content=\"Santi Ortiz\" \/>\n<meta name=\"twitter:label1\" content=\"Escrito por\" \/>\n\t<meta name=\"twitter:data1\" content=\"Santi Ortiz\" \/>\n\t<meta name=\"twitter:label2\" content=\"Tiempo de lectura\" \/>\n\t<meta name=\"twitter:data2\" content=\"1 minuto\" \/>\n<script type=\"application\/ld+json\" class=\"yoast-schema-graph\">{\"@context\":\"https:\/\/schema.org\",\"@graph\":[{\"@type\":\"WebPage\",\"@id\":\"https:\/\/vortice.rocks\/clientes\/tierraviva\/kemha-yat-sepo-lucha-por-el-territorio\/\",\"url\":\"https:\/\/vortice.rocks\/clientes\/tierraviva\/kemha-yat-sepo-lucha-por-el-territorio\/\",\"name\":\"Kemha Yat Sepo, lucha por el territorio - Tierraviva\",\"isPartOf\":{\"@id\":\"https:\/\/vortice.rocks\/clientes\/tierraviva\/#website\"},\"datePublished\":\"2021-04-19T19:33:57+00:00\",\"dateModified\":\"2021-04-19T19:35:20+00:00\",\"author\":{\"@id\":\"https:\/\/vortice.rocks\/clientes\/tierraviva\/#\/schema\/person\/0652c5aad419c86cff8f8129d355edd0\"},\"breadcrumb\":{\"@id\":\"https:\/\/vortice.rocks\/clientes\/tierraviva\/kemha-yat-sepo-lucha-por-el-territorio\/#breadcrumb\"},\"inLanguage\":\"es\",\"potentialAction\":[{\"@type\":\"ReadAction\",\"target\":[\"https:\/\/vortice.rocks\/clientes\/tierraviva\/kemha-yat-sepo-lucha-por-el-territorio\/\"]}]},{\"@type\":\"BreadcrumbList\",\"@id\":\"https:\/\/vortice.rocks\/clientes\/tierraviva\/kemha-yat-sepo-lucha-por-el-territorio\/#breadcrumb\",\"itemListElement\":[{\"@type\":\"ListItem\",\"position\":1,\"name\":\"Portada\",\"item\":\"https:\/\/vortice.rocks\/clientes\/tierraviva\/\"},{\"@type\":\"ListItem\",\"position\":2,\"name\":\"Kemha Yat Sepo, lucha por el territorio\"}]},{\"@type\":\"WebSite\",\"@id\":\"https:\/\/vortice.rocks\/clientes\/tierraviva\/#website\",\"url\":\"https:\/\/vortice.rocks\/clientes\/tierraviva\/\",\"name\":\"Tierraviva\",\"description\":\"\",\"potentialAction\":[{\"@type\":\"SearchAction\",\"target\":{\"@type\":\"EntryPoint\",\"urlTemplate\":\"https:\/\/vortice.rocks\/clientes\/tierraviva\/?s={search_term_string}\"},\"query-input\":\"required name=search_term_string\"}],\"inLanguage\":\"es\"},{\"@type\":\"Person\",\"@id\":\"https:\/\/vortice.rocks\/clientes\/tierraviva\/#\/schema\/person\/0652c5aad419c86cff8f8129d355edd0\",\"name\":\"Santi Ortiz\",\"image\":{\"@type\":\"ImageObject\",\"inLanguage\":\"es\",\"@id\":\"https:\/\/vortice.rocks\/clientes\/tierraviva\/#\/schema\/person\/image\/\",\"url\":\"https:\/\/secure.gravatar.com\/avatar\/78bab899e21d2840245c1646bfc64d01?s=96&d=mm&r=g\",\"contentUrl\":\"https:\/\/secure.gravatar.com\/avatar\/78bab899e21d2840245c1646bfc64d01?s=96&d=mm&r=g\",\"caption\":\"Santi Ortiz\"},\"sameAs\":[\"https:\/\/vortice.rocks\/clientes\/tierraviva\"],\"url\":\"https:\/\/vortice.rocks\/clientes\/tierraviva\/author\/santi-ortiz\/\"}]}<\/script>\n<!-- \/ Yoast SEO plugin. -->","yoast_head_json":{"title":"Kemha Yat Sepo, lucha por el territorio - Tierraviva","robots":{"index":"index","follow":"follow","max-snippet":"max-snippet:-1","max-image-preview":"max-image-preview:large","max-video-preview":"max-video-preview:-1"},"canonical":"https:\/\/vortice.rocks\/clientes\/tierraviva\/kemha-yat-sepo-lucha-por-el-territorio\/","og_locale":"es_ES","og_type":"article","og_title":"Kemha Yat Sepo, lucha por el territorio - Tierraviva","og_description":"La Comunidad Ind\u00edgena Kemha Yat Sepo (Cerrito Hamaquera, Montelindo) del Pueblo Enxet, se moviliz\u00f3 este 19 de abril, en conmemoraci\u00f3n del D\u00eda del Ind\u00edgena, para exigir el acceso a su territorio. Tras 26 a\u00f1os de haber sido despojados de sus tierras, la comunidad corre riesgo de ser nuevamente desalojada de la franja de dominio deSeguir leyendo \"Kemha Yat Sepo, lucha por el territorio\"","og_url":"https:\/\/vortice.rocks\/clientes\/tierraviva\/kemha-yat-sepo-lucha-por-el-territorio\/","og_site_name":"Tierraviva","article_publisher":"https:\/\/www.facebook.com\/Tierraviva-a-los-pueblos-indigenas-del-Chaco-217328148281564\/","article_published_time":"2021-04-19T19:33:57+00:00","article_modified_time":"2021-04-19T19:35:20+00:00","og_image":[{"width":1024,"height":576,"url":"https:\/\/vortice.rocks\/clientes\/tierraviva\/wp-content\/uploads\/2021\/04\/IMG-20210419-WA0039.jpg","type":"image\/jpeg"}],"author":"Santi Ortiz","twitter_misc":{"Escrito por":"Santi Ortiz","Tiempo de lectura":"1 minuto"},"schema":{"@context":"https:\/\/schema.org","@graph":[{"@type":"WebPage","@id":"https:\/\/vortice.rocks\/clientes\/tierraviva\/kemha-yat-sepo-lucha-por-el-territorio\/","url":"https:\/\/vortice.rocks\/clientes\/tierraviva\/kemha-yat-sepo-lucha-por-el-territorio\/","name":"Kemha Yat Sepo, lucha por el territorio - Tierraviva","isPartOf":{"@id":"https:\/\/vortice.rocks\/clientes\/tierraviva\/#website"},"datePublished":"2021-04-19T19:33:57+00:00","dateModified":"2021-04-19T19:35:20+00:00","author":{"@id":"https:\/\/vortice.rocks\/clientes\/tierraviva\/#\/schema\/person\/0652c5aad419c86cff8f8129d355edd0"},"breadcrumb":{"@id":"https:\/\/vortice.rocks\/clientes\/tierraviva\/kemha-yat-sepo-lucha-por-el-territorio\/#breadcrumb"},"inLanguage":"es","potentialAction":[{"@type":"ReadAction","target":["https:\/\/vortice.rocks\/clientes\/tierraviva\/kemha-yat-sepo-lucha-por-el-territorio\/"]}]},{"@type":"BreadcrumbList","@id":"https:\/\/vortice.rocks\/clientes\/tierraviva\/kemha-yat-sepo-lucha-por-el-territorio\/#breadcrumb","itemListElement":[{"@type":"ListItem","position":1,"name":"Portada","item":"https:\/\/vortice.rocks\/clientes\/tierraviva\/"},{"@type":"ListItem","position":2,"name":"Kemha Yat Sepo, lucha por el territorio"}]},{"@type":"WebSite","@id":"https:\/\/vortice.rocks\/clientes\/tierraviva\/#website","url":"https:\/\/vortice.rocks\/clientes\/tierraviva\/","name":"Tierraviva","description":"","potentialAction":[{"@type":"SearchAction","target":{"@type":"EntryPoint","urlTemplate":"https:\/\/vortice.rocks\/clientes\/tierraviva\/?s={search_term_string}"},"query-input":"required name=search_term_string"}],"inLanguage":"es"},{"@type":"Person","@id":"https:\/\/vortice.rocks\/clientes\/tierraviva\/#\/schema\/person\/0652c5aad419c86cff8f8129d355edd0","name":"Santi Ortiz","image":{"@type":"ImageObject","inLanguage":"es","@id":"https:\/\/vortice.rocks\/clientes\/tierraviva\/#\/schema\/person\/image\/","url":"https:\/\/secure.gravatar.com\/avatar\/78bab899e21d2840245c1646bfc64d01?s=96&d=mm&r=g","contentUrl":"https:\/\/secure.gravatar.com\/avatar\/78bab899e21d2840245c1646bfc64d01?s=96&d=mm&r=g","caption":"Santi Ortiz"},"sameAs":["https:\/\/vortice.rocks\/clientes\/tierraviva"],"url":"https:\/\/vortice.rocks\/clientes\/tierraviva\/author\/santi-ortiz\/"}]}},"_links":{"self":[{"href":"https:\/\/vortice.rocks\/clientes\/tierraviva\/wp-json\/wp\/v2\/posts\/2166"}],"collection":[{"href":"https:\/\/vortice.rocks\/clientes\/tierraviva\/wp-json\/wp\/v2\/posts"}],"about":[{"href":"https:\/\/vortice.rocks\/clientes\/tierraviva\/wp-json\/wp\/v2\/types\/post"}],"author":[{"embeddable":true,"href":"https:\/\/vortice.rocks\/clientes\/tierraviva\/wp-json\/wp\/v2\/users\/5"}],"replies":[{"embeddable":true,"href":"https:\/\/vortice.rocks\/clientes\/tierraviva\/wp-json\/wp\/v2\/comments?post=2166"}],"version-history":[{"count":2,"href":"https:\/\/vortice.rocks\/clientes\/tierraviva\/wp-json\/wp\/v2\/posts\/2166\/revisions"}],"predecessor-version":[{"id":2169,"href":"https:\/\/vortice.rocks\/clientes\/tierraviva\/wp-json\/wp\/v2\/posts\/2166\/revisions\/2169"}],"wp:featuredmedia":[{"embeddable":true,"href":"https:\/\/vortice.rocks\/clientes\/tierraviva\/wp-json\/wp\/v2\/media\/2167"}],"wp:attachment":[{"href":"https:\/\/vortice.rocks\/clientes\/tierraviva\/wp-json\/wp\/v2\/media?parent=2166"}],"wp:term":[{"taxonomy":"category","embeddable":true,"href":"https:\/\/vortice.rocks\/clientes\/tierraviva\/wp-json\/wp\/v2\/categories?post=2166"},{"taxonomy":"post_tag","embeddable":true,"href":"https:\/\/vortice.rocks\/clientes\/tierraviva\/wp-json\/wp\/v2\/tags?post=2166"}],"curies":[{"name":"wp","href":"https:\/\/api.w.org\/{rel}","templated":true}]}}