{"id":2187,"date":"2021-05-18T08:49:01","date_gmt":"2021-05-18T12:49:01","guid":{"rendered":"https:\/\/vortice.rocks\/clientes\/tierraviva\/?p=2187"},"modified":"2021-05-18T08:49:06","modified_gmt":"2021-05-18T12:49:06","slug":"organizaciones-indigenas-participan-de-audiencia-publica","status":"publish","type":"post","link":"https:\/\/vortice.rocks\/clientes\/tierraviva\/organizaciones-indigenas-participan-de-audiencia-publica\/","title":{"rendered":"Organizaciones ind\u00edgenas participan de Audiencia P\u00fablica"},"content":{"rendered":"\n<p>Diversas organizaciones ind\u00edgenas, de Derechos Humanos y aliados de la causa ind\u00edgena participaron hoy de la Audiencia P\u00fablica convocada por la Comisi\u00f3n de Energ\u00eda, Recursos Naturales, Poblaci\u00f3n, Ambiente, Producci\u00f3n y Desarrollo Sostenible del Senado para hablar sobre la necesidad de construir instancias participativas para la elaboraci\u00f3n del Presupuesto del Instituto Paraguayo del Ind\u00edgena (INDI).<\/p>\n\n\n\n<p>Durante el encuentro los miembros de la Articulaci\u00f3n Nacional Ind\u00edgena por una Vida Digna se\u00f1alaron sus principales necesidades como la falta de respuestas a los reclamos territoriales, desalojos y despojo de sus tierras, falta de acceso a derechos b\u00e1sicos como salud y educaci\u00f3n entre otros aspectos. Indicaron que para tener soluciones a estas situaciones resulta fundamental que el INDI sea fortalecido y destine los recursos a atender verdaderamente a la poblaci\u00f3n ind\u00edgena.<\/p>\n\n\n\n<p>El senador Sixto Pereira, tras escuchar los reclamos ind\u00edgenas, propuso al INDI la integraci\u00f3n de una mesa t\u00e9cnica de trabajo con representantes de las organizaciones ind\u00edgenas en donde se tiene que elaborar el presupuesto \u00edntegro del INDI antes de ser remitido al Ministerio de Hacienda y su posterior envi\u00f3 al Congreso. Est\u00e1 propuesta fue acompa\u00f1ada por los representantes ind\u00edgenas as\u00ed como por los voceros del INDI y otras instituciones presentes en la reuni\u00f3n.<\/p>\n","protected":false},"excerpt":{"rendered":"<p>Diversas organizaciones ind\u00edgenas, de Derechos Humanos y aliados de la causa ind\u00edgena participaron hoy de la Audiencia P\u00fablica convocada por la Comisi\u00f3n de Energ\u00eda, Recursos Naturales, Poblaci\u00f3n, Ambiente, Producci\u00f3n y Desarrollo Sostenible del Senado para hablar sobre la necesidad de construir instancias participativas para la elaboraci\u00f3n del Presupuesto del Instituto Paraguayo del Ind\u00edgena (INDI). Durante<a class=\"more-link\" href=\"https:\/\/vortice.rocks\/clientes\/tierraviva\/organizaciones-indigenas-participan-de-audiencia-publica\/\">Seguir leyendo <span class=\"screen-reader-text\">&#8220;Organizaciones ind\u00edgenas participan de Audiencia P\u00fablica&#8221;<\/span><\/a><\/p>\n","protected":false},"author":5,"featured_media":2188,"comment_status":"open","ping_status":"open","sticky":false,"template":"","format":"standard","meta":{"_exactmetrics_skip_tracking":false,"_exactmetrics_sitenote_active":false,"_exactmetrics_sitenote_note":"","_exactmetrics_sitenote_category":0,"footnotes":""},"categories":[3],"tags":[],"yoast_head":"<!-- This site is optimized with the Yoast SEO plugin v21.7 - https:\/\/yoast.com\/wordpress\/plugins\/seo\/ -->\n<title>Organizaciones ind\u00edgenas participan de Audiencia P\u00fablica - Tierraviva<\/title>\n<meta name=\"robots\" content=\"index, follow, max-snippet:-1, max-image-preview:large, max-video-preview:-1\" \/>\n<link rel=\"canonical\" href=\"https:\/\/vortice.rocks\/clientes\/tierraviva\/organizaciones-indigenas-participan-de-audiencia-publica\/\" \/>\n<meta property=\"og:locale\" content=\"es_ES\" \/>\n<meta property=\"og:type\" content=\"article\" \/>\n<meta property=\"og:title\" content=\"Organizaciones ind\u00edgenas participan de Audiencia P\u00fablica - Tierraviva\" \/>\n<meta property=\"og:description\" content=\"Diversas organizaciones ind\u00edgenas, de Derechos Humanos y aliados de la causa ind\u00edgena participaron hoy de la Audiencia P\u00fablica convocada por la Comisi\u00f3n de Energ\u00eda, Recursos Naturales, Poblaci\u00f3n, Ambiente, Producci\u00f3n y Desarrollo Sostenible del Senado para hablar sobre la necesidad de construir instancias participativas para la elaboraci\u00f3n del Presupuesto del Instituto Paraguayo del Ind\u00edgena (INDI). DuranteSeguir leyendo &quot;Organizaciones ind\u00edgenas participan de Audiencia P\u00fablica&quot;\" \/>\n<meta property=\"og:url\" content=\"https:\/\/vortice.rocks\/clientes\/tierraviva\/organizaciones-indigenas-participan-de-audiencia-publica\/\" \/>\n<meta property=\"og:site_name\" content=\"Tierraviva\" \/>\n<meta property=\"article:publisher\" content=\"https:\/\/www.facebook.com\/Tierraviva-a-los-pueblos-indigenas-del-Chaco-217328148281564\/\" \/>\n<meta property=\"article:published_time\" content=\"2021-05-18T12:49:01+00:00\" \/>\n<meta property=\"article:modified_time\" content=\"2021-05-18T12:49:06+00:00\" \/>\n<meta property=\"og:image\" content=\"https:\/\/vortice.rocks\/clientes\/tierraviva\/wp-content\/uploads\/2021\/05\/2aa33d6c-2659-4c62-9147-c6fa9b50bc22.jpeg\" \/>\n\t<meta property=\"og:image:width\" content=\"1280\" \/>\n\t<meta property=\"og:image:height\" content=\"781\" \/>\n\t<meta property=\"og:image:type\" content=\"image\/jpeg\" \/>\n<meta name=\"author\" content=\"Santi Ortiz\" \/>\n<meta name=\"twitter:label1\" content=\"Escrito por\" \/>\n\t<meta name=\"twitter:data1\" content=\"Santi Ortiz\" \/>\n\t<meta name=\"twitter:label2\" content=\"Tiempo de lectura\" \/>\n\t<meta name=\"twitter:data2\" content=\"1 minuto\" \/>\n<script type=\"application\/ld+json\" class=\"yoast-schema-graph\">{\"@context\":\"https:\/\/schema.org\",\"@graph\":[{\"@type\":\"WebPage\",\"@id\":\"https:\/\/vortice.rocks\/clientes\/tierraviva\/organizaciones-indigenas-participan-de-audiencia-publica\/\",\"url\":\"https:\/\/vortice.rocks\/clientes\/tierraviva\/organizaciones-indigenas-participan-de-audiencia-publica\/\",\"name\":\"Organizaciones ind\u00edgenas participan de Audiencia P\u00fablica - Tierraviva\",\"isPartOf\":{\"@id\":\"https:\/\/vortice.rocks\/clientes\/tierraviva\/#website\"},\"datePublished\":\"2021-05-18T12:49:01+00:00\",\"dateModified\":\"2021-05-18T12:49:06+00:00\",\"author\":{\"@id\":\"https:\/\/vortice.rocks\/clientes\/tierraviva\/#\/schema\/person\/0652c5aad419c86cff8f8129d355edd0\"},\"breadcrumb\":{\"@id\":\"https:\/\/vortice.rocks\/clientes\/tierraviva\/organizaciones-indigenas-participan-de-audiencia-publica\/#breadcrumb\"},\"inLanguage\":\"es\",\"potentialAction\":[{\"@type\":\"ReadAction\",\"target\":[\"https:\/\/vortice.rocks\/clientes\/tierraviva\/organizaciones-indigenas-participan-de-audiencia-publica\/\"]}]},{\"@type\":\"BreadcrumbList\",\"@id\":\"https:\/\/vortice.rocks\/clientes\/tierraviva\/organizaciones-indigenas-participan-de-audiencia-publica\/#breadcrumb\",\"itemListElement\":[{\"@type\":\"ListItem\",\"position\":1,\"name\":\"Portada\",\"item\":\"https:\/\/vortice.rocks\/clientes\/tierraviva\/\"},{\"@type\":\"ListItem\",\"position\":2,\"name\":\"Organizaciones ind\u00edgenas participan de Audiencia P\u00fablica\"}]},{\"@type\":\"WebSite\",\"@id\":\"https:\/\/vortice.rocks\/clientes\/tierraviva\/#website\",\"url\":\"https:\/\/vortice.rocks\/clientes\/tierraviva\/\",\"name\":\"Tierraviva\",\"description\":\"\",\"potentialAction\":[{\"@type\":\"SearchAction\",\"target\":{\"@type\":\"EntryPoint\",\"urlTemplate\":\"https:\/\/vortice.rocks\/clientes\/tierraviva\/?s={search_term_string}\"},\"query-input\":\"required name=search_term_string\"}],\"inLanguage\":\"es\"},{\"@type\":\"Person\",\"@id\":\"https:\/\/vortice.rocks\/clientes\/tierraviva\/#\/schema\/person\/0652c5aad419c86cff8f8129d355edd0\",\"name\":\"Santi Ortiz\",\"image\":{\"@type\":\"ImageObject\",\"inLanguage\":\"es\",\"@id\":\"https:\/\/vortice.rocks\/clientes\/tierraviva\/#\/schema\/person\/image\/\",\"url\":\"https:\/\/secure.gravatar.com\/avatar\/78bab899e21d2840245c1646bfc64d01?s=96&d=mm&r=g\",\"contentUrl\":\"https:\/\/secure.gravatar.com\/avatar\/78bab899e21d2840245c1646bfc64d01?s=96&d=mm&r=g\",\"caption\":\"Santi Ortiz\"},\"sameAs\":[\"https:\/\/vortice.rocks\/clientes\/tierraviva\"],\"url\":\"https:\/\/vortice.rocks\/clientes\/tierraviva\/author\/santi-ortiz\/\"}]}<\/script>\n<!-- \/ Yoast SEO plugin. -->","yoast_head_json":{"title":"Organizaciones ind\u00edgenas participan de Audiencia P\u00fablica - Tierraviva","robots":{"index":"index","follow":"follow","max-snippet":"max-snippet:-1","max-image-preview":"max-image-preview:large","max-video-preview":"max-video-preview:-1"},"canonical":"https:\/\/vortice.rocks\/clientes\/tierraviva\/organizaciones-indigenas-participan-de-audiencia-publica\/","og_locale":"es_ES","og_type":"article","og_title":"Organizaciones ind\u00edgenas participan de Audiencia P\u00fablica - Tierraviva","og_description":"Diversas organizaciones ind\u00edgenas, de Derechos Humanos y aliados de la causa ind\u00edgena participaron hoy de la Audiencia P\u00fablica convocada por la Comisi\u00f3n de Energ\u00eda, Recursos Naturales, Poblaci\u00f3n, Ambiente, Producci\u00f3n y Desarrollo Sostenible del Senado para hablar sobre la necesidad de construir instancias participativas para la elaboraci\u00f3n del Presupuesto del Instituto Paraguayo del Ind\u00edgena (INDI). DuranteSeguir leyendo \"Organizaciones ind\u00edgenas participan de Audiencia P\u00fablica\"","og_url":"https:\/\/vortice.rocks\/clientes\/tierraviva\/organizaciones-indigenas-participan-de-audiencia-publica\/","og_site_name":"Tierraviva","article_publisher":"https:\/\/www.facebook.com\/Tierraviva-a-los-pueblos-indigenas-del-Chaco-217328148281564\/","article_published_time":"2021-05-18T12:49:01+00:00","article_modified_time":"2021-05-18T12:49:06+00:00","og_image":[{"width":1280,"height":781,"url":"https:\/\/vortice.rocks\/clientes\/tierraviva\/wp-content\/uploads\/2021\/05\/2aa33d6c-2659-4c62-9147-c6fa9b50bc22.jpeg","type":"image\/jpeg"}],"author":"Santi Ortiz","twitter_misc":{"Escrito por":"Santi Ortiz","Tiempo de lectura":"1 minuto"},"schema":{"@context":"https:\/\/schema.org","@graph":[{"@type":"WebPage","@id":"https:\/\/vortice.rocks\/clientes\/tierraviva\/organizaciones-indigenas-participan-de-audiencia-publica\/","url":"https:\/\/vortice.rocks\/clientes\/tierraviva\/organizaciones-indigenas-participan-de-audiencia-publica\/","name":"Organizaciones ind\u00edgenas participan de Audiencia P\u00fablica - Tierraviva","isPartOf":{"@id":"https:\/\/vortice.rocks\/clientes\/tierraviva\/#website"},"datePublished":"2021-05-18T12:49:01+00:00","dateModified":"2021-05-18T12:49:06+00:00","author":{"@id":"https:\/\/vortice.rocks\/clientes\/tierraviva\/#\/schema\/person\/0652c5aad419c86cff8f8129d355edd0"},"breadcrumb":{"@id":"https:\/\/vortice.rocks\/clientes\/tierraviva\/organizaciones-indigenas-participan-de-audiencia-publica\/#breadcrumb"},"inLanguage":"es","potentialAction":[{"@type":"ReadAction","target":["https:\/\/vortice.rocks\/clientes\/tierraviva\/organizaciones-indigenas-participan-de-audiencia-publica\/"]}]},{"@type":"BreadcrumbList","@id":"https:\/\/vortice.rocks\/clientes\/tierraviva\/organizaciones-indigenas-participan-de-audiencia-publica\/#breadcrumb","itemListElement":[{"@type":"ListItem","position":1,"name":"Portada","item":"https:\/\/vortice.rocks\/clientes\/tierraviva\/"},{"@type":"ListItem","position":2,"name":"Organizaciones ind\u00edgenas participan de Audiencia P\u00fablica"}]},{"@type":"WebSite","@id":"https:\/\/vortice.rocks\/clientes\/tierraviva\/#website","url":"https:\/\/vortice.rocks\/clientes\/tierraviva\/","name":"Tierraviva","description":"","potentialAction":[{"@type":"SearchAction","target":{"@type":"EntryPoint","urlTemplate":"https:\/\/vortice.rocks\/clientes\/tierraviva\/?s={search_term_string}"},"query-input":"required name=search_term_string"}],"inLanguage":"es"},{"@type":"Person","@id":"https:\/\/vortice.rocks\/clientes\/tierraviva\/#\/schema\/person\/0652c5aad419c86cff8f8129d355edd0","name":"Santi Ortiz","image":{"@type":"ImageObject","inLanguage":"es","@id":"https:\/\/vortice.rocks\/clientes\/tierraviva\/#\/schema\/person\/image\/","url":"https:\/\/secure.gravatar.com\/avatar\/78bab899e21d2840245c1646bfc64d01?s=96&d=mm&r=g","contentUrl":"https:\/\/secure.gravatar.com\/avatar\/78bab899e21d2840245c1646bfc64d01?s=96&d=mm&r=g","caption":"Santi Ortiz"},"sameAs":["https:\/\/vortice.rocks\/clientes\/tierraviva"],"url":"https:\/\/vortice.rocks\/clientes\/tierraviva\/author\/santi-ortiz\/"}]}},"_links":{"self":[{"href":"https:\/\/vortice.rocks\/clientes\/tierraviva\/wp-json\/wp\/v2\/posts\/2187"}],"collection":[{"href":"https:\/\/vortice.rocks\/clientes\/tierraviva\/wp-json\/wp\/v2\/posts"}],"about":[{"href":"https:\/\/vortice.rocks\/clientes\/tierraviva\/wp-json\/wp\/v2\/types\/post"}],"author":[{"embeddable":true,"href":"https:\/\/vortice.rocks\/clientes\/tierraviva\/wp-json\/wp\/v2\/users\/5"}],"replies":[{"embeddable":true,"href":"https:\/\/vortice.rocks\/clientes\/tierraviva\/wp-json\/wp\/v2\/comments?post=2187"}],"version-history":[{"count":2,"href":"https:\/\/vortice.rocks\/clientes\/tierraviva\/wp-json\/wp\/v2\/posts\/2187\/revisions"}],"predecessor-version":[{"id":2190,"href":"https:\/\/vortice.rocks\/clientes\/tierraviva\/wp-json\/wp\/v2\/posts\/2187\/revisions\/2190"}],"wp:featuredmedia":[{"embeddable":true,"href":"https:\/\/vortice.rocks\/clientes\/tierraviva\/wp-json\/wp\/v2\/media\/2188"}],"wp:attachment":[{"href":"https:\/\/vortice.rocks\/clientes\/tierraviva\/wp-json\/wp\/v2\/media?parent=2187"}],"wp:term":[{"taxonomy":"category","embeddable":true,"href":"https:\/\/vortice.rocks\/clientes\/tierraviva\/wp-json\/wp\/v2\/categories?post=2187"},{"taxonomy":"post_tag","embeddable":true,"href":"https:\/\/vortice.rocks\/clientes\/tierraviva\/wp-json\/wp\/v2\/tags?post=2187"}],"curies":[{"name":"wp","href":"https:\/\/api.w.org\/{rel}","templated":true}]}}