{"id":2191,"date":"2021-05-18T11:53:52","date_gmt":"2021-05-18T15:53:52","guid":{"rendered":"https:\/\/vortice.rocks\/clientes\/tierraviva\/?p=2191"},"modified":"2021-05-18T13:10:53","modified_gmt":"2021-05-18T17:10:53","slug":"lanzamiento-de-la-campana-de-acceso-a-documentacion-para-comunidades-indigenas","status":"publish","type":"post","link":"https:\/\/vortice.rocks\/clientes\/tierraviva\/lanzamiento-de-la-campana-de-acceso-a-documentacion-para-comunidades-indigenas\/","title":{"rendered":"Lanzamiento de la campa\u00f1a de acceso a documentaci\u00f3n para comunidades ind\u00edgenas"},"content":{"rendered":"\n<p>Este mi\u00e9rcoles 19 de mayo a las 9 00 horas en el Sal\u00f3n Auditorio del Tribunal Superior de Justicia Electoral est\u00e1 previsto el lanzamiento oficial de la Campa\u00f1a de Documentaci\u00f3n y Capacitaci\u00f3n a las comunidades ind\u00edgenas, en el marco del convenio interinstitucional firmado por el Tribunal Superior de Justicia Electoral y la Organizaci\u00f3n Tierraviva para la ejecuci\u00f3n del Proyecto \u201cDerecho a la Identidad mediante acceso a documentaci\u00f3n oficial de personas ind\u00edgenas en Paraguay\u201d, esta iniciativa cuenta con el apoyo de Diakonia y la Uni\u00f3n Europea.<\/p>\n\n\n\n<p>\u201cLa campa\u00f1a buscar\u00e1 llegar a m\u00e1s de 640 comunidades ind\u00edgenas en todo el pa\u00eds a fin de proveer de documentos oficiales a la poblaci\u00f3n ind\u00edgena en los pr\u00f3ximos tres a\u00f1os. Contar con la documentaci\u00f3n oficial es una necesidad sentida de las comunidades ind\u00edgenas, estos documentos permiten el acceso a derechos, beneficios y programas que el Estado dirige a la poblaci\u00f3n ind\u00edgena, al mismo tiempo, esto habilita tambi\u00e9n a las y los ind\u00edgenas a una participaci\u00f3n pol\u00edtica y electoral m\u00e1s directa\u201d se\u00f1al\u00f3 Cynthia Fern\u00e1ndez, de la Organizaci\u00f3n Tierraviva.<\/p>\n\n\n\n<p>\u201cLa campa\u00f1a parte de la necesidad expresada por la poblaci\u00f3n ind\u00edgena y del reconocimiento del propio Estado respecto a una falencia en el \u00e1mbito del acceso a la documentaci\u00f3n en personas ind\u00edgenas. Nuestro rol es buscar que esta tarea se aborde desde la interculturalidad, con criterios espec\u00edficos y especiales para trabajar con las comunidades teniendo en cuenta sus costumbres y modos de vida\u201d complement\u00f3.<\/p>\n\n\n\n<p>La campa\u00f1a cuenta tambi\u00e9n con el acompa\u00f1amiento de la Articulaci\u00f3n Nacional Ind\u00edgena por una Vida Digna que nuclea a diferentes organizaciones ind\u00edgenas de todo el pa\u00eds, garantizando as\u00ed la participaci\u00f3n de los propios ind\u00edgenas en la campa\u00f1a. Mario Rivarola, de la ANIVD, se\u00f1al\u00f3 que la iniciativa es muy importante ya que se lograr\u00e1 llegar a las comunidades para garantizar el acceso a la documentaci\u00f3n que es una necesidad y un derecho para la poblaci\u00f3n ind\u00edgena, tambi\u00e9n indic\u00f3 que es clave el trabajo conjunto que permita un enfoque intercultural y de Derechos Humanos para el trabajo con Pueblos Ind\u00edgenas.<\/p>\n\n\n\n<p>El proceso de elaboraci\u00f3n de los documentos oficiales est\u00e1 a cargo de funcionarios del Instituto Paraguayo del Ind\u00edgena, de la Direcci\u00f3n de Identificaciones de la Polic\u00eda Nacional y la Direcci\u00f3n del Registro Civil de las Personas. Durante el desarrollo de las tareas de documentaci\u00f3n tambi\u00e9n se llevan a cabo las jornadas de capacitaci\u00f3n electoral, a cargo de representantes del TSJE, que tiene como objetivo el entrenamiento sobre el uso de las m\u00e1quinas digitales de votaci\u00f3n, esto teniendo en cuenta la realizaci\u00f3n de las pr\u00f3ximas elecciones municipales.<\/p>\n","protected":false},"excerpt":{"rendered":"<p>Este mi\u00e9rcoles 19 de mayo a las 9 00 horas en el Sal\u00f3n Auditorio del Tribunal Superior de Justicia Electoral est\u00e1 previsto el lanzamiento oficial de la Campa\u00f1a de Documentaci\u00f3n y Capacitaci\u00f3n a las comunidades ind\u00edgenas, en el marco del convenio interinstitucional firmado por el Tribunal Superior de Justicia Electoral y la Organizaci\u00f3n Tierraviva para<a class=\"more-link\" href=\"https:\/\/vortice.rocks\/clientes\/tierraviva\/lanzamiento-de-la-campana-de-acceso-a-documentacion-para-comunidades-indigenas\/\">Seguir leyendo <span class=\"screen-reader-text\">&#8220;Lanzamiento de la campa\u00f1a de acceso a documentaci\u00f3n para comunidades ind\u00edgenas&#8221;<\/span><\/a><\/p>\n","protected":false},"author":5,"featured_media":2192,"comment_status":"open","ping_status":"open","sticky":false,"template":"","format":"standard","meta":{"_exactmetrics_skip_tracking":false,"_exactmetrics_sitenote_active":false,"_exactmetrics_sitenote_note":"","_exactmetrics_sitenote_category":0,"footnotes":""},"categories":[3],"tags":[],"yoast_head":"<!-- This site is optimized with the Yoast SEO plugin v21.7 - https:\/\/yoast.com\/wordpress\/plugins\/seo\/ -->\n<title>Lanzamiento de la campa\u00f1a de acceso a documentaci\u00f3n para comunidades ind\u00edgenas - Tierraviva<\/title>\n<meta name=\"robots\" content=\"index, follow, max-snippet:-1, max-image-preview:large, max-video-preview:-1\" \/>\n<link rel=\"canonical\" href=\"https:\/\/vortice.rocks\/clientes\/tierraviva\/lanzamiento-de-la-campana-de-acceso-a-documentacion-para-comunidades-indigenas\/\" \/>\n<meta property=\"og:locale\" content=\"es_ES\" \/>\n<meta property=\"og:type\" content=\"article\" \/>\n<meta property=\"og:title\" content=\"Lanzamiento de la campa\u00f1a de acceso a documentaci\u00f3n para comunidades ind\u00edgenas - Tierraviva\" \/>\n<meta property=\"og:description\" content=\"Este mi\u00e9rcoles 19 de mayo a las 9 00 horas en el Sal\u00f3n Auditorio del Tribunal Superior de Justicia Electoral est\u00e1 previsto el lanzamiento oficial de la Campa\u00f1a de Documentaci\u00f3n y Capacitaci\u00f3n a las comunidades ind\u00edgenas, en el marco del convenio interinstitucional firmado por el Tribunal Superior de Justicia Electoral y la Organizaci\u00f3n Tierraviva paraSeguir leyendo &quot;Lanzamiento de la campa\u00f1a de acceso a documentaci\u00f3n para comunidades ind\u00edgenas&quot;\" \/>\n<meta property=\"og:url\" content=\"https:\/\/vortice.rocks\/clientes\/tierraviva\/lanzamiento-de-la-campana-de-acceso-a-documentacion-para-comunidades-indigenas\/\" \/>\n<meta property=\"og:site_name\" content=\"Tierraviva\" \/>\n<meta property=\"article:publisher\" content=\"https:\/\/www.facebook.com\/Tierraviva-a-los-pueblos-indigenas-del-Chaco-217328148281564\/\" \/>\n<meta property=\"article:published_time\" content=\"2021-05-18T15:53:52+00:00\" \/>\n<meta property=\"article:modified_time\" content=\"2021-05-18T17:10:53+00:00\" \/>\n<meta property=\"og:image\" content=\"https:\/\/vortice.rocks\/clientes\/tierraviva\/wp-content\/uploads\/2021\/05\/WhatsApp-Image-2021-05-18-at-11.52.38-AM.jpeg\" \/>\n\t<meta property=\"og:image:width\" content=\"1280\" \/>\n\t<meta property=\"og:image:height\" content=\"853\" \/>\n\t<meta property=\"og:image:type\" content=\"image\/jpeg\" \/>\n<meta name=\"author\" content=\"Santi Ortiz\" \/>\n<meta name=\"twitter:label1\" content=\"Escrito por\" \/>\n\t<meta name=\"twitter:data1\" content=\"Santi Ortiz\" \/>\n\t<meta name=\"twitter:label2\" content=\"Tiempo de lectura\" \/>\n\t<meta name=\"twitter:data2\" content=\"2 minutos\" \/>\n<script type=\"application\/ld+json\" class=\"yoast-schema-graph\">{\"@context\":\"https:\/\/schema.org\",\"@graph\":[{\"@type\":\"WebPage\",\"@id\":\"https:\/\/vortice.rocks\/clientes\/tierraviva\/lanzamiento-de-la-campana-de-acceso-a-documentacion-para-comunidades-indigenas\/\",\"url\":\"https:\/\/vortice.rocks\/clientes\/tierraviva\/lanzamiento-de-la-campana-de-acceso-a-documentacion-para-comunidades-indigenas\/\",\"name\":\"Lanzamiento de la campa\u00f1a de acceso a documentaci\u00f3n para comunidades ind\u00edgenas - Tierraviva\",\"isPartOf\":{\"@id\":\"https:\/\/vortice.rocks\/clientes\/tierraviva\/#website\"},\"datePublished\":\"2021-05-18T15:53:52+00:00\",\"dateModified\":\"2021-05-18T17:10:53+00:00\",\"author\":{\"@id\":\"https:\/\/vortice.rocks\/clientes\/tierraviva\/#\/schema\/person\/0652c5aad419c86cff8f8129d355edd0\"},\"breadcrumb\":{\"@id\":\"https:\/\/vortice.rocks\/clientes\/tierraviva\/lanzamiento-de-la-campana-de-acceso-a-documentacion-para-comunidades-indigenas\/#breadcrumb\"},\"inLanguage\":\"es\",\"potentialAction\":[{\"@type\":\"ReadAction\",\"target\":[\"https:\/\/vortice.rocks\/clientes\/tierraviva\/lanzamiento-de-la-campana-de-acceso-a-documentacion-para-comunidades-indigenas\/\"]}]},{\"@type\":\"BreadcrumbList\",\"@id\":\"https:\/\/vortice.rocks\/clientes\/tierraviva\/lanzamiento-de-la-campana-de-acceso-a-documentacion-para-comunidades-indigenas\/#breadcrumb\",\"itemListElement\":[{\"@type\":\"ListItem\",\"position\":1,\"name\":\"Portada\",\"item\":\"https:\/\/vortice.rocks\/clientes\/tierraviva\/\"},{\"@type\":\"ListItem\",\"position\":2,\"name\":\"Lanzamiento de la campa\u00f1a de acceso a documentaci\u00f3n para comunidades ind\u00edgenas\"}]},{\"@type\":\"WebSite\",\"@id\":\"https:\/\/vortice.rocks\/clientes\/tierraviva\/#website\",\"url\":\"https:\/\/vortice.rocks\/clientes\/tierraviva\/\",\"name\":\"Tierraviva\",\"description\":\"\",\"potentialAction\":[{\"@type\":\"SearchAction\",\"target\":{\"@type\":\"EntryPoint\",\"urlTemplate\":\"https:\/\/vortice.rocks\/clientes\/tierraviva\/?s={search_term_string}\"},\"query-input\":\"required name=search_term_string\"}],\"inLanguage\":\"es\"},{\"@type\":\"Person\",\"@id\":\"https:\/\/vortice.rocks\/clientes\/tierraviva\/#\/schema\/person\/0652c5aad419c86cff8f8129d355edd0\",\"name\":\"Santi Ortiz\",\"image\":{\"@type\":\"ImageObject\",\"inLanguage\":\"es\",\"@id\":\"https:\/\/vortice.rocks\/clientes\/tierraviva\/#\/schema\/person\/image\/\",\"url\":\"https:\/\/secure.gravatar.com\/avatar\/78bab899e21d2840245c1646bfc64d01?s=96&d=mm&r=g\",\"contentUrl\":\"https:\/\/secure.gravatar.com\/avatar\/78bab899e21d2840245c1646bfc64d01?s=96&d=mm&r=g\",\"caption\":\"Santi Ortiz\"},\"sameAs\":[\"https:\/\/vortice.rocks\/clientes\/tierraviva\"],\"url\":\"https:\/\/vortice.rocks\/clientes\/tierraviva\/author\/santi-ortiz\/\"}]}<\/script>\n<!-- \/ Yoast SEO plugin. -->","yoast_head_json":{"title":"Lanzamiento de la campa\u00f1a de acceso a documentaci\u00f3n para comunidades ind\u00edgenas - Tierraviva","robots":{"index":"index","follow":"follow","max-snippet":"max-snippet:-1","max-image-preview":"max-image-preview:large","max-video-preview":"max-video-preview:-1"},"canonical":"https:\/\/vortice.rocks\/clientes\/tierraviva\/lanzamiento-de-la-campana-de-acceso-a-documentacion-para-comunidades-indigenas\/","og_locale":"es_ES","og_type":"article","og_title":"Lanzamiento de la campa\u00f1a de acceso a documentaci\u00f3n para comunidades ind\u00edgenas - Tierraviva","og_description":"Este mi\u00e9rcoles 19 de mayo a las 9 00 horas en el Sal\u00f3n Auditorio del Tribunal Superior de Justicia Electoral est\u00e1 previsto el lanzamiento oficial de la Campa\u00f1a de Documentaci\u00f3n y Capacitaci\u00f3n a las comunidades ind\u00edgenas, en el marco del convenio interinstitucional firmado por el Tribunal Superior de Justicia Electoral y la Organizaci\u00f3n Tierraviva paraSeguir leyendo \"Lanzamiento de la campa\u00f1a de acceso a documentaci\u00f3n para comunidades ind\u00edgenas\"","og_url":"https:\/\/vortice.rocks\/clientes\/tierraviva\/lanzamiento-de-la-campana-de-acceso-a-documentacion-para-comunidades-indigenas\/","og_site_name":"Tierraviva","article_publisher":"https:\/\/www.facebook.com\/Tierraviva-a-los-pueblos-indigenas-del-Chaco-217328148281564\/","article_published_time":"2021-05-18T15:53:52+00:00","article_modified_time":"2021-05-18T17:10:53+00:00","og_image":[{"width":1280,"height":853,"url":"https:\/\/vortice.rocks\/clientes\/tierraviva\/wp-content\/uploads\/2021\/05\/WhatsApp-Image-2021-05-18-at-11.52.38-AM.jpeg","type":"image\/jpeg"}],"author":"Santi Ortiz","twitter_misc":{"Escrito por":"Santi Ortiz","Tiempo de lectura":"2 minutos"},"schema":{"@context":"https:\/\/schema.org","@graph":[{"@type":"WebPage","@id":"https:\/\/vortice.rocks\/clientes\/tierraviva\/lanzamiento-de-la-campana-de-acceso-a-documentacion-para-comunidades-indigenas\/","url":"https:\/\/vortice.rocks\/clientes\/tierraviva\/lanzamiento-de-la-campana-de-acceso-a-documentacion-para-comunidades-indigenas\/","name":"Lanzamiento de la campa\u00f1a de acceso a documentaci\u00f3n para comunidades ind\u00edgenas - Tierraviva","isPartOf":{"@id":"https:\/\/vortice.rocks\/clientes\/tierraviva\/#website"},"datePublished":"2021-05-18T15:53:52+00:00","dateModified":"2021-05-18T17:10:53+00:00","author":{"@id":"https:\/\/vortice.rocks\/clientes\/tierraviva\/#\/schema\/person\/0652c5aad419c86cff8f8129d355edd0"},"breadcrumb":{"@id":"https:\/\/vortice.rocks\/clientes\/tierraviva\/lanzamiento-de-la-campana-de-acceso-a-documentacion-para-comunidades-indigenas\/#breadcrumb"},"inLanguage":"es","potentialAction":[{"@type":"ReadAction","target":["https:\/\/vortice.rocks\/clientes\/tierraviva\/lanzamiento-de-la-campana-de-acceso-a-documentacion-para-comunidades-indigenas\/"]}]},{"@type":"BreadcrumbList","@id":"https:\/\/vortice.rocks\/clientes\/tierraviva\/lanzamiento-de-la-campana-de-acceso-a-documentacion-para-comunidades-indigenas\/#breadcrumb","itemListElement":[{"@type":"ListItem","position":1,"name":"Portada","item":"https:\/\/vortice.rocks\/clientes\/tierraviva\/"},{"@type":"ListItem","position":2,"name":"Lanzamiento de la campa\u00f1a de acceso a documentaci\u00f3n para comunidades ind\u00edgenas"}]},{"@type":"WebSite","@id":"https:\/\/vortice.rocks\/clientes\/tierraviva\/#website","url":"https:\/\/vortice.rocks\/clientes\/tierraviva\/","name":"Tierraviva","description":"","potentialAction":[{"@type":"SearchAction","target":{"@type":"EntryPoint","urlTemplate":"https:\/\/vortice.rocks\/clientes\/tierraviva\/?s={search_term_string}"},"query-input":"required name=search_term_string"}],"inLanguage":"es"},{"@type":"Person","@id":"https:\/\/vortice.rocks\/clientes\/tierraviva\/#\/schema\/person\/0652c5aad419c86cff8f8129d355edd0","name":"Santi Ortiz","image":{"@type":"ImageObject","inLanguage":"es","@id":"https:\/\/vortice.rocks\/clientes\/tierraviva\/#\/schema\/person\/image\/","url":"https:\/\/secure.gravatar.com\/avatar\/78bab899e21d2840245c1646bfc64d01?s=96&d=mm&r=g","contentUrl":"https:\/\/secure.gravatar.com\/avatar\/78bab899e21d2840245c1646bfc64d01?s=96&d=mm&r=g","caption":"Santi Ortiz"},"sameAs":["https:\/\/vortice.rocks\/clientes\/tierraviva"],"url":"https:\/\/vortice.rocks\/clientes\/tierraviva\/author\/santi-ortiz\/"}]}},"_links":{"self":[{"href":"https:\/\/vortice.rocks\/clientes\/tierraviva\/wp-json\/wp\/v2\/posts\/2191"}],"collection":[{"href":"https:\/\/vortice.rocks\/clientes\/tierraviva\/wp-json\/wp\/v2\/posts"}],"about":[{"href":"https:\/\/vortice.rocks\/clientes\/tierraviva\/wp-json\/wp\/v2\/types\/post"}],"author":[{"embeddable":true,"href":"https:\/\/vortice.rocks\/clientes\/tierraviva\/wp-json\/wp\/v2\/users\/5"}],"replies":[{"embeddable":true,"href":"https:\/\/vortice.rocks\/clientes\/tierraviva\/wp-json\/wp\/v2\/comments?post=2191"}],"version-history":[{"count":3,"href":"https:\/\/vortice.rocks\/clientes\/tierraviva\/wp-json\/wp\/v2\/posts\/2191\/revisions"}],"predecessor-version":[{"id":2200,"href":"https:\/\/vortice.rocks\/clientes\/tierraviva\/wp-json\/wp\/v2\/posts\/2191\/revisions\/2200"}],"wp:featuredmedia":[{"embeddable":true,"href":"https:\/\/vortice.rocks\/clientes\/tierraviva\/wp-json\/wp\/v2\/media\/2192"}],"wp:attachment":[{"href":"https:\/\/vortice.rocks\/clientes\/tierraviva\/wp-json\/wp\/v2\/media?parent=2191"}],"wp:term":[{"taxonomy":"category","embeddable":true,"href":"https:\/\/vortice.rocks\/clientes\/tierraviva\/wp-json\/wp\/v2\/categories?post=2191"},{"taxonomy":"post_tag","embeddable":true,"href":"https:\/\/vortice.rocks\/clientes\/tierraviva\/wp-json\/wp\/v2\/tags?post=2191"}],"curies":[{"name":"wp","href":"https:\/\/api.w.org\/{rel}","templated":true}]}}