{"id":2224,"date":"2021-05-28T16:16:07","date_gmt":"2021-05-28T20:16:07","guid":{"rendered":"https:\/\/vortice.rocks\/clientes\/tierraviva\/?p=2224"},"modified":"2021-05-28T16:16:07","modified_gmt":"2021-05-28T20:16:07","slug":"lideres-indigenas-se-reunen-en-presidente-hayes","status":"publish","type":"post","link":"https:\/\/vortice.rocks\/clientes\/tierraviva\/lideres-indigenas-se-reunen-en-presidente-hayes\/","title":{"rendered":"L\u00edderes ind\u00edgenas se re\u00fanen en Presidente Hayes"},"content":{"rendered":"<p>L\u00edderes ind\u00edgenas participaron de un Encuentro Departamental en la Comunidad Makxawaiya, del Departamento de Presidente Hayes. El espacio fue convocado por la Coordinadora de L\u00edderes Ind\u00edgenas del Bajo Chaco (CLBCh) y la Articulaci\u00f3n Nacional Ind\u00edgena por una Vida Digna (ANIVID), a fin de evaluar diferentes temas de la agenda ind\u00edgena.<\/p>\n<p>Entre los puntos destacados los referentes ind\u00edgenas valoraron el avance de la Campa\u00f1a Nacional de Acceso a la Documentaci\u00f3n y Capacitaci\u00f3n Electoral que es acompa\u00f1ada por la Articulaci\u00f3n.<\/p>\n<p>La Campa\u00f1a de Documentaci\u00f3n y Capacitaci\u00f3n Electoral para comunidades ind\u00edgenas busca llegar a unas 37 mil personas ind\u00edgenas en m\u00e1s de 640 comunidades ind\u00edgenas. Est\u00e1 iniciativa, apoyada por la ANIVID, se lleva adelante en el marco del convenio interinstitucional firmado por el Tribunal Superior de Justicia Electoral y la Organizaci\u00f3n Tierraviva para la ejecuci\u00f3n del Proyecto \u201cDerecho a la Identidad mediante acceso a documentaci\u00f3n oficial de personas ind\u00edgenas en Paraguay\u201d, con el apoyo de Diakonia y la Uni\u00f3n Europea.<\/p>\n<p>Durante el Encuentro de L\u00edderes Ind\u00edgenas se destac\u00f3 la importancia de esta campa\u00f1a para los Pueblos Ind\u00edgenas ya que permitir\u00e1 que muchas personas puedan acceder a programas y servicios que el Estado tiene destinado a la poblaci\u00f3n ind\u00edgena. Tambi\u00e9n se\u00f1alaron que es fundamental la participaci\u00f3n pol\u00edtica de las y los ind\u00edgenas a fin de lograr avanzar en derechos y en la aplicaci\u00f3n de pol\u00edticas p\u00fablicas que atiendan las necesidades de la poblaci\u00f3n, por lo que destacaron la trascendencia de la capacitaci\u00f3n electoral que se realiza en las comunidades.<\/p>\n<p>La CLIBCH aglutina a l\u00edderes de m\u00e1s de 70 comunidades ind\u00edgenas del Departamento de Presidente Hayes y actualmente es parte de la Articulaci\u00f3n Nacional Ind\u00edgena por una Vida Digna, organizaci\u00f3n que re\u00fane a organizaciones ind\u00edgenas de todo el pa\u00eds.<\/p>\n","protected":false},"excerpt":{"rendered":"<p>L\u00edderes ind\u00edgenas participaron de un Encuentro Departamental en la Comunidad Makxawaiya, del Departamento de Presidente Hayes. El espacio fue convocado por la Coordinadora de L\u00edderes Ind\u00edgenas del Bajo Chaco (CLBCh) y la Articulaci\u00f3n Nacional Ind\u00edgena por una Vida Digna (ANIVID), a fin de evaluar diferentes temas de la agenda ind\u00edgena. Entre los puntos destacados los<a class=\"more-link\" href=\"https:\/\/vortice.rocks\/clientes\/tierraviva\/lideres-indigenas-se-reunen-en-presidente-hayes\/\">Seguir leyendo <span class=\"screen-reader-text\">&#8220;L\u00edderes ind\u00edgenas se re\u00fanen en Presidente Hayes&#8221;<\/span><\/a><\/p>\n","protected":false},"author":5,"featured_media":2225,"comment_status":"open","ping_status":"open","sticky":false,"template":"","format":"standard","meta":{"_exactmetrics_skip_tracking":false,"_exactmetrics_sitenote_active":false,"_exactmetrics_sitenote_note":"","_exactmetrics_sitenote_category":0,"footnotes":""},"categories":[3],"tags":[],"yoast_head":"<!-- This site is optimized with the Yoast SEO plugin v21.7 - https:\/\/yoast.com\/wordpress\/plugins\/seo\/ -->\n<title>L\u00edderes ind\u00edgenas se re\u00fanen en Presidente Hayes - Tierraviva<\/title>\n<meta name=\"robots\" content=\"index, follow, max-snippet:-1, max-image-preview:large, max-video-preview:-1\" \/>\n<link rel=\"canonical\" href=\"https:\/\/vortice.rocks\/clientes\/tierraviva\/lideres-indigenas-se-reunen-en-presidente-hayes\/\" \/>\n<meta property=\"og:locale\" content=\"es_ES\" \/>\n<meta property=\"og:type\" content=\"article\" \/>\n<meta property=\"og:title\" content=\"L\u00edderes ind\u00edgenas se re\u00fanen en Presidente Hayes - Tierraviva\" \/>\n<meta property=\"og:description\" content=\"L\u00edderes ind\u00edgenas participaron de un Encuentro Departamental en la Comunidad Makxawaiya, del Departamento de Presidente Hayes. El espacio fue convocado por la Coordinadora de L\u00edderes Ind\u00edgenas del Bajo Chaco (CLBCh) y la Articulaci\u00f3n Nacional Ind\u00edgena por una Vida Digna (ANIVID), a fin de evaluar diferentes temas de la agenda ind\u00edgena. Entre los puntos destacados losSeguir leyendo &quot;L\u00edderes ind\u00edgenas se re\u00fanen en Presidente Hayes&quot;\" \/>\n<meta property=\"og:url\" content=\"https:\/\/vortice.rocks\/clientes\/tierraviva\/lideres-indigenas-se-reunen-en-presidente-hayes\/\" \/>\n<meta property=\"og:site_name\" content=\"Tierraviva\" \/>\n<meta property=\"article:publisher\" content=\"https:\/\/www.facebook.com\/Tierraviva-a-los-pueblos-indigenas-del-Chaco-217328148281564\/\" \/>\n<meta property=\"article:published_time\" content=\"2021-05-28T20:16:07+00:00\" \/>\n<meta property=\"og:image\" content=\"https:\/\/vortice.rocks\/clientes\/tierraviva\/wp-content\/uploads\/2021\/05\/IMG-20210528-WA0179.jpg\" \/>\n\t<meta property=\"og:image:width\" content=\"1280\" \/>\n\t<meta property=\"og:image:height\" content=\"589\" \/>\n\t<meta property=\"og:image:type\" content=\"image\/jpeg\" \/>\n<meta name=\"author\" content=\"Santi Ortiz\" \/>\n<meta name=\"twitter:label1\" content=\"Escrito por\" \/>\n\t<meta name=\"twitter:data1\" content=\"Santi Ortiz\" \/>\n\t<meta name=\"twitter:label2\" content=\"Tiempo de lectura\" \/>\n\t<meta name=\"twitter:data2\" content=\"2 minutos\" \/>\n<script type=\"application\/ld+json\" class=\"yoast-schema-graph\">{\"@context\":\"https:\/\/schema.org\",\"@graph\":[{\"@type\":\"WebPage\",\"@id\":\"https:\/\/vortice.rocks\/clientes\/tierraviva\/lideres-indigenas-se-reunen-en-presidente-hayes\/\",\"url\":\"https:\/\/vortice.rocks\/clientes\/tierraviva\/lideres-indigenas-se-reunen-en-presidente-hayes\/\",\"name\":\"L\u00edderes ind\u00edgenas se re\u00fanen en Presidente Hayes - Tierraviva\",\"isPartOf\":{\"@id\":\"https:\/\/vortice.rocks\/clientes\/tierraviva\/#website\"},\"datePublished\":\"2021-05-28T20:16:07+00:00\",\"dateModified\":\"2021-05-28T20:16:07+00:00\",\"author\":{\"@id\":\"https:\/\/vortice.rocks\/clientes\/tierraviva\/#\/schema\/person\/0652c5aad419c86cff8f8129d355edd0\"},\"breadcrumb\":{\"@id\":\"https:\/\/vortice.rocks\/clientes\/tierraviva\/lideres-indigenas-se-reunen-en-presidente-hayes\/#breadcrumb\"},\"inLanguage\":\"es\",\"potentialAction\":[{\"@type\":\"ReadAction\",\"target\":[\"https:\/\/vortice.rocks\/clientes\/tierraviva\/lideres-indigenas-se-reunen-en-presidente-hayes\/\"]}]},{\"@type\":\"BreadcrumbList\",\"@id\":\"https:\/\/vortice.rocks\/clientes\/tierraviva\/lideres-indigenas-se-reunen-en-presidente-hayes\/#breadcrumb\",\"itemListElement\":[{\"@type\":\"ListItem\",\"position\":1,\"name\":\"Portada\",\"item\":\"https:\/\/vortice.rocks\/clientes\/tierraviva\/\"},{\"@type\":\"ListItem\",\"position\":2,\"name\":\"L\u00edderes ind\u00edgenas se re\u00fanen en Presidente Hayes\"}]},{\"@type\":\"WebSite\",\"@id\":\"https:\/\/vortice.rocks\/clientes\/tierraviva\/#website\",\"url\":\"https:\/\/vortice.rocks\/clientes\/tierraviva\/\",\"name\":\"Tierraviva\",\"description\":\"\",\"potentialAction\":[{\"@type\":\"SearchAction\",\"target\":{\"@type\":\"EntryPoint\",\"urlTemplate\":\"https:\/\/vortice.rocks\/clientes\/tierraviva\/?s={search_term_string}\"},\"query-input\":\"required name=search_term_string\"}],\"inLanguage\":\"es\"},{\"@type\":\"Person\",\"@id\":\"https:\/\/vortice.rocks\/clientes\/tierraviva\/#\/schema\/person\/0652c5aad419c86cff8f8129d355edd0\",\"name\":\"Santi Ortiz\",\"image\":{\"@type\":\"ImageObject\",\"inLanguage\":\"es\",\"@id\":\"https:\/\/vortice.rocks\/clientes\/tierraviva\/#\/schema\/person\/image\/\",\"url\":\"https:\/\/secure.gravatar.com\/avatar\/78bab899e21d2840245c1646bfc64d01?s=96&d=mm&r=g\",\"contentUrl\":\"https:\/\/secure.gravatar.com\/avatar\/78bab899e21d2840245c1646bfc64d01?s=96&d=mm&r=g\",\"caption\":\"Santi Ortiz\"},\"sameAs\":[\"https:\/\/vortice.rocks\/clientes\/tierraviva\"],\"url\":\"https:\/\/vortice.rocks\/clientes\/tierraviva\/author\/santi-ortiz\/\"}]}<\/script>\n<!-- \/ Yoast SEO plugin. -->","yoast_head_json":{"title":"L\u00edderes ind\u00edgenas se re\u00fanen en Presidente Hayes - Tierraviva","robots":{"index":"index","follow":"follow","max-snippet":"max-snippet:-1","max-image-preview":"max-image-preview:large","max-video-preview":"max-video-preview:-1"},"canonical":"https:\/\/vortice.rocks\/clientes\/tierraviva\/lideres-indigenas-se-reunen-en-presidente-hayes\/","og_locale":"es_ES","og_type":"article","og_title":"L\u00edderes ind\u00edgenas se re\u00fanen en Presidente Hayes - Tierraviva","og_description":"L\u00edderes ind\u00edgenas participaron de un Encuentro Departamental en la Comunidad Makxawaiya, del Departamento de Presidente Hayes. El espacio fue convocado por la Coordinadora de L\u00edderes Ind\u00edgenas del Bajo Chaco (CLBCh) y la Articulaci\u00f3n Nacional Ind\u00edgena por una Vida Digna (ANIVID), a fin de evaluar diferentes temas de la agenda ind\u00edgena. Entre los puntos destacados losSeguir leyendo \"L\u00edderes ind\u00edgenas se re\u00fanen en Presidente Hayes\"","og_url":"https:\/\/vortice.rocks\/clientes\/tierraviva\/lideres-indigenas-se-reunen-en-presidente-hayes\/","og_site_name":"Tierraviva","article_publisher":"https:\/\/www.facebook.com\/Tierraviva-a-los-pueblos-indigenas-del-Chaco-217328148281564\/","article_published_time":"2021-05-28T20:16:07+00:00","og_image":[{"width":1280,"height":589,"url":"https:\/\/vortice.rocks\/clientes\/tierraviva\/wp-content\/uploads\/2021\/05\/IMG-20210528-WA0179.jpg","type":"image\/jpeg"}],"author":"Santi Ortiz","twitter_misc":{"Escrito por":"Santi Ortiz","Tiempo de lectura":"2 minutos"},"schema":{"@context":"https:\/\/schema.org","@graph":[{"@type":"WebPage","@id":"https:\/\/vortice.rocks\/clientes\/tierraviva\/lideres-indigenas-se-reunen-en-presidente-hayes\/","url":"https:\/\/vortice.rocks\/clientes\/tierraviva\/lideres-indigenas-se-reunen-en-presidente-hayes\/","name":"L\u00edderes ind\u00edgenas se re\u00fanen en Presidente Hayes - Tierraviva","isPartOf":{"@id":"https:\/\/vortice.rocks\/clientes\/tierraviva\/#website"},"datePublished":"2021-05-28T20:16:07+00:00","dateModified":"2021-05-28T20:16:07+00:00","author":{"@id":"https:\/\/vortice.rocks\/clientes\/tierraviva\/#\/schema\/person\/0652c5aad419c86cff8f8129d355edd0"},"breadcrumb":{"@id":"https:\/\/vortice.rocks\/clientes\/tierraviva\/lideres-indigenas-se-reunen-en-presidente-hayes\/#breadcrumb"},"inLanguage":"es","potentialAction":[{"@type":"ReadAction","target":["https:\/\/vortice.rocks\/clientes\/tierraviva\/lideres-indigenas-se-reunen-en-presidente-hayes\/"]}]},{"@type":"BreadcrumbList","@id":"https:\/\/vortice.rocks\/clientes\/tierraviva\/lideres-indigenas-se-reunen-en-presidente-hayes\/#breadcrumb","itemListElement":[{"@type":"ListItem","position":1,"name":"Portada","item":"https:\/\/vortice.rocks\/clientes\/tierraviva\/"},{"@type":"ListItem","position":2,"name":"L\u00edderes ind\u00edgenas se re\u00fanen en Presidente Hayes"}]},{"@type":"WebSite","@id":"https:\/\/vortice.rocks\/clientes\/tierraviva\/#website","url":"https:\/\/vortice.rocks\/clientes\/tierraviva\/","name":"Tierraviva","description":"","potentialAction":[{"@type":"SearchAction","target":{"@type":"EntryPoint","urlTemplate":"https:\/\/vortice.rocks\/clientes\/tierraviva\/?s={search_term_string}"},"query-input":"required name=search_term_string"}],"inLanguage":"es"},{"@type":"Person","@id":"https:\/\/vortice.rocks\/clientes\/tierraviva\/#\/schema\/person\/0652c5aad419c86cff8f8129d355edd0","name":"Santi Ortiz","image":{"@type":"ImageObject","inLanguage":"es","@id":"https:\/\/vortice.rocks\/clientes\/tierraviva\/#\/schema\/person\/image\/","url":"https:\/\/secure.gravatar.com\/avatar\/78bab899e21d2840245c1646bfc64d01?s=96&d=mm&r=g","contentUrl":"https:\/\/secure.gravatar.com\/avatar\/78bab899e21d2840245c1646bfc64d01?s=96&d=mm&r=g","caption":"Santi Ortiz"},"sameAs":["https:\/\/vortice.rocks\/clientes\/tierraviva"],"url":"https:\/\/vortice.rocks\/clientes\/tierraviva\/author\/santi-ortiz\/"}]}},"_links":{"self":[{"href":"https:\/\/vortice.rocks\/clientes\/tierraviva\/wp-json\/wp\/v2\/posts\/2224"}],"collection":[{"href":"https:\/\/vortice.rocks\/clientes\/tierraviva\/wp-json\/wp\/v2\/posts"}],"about":[{"href":"https:\/\/vortice.rocks\/clientes\/tierraviva\/wp-json\/wp\/v2\/types\/post"}],"author":[{"embeddable":true,"href":"https:\/\/vortice.rocks\/clientes\/tierraviva\/wp-json\/wp\/v2\/users\/5"}],"replies":[{"embeddable":true,"href":"https:\/\/vortice.rocks\/clientes\/tierraviva\/wp-json\/wp\/v2\/comments?post=2224"}],"version-history":[{"count":1,"href":"https:\/\/vortice.rocks\/clientes\/tierraviva\/wp-json\/wp\/v2\/posts\/2224\/revisions"}],"predecessor-version":[{"id":2226,"href":"https:\/\/vortice.rocks\/clientes\/tierraviva\/wp-json\/wp\/v2\/posts\/2224\/revisions\/2226"}],"wp:featuredmedia":[{"embeddable":true,"href":"https:\/\/vortice.rocks\/clientes\/tierraviva\/wp-json\/wp\/v2\/media\/2225"}],"wp:attachment":[{"href":"https:\/\/vortice.rocks\/clientes\/tierraviva\/wp-json\/wp\/v2\/media?parent=2224"}],"wp:term":[{"taxonomy":"category","embeddable":true,"href":"https:\/\/vortice.rocks\/clientes\/tierraviva\/wp-json\/wp\/v2\/categories?post=2224"},{"taxonomy":"post_tag","embeddable":true,"href":"https:\/\/vortice.rocks\/clientes\/tierraviva\/wp-json\/wp\/v2\/tags?post=2224"}],"curies":[{"name":"wp","href":"https:\/\/api.w.org\/{rel}","templated":true}]}}