{"id":2238,"date":"2021-06-24T10:28:43","date_gmt":"2021-06-24T14:28:43","guid":{"rendered":"https:\/\/vortice.rocks\/clientes\/tierraviva\/?p=2238"},"modified":"2021-06-24T10:28:43","modified_gmt":"2021-06-24T14:28:43","slug":"exigimos-respeto-a-los-derechos-de-los-pueblos-indigenas","status":"publish","type":"post","link":"https:\/\/vortice.rocks\/clientes\/tierraviva\/exigimos-respeto-a-los-derechos-de-los-pueblos-indigenas\/","title":{"rendered":"Exigimos respeto a los Derechos de los Pueblos Ind\u00edgenas"},"content":{"rendered":"<p align=\"justify\">Como organizaci\u00f3n dedicada a la defensa de los Derechos Humanos de los Pueblos Ind\u00edgenas, y particularmente de sus derechos territoriales, manifestamos nuestra sorpresa y rechazo ante las declaraciones realizadas por el Ministro del Interior, Arnaldo Giuzzio, respecto a las tierras ind\u00edgenas. Durante una entrevista concedida el d\u00eda mi\u00e9rcoles 23 de junio el Ministro manifest\u00f3 que &#8220;no faltan tierras para las Comunidades Ind\u00edgenas. Las comunidades ind\u00edgenas est\u00e1n hoy solicitando m\u00e1s tierras, pero para arrendar&#8221;. Con estas declaraciones Giuzzio demuestra un gran desconocimiento de la problem\u00e1tica ind\u00edgena y de la propia legislaci\u00f3n.<\/p>\n<p align=\"justify\">Las tierras en propiedad comunitaria que hoy tienen los pueblos ind\u00edgenas, tituladas o aseguradas, son insuficientes, incluso tomando como l\u00ednea de base el m\u00ednimo que establece la Ley 904\/81. En promedio las comunidades de la Regi\u00f3n Oriental apenas alcanzan ese m\u00ednimo y las del Chaco a\u00fan no llegan a \u00e9l. La Constituci\u00f3n del Paraguay establece en su art\u00edculo 64 que \u201cLos pueblos ind\u00edgenas tienen derecho a la propiedad comunitaria de la tierra, en extensi\u00f3n y calidad suficientes para la conservaci\u00f3n y el desarrollo de sus formas peculiares de vida\u201d. Por ende, es innegable la existencia de un problema de insuficiencia de tierras, conforme a los par\u00e1metros m\u00e1s b\u00e1sicos de sostenibilidad, t\u00e9cnicos y legales.<\/p>\n<p align=\"justify\">En el mismo art\u00edculo 64 la Constituci\u00f3n proh\u00edbe el arrendamiento de tierras ind\u00edgenas, sin embargo, hoy cientos y miles de hect\u00e1reas de tierras ind\u00edgenas se encuentran ocupadas mediante el alquiler ilegal por el agronegocio, ante la permisividad de un Estado c\u00f3mplice del despojo. La problem\u00e1tica de arrendamiento de tierras ind\u00edgenas afecta a una gran parte de las comunidades y que es un producto, indicador y causa concurrente a la vez, de la pobreza extrema de la poblaci\u00f3n ind\u00edgena, y que est\u00e1 en relaci\u00f3n con la falta de restituci\u00f3n y seguridad de mayores territorios y de oportunidades econ\u00f3micas, poniendo en entredicho la vigencia de la propia Constituci\u00f3n de la Rep\u00fablica.<\/p>\n<p align=\"justify\">El Se\u00f1or Giuzzio, en su car\u00e1cter de Ministro del Interior, y anteriormente como fiscal, deber\u00eda estar al tanto de esta situaci\u00f3n y debe actuar en consecuencia, trabajando junto a otros entes p\u00fablicos en la recuperaci\u00f3n de las tierras ind\u00edgenas ilegalmente arrendadas. Con su inacci\u00f3n, s\u00f3lo se convierte en responsable por omisi\u00f3n de est\u00e1s ilegalidades, al igual que las dem\u00e1s autoridades de gobierno y de los Poderes P\u00fablicos.<\/p>\n<p align=\"justify\">Llamamos a las autoridades a abordar decididamente la problem\u00e1tica ind\u00edgena, dejando de lado su pretendida intenci\u00f3n de acusar a las propias comunidades de la situaci\u00f3n de discriminaci\u00f3n estructural en que se encuentran. Tal como lo establece la Constituci\u00f3n, el Estado es responsable de garantizar tierras en cantidad y calidad suficientes para los Pueblos Ind\u00edgenas, brind\u00e1ndoles la protecci\u00f3n necesaria para que las mismas sirvan al desarrollo libre de las comunidades y el sostenimiento de sus formas tradicionales de vida.<\/p>\n<p align=\"justify\">El Estado paraguayo ha sido condenado por la Corte IDH en tres ocasiones por la violaci\u00f3n de los derechos territoriales, sociales, econ\u00f3micos y culturales de las comunidades ind\u00edgenas y las autoridades deber\u00edan estar trabajando por pol\u00edticas p\u00fablicas para subsanar el desinter\u00e9s hist\u00f3rico de resolver la problem\u00e1tica ind\u00edgena, antes de ofrecer argumentos falaces y desalojos forzosos a quienes reclaman su leg\u00edtimo derecho.<\/p>\n<p align=\"justify\">Exigimos respeto a los Derechos de los Pueblos Ind\u00edgenas<\/p>\n","protected":false},"excerpt":{"rendered":"<p>Como organizaci\u00f3n dedicada a la defensa de los Derechos Humanos de los Pueblos Ind\u00edgenas, y particularmente de sus derechos territoriales, manifestamos nuestra sorpresa y rechazo ante las declaraciones realizadas por el Ministro del Interior, Arnaldo Giuzzio, respecto a las tierras ind\u00edgenas. Durante una entrevista concedida el d\u00eda mi\u00e9rcoles 23 de junio el Ministro manifest\u00f3 que<a class=\"more-link\" href=\"https:\/\/vortice.rocks\/clientes\/tierraviva\/exigimos-respeto-a-los-derechos-de-los-pueblos-indigenas\/\">Seguir leyendo <span class=\"screen-reader-text\">&#8220;Exigimos respeto a los Derechos de los Pueblos Ind\u00edgenas&#8221;<\/span><\/a><\/p>\n","protected":false},"author":5,"featured_media":2222,"comment_status":"open","ping_status":"open","sticky":false,"template":"","format":"standard","meta":{"_exactmetrics_skip_tracking":false,"_exactmetrics_sitenote_active":false,"_exactmetrics_sitenote_note":"","_exactmetrics_sitenote_category":0,"footnotes":""},"categories":[3],"tags":[],"yoast_head":"<!-- This site is optimized with the Yoast SEO plugin v21.7 - https:\/\/yoast.com\/wordpress\/plugins\/seo\/ -->\n<title>Exigimos respeto a los Derechos de los Pueblos Ind\u00edgenas - Tierraviva<\/title>\n<meta name=\"robots\" content=\"index, follow, max-snippet:-1, max-image-preview:large, max-video-preview:-1\" \/>\n<link rel=\"canonical\" href=\"https:\/\/vortice.rocks\/clientes\/tierraviva\/exigimos-respeto-a-los-derechos-de-los-pueblos-indigenas\/\" \/>\n<meta property=\"og:locale\" content=\"es_ES\" \/>\n<meta property=\"og:type\" content=\"article\" \/>\n<meta property=\"og:title\" content=\"Exigimos respeto a los Derechos de los Pueblos Ind\u00edgenas - Tierraviva\" \/>\n<meta property=\"og:description\" content=\"Como organizaci\u00f3n dedicada a la defensa de los Derechos Humanos de los Pueblos Ind\u00edgenas, y particularmente de sus derechos territoriales, manifestamos nuestra sorpresa y rechazo ante las declaraciones realizadas por el Ministro del Interior, Arnaldo Giuzzio, respecto a las tierras ind\u00edgenas. Durante una entrevista concedida el d\u00eda mi\u00e9rcoles 23 de junio el Ministro manifest\u00f3 queSeguir leyendo &quot;Exigimos respeto a los Derechos de los Pueblos Ind\u00edgenas&quot;\" \/>\n<meta property=\"og:url\" content=\"https:\/\/vortice.rocks\/clientes\/tierraviva\/exigimos-respeto-a-los-derechos-de-los-pueblos-indigenas\/\" \/>\n<meta property=\"og:site_name\" content=\"Tierraviva\" \/>\n<meta property=\"article:publisher\" content=\"https:\/\/www.facebook.com\/Tierraviva-a-los-pueblos-indigenas-del-Chaco-217328148281564\/\" \/>\n<meta property=\"article:published_time\" content=\"2021-06-24T14:28:43+00:00\" \/>\n<meta property=\"og:image\" content=\"https:\/\/vortice.rocks\/clientes\/tierraviva\/wp-content\/uploads\/2021\/05\/cropped-favicon-Tierra-Viva-2.png\" \/>\n\t<meta property=\"og:image:width\" content=\"512\" \/>\n\t<meta property=\"og:image:height\" content=\"512\" \/>\n\t<meta property=\"og:image:type\" content=\"image\/png\" \/>\n<meta name=\"author\" content=\"Santi Ortiz\" \/>\n<meta name=\"twitter:label1\" content=\"Escrito por\" \/>\n\t<meta name=\"twitter:data1\" content=\"Santi Ortiz\" \/>\n\t<meta name=\"twitter:label2\" content=\"Tiempo de lectura\" \/>\n\t<meta name=\"twitter:data2\" content=\"3 minutos\" \/>\n<script type=\"application\/ld+json\" class=\"yoast-schema-graph\">{\"@context\":\"https:\/\/schema.org\",\"@graph\":[{\"@type\":\"WebPage\",\"@id\":\"https:\/\/vortice.rocks\/clientes\/tierraviva\/exigimos-respeto-a-los-derechos-de-los-pueblos-indigenas\/\",\"url\":\"https:\/\/vortice.rocks\/clientes\/tierraviva\/exigimos-respeto-a-los-derechos-de-los-pueblos-indigenas\/\",\"name\":\"Exigimos respeto a los Derechos de los Pueblos Ind\u00edgenas - Tierraviva\",\"isPartOf\":{\"@id\":\"https:\/\/vortice.rocks\/clientes\/tierraviva\/#website\"},\"datePublished\":\"2021-06-24T14:28:43+00:00\",\"dateModified\":\"2021-06-24T14:28:43+00:00\",\"author\":{\"@id\":\"https:\/\/vortice.rocks\/clientes\/tierraviva\/#\/schema\/person\/0652c5aad419c86cff8f8129d355edd0\"},\"breadcrumb\":{\"@id\":\"https:\/\/vortice.rocks\/clientes\/tierraviva\/exigimos-respeto-a-los-derechos-de-los-pueblos-indigenas\/#breadcrumb\"},\"inLanguage\":\"es\",\"potentialAction\":[{\"@type\":\"ReadAction\",\"target\":[\"https:\/\/vortice.rocks\/clientes\/tierraviva\/exigimos-respeto-a-los-derechos-de-los-pueblos-indigenas\/\"]}]},{\"@type\":\"BreadcrumbList\",\"@id\":\"https:\/\/vortice.rocks\/clientes\/tierraviva\/exigimos-respeto-a-los-derechos-de-los-pueblos-indigenas\/#breadcrumb\",\"itemListElement\":[{\"@type\":\"ListItem\",\"position\":1,\"name\":\"Portada\",\"item\":\"https:\/\/vortice.rocks\/clientes\/tierraviva\/\"},{\"@type\":\"ListItem\",\"position\":2,\"name\":\"Exigimos respeto a los Derechos de los Pueblos Ind\u00edgenas\"}]},{\"@type\":\"WebSite\",\"@id\":\"https:\/\/vortice.rocks\/clientes\/tierraviva\/#website\",\"url\":\"https:\/\/vortice.rocks\/clientes\/tierraviva\/\",\"name\":\"Tierraviva\",\"description\":\"\",\"potentialAction\":[{\"@type\":\"SearchAction\",\"target\":{\"@type\":\"EntryPoint\",\"urlTemplate\":\"https:\/\/vortice.rocks\/clientes\/tierraviva\/?s={search_term_string}\"},\"query-input\":\"required name=search_term_string\"}],\"inLanguage\":\"es\"},{\"@type\":\"Person\",\"@id\":\"https:\/\/vortice.rocks\/clientes\/tierraviva\/#\/schema\/person\/0652c5aad419c86cff8f8129d355edd0\",\"name\":\"Santi Ortiz\",\"image\":{\"@type\":\"ImageObject\",\"inLanguage\":\"es\",\"@id\":\"https:\/\/vortice.rocks\/clientes\/tierraviva\/#\/schema\/person\/image\/\",\"url\":\"https:\/\/secure.gravatar.com\/avatar\/78bab899e21d2840245c1646bfc64d01?s=96&d=mm&r=g\",\"contentUrl\":\"https:\/\/secure.gravatar.com\/avatar\/78bab899e21d2840245c1646bfc64d01?s=96&d=mm&r=g\",\"caption\":\"Santi Ortiz\"},\"sameAs\":[\"https:\/\/vortice.rocks\/clientes\/tierraviva\"],\"url\":\"https:\/\/vortice.rocks\/clientes\/tierraviva\/author\/santi-ortiz\/\"}]}<\/script>\n<!-- \/ Yoast SEO plugin. -->","yoast_head_json":{"title":"Exigimos respeto a los Derechos de los Pueblos Ind\u00edgenas - Tierraviva","robots":{"index":"index","follow":"follow","max-snippet":"max-snippet:-1","max-image-preview":"max-image-preview:large","max-video-preview":"max-video-preview:-1"},"canonical":"https:\/\/vortice.rocks\/clientes\/tierraviva\/exigimos-respeto-a-los-derechos-de-los-pueblos-indigenas\/","og_locale":"es_ES","og_type":"article","og_title":"Exigimos respeto a los Derechos de los Pueblos Ind\u00edgenas - Tierraviva","og_description":"Como organizaci\u00f3n dedicada a la defensa de los Derechos Humanos de los Pueblos Ind\u00edgenas, y particularmente de sus derechos territoriales, manifestamos nuestra sorpresa y rechazo ante las declaraciones realizadas por el Ministro del Interior, Arnaldo Giuzzio, respecto a las tierras ind\u00edgenas. Durante una entrevista concedida el d\u00eda mi\u00e9rcoles 23 de junio el Ministro manifest\u00f3 queSeguir leyendo \"Exigimos respeto a los Derechos de los Pueblos Ind\u00edgenas\"","og_url":"https:\/\/vortice.rocks\/clientes\/tierraviva\/exigimos-respeto-a-los-derechos-de-los-pueblos-indigenas\/","og_site_name":"Tierraviva","article_publisher":"https:\/\/www.facebook.com\/Tierraviva-a-los-pueblos-indigenas-del-Chaco-217328148281564\/","article_published_time":"2021-06-24T14:28:43+00:00","og_image":[{"width":512,"height":512,"url":"https:\/\/vortice.rocks\/clientes\/tierraviva\/wp-content\/uploads\/2021\/05\/cropped-favicon-Tierra-Viva-2.png","type":"image\/png"}],"author":"Santi Ortiz","twitter_misc":{"Escrito por":"Santi Ortiz","Tiempo de lectura":"3 minutos"},"schema":{"@context":"https:\/\/schema.org","@graph":[{"@type":"WebPage","@id":"https:\/\/vortice.rocks\/clientes\/tierraviva\/exigimos-respeto-a-los-derechos-de-los-pueblos-indigenas\/","url":"https:\/\/vortice.rocks\/clientes\/tierraviva\/exigimos-respeto-a-los-derechos-de-los-pueblos-indigenas\/","name":"Exigimos respeto a los Derechos de los Pueblos Ind\u00edgenas - Tierraviva","isPartOf":{"@id":"https:\/\/vortice.rocks\/clientes\/tierraviva\/#website"},"datePublished":"2021-06-24T14:28:43+00:00","dateModified":"2021-06-24T14:28:43+00:00","author":{"@id":"https:\/\/vortice.rocks\/clientes\/tierraviva\/#\/schema\/person\/0652c5aad419c86cff8f8129d355edd0"},"breadcrumb":{"@id":"https:\/\/vortice.rocks\/clientes\/tierraviva\/exigimos-respeto-a-los-derechos-de-los-pueblos-indigenas\/#breadcrumb"},"inLanguage":"es","potentialAction":[{"@type":"ReadAction","target":["https:\/\/vortice.rocks\/clientes\/tierraviva\/exigimos-respeto-a-los-derechos-de-los-pueblos-indigenas\/"]}]},{"@type":"BreadcrumbList","@id":"https:\/\/vortice.rocks\/clientes\/tierraviva\/exigimos-respeto-a-los-derechos-de-los-pueblos-indigenas\/#breadcrumb","itemListElement":[{"@type":"ListItem","position":1,"name":"Portada","item":"https:\/\/vortice.rocks\/clientes\/tierraviva\/"},{"@type":"ListItem","position":2,"name":"Exigimos respeto a los Derechos de los Pueblos Ind\u00edgenas"}]},{"@type":"WebSite","@id":"https:\/\/vortice.rocks\/clientes\/tierraviva\/#website","url":"https:\/\/vortice.rocks\/clientes\/tierraviva\/","name":"Tierraviva","description":"","potentialAction":[{"@type":"SearchAction","target":{"@type":"EntryPoint","urlTemplate":"https:\/\/vortice.rocks\/clientes\/tierraviva\/?s={search_term_string}"},"query-input":"required name=search_term_string"}],"inLanguage":"es"},{"@type":"Person","@id":"https:\/\/vortice.rocks\/clientes\/tierraviva\/#\/schema\/person\/0652c5aad419c86cff8f8129d355edd0","name":"Santi Ortiz","image":{"@type":"ImageObject","inLanguage":"es","@id":"https:\/\/vortice.rocks\/clientes\/tierraviva\/#\/schema\/person\/image\/","url":"https:\/\/secure.gravatar.com\/avatar\/78bab899e21d2840245c1646bfc64d01?s=96&d=mm&r=g","contentUrl":"https:\/\/secure.gravatar.com\/avatar\/78bab899e21d2840245c1646bfc64d01?s=96&d=mm&r=g","caption":"Santi Ortiz"},"sameAs":["https:\/\/vortice.rocks\/clientes\/tierraviva"],"url":"https:\/\/vortice.rocks\/clientes\/tierraviva\/author\/santi-ortiz\/"}]}},"_links":{"self":[{"href":"https:\/\/vortice.rocks\/clientes\/tierraviva\/wp-json\/wp\/v2\/posts\/2238"}],"collection":[{"href":"https:\/\/vortice.rocks\/clientes\/tierraviva\/wp-json\/wp\/v2\/posts"}],"about":[{"href":"https:\/\/vortice.rocks\/clientes\/tierraviva\/wp-json\/wp\/v2\/types\/post"}],"author":[{"embeddable":true,"href":"https:\/\/vortice.rocks\/clientes\/tierraviva\/wp-json\/wp\/v2\/users\/5"}],"replies":[{"embeddable":true,"href":"https:\/\/vortice.rocks\/clientes\/tierraviva\/wp-json\/wp\/v2\/comments?post=2238"}],"version-history":[{"count":2,"href":"https:\/\/vortice.rocks\/clientes\/tierraviva\/wp-json\/wp\/v2\/posts\/2238\/revisions"}],"predecessor-version":[{"id":2240,"href":"https:\/\/vortice.rocks\/clientes\/tierraviva\/wp-json\/wp\/v2\/posts\/2238\/revisions\/2240"}],"wp:featuredmedia":[{"embeddable":true,"href":"https:\/\/vortice.rocks\/clientes\/tierraviva\/wp-json\/wp\/v2\/media\/2222"}],"wp:attachment":[{"href":"https:\/\/vortice.rocks\/clientes\/tierraviva\/wp-json\/wp\/v2\/media?parent=2238"}],"wp:term":[{"taxonomy":"category","embeddable":true,"href":"https:\/\/vortice.rocks\/clientes\/tierraviva\/wp-json\/wp\/v2\/categories?post=2238"},{"taxonomy":"post_tag","embeddable":true,"href":"https:\/\/vortice.rocks\/clientes\/tierraviva\/wp-json\/wp\/v2\/tags?post=2238"}],"curies":[{"name":"wp","href":"https:\/\/api.w.org\/{rel}","templated":true}]}}