{"id":2267,"date":"2021-08-16T15:19:42","date_gmt":"2021-08-16T19:19:42","guid":{"rendered":"https:\/\/vortice.rocks\/clientes\/tierraviva\/?p=2267"},"modified":"2021-08-16T15:19:42","modified_gmt":"2021-08-16T19:19:42","slug":"semana-de-la-nacion-yshir-en-asuncion-busca-visibilizar-reclamos-territoriales","status":"publish","type":"post","link":"https:\/\/vortice.rocks\/clientes\/tierraviva\/semana-de-la-nacion-yshir-en-asuncion-busca-visibilizar-reclamos-territoriales\/","title":{"rendered":"Semana de la Naci\u00f3n Yshir en Asunci\u00f3n busca visibilizar reclamos territoriales"},"content":{"rendered":"<p>Buscando dar a conocer sus principales reclamos territoriales miembros de la Naci\u00f3n Yshir llegan a la capital para reunirse con autoridades vinculadas a la tem\u00e1tica. C\u00f3mo parte de las actividades presentar\u00e1n el libro &#8220;El territorio Yshir y su reclamo actual&#8221; y lanzar\u00e1n el Diccionario Yshir Ybitoso.<\/p>\n<p>La Naci\u00f3n Yshir est\u00e1 compuesta por cerca de 3.500 personas, que habitan en 7 comunidades ubicadas a orillas del R\u00edo Paraguay, en los Distritos de Bah\u00eda Negra y Fuerte Olimpo, Departamento de Alto Paraguay.<\/p>\n<p>Las comunidades Yshir reclaman desde hace a\u00f1os la recuperaci\u00f3n de parte de su territorio ancestral que hoy se encuentra en manos de empresas agroganaderas de capital extranjero. Los Yshiros -como se conoce a los integrantes de la Naci\u00f3n Yshir- se ven impedidos de acceder sus lugares sagrados, que al mismo tiempo se encuentran amenazados por la deforestaci\u00f3n.<\/p>\n<p>Ante esta situaci\u00f3n a lo largo de la semana dialogar\u00e1n con autoridades de Poder Ejecutivo y del Legislativo a fin de buscar una respuesta a sus reclamos territoriales. Seg\u00fan diversos estudios la Naci\u00f3n Yshir habr\u00eda perdido m\u00e1s del 97% de su territorio ancestral ubicado principalmente en la Eco Regi\u00f3n del Pantanal, que hoy se encuentra amenazada por la deforestaci\u00f3n y los incendios.<\/p>\n<h4>Actividades previstas<\/h4>\n<p>El lunes 16 de agosto, la delegaci\u00f3n Yshir ser\u00e1 recibida por autoridades del Instituto Nacional de Desarrollo Rural y de la Tierra (INDERT), desde las 9 de la ma\u00f1ana. El martes 17 llegar\u00e1n hasta la Comisi\u00f3n de Pueblos Ind\u00edgenas de la C\u00e1mara de Diputados.<\/p>\n<p>La jornada del mi\u00e9rcoles 18 ser\u00e1 dedicada a un espacio de reflexi\u00f3n y planificaci\u00f3n de la Uni\u00f3n de Comunidades Ind\u00edgenas de la Naci\u00f3n Yshir (UCINY).<\/p>\n<p>El jueves 19 se realizar\u00e1 el lanzamiento del Diccionario Yshir y del libro El Territorio Yshir y su reclamo actual. Esta actividad iniciar\u00e1 a las 10 de la ma\u00f1ana en el Instituto Cultural Paraguayo Alem\u00e1n y quienes est\u00e9n interesados en participar deben escribir al correo pytierraviva@gmail.com.<\/p>\n<p>El d\u00eda viernes 20 desde las 9 horas la delegaci\u00f3n ser\u00e1 recibida por la Comisi\u00f3n de Pueblos Ind\u00edgenas del Senado y para las 11 horas llegar\u00e1n al Instituto Paraguayo del Ind\u00edgena (INDI).<\/p>\n<p>La semana Yshir est\u00e1 siendo organizada por la Uni\u00f3n de Comunidades Ind\u00edgenas de la Naci\u00f3n Yshir y apoyada por Tierraviva.<\/p>\n<p>Contacto:<\/p>\n<p>+595 984 293292 Andr\u00e9s Ozuna<\/p>\n","protected":false},"excerpt":{"rendered":"<p>Buscando dar a conocer sus principales reclamos territoriales miembros de la Naci\u00f3n Yshir llegan a la capital para reunirse con autoridades vinculadas a la tem\u00e1tica. C\u00f3mo parte de las actividades presentar\u00e1n el libro &#8220;El territorio Yshir y su reclamo actual&#8221; y lanzar\u00e1n el Diccionario Yshir Ybitoso. La Naci\u00f3n Yshir est\u00e1 compuesta por cerca de 3.500<a class=\"more-link\" href=\"https:\/\/vortice.rocks\/clientes\/tierraviva\/semana-de-la-nacion-yshir-en-asuncion-busca-visibilizar-reclamos-territoriales\/\">Seguir leyendo <span class=\"screen-reader-text\">&#8220;Semana de la Naci\u00f3n Yshir en Asunci\u00f3n busca visibilizar reclamos territoriales&#8221;<\/span><\/a><\/p>\n","protected":false},"author":5,"featured_media":2268,"comment_status":"open","ping_status":"open","sticky":false,"template":"","format":"standard","meta":{"_exactmetrics_skip_tracking":false,"_exactmetrics_sitenote_active":false,"_exactmetrics_sitenote_note":"","_exactmetrics_sitenote_category":0,"footnotes":""},"categories":[3],"tags":[],"yoast_head":"<!-- This site is optimized with the Yoast SEO plugin v21.7 - https:\/\/yoast.com\/wordpress\/plugins\/seo\/ -->\n<title>Semana de la Naci\u00f3n Yshir en Asunci\u00f3n busca visibilizar reclamos territoriales - Tierraviva<\/title>\n<meta name=\"robots\" content=\"index, follow, max-snippet:-1, max-image-preview:large, max-video-preview:-1\" \/>\n<link rel=\"canonical\" href=\"https:\/\/vortice.rocks\/clientes\/tierraviva\/semana-de-la-nacion-yshir-en-asuncion-busca-visibilizar-reclamos-territoriales\/\" \/>\n<meta property=\"og:locale\" content=\"es_ES\" \/>\n<meta property=\"og:type\" content=\"article\" \/>\n<meta property=\"og:title\" content=\"Semana de la Naci\u00f3n Yshir en Asunci\u00f3n busca visibilizar reclamos territoriales - Tierraviva\" \/>\n<meta property=\"og:description\" content=\"Buscando dar a conocer sus principales reclamos territoriales miembros de la Naci\u00f3n Yshir llegan a la capital para reunirse con autoridades vinculadas a la tem\u00e1tica. C\u00f3mo parte de las actividades presentar\u00e1n el libro &#8220;El territorio Yshir y su reclamo actual&#8221; y lanzar\u00e1n el Diccionario Yshir Ybitoso. La Naci\u00f3n Yshir est\u00e1 compuesta por cerca de 3.500Seguir leyendo &quot;Semana de la Naci\u00f3n Yshir en Asunci\u00f3n busca visibilizar reclamos territoriales&quot;\" \/>\n<meta property=\"og:url\" content=\"https:\/\/vortice.rocks\/clientes\/tierraviva\/semana-de-la-nacion-yshir-en-asuncion-busca-visibilizar-reclamos-territoriales\/\" \/>\n<meta property=\"og:site_name\" content=\"Tierraviva\" \/>\n<meta property=\"article:publisher\" content=\"https:\/\/www.facebook.com\/Tierraviva-a-los-pueblos-indigenas-del-Chaco-217328148281564\/\" \/>\n<meta property=\"article:published_time\" content=\"2021-08-16T19:19:42+00:00\" \/>\n<meta property=\"og:image\" content=\"https:\/\/vortice.rocks\/clientes\/tierraviva\/wp-content\/uploads\/2021\/08\/724BQZOQHND67E2IJJXARZKMLI.jpg\" \/>\n\t<meta property=\"og:image:width\" content=\"707\" \/>\n\t<meta property=\"og:image:height\" content=\"495\" \/>\n\t<meta property=\"og:image:type\" content=\"image\/jpeg\" \/>\n<meta name=\"author\" content=\"Santi Ortiz\" \/>\n<meta name=\"twitter:label1\" content=\"Escrito por\" \/>\n\t<meta name=\"twitter:data1\" content=\"Santi Ortiz\" \/>\n\t<meta name=\"twitter:label2\" content=\"Tiempo de lectura\" \/>\n\t<meta name=\"twitter:data2\" content=\"2 minutos\" \/>\n<script type=\"application\/ld+json\" class=\"yoast-schema-graph\">{\"@context\":\"https:\/\/schema.org\",\"@graph\":[{\"@type\":\"WebPage\",\"@id\":\"https:\/\/vortice.rocks\/clientes\/tierraviva\/semana-de-la-nacion-yshir-en-asuncion-busca-visibilizar-reclamos-territoriales\/\",\"url\":\"https:\/\/vortice.rocks\/clientes\/tierraviva\/semana-de-la-nacion-yshir-en-asuncion-busca-visibilizar-reclamos-territoriales\/\",\"name\":\"Semana de la Naci\u00f3n Yshir en Asunci\u00f3n busca visibilizar reclamos territoriales - Tierraviva\",\"isPartOf\":{\"@id\":\"https:\/\/vortice.rocks\/clientes\/tierraviva\/#website\"},\"datePublished\":\"2021-08-16T19:19:42+00:00\",\"dateModified\":\"2021-08-16T19:19:42+00:00\",\"author\":{\"@id\":\"https:\/\/vortice.rocks\/clientes\/tierraviva\/#\/schema\/person\/0652c5aad419c86cff8f8129d355edd0\"},\"breadcrumb\":{\"@id\":\"https:\/\/vortice.rocks\/clientes\/tierraviva\/semana-de-la-nacion-yshir-en-asuncion-busca-visibilizar-reclamos-territoriales\/#breadcrumb\"},\"inLanguage\":\"es\",\"potentialAction\":[{\"@type\":\"ReadAction\",\"target\":[\"https:\/\/vortice.rocks\/clientes\/tierraviva\/semana-de-la-nacion-yshir-en-asuncion-busca-visibilizar-reclamos-territoriales\/\"]}]},{\"@type\":\"BreadcrumbList\",\"@id\":\"https:\/\/vortice.rocks\/clientes\/tierraviva\/semana-de-la-nacion-yshir-en-asuncion-busca-visibilizar-reclamos-territoriales\/#breadcrumb\",\"itemListElement\":[{\"@type\":\"ListItem\",\"position\":1,\"name\":\"Portada\",\"item\":\"https:\/\/vortice.rocks\/clientes\/tierraviva\/\"},{\"@type\":\"ListItem\",\"position\":2,\"name\":\"Semana de la Naci\u00f3n Yshir en Asunci\u00f3n busca visibilizar reclamos territoriales\"}]},{\"@type\":\"WebSite\",\"@id\":\"https:\/\/vortice.rocks\/clientes\/tierraviva\/#website\",\"url\":\"https:\/\/vortice.rocks\/clientes\/tierraviva\/\",\"name\":\"Tierraviva\",\"description\":\"\",\"potentialAction\":[{\"@type\":\"SearchAction\",\"target\":{\"@type\":\"EntryPoint\",\"urlTemplate\":\"https:\/\/vortice.rocks\/clientes\/tierraviva\/?s={search_term_string}\"},\"query-input\":\"required name=search_term_string\"}],\"inLanguage\":\"es\"},{\"@type\":\"Person\",\"@id\":\"https:\/\/vortice.rocks\/clientes\/tierraviva\/#\/schema\/person\/0652c5aad419c86cff8f8129d355edd0\",\"name\":\"Santi Ortiz\",\"image\":{\"@type\":\"ImageObject\",\"inLanguage\":\"es\",\"@id\":\"https:\/\/vortice.rocks\/clientes\/tierraviva\/#\/schema\/person\/image\/\",\"url\":\"https:\/\/secure.gravatar.com\/avatar\/78bab899e21d2840245c1646bfc64d01?s=96&d=mm&r=g\",\"contentUrl\":\"https:\/\/secure.gravatar.com\/avatar\/78bab899e21d2840245c1646bfc64d01?s=96&d=mm&r=g\",\"caption\":\"Santi Ortiz\"},\"sameAs\":[\"https:\/\/vortice.rocks\/clientes\/tierraviva\"],\"url\":\"https:\/\/vortice.rocks\/clientes\/tierraviva\/author\/santi-ortiz\/\"}]}<\/script>\n<!-- \/ Yoast SEO plugin. -->","yoast_head_json":{"title":"Semana de la Naci\u00f3n Yshir en Asunci\u00f3n busca visibilizar reclamos territoriales - Tierraviva","robots":{"index":"index","follow":"follow","max-snippet":"max-snippet:-1","max-image-preview":"max-image-preview:large","max-video-preview":"max-video-preview:-1"},"canonical":"https:\/\/vortice.rocks\/clientes\/tierraviva\/semana-de-la-nacion-yshir-en-asuncion-busca-visibilizar-reclamos-territoriales\/","og_locale":"es_ES","og_type":"article","og_title":"Semana de la Naci\u00f3n Yshir en Asunci\u00f3n busca visibilizar reclamos territoriales - Tierraviva","og_description":"Buscando dar a conocer sus principales reclamos territoriales miembros de la Naci\u00f3n Yshir llegan a la capital para reunirse con autoridades vinculadas a la tem\u00e1tica. C\u00f3mo parte de las actividades presentar\u00e1n el libro &#8220;El territorio Yshir y su reclamo actual&#8221; y lanzar\u00e1n el Diccionario Yshir Ybitoso. La Naci\u00f3n Yshir est\u00e1 compuesta por cerca de 3.500Seguir leyendo \"Semana de la Naci\u00f3n Yshir en Asunci\u00f3n busca visibilizar reclamos territoriales\"","og_url":"https:\/\/vortice.rocks\/clientes\/tierraviva\/semana-de-la-nacion-yshir-en-asuncion-busca-visibilizar-reclamos-territoriales\/","og_site_name":"Tierraviva","article_publisher":"https:\/\/www.facebook.com\/Tierraviva-a-los-pueblos-indigenas-del-Chaco-217328148281564\/","article_published_time":"2021-08-16T19:19:42+00:00","og_image":[{"width":707,"height":495,"url":"https:\/\/vortice.rocks\/clientes\/tierraviva\/wp-content\/uploads\/2021\/08\/724BQZOQHND67E2IJJXARZKMLI.jpg","type":"image\/jpeg"}],"author":"Santi Ortiz","twitter_misc":{"Escrito por":"Santi Ortiz","Tiempo de lectura":"2 minutos"},"schema":{"@context":"https:\/\/schema.org","@graph":[{"@type":"WebPage","@id":"https:\/\/vortice.rocks\/clientes\/tierraviva\/semana-de-la-nacion-yshir-en-asuncion-busca-visibilizar-reclamos-territoriales\/","url":"https:\/\/vortice.rocks\/clientes\/tierraviva\/semana-de-la-nacion-yshir-en-asuncion-busca-visibilizar-reclamos-territoriales\/","name":"Semana de la Naci\u00f3n Yshir en Asunci\u00f3n busca visibilizar reclamos territoriales - Tierraviva","isPartOf":{"@id":"https:\/\/vortice.rocks\/clientes\/tierraviva\/#website"},"datePublished":"2021-08-16T19:19:42+00:00","dateModified":"2021-08-16T19:19:42+00:00","author":{"@id":"https:\/\/vortice.rocks\/clientes\/tierraviva\/#\/schema\/person\/0652c5aad419c86cff8f8129d355edd0"},"breadcrumb":{"@id":"https:\/\/vortice.rocks\/clientes\/tierraviva\/semana-de-la-nacion-yshir-en-asuncion-busca-visibilizar-reclamos-territoriales\/#breadcrumb"},"inLanguage":"es","potentialAction":[{"@type":"ReadAction","target":["https:\/\/vortice.rocks\/clientes\/tierraviva\/semana-de-la-nacion-yshir-en-asuncion-busca-visibilizar-reclamos-territoriales\/"]}]},{"@type":"BreadcrumbList","@id":"https:\/\/vortice.rocks\/clientes\/tierraviva\/semana-de-la-nacion-yshir-en-asuncion-busca-visibilizar-reclamos-territoriales\/#breadcrumb","itemListElement":[{"@type":"ListItem","position":1,"name":"Portada","item":"https:\/\/vortice.rocks\/clientes\/tierraviva\/"},{"@type":"ListItem","position":2,"name":"Semana de la Naci\u00f3n Yshir en Asunci\u00f3n busca visibilizar reclamos territoriales"}]},{"@type":"WebSite","@id":"https:\/\/vortice.rocks\/clientes\/tierraviva\/#website","url":"https:\/\/vortice.rocks\/clientes\/tierraviva\/","name":"Tierraviva","description":"","potentialAction":[{"@type":"SearchAction","target":{"@type":"EntryPoint","urlTemplate":"https:\/\/vortice.rocks\/clientes\/tierraviva\/?s={search_term_string}"},"query-input":"required name=search_term_string"}],"inLanguage":"es"},{"@type":"Person","@id":"https:\/\/vortice.rocks\/clientes\/tierraviva\/#\/schema\/person\/0652c5aad419c86cff8f8129d355edd0","name":"Santi Ortiz","image":{"@type":"ImageObject","inLanguage":"es","@id":"https:\/\/vortice.rocks\/clientes\/tierraviva\/#\/schema\/person\/image\/","url":"https:\/\/secure.gravatar.com\/avatar\/78bab899e21d2840245c1646bfc64d01?s=96&d=mm&r=g","contentUrl":"https:\/\/secure.gravatar.com\/avatar\/78bab899e21d2840245c1646bfc64d01?s=96&d=mm&r=g","caption":"Santi Ortiz"},"sameAs":["https:\/\/vortice.rocks\/clientes\/tierraviva"],"url":"https:\/\/vortice.rocks\/clientes\/tierraviva\/author\/santi-ortiz\/"}]}},"_links":{"self":[{"href":"https:\/\/vortice.rocks\/clientes\/tierraviva\/wp-json\/wp\/v2\/posts\/2267"}],"collection":[{"href":"https:\/\/vortice.rocks\/clientes\/tierraviva\/wp-json\/wp\/v2\/posts"}],"about":[{"href":"https:\/\/vortice.rocks\/clientes\/tierraviva\/wp-json\/wp\/v2\/types\/post"}],"author":[{"embeddable":true,"href":"https:\/\/vortice.rocks\/clientes\/tierraviva\/wp-json\/wp\/v2\/users\/5"}],"replies":[{"embeddable":true,"href":"https:\/\/vortice.rocks\/clientes\/tierraviva\/wp-json\/wp\/v2\/comments?post=2267"}],"version-history":[{"count":1,"href":"https:\/\/vortice.rocks\/clientes\/tierraviva\/wp-json\/wp\/v2\/posts\/2267\/revisions"}],"predecessor-version":[{"id":2269,"href":"https:\/\/vortice.rocks\/clientes\/tierraviva\/wp-json\/wp\/v2\/posts\/2267\/revisions\/2269"}],"wp:featuredmedia":[{"embeddable":true,"href":"https:\/\/vortice.rocks\/clientes\/tierraviva\/wp-json\/wp\/v2\/media\/2268"}],"wp:attachment":[{"href":"https:\/\/vortice.rocks\/clientes\/tierraviva\/wp-json\/wp\/v2\/media?parent=2267"}],"wp:term":[{"taxonomy":"category","embeddable":true,"href":"https:\/\/vortice.rocks\/clientes\/tierraviva\/wp-json\/wp\/v2\/categories?post=2267"},{"taxonomy":"post_tag","embeddable":true,"href":"https:\/\/vortice.rocks\/clientes\/tierraviva\/wp-json\/wp\/v2\/tags?post=2267"}],"curies":[{"name":"wp","href":"https:\/\/api.w.org\/{rel}","templated":true}]}}