{"id":2274,"date":"2021-09-01T22:50:09","date_gmt":"2021-09-02T02:50:09","guid":{"rendered":"https:\/\/vortice.rocks\/clientes\/tierraviva\/?p=2274"},"modified":"2021-09-01T22:50:09","modified_gmt":"2021-09-02T02:50:09","slug":"la-criminalizacion-no-resuelve-los-dramas-sociales","status":"publish","type":"post","link":"https:\/\/vortice.rocks\/clientes\/tierraviva\/la-criminalizacion-no-resuelve-los-dramas-sociales\/","title":{"rendered":"La criminalizaci\u00f3n no resuelve los dramas sociales"},"content":{"rendered":"<p>La Organizaci\u00f3n Tierraviva, con m\u00e1s de 25 a\u00f1os de trayectoria en el acompa\u00f1amiento a las luchas territoriales de los Pueblos Ind\u00edgenas, manifiesta su rechazo a la propuesta de modificaci\u00f3n del Art\u00edculo 142 del C\u00f3digo Penal propuesta por los Senadores Riera, Zavala y otros, ya que la misma pretende blindar la posesi\u00f3n irregular de tierras malhabidas y s\u00f3lo profundizar\u00e1 la criminalizaci\u00f3n y persecuci\u00f3n hacia quienes reclaman el derecho constitucional de acceder a la tierra.<\/p>\n<p>De la misma manera, rechazamos la propuesta de Ley que busca modificar el Art\u00edculo 98 del Estatuto Agrario que prev\u00e9 excluir de los programas sociales y subsidios del Estado a personas que se encuentren imputadas por la ocupaci\u00f3n de tierras. Est\u00e1 medida es inconstitucional y viola los principios b\u00e1sicos del Estado de Derecho, fundamentalmente la presunci\u00f3n de inocencia. Decenas de miembros de Comunidades Ind\u00edgenas se encuentran hoy d\u00eda imputados por luchar por la restituci\u00f3n de sus territorios ancestrales, est\u00e1s personas ser\u00e1n revictimizadas por el propio Estado que les niega el derecho a acceder a sus territorios.<\/p>\n<p>En Paraguay la concentraci\u00f3n de la tierra en pocas manos alcanza niveles escandalosos y las instituciones del Estado no han ejecutado pol\u00edticas p\u00fablicas adecuadas para garantizar el derecho a un pedazo de tierra a cientos de miles de paraguayos y paraguayas.<\/p>\n<p>M\u00e1s de 8 millones de hect\u00e1reas de tierras entregadas ilegalmente por la dictadura a sus aliados, jam\u00e1s han sido recuperadas; alrededor de un mill\u00f3n de hect\u00e1reas de tierras p\u00fablicas han sido apropiadas de forma irregular por sojeros, ganaderos y latifundistas, sin que el Estado ejecute acciones para impedir o reparar esta situaci\u00f3n.<\/p>\n<p>Las modificaciones propuestas al Art\u00edculo 142 del C\u00f3digo Penal posibilitar\u00e1n blindaje a quienes hoy detentan, ilegalmente, no s\u00f3lo la propiedad sino, incluso, la mera posesi\u00f3n de tierras, por lo que podr\u00edan estar llamadas a proteger posesiones irregulares. Y adem\u00e1s, condenando a la c\u00e1rcel a quienes reclamen la recuperaci\u00f3n de estos territorios que deber\u00edan estar en manos de Comunidades Ind\u00edgenas y Campesinas.<\/p>\n<p>Solo en los \u00faltimos meses m\u00e1s de 800 familias ind\u00edgenas han sufrido desalojos violentos, en manos del Ministerio P\u00fablico, la Polic\u00eda Nacional y civiles armados, que de forma totalmente ilegal e ileg\u00edtima despojan a las comunidades de sus tierras. Con esta propuesta legislativa las v\u00edctimas de estos atropellos, no s\u00f3lo quedar\u00e1n sin sus tierras contrariando la propia Constituci\u00f3n y un ordenamiento supranacional, sino que adem\u00e1s ser\u00e1n criminalizadas y encarceladas.<\/p>\n<p>Ante este contexto, el planteamiento de aumentar las penas y la persecuci\u00f3n a quienes reclaman su derecho a la tierra se asemeja m\u00e1s a una provocaci\u00f3n propia de sectores antidemocr\u00e1ticos que a una propuesta de soluci\u00f3n real para una problem\u00e1tica social de ra\u00edces profundas e hist\u00f3ricas.<\/p>\n<p>Finalmente, ratificamos nuestro pleno rechazo a las modificaciones del Art\u00edculo 142 del C\u00f3digo Penal y del Art\u00edculo 98 del Estatuto Agrario y llamamos a los legisladores a actuar de forma responsable, rechazando estos intentos de profundizar la persecuci\u00f3n a quienes luchan por acceder a la tierra. Confiamos en que\u00a0 se tomen medidas para garantizar el acceso a la tierra a las comunidades ind\u00edgenas y campesinas.<\/p>\n","protected":false},"excerpt":{"rendered":"<p>La Organizaci\u00f3n Tierraviva, con m\u00e1s de 25 a\u00f1os de trayectoria en el acompa\u00f1amiento a las luchas territoriales de los Pueblos Ind\u00edgenas, manifiesta su rechazo a la propuesta de modificaci\u00f3n del Art\u00edculo 142 del C\u00f3digo Penal propuesta por los Senadores Riera, Zavala y otros, ya que la misma pretende blindar la posesi\u00f3n irregular de tierras malhabidas<a class=\"more-link\" href=\"https:\/\/vortice.rocks\/clientes\/tierraviva\/la-criminalizacion-no-resuelve-los-dramas-sociales\/\">Seguir leyendo <span class=\"screen-reader-text\">&#8220;La criminalizaci\u00f3n no resuelve los dramas sociales&#8221;<\/span><\/a><\/p>\n","protected":false},"author":5,"featured_media":2275,"comment_status":"open","ping_status":"open","sticky":false,"template":"","format":"standard","meta":{"_exactmetrics_skip_tracking":false,"_exactmetrics_sitenote_active":false,"_exactmetrics_sitenote_note":"","_exactmetrics_sitenote_category":0,"footnotes":""},"categories":[3],"tags":[],"yoast_head":"<!-- This site is optimized with the Yoast SEO plugin v21.7 - https:\/\/yoast.com\/wordpress\/plugins\/seo\/ -->\n<title>La criminalizaci\u00f3n no resuelve los dramas sociales - Tierraviva<\/title>\n<meta name=\"robots\" content=\"index, follow, max-snippet:-1, max-image-preview:large, max-video-preview:-1\" \/>\n<link rel=\"canonical\" href=\"https:\/\/vortice.rocks\/clientes\/tierraviva\/la-criminalizacion-no-resuelve-los-dramas-sociales\/\" \/>\n<meta property=\"og:locale\" content=\"es_ES\" \/>\n<meta property=\"og:type\" content=\"article\" \/>\n<meta property=\"og:title\" content=\"La criminalizaci\u00f3n no resuelve los dramas sociales - Tierraviva\" \/>\n<meta property=\"og:description\" content=\"La Organizaci\u00f3n Tierraviva, con m\u00e1s de 25 a\u00f1os de trayectoria en el acompa\u00f1amiento a las luchas territoriales de los Pueblos Ind\u00edgenas, manifiesta su rechazo a la propuesta de modificaci\u00f3n del Art\u00edculo 142 del C\u00f3digo Penal propuesta por los Senadores Riera, Zavala y otros, ya que la misma pretende blindar la posesi\u00f3n irregular de tierras malhabidasSeguir leyendo &quot;La criminalizaci\u00f3n no resuelve los dramas sociales&quot;\" \/>\n<meta property=\"og:url\" content=\"https:\/\/vortice.rocks\/clientes\/tierraviva\/la-criminalizacion-no-resuelve-los-dramas-sociales\/\" \/>\n<meta property=\"og:site_name\" content=\"Tierraviva\" \/>\n<meta property=\"article:publisher\" content=\"https:\/\/www.facebook.com\/Tierraviva-a-los-pueblos-indigenas-del-Chaco-217328148281564\/\" \/>\n<meta property=\"article:published_time\" content=\"2021-09-02T02:50:09+00:00\" \/>\n<meta property=\"og:image\" content=\"https:\/\/vortice.rocks\/clientes\/tierraviva\/wp-content\/uploads\/2021\/09\/destruccion-policias-quemaron-y-destruyeron-las-casas.jpeg\" \/>\n\t<meta property=\"og:image:width\" content=\"730\" \/>\n\t<meta property=\"og:image:height\" content=\"548\" \/>\n\t<meta property=\"og:image:type\" content=\"image\/jpeg\" \/>\n<meta name=\"author\" content=\"Santi Ortiz\" \/>\n<meta name=\"twitter:label1\" content=\"Escrito por\" \/>\n\t<meta name=\"twitter:data1\" content=\"Santi Ortiz\" \/>\n\t<meta name=\"twitter:label2\" content=\"Tiempo de lectura\" \/>\n\t<meta name=\"twitter:data2\" content=\"3 minutos\" \/>\n<script type=\"application\/ld+json\" class=\"yoast-schema-graph\">{\"@context\":\"https:\/\/schema.org\",\"@graph\":[{\"@type\":\"WebPage\",\"@id\":\"https:\/\/vortice.rocks\/clientes\/tierraviva\/la-criminalizacion-no-resuelve-los-dramas-sociales\/\",\"url\":\"https:\/\/vortice.rocks\/clientes\/tierraviva\/la-criminalizacion-no-resuelve-los-dramas-sociales\/\",\"name\":\"La criminalizaci\u00f3n no resuelve los dramas sociales - Tierraviva\",\"isPartOf\":{\"@id\":\"https:\/\/vortice.rocks\/clientes\/tierraviva\/#website\"},\"datePublished\":\"2021-09-02T02:50:09+00:00\",\"dateModified\":\"2021-09-02T02:50:09+00:00\",\"author\":{\"@id\":\"https:\/\/vortice.rocks\/clientes\/tierraviva\/#\/schema\/person\/0652c5aad419c86cff8f8129d355edd0\"},\"breadcrumb\":{\"@id\":\"https:\/\/vortice.rocks\/clientes\/tierraviva\/la-criminalizacion-no-resuelve-los-dramas-sociales\/#breadcrumb\"},\"inLanguage\":\"es\",\"potentialAction\":[{\"@type\":\"ReadAction\",\"target\":[\"https:\/\/vortice.rocks\/clientes\/tierraviva\/la-criminalizacion-no-resuelve-los-dramas-sociales\/\"]}]},{\"@type\":\"BreadcrumbList\",\"@id\":\"https:\/\/vortice.rocks\/clientes\/tierraviva\/la-criminalizacion-no-resuelve-los-dramas-sociales\/#breadcrumb\",\"itemListElement\":[{\"@type\":\"ListItem\",\"position\":1,\"name\":\"Portada\",\"item\":\"https:\/\/vortice.rocks\/clientes\/tierraviva\/\"},{\"@type\":\"ListItem\",\"position\":2,\"name\":\"La criminalizaci\u00f3n no resuelve los dramas sociales\"}]},{\"@type\":\"WebSite\",\"@id\":\"https:\/\/vortice.rocks\/clientes\/tierraviva\/#website\",\"url\":\"https:\/\/vortice.rocks\/clientes\/tierraviva\/\",\"name\":\"Tierraviva\",\"description\":\"\",\"potentialAction\":[{\"@type\":\"SearchAction\",\"target\":{\"@type\":\"EntryPoint\",\"urlTemplate\":\"https:\/\/vortice.rocks\/clientes\/tierraviva\/?s={search_term_string}\"},\"query-input\":\"required name=search_term_string\"}],\"inLanguage\":\"es\"},{\"@type\":\"Person\",\"@id\":\"https:\/\/vortice.rocks\/clientes\/tierraviva\/#\/schema\/person\/0652c5aad419c86cff8f8129d355edd0\",\"name\":\"Santi Ortiz\",\"image\":{\"@type\":\"ImageObject\",\"inLanguage\":\"es\",\"@id\":\"https:\/\/vortice.rocks\/clientes\/tierraviva\/#\/schema\/person\/image\/\",\"url\":\"https:\/\/secure.gravatar.com\/avatar\/78bab899e21d2840245c1646bfc64d01?s=96&d=mm&r=g\",\"contentUrl\":\"https:\/\/secure.gravatar.com\/avatar\/78bab899e21d2840245c1646bfc64d01?s=96&d=mm&r=g\",\"caption\":\"Santi Ortiz\"},\"sameAs\":[\"https:\/\/vortice.rocks\/clientes\/tierraviva\"],\"url\":\"https:\/\/vortice.rocks\/clientes\/tierraviva\/author\/santi-ortiz\/\"}]}<\/script>\n<!-- \/ Yoast SEO plugin. -->","yoast_head_json":{"title":"La criminalizaci\u00f3n no resuelve los dramas sociales - Tierraviva","robots":{"index":"index","follow":"follow","max-snippet":"max-snippet:-1","max-image-preview":"max-image-preview:large","max-video-preview":"max-video-preview:-1"},"canonical":"https:\/\/vortice.rocks\/clientes\/tierraviva\/la-criminalizacion-no-resuelve-los-dramas-sociales\/","og_locale":"es_ES","og_type":"article","og_title":"La criminalizaci\u00f3n no resuelve los dramas sociales - Tierraviva","og_description":"La Organizaci\u00f3n Tierraviva, con m\u00e1s de 25 a\u00f1os de trayectoria en el acompa\u00f1amiento a las luchas territoriales de los Pueblos Ind\u00edgenas, manifiesta su rechazo a la propuesta de modificaci\u00f3n del Art\u00edculo 142 del C\u00f3digo Penal propuesta por los Senadores Riera, Zavala y otros, ya que la misma pretende blindar la posesi\u00f3n irregular de tierras malhabidasSeguir leyendo \"La criminalizaci\u00f3n no resuelve los dramas sociales\"","og_url":"https:\/\/vortice.rocks\/clientes\/tierraviva\/la-criminalizacion-no-resuelve-los-dramas-sociales\/","og_site_name":"Tierraviva","article_publisher":"https:\/\/www.facebook.com\/Tierraviva-a-los-pueblos-indigenas-del-Chaco-217328148281564\/","article_published_time":"2021-09-02T02:50:09+00:00","og_image":[{"width":730,"height":548,"url":"https:\/\/vortice.rocks\/clientes\/tierraviva\/wp-content\/uploads\/2021\/09\/destruccion-policias-quemaron-y-destruyeron-las-casas.jpeg","type":"image\/jpeg"}],"author":"Santi Ortiz","twitter_misc":{"Escrito por":"Santi Ortiz","Tiempo de lectura":"3 minutos"},"schema":{"@context":"https:\/\/schema.org","@graph":[{"@type":"WebPage","@id":"https:\/\/vortice.rocks\/clientes\/tierraviva\/la-criminalizacion-no-resuelve-los-dramas-sociales\/","url":"https:\/\/vortice.rocks\/clientes\/tierraviva\/la-criminalizacion-no-resuelve-los-dramas-sociales\/","name":"La criminalizaci\u00f3n no resuelve los dramas sociales - Tierraviva","isPartOf":{"@id":"https:\/\/vortice.rocks\/clientes\/tierraviva\/#website"},"datePublished":"2021-09-02T02:50:09+00:00","dateModified":"2021-09-02T02:50:09+00:00","author":{"@id":"https:\/\/vortice.rocks\/clientes\/tierraviva\/#\/schema\/person\/0652c5aad419c86cff8f8129d355edd0"},"breadcrumb":{"@id":"https:\/\/vortice.rocks\/clientes\/tierraviva\/la-criminalizacion-no-resuelve-los-dramas-sociales\/#breadcrumb"},"inLanguage":"es","potentialAction":[{"@type":"ReadAction","target":["https:\/\/vortice.rocks\/clientes\/tierraviva\/la-criminalizacion-no-resuelve-los-dramas-sociales\/"]}]},{"@type":"BreadcrumbList","@id":"https:\/\/vortice.rocks\/clientes\/tierraviva\/la-criminalizacion-no-resuelve-los-dramas-sociales\/#breadcrumb","itemListElement":[{"@type":"ListItem","position":1,"name":"Portada","item":"https:\/\/vortice.rocks\/clientes\/tierraviva\/"},{"@type":"ListItem","position":2,"name":"La criminalizaci\u00f3n no resuelve los dramas sociales"}]},{"@type":"WebSite","@id":"https:\/\/vortice.rocks\/clientes\/tierraviva\/#website","url":"https:\/\/vortice.rocks\/clientes\/tierraviva\/","name":"Tierraviva","description":"","potentialAction":[{"@type":"SearchAction","target":{"@type":"EntryPoint","urlTemplate":"https:\/\/vortice.rocks\/clientes\/tierraviva\/?s={search_term_string}"},"query-input":"required name=search_term_string"}],"inLanguage":"es"},{"@type":"Person","@id":"https:\/\/vortice.rocks\/clientes\/tierraviva\/#\/schema\/person\/0652c5aad419c86cff8f8129d355edd0","name":"Santi Ortiz","image":{"@type":"ImageObject","inLanguage":"es","@id":"https:\/\/vortice.rocks\/clientes\/tierraviva\/#\/schema\/person\/image\/","url":"https:\/\/secure.gravatar.com\/avatar\/78bab899e21d2840245c1646bfc64d01?s=96&d=mm&r=g","contentUrl":"https:\/\/secure.gravatar.com\/avatar\/78bab899e21d2840245c1646bfc64d01?s=96&d=mm&r=g","caption":"Santi Ortiz"},"sameAs":["https:\/\/vortice.rocks\/clientes\/tierraviva"],"url":"https:\/\/vortice.rocks\/clientes\/tierraviva\/author\/santi-ortiz\/"}]}},"_links":{"self":[{"href":"https:\/\/vortice.rocks\/clientes\/tierraviva\/wp-json\/wp\/v2\/posts\/2274"}],"collection":[{"href":"https:\/\/vortice.rocks\/clientes\/tierraviva\/wp-json\/wp\/v2\/posts"}],"about":[{"href":"https:\/\/vortice.rocks\/clientes\/tierraviva\/wp-json\/wp\/v2\/types\/post"}],"author":[{"embeddable":true,"href":"https:\/\/vortice.rocks\/clientes\/tierraviva\/wp-json\/wp\/v2\/users\/5"}],"replies":[{"embeddable":true,"href":"https:\/\/vortice.rocks\/clientes\/tierraviva\/wp-json\/wp\/v2\/comments?post=2274"}],"version-history":[{"count":1,"href":"https:\/\/vortice.rocks\/clientes\/tierraviva\/wp-json\/wp\/v2\/posts\/2274\/revisions"}],"predecessor-version":[{"id":2276,"href":"https:\/\/vortice.rocks\/clientes\/tierraviva\/wp-json\/wp\/v2\/posts\/2274\/revisions\/2276"}],"wp:featuredmedia":[{"embeddable":true,"href":"https:\/\/vortice.rocks\/clientes\/tierraviva\/wp-json\/wp\/v2\/media\/2275"}],"wp:attachment":[{"href":"https:\/\/vortice.rocks\/clientes\/tierraviva\/wp-json\/wp\/v2\/media?parent=2274"}],"wp:term":[{"taxonomy":"category","embeddable":true,"href":"https:\/\/vortice.rocks\/clientes\/tierraviva\/wp-json\/wp\/v2\/categories?post=2274"},{"taxonomy":"post_tag","embeddable":true,"href":"https:\/\/vortice.rocks\/clientes\/tierraviva\/wp-json\/wp\/v2\/tags?post=2274"}],"curies":[{"name":"wp","href":"https:\/\/api.w.org\/{rel}","templated":true}]}}