{"id":2277,"date":"2021-09-07T16:47:23","date_gmt":"2021-09-07T20:47:23","guid":{"rendered":"https:\/\/vortice.rocks\/clientes\/tierraviva\/?p=2277"},"modified":"2021-09-07T16:47:23","modified_gmt":"2021-09-07T20:47:23","slug":"propuesta-de-ley-es-contraria-a-principios-constitucionales-y-no-protege-tierras-indigenas","status":"publish","type":"post","link":"https:\/\/vortice.rocks\/clientes\/tierraviva\/propuesta-de-ley-es-contraria-a-principios-constitucionales-y-no-protege-tierras-indigenas\/","title":{"rendered":"Propuesta de Ley es contraria a principios constitucionales y no protege tierras ind\u00edgenas"},"content":{"rendered":"<p>Rodrigo Villagra Carr\u00f3n, Antrop\u00f3logo, abogado e integrante de la Asamblea de la Organizaci\u00f3n Tierraviva, se\u00f1al\u00f3 que las propuestas de modificaci\u00f3n del Art\u00edculo 142 del C\u00f3digo Penal, para aumentar las penas contra quienes luchan por la tierra, y del Art\u00edculo 98 del Estatuto Agrario, que busca dejar fuera de los programas de asistencia social a quienes est\u00e9n imputados por ocupar tierras, se contraponen con los principios fundamentales de la Constituci\u00f3n Nacional y con los est\u00e1ndares b\u00e1sicos de Derechos Humanos a nivel global.<\/p>\n<p>&#8220;El proyecto Zavala expresa una mentalidad arcaica e ignorante. Es adem\u00e1s un proyecto inconstitucional porque no tiene en cuenta la defensa de la propiedad comunitaria que se reconoce en el caso de las tierras ind\u00edgenas, la propiedad comunitaria tiene mayores garant\u00edas y esta legislaci\u00f3n, en el estado actual d\u00f3nde la fiscal\u00eda ataca a los pueblos ind\u00edgenas en su derecho a la propiedad comunitaria, va a significar blindar la usurpaci\u00f3n de tierras tierras ind\u00edgenas por parte de aquellos que explotan y alquilan ilegalmente las tierras de las comunidades&#8221; manifest\u00f3 Villagra.<\/p>\n<p>En este sentido cit\u00f3 el caso de Diego Zavala, hermano del Senador Fidel Zavala, que ocupa irregularmente las tierras de la comunidad ind\u00edgena Makutinga. En caso de aprobarse la legislaci\u00f3n propuesta los ind\u00edgenas de la comunidad Makutinga que ocupen sus tierras para exigir la restituci\u00f3n territorial ser\u00edan enviados a la c\u00e1rcel.<\/p>\n<p>&#8220;Existe un doble rasero de supuesta defensa de la propiedad por encima de cualquier otro derecho, es un discurso c\u00ednico, ignorame inconstitucional&#8221; asever\u00f3. En este sentido indic\u00f3 que tambi\u00e9n la familia del Senador Enrique Riera, otro de los proponentes de esta norma, se habr\u00eda beneficiado con la venta sobrevaluada de tierras al Estado.<\/p>\n<p>Rodrigo Villagra indic\u00f3 tambi\u00e9n que hay un sinn\u00famero de tierras originalmente campesinas e ind\u00edgenas que est\u00e1n siendo irregularmente acaparadas por el agronegocio, lo que es legitimado por instituciones que act\u00faan en contra de los preceptos constitucionales, y que ahora pretenden aprobar legislaciones a\u00fan m\u00e1s excluyentes y criminalizadoras.<\/p>\n<p>El abogado y antrop\u00f3logo indic\u00f3 adem\u00e1s que la propuesta de excluir de los programas sociales a quienes sean imputados por participar de ocupaciones de tierras es contrario a los principios b\u00e1sicos del Estado de Derecho y a lo establecido en el \u00e1mbito de los Derechos Humanos a nivel internacional.<\/p>\n","protected":false},"excerpt":{"rendered":"<p>Rodrigo Villagra Carr\u00f3n, Antrop\u00f3logo, abogado e integrante de la Asamblea de la Organizaci\u00f3n Tierraviva, se\u00f1al\u00f3 que las propuestas de modificaci\u00f3n del Art\u00edculo 142 del C\u00f3digo Penal, para aumentar las penas contra quienes luchan por la tierra, y del Art\u00edculo 98 del Estatuto Agrario, que busca dejar fuera de los programas de asistencia social a quienes<a class=\"more-link\" href=\"https:\/\/vortice.rocks\/clientes\/tierraviva\/propuesta-de-ley-es-contraria-a-principios-constitucionales-y-no-protege-tierras-indigenas\/\">Seguir leyendo <span class=\"screen-reader-text\">&#8220;Propuesta de Ley es contraria a principios constitucionales y no protege tierras ind\u00edgenas&#8221;<\/span><\/a><\/p>\n","protected":false},"author":5,"featured_media":1958,"comment_status":"open","ping_status":"open","sticky":false,"template":"","format":"standard","meta":{"_exactmetrics_skip_tracking":false,"_exactmetrics_sitenote_active":false,"_exactmetrics_sitenote_note":"","_exactmetrics_sitenote_category":0,"footnotes":""},"categories":[3],"tags":[],"yoast_head":"<!-- This site is optimized with the Yoast SEO plugin v21.7 - https:\/\/yoast.com\/wordpress\/plugins\/seo\/ -->\n<title>Propuesta de Ley es contraria a principios constitucionales y no protege tierras ind\u00edgenas - Tierraviva<\/title>\n<meta name=\"robots\" content=\"index, follow, max-snippet:-1, max-image-preview:large, max-video-preview:-1\" \/>\n<link rel=\"canonical\" href=\"https:\/\/vortice.rocks\/clientes\/tierraviva\/propuesta-de-ley-es-contraria-a-principios-constitucionales-y-no-protege-tierras-indigenas\/\" \/>\n<meta property=\"og:locale\" content=\"es_ES\" \/>\n<meta property=\"og:type\" content=\"article\" \/>\n<meta property=\"og:title\" content=\"Propuesta de Ley es contraria a principios constitucionales y no protege tierras ind\u00edgenas - Tierraviva\" \/>\n<meta property=\"og:description\" content=\"Rodrigo Villagra Carr\u00f3n, Antrop\u00f3logo, abogado e integrante de la Asamblea de la Organizaci\u00f3n Tierraviva, se\u00f1al\u00f3 que las propuestas de modificaci\u00f3n del Art\u00edculo 142 del C\u00f3digo Penal, para aumentar las penas contra quienes luchan por la tierra, y del Art\u00edculo 98 del Estatuto Agrario, que busca dejar fuera de los programas de asistencia social a quienesSeguir leyendo &quot;Propuesta de Ley es contraria a principios constitucionales y no protege tierras ind\u00edgenas&quot;\" \/>\n<meta property=\"og:url\" content=\"https:\/\/vortice.rocks\/clientes\/tierraviva\/propuesta-de-ley-es-contraria-a-principios-constitucionales-y-no-protege-tierras-indigenas\/\" \/>\n<meta property=\"og:site_name\" content=\"Tierraviva\" \/>\n<meta property=\"article:publisher\" content=\"https:\/\/www.facebook.com\/Tierraviva-a-los-pueblos-indigenas-del-Chaco-217328148281564\/\" \/>\n<meta property=\"article:published_time\" content=\"2021-09-07T20:47:23+00:00\" \/>\n<meta property=\"og:image\" content=\"https:\/\/vortice.rocks\/clientes\/tierraviva\/wp-content\/uploads\/2020\/05\/rodrigo-villagra.jpg\" \/>\n\t<meta property=\"og:image:width\" content=\"780\" \/>\n\t<meta property=\"og:image:height\" content=\"350\" \/>\n\t<meta property=\"og:image:type\" content=\"image\/jpeg\" \/>\n<meta name=\"author\" content=\"Santi Ortiz\" \/>\n<meta name=\"twitter:label1\" content=\"Escrito por\" \/>\n\t<meta name=\"twitter:data1\" content=\"Santi Ortiz\" \/>\n\t<meta name=\"twitter:label2\" content=\"Tiempo de lectura\" \/>\n\t<meta name=\"twitter:data2\" content=\"2 minutos\" \/>\n<script type=\"application\/ld+json\" class=\"yoast-schema-graph\">{\"@context\":\"https:\/\/schema.org\",\"@graph\":[{\"@type\":\"WebPage\",\"@id\":\"https:\/\/vortice.rocks\/clientes\/tierraviva\/propuesta-de-ley-es-contraria-a-principios-constitucionales-y-no-protege-tierras-indigenas\/\",\"url\":\"https:\/\/vortice.rocks\/clientes\/tierraviva\/propuesta-de-ley-es-contraria-a-principios-constitucionales-y-no-protege-tierras-indigenas\/\",\"name\":\"Propuesta de Ley es contraria a principios constitucionales y no protege tierras ind\u00edgenas - Tierraviva\",\"isPartOf\":{\"@id\":\"https:\/\/vortice.rocks\/clientes\/tierraviva\/#website\"},\"datePublished\":\"2021-09-07T20:47:23+00:00\",\"dateModified\":\"2021-09-07T20:47:23+00:00\",\"author\":{\"@id\":\"https:\/\/vortice.rocks\/clientes\/tierraviva\/#\/schema\/person\/0652c5aad419c86cff8f8129d355edd0\"},\"breadcrumb\":{\"@id\":\"https:\/\/vortice.rocks\/clientes\/tierraviva\/propuesta-de-ley-es-contraria-a-principios-constitucionales-y-no-protege-tierras-indigenas\/#breadcrumb\"},\"inLanguage\":\"es\",\"potentialAction\":[{\"@type\":\"ReadAction\",\"target\":[\"https:\/\/vortice.rocks\/clientes\/tierraviva\/propuesta-de-ley-es-contraria-a-principios-constitucionales-y-no-protege-tierras-indigenas\/\"]}]},{\"@type\":\"BreadcrumbList\",\"@id\":\"https:\/\/vortice.rocks\/clientes\/tierraviva\/propuesta-de-ley-es-contraria-a-principios-constitucionales-y-no-protege-tierras-indigenas\/#breadcrumb\",\"itemListElement\":[{\"@type\":\"ListItem\",\"position\":1,\"name\":\"Portada\",\"item\":\"https:\/\/vortice.rocks\/clientes\/tierraviva\/\"},{\"@type\":\"ListItem\",\"position\":2,\"name\":\"Propuesta de Ley es contraria a principios constitucionales y no protege tierras ind\u00edgenas\"}]},{\"@type\":\"WebSite\",\"@id\":\"https:\/\/vortice.rocks\/clientes\/tierraviva\/#website\",\"url\":\"https:\/\/vortice.rocks\/clientes\/tierraviva\/\",\"name\":\"Tierraviva\",\"description\":\"\",\"potentialAction\":[{\"@type\":\"SearchAction\",\"target\":{\"@type\":\"EntryPoint\",\"urlTemplate\":\"https:\/\/vortice.rocks\/clientes\/tierraviva\/?s={search_term_string}\"},\"query-input\":\"required name=search_term_string\"}],\"inLanguage\":\"es\"},{\"@type\":\"Person\",\"@id\":\"https:\/\/vortice.rocks\/clientes\/tierraviva\/#\/schema\/person\/0652c5aad419c86cff8f8129d355edd0\",\"name\":\"Santi Ortiz\",\"image\":{\"@type\":\"ImageObject\",\"inLanguage\":\"es\",\"@id\":\"https:\/\/vortice.rocks\/clientes\/tierraviva\/#\/schema\/person\/image\/\",\"url\":\"https:\/\/secure.gravatar.com\/avatar\/78bab899e21d2840245c1646bfc64d01?s=96&d=mm&r=g\",\"contentUrl\":\"https:\/\/secure.gravatar.com\/avatar\/78bab899e21d2840245c1646bfc64d01?s=96&d=mm&r=g\",\"caption\":\"Santi Ortiz\"},\"sameAs\":[\"https:\/\/vortice.rocks\/clientes\/tierraviva\"],\"url\":\"https:\/\/vortice.rocks\/clientes\/tierraviva\/author\/santi-ortiz\/\"}]}<\/script>\n<!-- \/ Yoast SEO plugin. -->","yoast_head_json":{"title":"Propuesta de Ley es contraria a principios constitucionales y no protege tierras ind\u00edgenas - Tierraviva","robots":{"index":"index","follow":"follow","max-snippet":"max-snippet:-1","max-image-preview":"max-image-preview:large","max-video-preview":"max-video-preview:-1"},"canonical":"https:\/\/vortice.rocks\/clientes\/tierraviva\/propuesta-de-ley-es-contraria-a-principios-constitucionales-y-no-protege-tierras-indigenas\/","og_locale":"es_ES","og_type":"article","og_title":"Propuesta de Ley es contraria a principios constitucionales y no protege tierras ind\u00edgenas - Tierraviva","og_description":"Rodrigo Villagra Carr\u00f3n, Antrop\u00f3logo, abogado e integrante de la Asamblea de la Organizaci\u00f3n Tierraviva, se\u00f1al\u00f3 que las propuestas de modificaci\u00f3n del Art\u00edculo 142 del C\u00f3digo Penal, para aumentar las penas contra quienes luchan por la tierra, y del Art\u00edculo 98 del Estatuto Agrario, que busca dejar fuera de los programas de asistencia social a quienesSeguir leyendo \"Propuesta de Ley es contraria a principios constitucionales y no protege tierras ind\u00edgenas\"","og_url":"https:\/\/vortice.rocks\/clientes\/tierraviva\/propuesta-de-ley-es-contraria-a-principios-constitucionales-y-no-protege-tierras-indigenas\/","og_site_name":"Tierraviva","article_publisher":"https:\/\/www.facebook.com\/Tierraviva-a-los-pueblos-indigenas-del-Chaco-217328148281564\/","article_published_time":"2021-09-07T20:47:23+00:00","og_image":[{"width":780,"height":350,"url":"https:\/\/vortice.rocks\/clientes\/tierraviva\/wp-content\/uploads\/2020\/05\/rodrigo-villagra.jpg","type":"image\/jpeg"}],"author":"Santi Ortiz","twitter_misc":{"Escrito por":"Santi Ortiz","Tiempo de lectura":"2 minutos"},"schema":{"@context":"https:\/\/schema.org","@graph":[{"@type":"WebPage","@id":"https:\/\/vortice.rocks\/clientes\/tierraviva\/propuesta-de-ley-es-contraria-a-principios-constitucionales-y-no-protege-tierras-indigenas\/","url":"https:\/\/vortice.rocks\/clientes\/tierraviva\/propuesta-de-ley-es-contraria-a-principios-constitucionales-y-no-protege-tierras-indigenas\/","name":"Propuesta de Ley es contraria a principios constitucionales y no protege tierras ind\u00edgenas - Tierraviva","isPartOf":{"@id":"https:\/\/vortice.rocks\/clientes\/tierraviva\/#website"},"datePublished":"2021-09-07T20:47:23+00:00","dateModified":"2021-09-07T20:47:23+00:00","author":{"@id":"https:\/\/vortice.rocks\/clientes\/tierraviva\/#\/schema\/person\/0652c5aad419c86cff8f8129d355edd0"},"breadcrumb":{"@id":"https:\/\/vortice.rocks\/clientes\/tierraviva\/propuesta-de-ley-es-contraria-a-principios-constitucionales-y-no-protege-tierras-indigenas\/#breadcrumb"},"inLanguage":"es","potentialAction":[{"@type":"ReadAction","target":["https:\/\/vortice.rocks\/clientes\/tierraviva\/propuesta-de-ley-es-contraria-a-principios-constitucionales-y-no-protege-tierras-indigenas\/"]}]},{"@type":"BreadcrumbList","@id":"https:\/\/vortice.rocks\/clientes\/tierraviva\/propuesta-de-ley-es-contraria-a-principios-constitucionales-y-no-protege-tierras-indigenas\/#breadcrumb","itemListElement":[{"@type":"ListItem","position":1,"name":"Portada","item":"https:\/\/vortice.rocks\/clientes\/tierraviva\/"},{"@type":"ListItem","position":2,"name":"Propuesta de Ley es contraria a principios constitucionales y no protege tierras ind\u00edgenas"}]},{"@type":"WebSite","@id":"https:\/\/vortice.rocks\/clientes\/tierraviva\/#website","url":"https:\/\/vortice.rocks\/clientes\/tierraviva\/","name":"Tierraviva","description":"","potentialAction":[{"@type":"SearchAction","target":{"@type":"EntryPoint","urlTemplate":"https:\/\/vortice.rocks\/clientes\/tierraviva\/?s={search_term_string}"},"query-input":"required name=search_term_string"}],"inLanguage":"es"},{"@type":"Person","@id":"https:\/\/vortice.rocks\/clientes\/tierraviva\/#\/schema\/person\/0652c5aad419c86cff8f8129d355edd0","name":"Santi Ortiz","image":{"@type":"ImageObject","inLanguage":"es","@id":"https:\/\/vortice.rocks\/clientes\/tierraviva\/#\/schema\/person\/image\/","url":"https:\/\/secure.gravatar.com\/avatar\/78bab899e21d2840245c1646bfc64d01?s=96&d=mm&r=g","contentUrl":"https:\/\/secure.gravatar.com\/avatar\/78bab899e21d2840245c1646bfc64d01?s=96&d=mm&r=g","caption":"Santi Ortiz"},"sameAs":["https:\/\/vortice.rocks\/clientes\/tierraviva"],"url":"https:\/\/vortice.rocks\/clientes\/tierraviva\/author\/santi-ortiz\/"}]}},"_links":{"self":[{"href":"https:\/\/vortice.rocks\/clientes\/tierraviva\/wp-json\/wp\/v2\/posts\/2277"}],"collection":[{"href":"https:\/\/vortice.rocks\/clientes\/tierraviva\/wp-json\/wp\/v2\/posts"}],"about":[{"href":"https:\/\/vortice.rocks\/clientes\/tierraviva\/wp-json\/wp\/v2\/types\/post"}],"author":[{"embeddable":true,"href":"https:\/\/vortice.rocks\/clientes\/tierraviva\/wp-json\/wp\/v2\/users\/5"}],"replies":[{"embeddable":true,"href":"https:\/\/vortice.rocks\/clientes\/tierraviva\/wp-json\/wp\/v2\/comments?post=2277"}],"version-history":[{"count":1,"href":"https:\/\/vortice.rocks\/clientes\/tierraviva\/wp-json\/wp\/v2\/posts\/2277\/revisions"}],"predecessor-version":[{"id":2278,"href":"https:\/\/vortice.rocks\/clientes\/tierraviva\/wp-json\/wp\/v2\/posts\/2277\/revisions\/2278"}],"wp:featuredmedia":[{"embeddable":true,"href":"https:\/\/vortice.rocks\/clientes\/tierraviva\/wp-json\/wp\/v2\/media\/1958"}],"wp:attachment":[{"href":"https:\/\/vortice.rocks\/clientes\/tierraviva\/wp-json\/wp\/v2\/media?parent=2277"}],"wp:term":[{"taxonomy":"category","embeddable":true,"href":"https:\/\/vortice.rocks\/clientes\/tierraviva\/wp-json\/wp\/v2\/categories?post=2277"},{"taxonomy":"post_tag","embeddable":true,"href":"https:\/\/vortice.rocks\/clientes\/tierraviva\/wp-json\/wp\/v2\/tags?post=2277"}],"curies":[{"name":"wp","href":"https:\/\/api.w.org\/{rel}","templated":true}]}}