{"id":2286,"date":"2021-09-23T12:10:29","date_gmt":"2021-09-23T16:10:29","guid":{"rendered":"https:\/\/vortice.rocks\/clientes\/tierraviva\/?p=2286"},"modified":"2021-09-23T12:10:29","modified_gmt":"2021-09-23T16:10:29","slug":"articulacion-indigena-rechaza-propuesta-de-ley-que-criminaliza-lucha-por-la-tierra","status":"publish","type":"post","link":"https:\/\/vortice.rocks\/clientes\/tierraviva\/articulacion-indigena-rechaza-propuesta-de-ley-que-criminaliza-lucha-por-la-tierra\/","title":{"rendered":"Articulaci\u00f3n Ind\u00edgena rechaza propuesta de Ley que criminaliza lucha por la tierra"},"content":{"rendered":"<p>Dionisio G\u00f3mez, l\u00edder ind\u00edgena integrante de la Articulaci\u00f3n Nacional Ind\u00edgena por una Vida Digna, se\u00f1al\u00f3 que para la organizaci\u00f3n el Proyecto de Ley que eleva a la categor\u00eda de crimen, con penas de entre 6 a 10 a\u00f1os de c\u00e1rcel, las ocupaciones de tierras es sumamente preocupante y que debe ser rechazado.<\/p>\n<p>El dirigente de la ANIVD mencion\u00f3 que muchas comunidades se encuentran ocupando tierras ind\u00edgenas que nunca fueron aseguradas por el Estado, por lo que estar\u00edan en riesgo de ser imputados y encarcelados.<\/p>\n<p>\u201cHay mucha de nuestra gente que lucha por un pedazo de tierra, otras comunidades est\u00e1n reivindicando su territorio ancestral, toda nuestra gente va a ser afectada por esta Ley, nos quieren convertir en criminales por reivindicar lo que nos pertenece como pueblos ind\u00edgenas\u201d concluy\u00f3.<\/p>\n<p>Seg\u00fan datos oficiales del censo ind\u00edgena 2012, al menos, el 30% de las comunidades ind\u00edgenas se encuentran con alg\u00fan tipo de inconveniente respecto a la tenencia de tierras. Gran parte de ellas est\u00e1n siendo arrasadas por grandes agroempresarios que mediante diferentes maniobras se apropian del territorio ind\u00edgena. Durante los \u00faltimos meses m\u00e1s de 800 familias ind\u00edgenas fueron afectadas por desalojos forzosos ejecutados por el Estado y civiles armados para favorecer a los agroempresarios.<\/p>\n<p>Dionisio G\u00f3mez indic\u00f3 que como pueblos ind\u00edgenas seguir\u00e1n luchando y saliendo a las calles apra exigir el rechazo del proyecto de ley que criminaliza la lucha por la tierra, as\u00ed como tambi\u00e9n seguir\u00e1n luchando por la recuperaci\u00f3n de sus territorios como pueblos ind\u00edgenas.<\/p>\n","protected":false},"excerpt":{"rendered":"<p>Dionisio G\u00f3mez, l\u00edder ind\u00edgena integrante de la Articulaci\u00f3n Nacional Ind\u00edgena por una Vida Digna, se\u00f1al\u00f3 que para la organizaci\u00f3n el Proyecto de Ley que eleva a la categor\u00eda de crimen, con penas de entre 6 a 10 a\u00f1os de c\u00e1rcel, las ocupaciones de tierras es sumamente preocupante y que debe ser rechazado. El dirigente de<a class=\"more-link\" href=\"https:\/\/vortice.rocks\/clientes\/tierraviva\/articulacion-indigena-rechaza-propuesta-de-ley-que-criminaliza-lucha-por-la-tierra\/\">Seguir leyendo <span class=\"screen-reader-text\">&#8220;Articulaci\u00f3n Ind\u00edgena rechaza propuesta de Ley que criminaliza lucha por la tierra&#8221;<\/span><\/a><\/p>\n","protected":false},"author":5,"featured_media":2287,"comment_status":"open","ping_status":"open","sticky":false,"template":"","format":"standard","meta":{"_exactmetrics_skip_tracking":false,"_exactmetrics_sitenote_active":false,"_exactmetrics_sitenote_note":"","_exactmetrics_sitenote_category":0,"footnotes":""},"categories":[3],"tags":[],"yoast_head":"<!-- This site is optimized with the Yoast SEO plugin v21.7 - https:\/\/yoast.com\/wordpress\/plugins\/seo\/ -->\n<title>Articulaci\u00f3n Ind\u00edgena rechaza propuesta de Ley que criminaliza lucha por la tierra - Tierraviva<\/title>\n<meta name=\"robots\" content=\"index, follow, max-snippet:-1, max-image-preview:large, max-video-preview:-1\" \/>\n<link rel=\"canonical\" href=\"https:\/\/vortice.rocks\/clientes\/tierraviva\/articulacion-indigena-rechaza-propuesta-de-ley-que-criminaliza-lucha-por-la-tierra\/\" \/>\n<meta property=\"og:locale\" content=\"es_ES\" \/>\n<meta property=\"og:type\" content=\"article\" \/>\n<meta property=\"og:title\" content=\"Articulaci\u00f3n Ind\u00edgena rechaza propuesta de Ley que criminaliza lucha por la tierra - Tierraviva\" \/>\n<meta property=\"og:description\" content=\"Dionisio G\u00f3mez, l\u00edder ind\u00edgena integrante de la Articulaci\u00f3n Nacional Ind\u00edgena por una Vida Digna, se\u00f1al\u00f3 que para la organizaci\u00f3n el Proyecto de Ley que eleva a la categor\u00eda de crimen, con penas de entre 6 a 10 a\u00f1os de c\u00e1rcel, las ocupaciones de tierras es sumamente preocupante y que debe ser rechazado. El dirigente deSeguir leyendo &quot;Articulaci\u00f3n Ind\u00edgena rechaza propuesta de Ley que criminaliza lucha por la tierra&quot;\" \/>\n<meta property=\"og:url\" content=\"https:\/\/vortice.rocks\/clientes\/tierraviva\/articulacion-indigena-rechaza-propuesta-de-ley-que-criminaliza-lucha-por-la-tierra\/\" \/>\n<meta property=\"og:site_name\" content=\"Tierraviva\" \/>\n<meta property=\"article:publisher\" content=\"https:\/\/www.facebook.com\/Tierraviva-a-los-pueblos-indigenas-del-Chaco-217328148281564\/\" \/>\n<meta property=\"article:published_time\" content=\"2021-09-23T16:10:29+00:00\" \/>\n<meta property=\"og:image\" content=\"https:\/\/vortice.rocks\/clientes\/tierraviva\/wp-content\/uploads\/2021\/09\/d9348650-edc8-4d62-9719-51ca97523ae7_facebook-aspect-ratio_default_0.jpg\" \/>\n\t<meta property=\"og:image:width\" content=\"1200\" \/>\n\t<meta property=\"og:image:height\" content=\"628\" \/>\n\t<meta property=\"og:image:type\" content=\"image\/jpeg\" \/>\n<meta name=\"author\" content=\"Santi Ortiz\" \/>\n<meta name=\"twitter:label1\" content=\"Escrito por\" \/>\n\t<meta name=\"twitter:data1\" content=\"Santi Ortiz\" \/>\n\t<meta name=\"twitter:label2\" content=\"Tiempo de lectura\" \/>\n\t<meta name=\"twitter:data2\" content=\"2 minutos\" \/>\n<script type=\"application\/ld+json\" class=\"yoast-schema-graph\">{\"@context\":\"https:\/\/schema.org\",\"@graph\":[{\"@type\":\"WebPage\",\"@id\":\"https:\/\/vortice.rocks\/clientes\/tierraviva\/articulacion-indigena-rechaza-propuesta-de-ley-que-criminaliza-lucha-por-la-tierra\/\",\"url\":\"https:\/\/vortice.rocks\/clientes\/tierraviva\/articulacion-indigena-rechaza-propuesta-de-ley-que-criminaliza-lucha-por-la-tierra\/\",\"name\":\"Articulaci\u00f3n Ind\u00edgena rechaza propuesta de Ley que criminaliza lucha por la tierra - Tierraviva\",\"isPartOf\":{\"@id\":\"https:\/\/vortice.rocks\/clientes\/tierraviva\/#website\"},\"datePublished\":\"2021-09-23T16:10:29+00:00\",\"dateModified\":\"2021-09-23T16:10:29+00:00\",\"author\":{\"@id\":\"https:\/\/vortice.rocks\/clientes\/tierraviva\/#\/schema\/person\/0652c5aad419c86cff8f8129d355edd0\"},\"breadcrumb\":{\"@id\":\"https:\/\/vortice.rocks\/clientes\/tierraviva\/articulacion-indigena-rechaza-propuesta-de-ley-que-criminaliza-lucha-por-la-tierra\/#breadcrumb\"},\"inLanguage\":\"es\",\"potentialAction\":[{\"@type\":\"ReadAction\",\"target\":[\"https:\/\/vortice.rocks\/clientes\/tierraviva\/articulacion-indigena-rechaza-propuesta-de-ley-que-criminaliza-lucha-por-la-tierra\/\"]}]},{\"@type\":\"BreadcrumbList\",\"@id\":\"https:\/\/vortice.rocks\/clientes\/tierraviva\/articulacion-indigena-rechaza-propuesta-de-ley-que-criminaliza-lucha-por-la-tierra\/#breadcrumb\",\"itemListElement\":[{\"@type\":\"ListItem\",\"position\":1,\"name\":\"Portada\",\"item\":\"https:\/\/vortice.rocks\/clientes\/tierraviva\/\"},{\"@type\":\"ListItem\",\"position\":2,\"name\":\"Articulaci\u00f3n Ind\u00edgena rechaza propuesta de Ley que criminaliza lucha por la tierra\"}]},{\"@type\":\"WebSite\",\"@id\":\"https:\/\/vortice.rocks\/clientes\/tierraviva\/#website\",\"url\":\"https:\/\/vortice.rocks\/clientes\/tierraviva\/\",\"name\":\"Tierraviva\",\"description\":\"\",\"potentialAction\":[{\"@type\":\"SearchAction\",\"target\":{\"@type\":\"EntryPoint\",\"urlTemplate\":\"https:\/\/vortice.rocks\/clientes\/tierraviva\/?s={search_term_string}\"},\"query-input\":\"required name=search_term_string\"}],\"inLanguage\":\"es\"},{\"@type\":\"Person\",\"@id\":\"https:\/\/vortice.rocks\/clientes\/tierraviva\/#\/schema\/person\/0652c5aad419c86cff8f8129d355edd0\",\"name\":\"Santi Ortiz\",\"image\":{\"@type\":\"ImageObject\",\"inLanguage\":\"es\",\"@id\":\"https:\/\/vortice.rocks\/clientes\/tierraviva\/#\/schema\/person\/image\/\",\"url\":\"https:\/\/secure.gravatar.com\/avatar\/78bab899e21d2840245c1646bfc64d01?s=96&d=mm&r=g\",\"contentUrl\":\"https:\/\/secure.gravatar.com\/avatar\/78bab899e21d2840245c1646bfc64d01?s=96&d=mm&r=g\",\"caption\":\"Santi Ortiz\"},\"sameAs\":[\"https:\/\/vortice.rocks\/clientes\/tierraviva\"],\"url\":\"https:\/\/vortice.rocks\/clientes\/tierraviva\/author\/santi-ortiz\/\"}]}<\/script>\n<!-- \/ Yoast SEO plugin. -->","yoast_head_json":{"title":"Articulaci\u00f3n Ind\u00edgena rechaza propuesta de Ley que criminaliza lucha por la tierra - Tierraviva","robots":{"index":"index","follow":"follow","max-snippet":"max-snippet:-1","max-image-preview":"max-image-preview:large","max-video-preview":"max-video-preview:-1"},"canonical":"https:\/\/vortice.rocks\/clientes\/tierraviva\/articulacion-indigena-rechaza-propuesta-de-ley-que-criminaliza-lucha-por-la-tierra\/","og_locale":"es_ES","og_type":"article","og_title":"Articulaci\u00f3n Ind\u00edgena rechaza propuesta de Ley que criminaliza lucha por la tierra - Tierraviva","og_description":"Dionisio G\u00f3mez, l\u00edder ind\u00edgena integrante de la Articulaci\u00f3n Nacional Ind\u00edgena por una Vida Digna, se\u00f1al\u00f3 que para la organizaci\u00f3n el Proyecto de Ley que eleva a la categor\u00eda de crimen, con penas de entre 6 a 10 a\u00f1os de c\u00e1rcel, las ocupaciones de tierras es sumamente preocupante y que debe ser rechazado. El dirigente deSeguir leyendo \"Articulaci\u00f3n Ind\u00edgena rechaza propuesta de Ley que criminaliza lucha por la tierra\"","og_url":"https:\/\/vortice.rocks\/clientes\/tierraviva\/articulacion-indigena-rechaza-propuesta-de-ley-que-criminaliza-lucha-por-la-tierra\/","og_site_name":"Tierraviva","article_publisher":"https:\/\/www.facebook.com\/Tierraviva-a-los-pueblos-indigenas-del-Chaco-217328148281564\/","article_published_time":"2021-09-23T16:10:29+00:00","og_image":[{"width":1200,"height":628,"url":"https:\/\/vortice.rocks\/clientes\/tierraviva\/wp-content\/uploads\/2021\/09\/d9348650-edc8-4d62-9719-51ca97523ae7_facebook-aspect-ratio_default_0.jpg","type":"image\/jpeg"}],"author":"Santi Ortiz","twitter_misc":{"Escrito por":"Santi Ortiz","Tiempo de lectura":"2 minutos"},"schema":{"@context":"https:\/\/schema.org","@graph":[{"@type":"WebPage","@id":"https:\/\/vortice.rocks\/clientes\/tierraviva\/articulacion-indigena-rechaza-propuesta-de-ley-que-criminaliza-lucha-por-la-tierra\/","url":"https:\/\/vortice.rocks\/clientes\/tierraviva\/articulacion-indigena-rechaza-propuesta-de-ley-que-criminaliza-lucha-por-la-tierra\/","name":"Articulaci\u00f3n Ind\u00edgena rechaza propuesta de Ley que criminaliza lucha por la tierra - Tierraviva","isPartOf":{"@id":"https:\/\/vortice.rocks\/clientes\/tierraviva\/#website"},"datePublished":"2021-09-23T16:10:29+00:00","dateModified":"2021-09-23T16:10:29+00:00","author":{"@id":"https:\/\/vortice.rocks\/clientes\/tierraviva\/#\/schema\/person\/0652c5aad419c86cff8f8129d355edd0"},"breadcrumb":{"@id":"https:\/\/vortice.rocks\/clientes\/tierraviva\/articulacion-indigena-rechaza-propuesta-de-ley-que-criminaliza-lucha-por-la-tierra\/#breadcrumb"},"inLanguage":"es","potentialAction":[{"@type":"ReadAction","target":["https:\/\/vortice.rocks\/clientes\/tierraviva\/articulacion-indigena-rechaza-propuesta-de-ley-que-criminaliza-lucha-por-la-tierra\/"]}]},{"@type":"BreadcrumbList","@id":"https:\/\/vortice.rocks\/clientes\/tierraviva\/articulacion-indigena-rechaza-propuesta-de-ley-que-criminaliza-lucha-por-la-tierra\/#breadcrumb","itemListElement":[{"@type":"ListItem","position":1,"name":"Portada","item":"https:\/\/vortice.rocks\/clientes\/tierraviva\/"},{"@type":"ListItem","position":2,"name":"Articulaci\u00f3n Ind\u00edgena rechaza propuesta de Ley que criminaliza lucha por la tierra"}]},{"@type":"WebSite","@id":"https:\/\/vortice.rocks\/clientes\/tierraviva\/#website","url":"https:\/\/vortice.rocks\/clientes\/tierraviva\/","name":"Tierraviva","description":"","potentialAction":[{"@type":"SearchAction","target":{"@type":"EntryPoint","urlTemplate":"https:\/\/vortice.rocks\/clientes\/tierraviva\/?s={search_term_string}"},"query-input":"required name=search_term_string"}],"inLanguage":"es"},{"@type":"Person","@id":"https:\/\/vortice.rocks\/clientes\/tierraviva\/#\/schema\/person\/0652c5aad419c86cff8f8129d355edd0","name":"Santi Ortiz","image":{"@type":"ImageObject","inLanguage":"es","@id":"https:\/\/vortice.rocks\/clientes\/tierraviva\/#\/schema\/person\/image\/","url":"https:\/\/secure.gravatar.com\/avatar\/78bab899e21d2840245c1646bfc64d01?s=96&d=mm&r=g","contentUrl":"https:\/\/secure.gravatar.com\/avatar\/78bab899e21d2840245c1646bfc64d01?s=96&d=mm&r=g","caption":"Santi Ortiz"},"sameAs":["https:\/\/vortice.rocks\/clientes\/tierraviva"],"url":"https:\/\/vortice.rocks\/clientes\/tierraviva\/author\/santi-ortiz\/"}]}},"_links":{"self":[{"href":"https:\/\/vortice.rocks\/clientes\/tierraviva\/wp-json\/wp\/v2\/posts\/2286"}],"collection":[{"href":"https:\/\/vortice.rocks\/clientes\/tierraviva\/wp-json\/wp\/v2\/posts"}],"about":[{"href":"https:\/\/vortice.rocks\/clientes\/tierraviva\/wp-json\/wp\/v2\/types\/post"}],"author":[{"embeddable":true,"href":"https:\/\/vortice.rocks\/clientes\/tierraviva\/wp-json\/wp\/v2\/users\/5"}],"replies":[{"embeddable":true,"href":"https:\/\/vortice.rocks\/clientes\/tierraviva\/wp-json\/wp\/v2\/comments?post=2286"}],"version-history":[{"count":1,"href":"https:\/\/vortice.rocks\/clientes\/tierraviva\/wp-json\/wp\/v2\/posts\/2286\/revisions"}],"predecessor-version":[{"id":2288,"href":"https:\/\/vortice.rocks\/clientes\/tierraviva\/wp-json\/wp\/v2\/posts\/2286\/revisions\/2288"}],"wp:featuredmedia":[{"embeddable":true,"href":"https:\/\/vortice.rocks\/clientes\/tierraviva\/wp-json\/wp\/v2\/media\/2287"}],"wp:attachment":[{"href":"https:\/\/vortice.rocks\/clientes\/tierraviva\/wp-json\/wp\/v2\/media?parent=2286"}],"wp:term":[{"taxonomy":"category","embeddable":true,"href":"https:\/\/vortice.rocks\/clientes\/tierraviva\/wp-json\/wp\/v2\/categories?post=2286"},{"taxonomy":"post_tag","embeddable":true,"href":"https:\/\/vortice.rocks\/clientes\/tierraviva\/wp-json\/wp\/v2\/tags?post=2286"}],"curies":[{"name":"wp","href":"https:\/\/api.w.org\/{rel}","templated":true}]}}