{"id":2290,"date":"2021-09-28T15:12:45","date_gmt":"2021-09-28T19:12:45","guid":{"rendered":"https:\/\/vortice.rocks\/clientes\/tierraviva\/?p=2290"},"modified":"2021-09-28T15:12:45","modified_gmt":"2021-09-28T19:12:45","slug":"articulacion-indigena-pide-a-diputados-rechazar-ley-de-criminalizacion","status":"publish","type":"post","link":"https:\/\/vortice.rocks\/clientes\/tierraviva\/articulacion-indigena-pide-a-diputados-rechazar-ley-de-criminalizacion\/","title":{"rendered":"Articulaci\u00f3n Ind\u00edgena pide a Diputados rechazar Ley de Criminalizaci\u00f3n"},"content":{"rendered":"<p dir=\"ltr\">La Articulaci\u00f3n Nacional Ind\u00edgena por una Vida Digna present\u00f3 hoy ante la C\u00e1mara de Diputados su posicionamiento sobre el proyecto de Ley que aumenta las penas contra las ocupaciones de tierra. En el escrito las organizaciones fundamentan su oposici\u00f3n a la iniciativa ya que afectar\u00e1 a los Pueblos Ind\u00edgenas que luchan por la recuperaci\u00f3n de su territorio.<\/p>\n<p dir=\"ltr\">La Articulaci\u00f3n se\u00f1ala que la modificaci\u00f3n del art\u00edculo 142 del C\u00f3digo Penal &#8220;agudizar\u00e1 los impactos de los actos violatorios a los derechos humanos de los Pueblos Ind\u00edgenas&#8221; y abundar\u00e1n las excusas para seguir negando lo que en derecho les pertenece.<\/p>\n<p dir=\"ltr\"><u>&#8220;<\/u>Aumentar las penas en un pa\u00eds de tanta desigualdad como el nuestro, s\u00f3lo evidencia el fracaso de soluciones de fondo. Si buscan proteger la propiedad, \u00bfpor qu\u00e9 a\u00fan hoy luego de tantos a\u00f1os de despojo seguimos sin tierras? \u00bfPor qu\u00e9 la propiedad de algunos es m\u00e1s importante que las nuestras como ind\u00edgenas?&#8221; se\u00f1ala parte de la nota entregada hoy.<\/p>\n<p dir=\"ltr\">La C\u00e1mara de Diputados estudiar\u00e1 ma\u00f1ana el proyecto de Ley que criminaliza la lucha por la tierra, con solo dos d\u00edas de an\u00e1lisis del tema por parte de los integrante de la c\u00e1mara y si que se hayan dado espacios de participaci\u00f3n social, como audiencias p\u00fablicas o debates sobre el tema.<\/p>\n<p dir=\"ltr\">La ANIVD est\u00e1 compuesta por 18 organizaciones ind\u00edgenas de los diferentes Pueblos, tanto de la Regi\u00f3n Oriental como del Chaco.<\/p>\n<p dir=\"ltr\"><a href=\"https:\/\/vortice.rocks\/clientes\/tierraviva\/wp-content\/uploads\/2021\/09\/Pronunciamiento-contra-modificacion-art.-142.pdf\">Posicionamiento Articulaci\u00f3n Nacional Ind\u00edgena por una Vida Digna<\/a><\/p>\n<p dir=\"ltr\">Contacto:<\/p>\n<p dir=\"ltr\">Maria Luisa Duarte +595 981 130795<\/p>\n<p dir=\"ltr\">Dionisio G\u00f3mez +595 985 667233<\/p>\n<p dir=\"ltr\">Andr\u00e9s Ozuna +595 984 293292<\/p>\n","protected":false},"excerpt":{"rendered":"<p>La Articulaci\u00f3n Nacional Ind\u00edgena por una Vida Digna present\u00f3 hoy ante la C\u00e1mara de Diputados su posicionamiento sobre el proyecto de Ley que aumenta las penas contra las ocupaciones de tierra. En el escrito las organizaciones fundamentan su oposici\u00f3n a la iniciativa ya que afectar\u00e1 a los Pueblos Ind\u00edgenas que luchan por la recuperaci\u00f3n de<a class=\"more-link\" href=\"https:\/\/vortice.rocks\/clientes\/tierraviva\/articulacion-indigena-pide-a-diputados-rechazar-ley-de-criminalizacion\/\">Seguir leyendo <span class=\"screen-reader-text\">&#8220;Articulaci\u00f3n Ind\u00edgena pide a Diputados rechazar Ley de Criminalizaci\u00f3n&#8221;<\/span><\/a><\/p>\n","protected":false},"author":5,"featured_media":2291,"comment_status":"open","ping_status":"open","sticky":false,"template":"","format":"standard","meta":{"_exactmetrics_skip_tracking":false,"_exactmetrics_sitenote_active":false,"_exactmetrics_sitenote_note":"","_exactmetrics_sitenote_category":0,"footnotes":""},"categories":[3],"tags":[],"yoast_head":"<!-- This site is optimized with the Yoast SEO plugin v21.7 - https:\/\/yoast.com\/wordpress\/plugins\/seo\/ -->\n<title>Articulaci\u00f3n Ind\u00edgena pide a Diputados rechazar Ley de Criminalizaci\u00f3n - Tierraviva<\/title>\n<meta name=\"robots\" content=\"index, follow, max-snippet:-1, max-image-preview:large, max-video-preview:-1\" \/>\n<link rel=\"canonical\" href=\"https:\/\/vortice.rocks\/clientes\/tierraviva\/articulacion-indigena-pide-a-diputados-rechazar-ley-de-criminalizacion\/\" \/>\n<meta property=\"og:locale\" content=\"es_ES\" \/>\n<meta property=\"og:type\" content=\"article\" \/>\n<meta property=\"og:title\" content=\"Articulaci\u00f3n Ind\u00edgena pide a Diputados rechazar Ley de Criminalizaci\u00f3n - Tierraviva\" \/>\n<meta property=\"og:description\" content=\"La Articulaci\u00f3n Nacional Ind\u00edgena por una Vida Digna present\u00f3 hoy ante la C\u00e1mara de Diputados su posicionamiento sobre el proyecto de Ley que aumenta las penas contra las ocupaciones de tierra. En el escrito las organizaciones fundamentan su oposici\u00f3n a la iniciativa ya que afectar\u00e1 a los Pueblos Ind\u00edgenas que luchan por la recuperaci\u00f3n deSeguir leyendo &quot;Articulaci\u00f3n Ind\u00edgena pide a Diputados rechazar Ley de Criminalizaci\u00f3n&quot;\" \/>\n<meta property=\"og:url\" content=\"https:\/\/vortice.rocks\/clientes\/tierraviva\/articulacion-indigena-pide-a-diputados-rechazar-ley-de-criminalizacion\/\" \/>\n<meta property=\"og:site_name\" content=\"Tierraviva\" \/>\n<meta property=\"article:publisher\" content=\"https:\/\/www.facebook.com\/Tierraviva-a-los-pueblos-indigenas-del-Chaco-217328148281564\/\" \/>\n<meta property=\"article:published_time\" content=\"2021-09-28T19:12:45+00:00\" \/>\n<meta property=\"og:image\" content=\"https:\/\/vortice.rocks\/clientes\/tierraviva\/wp-content\/uploads\/2021\/09\/IMG_20210928_150853.jpg\" \/>\n\t<meta property=\"og:image:width\" content=\"960\" \/>\n\t<meta property=\"og:image:height\" content=\"833\" \/>\n\t<meta property=\"og:image:type\" content=\"image\/jpeg\" \/>\n<meta name=\"author\" content=\"Santi Ortiz\" \/>\n<meta name=\"twitter:label1\" content=\"Escrito por\" \/>\n\t<meta name=\"twitter:data1\" content=\"Santi Ortiz\" \/>\n\t<meta name=\"twitter:label2\" content=\"Tiempo de lectura\" \/>\n\t<meta name=\"twitter:data2\" content=\"2 minutos\" \/>\n<script type=\"application\/ld+json\" class=\"yoast-schema-graph\">{\"@context\":\"https:\/\/schema.org\",\"@graph\":[{\"@type\":\"WebPage\",\"@id\":\"https:\/\/vortice.rocks\/clientes\/tierraviva\/articulacion-indigena-pide-a-diputados-rechazar-ley-de-criminalizacion\/\",\"url\":\"https:\/\/vortice.rocks\/clientes\/tierraviva\/articulacion-indigena-pide-a-diputados-rechazar-ley-de-criminalizacion\/\",\"name\":\"Articulaci\u00f3n Ind\u00edgena pide a Diputados rechazar Ley de Criminalizaci\u00f3n - Tierraviva\",\"isPartOf\":{\"@id\":\"https:\/\/vortice.rocks\/clientes\/tierraviva\/#website\"},\"datePublished\":\"2021-09-28T19:12:45+00:00\",\"dateModified\":\"2021-09-28T19:12:45+00:00\",\"author\":{\"@id\":\"https:\/\/vortice.rocks\/clientes\/tierraviva\/#\/schema\/person\/0652c5aad419c86cff8f8129d355edd0\"},\"breadcrumb\":{\"@id\":\"https:\/\/vortice.rocks\/clientes\/tierraviva\/articulacion-indigena-pide-a-diputados-rechazar-ley-de-criminalizacion\/#breadcrumb\"},\"inLanguage\":\"es\",\"potentialAction\":[{\"@type\":\"ReadAction\",\"target\":[\"https:\/\/vortice.rocks\/clientes\/tierraviva\/articulacion-indigena-pide-a-diputados-rechazar-ley-de-criminalizacion\/\"]}]},{\"@type\":\"BreadcrumbList\",\"@id\":\"https:\/\/vortice.rocks\/clientes\/tierraviva\/articulacion-indigena-pide-a-diputados-rechazar-ley-de-criminalizacion\/#breadcrumb\",\"itemListElement\":[{\"@type\":\"ListItem\",\"position\":1,\"name\":\"Portada\",\"item\":\"https:\/\/vortice.rocks\/clientes\/tierraviva\/\"},{\"@type\":\"ListItem\",\"position\":2,\"name\":\"Articulaci\u00f3n Ind\u00edgena pide a Diputados rechazar Ley de Criminalizaci\u00f3n\"}]},{\"@type\":\"WebSite\",\"@id\":\"https:\/\/vortice.rocks\/clientes\/tierraviva\/#website\",\"url\":\"https:\/\/vortice.rocks\/clientes\/tierraviva\/\",\"name\":\"Tierraviva\",\"description\":\"\",\"potentialAction\":[{\"@type\":\"SearchAction\",\"target\":{\"@type\":\"EntryPoint\",\"urlTemplate\":\"https:\/\/vortice.rocks\/clientes\/tierraviva\/?s={search_term_string}\"},\"query-input\":\"required name=search_term_string\"}],\"inLanguage\":\"es\"},{\"@type\":\"Person\",\"@id\":\"https:\/\/vortice.rocks\/clientes\/tierraviva\/#\/schema\/person\/0652c5aad419c86cff8f8129d355edd0\",\"name\":\"Santi Ortiz\",\"image\":{\"@type\":\"ImageObject\",\"inLanguage\":\"es\",\"@id\":\"https:\/\/vortice.rocks\/clientes\/tierraviva\/#\/schema\/person\/image\/\",\"url\":\"https:\/\/secure.gravatar.com\/avatar\/78bab899e21d2840245c1646bfc64d01?s=96&d=mm&r=g\",\"contentUrl\":\"https:\/\/secure.gravatar.com\/avatar\/78bab899e21d2840245c1646bfc64d01?s=96&d=mm&r=g\",\"caption\":\"Santi Ortiz\"},\"sameAs\":[\"https:\/\/vortice.rocks\/clientes\/tierraviva\"],\"url\":\"https:\/\/vortice.rocks\/clientes\/tierraviva\/author\/santi-ortiz\/\"}]}<\/script>\n<!-- \/ Yoast SEO plugin. -->","yoast_head_json":{"title":"Articulaci\u00f3n Ind\u00edgena pide a Diputados rechazar Ley de Criminalizaci\u00f3n - Tierraviva","robots":{"index":"index","follow":"follow","max-snippet":"max-snippet:-1","max-image-preview":"max-image-preview:large","max-video-preview":"max-video-preview:-1"},"canonical":"https:\/\/vortice.rocks\/clientes\/tierraviva\/articulacion-indigena-pide-a-diputados-rechazar-ley-de-criminalizacion\/","og_locale":"es_ES","og_type":"article","og_title":"Articulaci\u00f3n Ind\u00edgena pide a Diputados rechazar Ley de Criminalizaci\u00f3n - Tierraviva","og_description":"La Articulaci\u00f3n Nacional Ind\u00edgena por una Vida Digna present\u00f3 hoy ante la C\u00e1mara de Diputados su posicionamiento sobre el proyecto de Ley que aumenta las penas contra las ocupaciones de tierra. En el escrito las organizaciones fundamentan su oposici\u00f3n a la iniciativa ya que afectar\u00e1 a los Pueblos Ind\u00edgenas que luchan por la recuperaci\u00f3n deSeguir leyendo \"Articulaci\u00f3n Ind\u00edgena pide a Diputados rechazar Ley de Criminalizaci\u00f3n\"","og_url":"https:\/\/vortice.rocks\/clientes\/tierraviva\/articulacion-indigena-pide-a-diputados-rechazar-ley-de-criminalizacion\/","og_site_name":"Tierraviva","article_publisher":"https:\/\/www.facebook.com\/Tierraviva-a-los-pueblos-indigenas-del-Chaco-217328148281564\/","article_published_time":"2021-09-28T19:12:45+00:00","og_image":[{"width":960,"height":833,"url":"https:\/\/vortice.rocks\/clientes\/tierraviva\/wp-content\/uploads\/2021\/09\/IMG_20210928_150853.jpg","type":"image\/jpeg"}],"author":"Santi Ortiz","twitter_misc":{"Escrito por":"Santi Ortiz","Tiempo de lectura":"2 minutos"},"schema":{"@context":"https:\/\/schema.org","@graph":[{"@type":"WebPage","@id":"https:\/\/vortice.rocks\/clientes\/tierraviva\/articulacion-indigena-pide-a-diputados-rechazar-ley-de-criminalizacion\/","url":"https:\/\/vortice.rocks\/clientes\/tierraviva\/articulacion-indigena-pide-a-diputados-rechazar-ley-de-criminalizacion\/","name":"Articulaci\u00f3n Ind\u00edgena pide a Diputados rechazar Ley de Criminalizaci\u00f3n - Tierraviva","isPartOf":{"@id":"https:\/\/vortice.rocks\/clientes\/tierraviva\/#website"},"datePublished":"2021-09-28T19:12:45+00:00","dateModified":"2021-09-28T19:12:45+00:00","author":{"@id":"https:\/\/vortice.rocks\/clientes\/tierraviva\/#\/schema\/person\/0652c5aad419c86cff8f8129d355edd0"},"breadcrumb":{"@id":"https:\/\/vortice.rocks\/clientes\/tierraviva\/articulacion-indigena-pide-a-diputados-rechazar-ley-de-criminalizacion\/#breadcrumb"},"inLanguage":"es","potentialAction":[{"@type":"ReadAction","target":["https:\/\/vortice.rocks\/clientes\/tierraviva\/articulacion-indigena-pide-a-diputados-rechazar-ley-de-criminalizacion\/"]}]},{"@type":"BreadcrumbList","@id":"https:\/\/vortice.rocks\/clientes\/tierraviva\/articulacion-indigena-pide-a-diputados-rechazar-ley-de-criminalizacion\/#breadcrumb","itemListElement":[{"@type":"ListItem","position":1,"name":"Portada","item":"https:\/\/vortice.rocks\/clientes\/tierraviva\/"},{"@type":"ListItem","position":2,"name":"Articulaci\u00f3n Ind\u00edgena pide a Diputados rechazar Ley de Criminalizaci\u00f3n"}]},{"@type":"WebSite","@id":"https:\/\/vortice.rocks\/clientes\/tierraviva\/#website","url":"https:\/\/vortice.rocks\/clientes\/tierraviva\/","name":"Tierraviva","description":"","potentialAction":[{"@type":"SearchAction","target":{"@type":"EntryPoint","urlTemplate":"https:\/\/vortice.rocks\/clientes\/tierraviva\/?s={search_term_string}"},"query-input":"required name=search_term_string"}],"inLanguage":"es"},{"@type":"Person","@id":"https:\/\/vortice.rocks\/clientes\/tierraviva\/#\/schema\/person\/0652c5aad419c86cff8f8129d355edd0","name":"Santi Ortiz","image":{"@type":"ImageObject","inLanguage":"es","@id":"https:\/\/vortice.rocks\/clientes\/tierraviva\/#\/schema\/person\/image\/","url":"https:\/\/secure.gravatar.com\/avatar\/78bab899e21d2840245c1646bfc64d01?s=96&d=mm&r=g","contentUrl":"https:\/\/secure.gravatar.com\/avatar\/78bab899e21d2840245c1646bfc64d01?s=96&d=mm&r=g","caption":"Santi Ortiz"},"sameAs":["https:\/\/vortice.rocks\/clientes\/tierraviva"],"url":"https:\/\/vortice.rocks\/clientes\/tierraviva\/author\/santi-ortiz\/"}]}},"_links":{"self":[{"href":"https:\/\/vortice.rocks\/clientes\/tierraviva\/wp-json\/wp\/v2\/posts\/2290"}],"collection":[{"href":"https:\/\/vortice.rocks\/clientes\/tierraviva\/wp-json\/wp\/v2\/posts"}],"about":[{"href":"https:\/\/vortice.rocks\/clientes\/tierraviva\/wp-json\/wp\/v2\/types\/post"}],"author":[{"embeddable":true,"href":"https:\/\/vortice.rocks\/clientes\/tierraviva\/wp-json\/wp\/v2\/users\/5"}],"replies":[{"embeddable":true,"href":"https:\/\/vortice.rocks\/clientes\/tierraviva\/wp-json\/wp\/v2\/comments?post=2290"}],"version-history":[{"count":1,"href":"https:\/\/vortice.rocks\/clientes\/tierraviva\/wp-json\/wp\/v2\/posts\/2290\/revisions"}],"predecessor-version":[{"id":2293,"href":"https:\/\/vortice.rocks\/clientes\/tierraviva\/wp-json\/wp\/v2\/posts\/2290\/revisions\/2293"}],"wp:featuredmedia":[{"embeddable":true,"href":"https:\/\/vortice.rocks\/clientes\/tierraviva\/wp-json\/wp\/v2\/media\/2291"}],"wp:attachment":[{"href":"https:\/\/vortice.rocks\/clientes\/tierraviva\/wp-json\/wp\/v2\/media?parent=2290"}],"wp:term":[{"taxonomy":"category","embeddable":true,"href":"https:\/\/vortice.rocks\/clientes\/tierraviva\/wp-json\/wp\/v2\/categories?post=2290"},{"taxonomy":"post_tag","embeddable":true,"href":"https:\/\/vortice.rocks\/clientes\/tierraviva\/wp-json\/wp\/v2\/tags?post=2290"}],"curies":[{"name":"wp","href":"https:\/\/api.w.org\/{rel}","templated":true}]}}