{"id":2295,"date":"2021-10-04T12:15:55","date_gmt":"2021-10-04T16:15:55","guid":{"rendered":"https:\/\/vortice.rocks\/clientes\/tierraviva\/?p=2295"},"modified":"2021-10-04T12:15:55","modified_gmt":"2021-10-04T16:15:55","slug":"pueblos-indigenas-de-paraguay-exigen-formar-una-mesa-de-trabajo-con-el-gobierno-para-tratar-diversas-problematicas","status":"publish","type":"post","link":"https:\/\/vortice.rocks\/clientes\/tierraviva\/pueblos-indigenas-de-paraguay-exigen-formar-una-mesa-de-trabajo-con-el-gobierno-para-tratar-diversas-problematicas\/","title":{"rendered":"Pueblos Ind\u00edgenas de Paraguay exigen formar una mesa de trabajo con el gobierno para tratar diversas problem\u00e1ticas"},"content":{"rendered":"<p>La Articulaci\u00f3n Nacional Ind\u00edgena por una Vida Digna (ANIVID), que re\u00fane a casi 20 organizaciones, exige al gobierno de Mario Abdo Ben\u00edtez la conformaci\u00f3n de una mesa de di\u00e1logo.<\/p>\n<p>Los detalles de esta propuesta ser\u00e1n anunciados en una conferencia de prensa el marte 5 de octubre, 9 horas, en la Plaza de los Desparecidos de Asunci\u00f3n. Y a continuaci\u00f3n ser\u00e1 presentada al Palacio de Gobierno.<\/p>\n<p>El objetivo es dar a conocer al gobierno las inquietudes y propuestas de soluci\u00f3n sobre diversas problem\u00e1ticas que sufre uno de los sectores m\u00e1s excluidos por las pol\u00edticas p\u00fablicas y m\u00e1s vulnerados en sus derechos.<\/p>\n<p>En Paraguay viven poco m\u00e1s de 122 mil personas ind\u00edgenas (1,8% de la poblaci\u00f3n nacional) que pertenecen a 19 distintos Pueblos Ind\u00edgenas.<\/p>\n<p>Entre las principales problem\u00e1ticas estructurales que les afecta se encuentra la falta de restituci\u00f3n y aseguramiento de territorios, lo que impide el disfrute de los dem\u00e1s derechos.<\/p>\n<p>Esto ha propiciado el empobrecimiento por desposesi\u00f3n de sus territorios y recursos naturales, de parte de actores econ\u00f3micos agro-extractivistas como productores sojeros, ganaderos o forestales.<\/p>\n<p>La falta de territorios seguros adem\u00e1s vulnera su derecho a la autodeterminaci\u00f3n, al no poder conservar y reproducir sus culturas y formas de vida.<\/p>\n<p>Las \u00faltimas estad\u00edsticas disponibles y comparables (DGEEC 2017) muestran c\u00f3mo la pobreza afecta de forma diferencial a la poblaci\u00f3n ind\u00edgena.<\/p>\n<p>Mientras la poblaci\u00f3n nacional alcanzaba un 26,4% de pobreza y un 4,4% de pobreza extrema en 2017, un 66,2% de la poblaci\u00f3n ind\u00edgena viv\u00eda en la pobreza y un 34,4% en la pobreza extrema.<\/p>\n<p>A pesar de que el Presupuesto General de la Naci\u00f3n puede ser una herramienta estrat\u00e9gica para revertir esta realidad cada a\u00f1o, los recursos que se destinan al Instituto Paraguayo del Ind\u00edgena (INDI) no logran impactar decisivamente y m\u00e1s bien reproducen la situaci\u00f3n actual de las cosas.<\/p>\n<p>&nbsp;<\/p>\n<p>M\u00e1s todav\u00eda en un contexto donde a las deudas hist\u00f3ricas de restituci\u00f3n de derechos se suman los impactos por la pandemia de COVID19, que afect\u00f3 de forma espec\u00edfica a los pueblos ind\u00edgenas.<\/p>\n<p>Una herramienta importante para identificar y orientar acciones prioritarias, programas y pol\u00edticas es el recientemente aprobado Plan Nacional de Pueblos Ind\u00edgenas PNPI 2020-2030.<\/p>\n<p>De no darse un cambio dr\u00e1stico en la gesti\u00f3n y dotaci\u00f3n de recursos en torno a las pol\u00edticas para los Pueblos Ind\u00edgenas, Paraguay no alcanzar\u00e1 a cumplir las metas de los Objetivos de Desarrollo Sostenible (ODS) para 2030 con que se comprometieron los pa\u00edses.<\/p>\n<p>La conferencia de prensa que realiza la Articulaci\u00f3n Nacional Ind\u00edgena por una Vida Digna (ANIVID) forma parte de la campa\u00f1a Presupuesto Digno para Pueblos Ind\u00edgenas 2022, que cuenta con el acompa\u00f1amiento de Tierraviva y la Coordinadora de Derechos Humanos del Paraguay (Codehupy), y el apoyo de la Uni\u00f3n Europea y la agencia Diakonia.<\/p>\n<p>La ANIVID est\u00e1 compuesta por las siguientes organizaciones: Asociaci\u00f3n de Comunidades Mbya Guaran\u00ed \u00d1oguero\u00ef Pave\u00ef, Asociaci\u00f3n Nacional de Mujeres Guaran\u00ed del Paraguay Ku\u00f1a Guaran\u00ed Aty; Articulaci\u00f3n de Mujeres Ind\u00edgenas del Paraguay \u2013Mipy, Coordinadora de L\u00edderes Ind\u00edgenas del Bajo Chaco \u2013 ClibCh, Coordinadora Intersectorial de Pueblos Originarios de Concepci\u00f3n- CIPOC; Comisi\u00f3n Interdistrital de Promotores de Salud Indigena; Coordinadora Nacional Indigena-CNI; Clan Kuchingi Mairekoty, Mesa de Organizaciones Ind\u00edgenas del Paraguay- MAIPY; Organizaci\u00f3n Nacional de Abor\u00edgenes Independientes-ONAI, Organizaci\u00f3n Nacional del Pueblo Guaran\u00ed-OPG; Organizaci\u00f3n Payipie Ichadie Totobiegosode-OPIT, Organizaci\u00f3n de Comunidades Unidas Nenhlet-OCUN; Organizaci\u00f3n Pa\u00ef R\u0115t\u00e3 Joaju, Organizaci\u00f3n Pa\u00ee Reko Pav\u0115 Jepotyra, Promotores Jur\u00eddicos Juvenil Ind\u00edgena, Red de Veedur\u00eda Social Juvenil Ind\u00edgena, Uni\u00f3n Juvenil Ind\u00edgena del Paraguay ( UJIP), Uni\u00f3n de Comunidades Ind\u00edgenas de la Naci\u00f3n Ishir- UCINI.<\/p>\n<p>&nbsp;<\/p>\n<p>&nbsp;<\/p>\n","protected":false},"excerpt":{"rendered":"<p>La Articulaci\u00f3n Nacional Ind\u00edgena por una Vida Digna (ANIVID), que re\u00fane a casi 20 organizaciones, exige al gobierno de Mario Abdo Ben\u00edtez la conformaci\u00f3n de una mesa de di\u00e1logo. Los detalles de esta propuesta ser\u00e1n anunciados en una conferencia de prensa el marte 5 de octubre, 9 horas, en la Plaza de los Desparecidos de<a class=\"more-link\" href=\"https:\/\/vortice.rocks\/clientes\/tierraviva\/pueblos-indigenas-de-paraguay-exigen-formar-una-mesa-de-trabajo-con-el-gobierno-para-tratar-diversas-problematicas\/\">Seguir leyendo <span class=\"screen-reader-text\">&#8220;Pueblos Ind\u00edgenas de Paraguay exigen formar una mesa de trabajo con el gobierno para tratar diversas problem\u00e1ticas&#8221;<\/span><\/a><\/p>\n","protected":false},"author":5,"featured_media":2296,"comment_status":"open","ping_status":"open","sticky":false,"template":"","format":"standard","meta":{"_exactmetrics_skip_tracking":false,"_exactmetrics_sitenote_active":false,"_exactmetrics_sitenote_note":"","_exactmetrics_sitenote_category":0,"footnotes":""},"categories":[3],"tags":[],"yoast_head":"<!-- This site is optimized with the Yoast SEO plugin v21.7 - https:\/\/yoast.com\/wordpress\/plugins\/seo\/ -->\n<title>Pueblos Ind\u00edgenas de Paraguay exigen formar una mesa de trabajo con el gobierno para tratar diversas problem\u00e1ticas - Tierraviva<\/title>\n<meta name=\"robots\" content=\"index, follow, max-snippet:-1, max-image-preview:large, max-video-preview:-1\" \/>\n<link rel=\"canonical\" href=\"https:\/\/vortice.rocks\/clientes\/tierraviva\/pueblos-indigenas-de-paraguay-exigen-formar-una-mesa-de-trabajo-con-el-gobierno-para-tratar-diversas-problematicas\/\" \/>\n<meta property=\"og:locale\" content=\"es_ES\" \/>\n<meta property=\"og:type\" content=\"article\" \/>\n<meta property=\"og:title\" content=\"Pueblos Ind\u00edgenas de Paraguay exigen formar una mesa de trabajo con el gobierno para tratar diversas problem\u00e1ticas - Tierraviva\" \/>\n<meta property=\"og:description\" content=\"La Articulaci\u00f3n Nacional Ind\u00edgena por una Vida Digna (ANIVID), que re\u00fane a casi 20 organizaciones, exige al gobierno de Mario Abdo Ben\u00edtez la conformaci\u00f3n de una mesa de di\u00e1logo. Los detalles de esta propuesta ser\u00e1n anunciados en una conferencia de prensa el marte 5 de octubre, 9 horas, en la Plaza de los Desparecidos deSeguir leyendo &quot;Pueblos Ind\u00edgenas de Paraguay exigen formar una mesa de trabajo con el gobierno para tratar diversas problem\u00e1ticas&quot;\" \/>\n<meta property=\"og:url\" content=\"https:\/\/vortice.rocks\/clientes\/tierraviva\/pueblos-indigenas-de-paraguay-exigen-formar-una-mesa-de-trabajo-con-el-gobierno-para-tratar-diversas-problematicas\/\" \/>\n<meta property=\"og:site_name\" content=\"Tierraviva\" \/>\n<meta property=\"article:publisher\" content=\"https:\/\/www.facebook.com\/Tierraviva-a-los-pueblos-indigenas-del-Chaco-217328148281564\/\" \/>\n<meta property=\"article:published_time\" content=\"2021-10-04T16:15:55+00:00\" \/>\n<meta property=\"og:image\" content=\"https:\/\/vortice.rocks\/clientes\/tierraviva\/wp-content\/uploads\/2021\/10\/SAVE_20211004_131423.jpg\" \/>\n\t<meta property=\"og:image:width\" content=\"1280\" \/>\n\t<meta property=\"og:image:height\" content=\"853\" \/>\n\t<meta property=\"og:image:type\" content=\"image\/jpeg\" \/>\n<meta name=\"author\" content=\"Santi Ortiz\" \/>\n<meta name=\"twitter:label1\" content=\"Escrito por\" \/>\n\t<meta name=\"twitter:data1\" content=\"Santi Ortiz\" \/>\n\t<meta name=\"twitter:label2\" content=\"Tiempo de lectura\" \/>\n\t<meta name=\"twitter:data2\" content=\"3 minutos\" \/>\n<script type=\"application\/ld+json\" class=\"yoast-schema-graph\">{\"@context\":\"https:\/\/schema.org\",\"@graph\":[{\"@type\":\"WebPage\",\"@id\":\"https:\/\/vortice.rocks\/clientes\/tierraviva\/pueblos-indigenas-de-paraguay-exigen-formar-una-mesa-de-trabajo-con-el-gobierno-para-tratar-diversas-problematicas\/\",\"url\":\"https:\/\/vortice.rocks\/clientes\/tierraviva\/pueblos-indigenas-de-paraguay-exigen-formar-una-mesa-de-trabajo-con-el-gobierno-para-tratar-diversas-problematicas\/\",\"name\":\"Pueblos Ind\u00edgenas de Paraguay exigen formar una mesa de trabajo con el gobierno para tratar diversas problem\u00e1ticas - Tierraviva\",\"isPartOf\":{\"@id\":\"https:\/\/vortice.rocks\/clientes\/tierraviva\/#website\"},\"datePublished\":\"2021-10-04T16:15:55+00:00\",\"dateModified\":\"2021-10-04T16:15:55+00:00\",\"author\":{\"@id\":\"https:\/\/vortice.rocks\/clientes\/tierraviva\/#\/schema\/person\/0652c5aad419c86cff8f8129d355edd0\"},\"breadcrumb\":{\"@id\":\"https:\/\/vortice.rocks\/clientes\/tierraviva\/pueblos-indigenas-de-paraguay-exigen-formar-una-mesa-de-trabajo-con-el-gobierno-para-tratar-diversas-problematicas\/#breadcrumb\"},\"inLanguage\":\"es\",\"potentialAction\":[{\"@type\":\"ReadAction\",\"target\":[\"https:\/\/vortice.rocks\/clientes\/tierraviva\/pueblos-indigenas-de-paraguay-exigen-formar-una-mesa-de-trabajo-con-el-gobierno-para-tratar-diversas-problematicas\/\"]}]},{\"@type\":\"BreadcrumbList\",\"@id\":\"https:\/\/vortice.rocks\/clientes\/tierraviva\/pueblos-indigenas-de-paraguay-exigen-formar-una-mesa-de-trabajo-con-el-gobierno-para-tratar-diversas-problematicas\/#breadcrumb\",\"itemListElement\":[{\"@type\":\"ListItem\",\"position\":1,\"name\":\"Portada\",\"item\":\"https:\/\/vortice.rocks\/clientes\/tierraviva\/\"},{\"@type\":\"ListItem\",\"position\":2,\"name\":\"Pueblos Ind\u00edgenas de Paraguay exigen formar una mesa de trabajo con el gobierno para tratar diversas problem\u00e1ticas\"}]},{\"@type\":\"WebSite\",\"@id\":\"https:\/\/vortice.rocks\/clientes\/tierraviva\/#website\",\"url\":\"https:\/\/vortice.rocks\/clientes\/tierraviva\/\",\"name\":\"Tierraviva\",\"description\":\"\",\"potentialAction\":[{\"@type\":\"SearchAction\",\"target\":{\"@type\":\"EntryPoint\",\"urlTemplate\":\"https:\/\/vortice.rocks\/clientes\/tierraviva\/?s={search_term_string}\"},\"query-input\":\"required name=search_term_string\"}],\"inLanguage\":\"es\"},{\"@type\":\"Person\",\"@id\":\"https:\/\/vortice.rocks\/clientes\/tierraviva\/#\/schema\/person\/0652c5aad419c86cff8f8129d355edd0\",\"name\":\"Santi Ortiz\",\"image\":{\"@type\":\"ImageObject\",\"inLanguage\":\"es\",\"@id\":\"https:\/\/vortice.rocks\/clientes\/tierraviva\/#\/schema\/person\/image\/\",\"url\":\"https:\/\/secure.gravatar.com\/avatar\/78bab899e21d2840245c1646bfc64d01?s=96&d=mm&r=g\",\"contentUrl\":\"https:\/\/secure.gravatar.com\/avatar\/78bab899e21d2840245c1646bfc64d01?s=96&d=mm&r=g\",\"caption\":\"Santi Ortiz\"},\"sameAs\":[\"https:\/\/vortice.rocks\/clientes\/tierraviva\"],\"url\":\"https:\/\/vortice.rocks\/clientes\/tierraviva\/author\/santi-ortiz\/\"}]}<\/script>\n<!-- \/ Yoast SEO plugin. -->","yoast_head_json":{"title":"Pueblos Ind\u00edgenas de Paraguay exigen formar una mesa de trabajo con el gobierno para tratar diversas problem\u00e1ticas - Tierraviva","robots":{"index":"index","follow":"follow","max-snippet":"max-snippet:-1","max-image-preview":"max-image-preview:large","max-video-preview":"max-video-preview:-1"},"canonical":"https:\/\/vortice.rocks\/clientes\/tierraviva\/pueblos-indigenas-de-paraguay-exigen-formar-una-mesa-de-trabajo-con-el-gobierno-para-tratar-diversas-problematicas\/","og_locale":"es_ES","og_type":"article","og_title":"Pueblos Ind\u00edgenas de Paraguay exigen formar una mesa de trabajo con el gobierno para tratar diversas problem\u00e1ticas - Tierraviva","og_description":"La Articulaci\u00f3n Nacional Ind\u00edgena por una Vida Digna (ANIVID), que re\u00fane a casi 20 organizaciones, exige al gobierno de Mario Abdo Ben\u00edtez la conformaci\u00f3n de una mesa de di\u00e1logo. Los detalles de esta propuesta ser\u00e1n anunciados en una conferencia de prensa el marte 5 de octubre, 9 horas, en la Plaza de los Desparecidos deSeguir leyendo \"Pueblos Ind\u00edgenas de Paraguay exigen formar una mesa de trabajo con el gobierno para tratar diversas problem\u00e1ticas\"","og_url":"https:\/\/vortice.rocks\/clientes\/tierraviva\/pueblos-indigenas-de-paraguay-exigen-formar-una-mesa-de-trabajo-con-el-gobierno-para-tratar-diversas-problematicas\/","og_site_name":"Tierraviva","article_publisher":"https:\/\/www.facebook.com\/Tierraviva-a-los-pueblos-indigenas-del-Chaco-217328148281564\/","article_published_time":"2021-10-04T16:15:55+00:00","og_image":[{"width":1280,"height":853,"url":"https:\/\/vortice.rocks\/clientes\/tierraviva\/wp-content\/uploads\/2021\/10\/SAVE_20211004_131423.jpg","type":"image\/jpeg"}],"author":"Santi Ortiz","twitter_misc":{"Escrito por":"Santi Ortiz","Tiempo de lectura":"3 minutos"},"schema":{"@context":"https:\/\/schema.org","@graph":[{"@type":"WebPage","@id":"https:\/\/vortice.rocks\/clientes\/tierraviva\/pueblos-indigenas-de-paraguay-exigen-formar-una-mesa-de-trabajo-con-el-gobierno-para-tratar-diversas-problematicas\/","url":"https:\/\/vortice.rocks\/clientes\/tierraviva\/pueblos-indigenas-de-paraguay-exigen-formar-una-mesa-de-trabajo-con-el-gobierno-para-tratar-diversas-problematicas\/","name":"Pueblos Ind\u00edgenas de Paraguay exigen formar una mesa de trabajo con el gobierno para tratar diversas problem\u00e1ticas - Tierraviva","isPartOf":{"@id":"https:\/\/vortice.rocks\/clientes\/tierraviva\/#website"},"datePublished":"2021-10-04T16:15:55+00:00","dateModified":"2021-10-04T16:15:55+00:00","author":{"@id":"https:\/\/vortice.rocks\/clientes\/tierraviva\/#\/schema\/person\/0652c5aad419c86cff8f8129d355edd0"},"breadcrumb":{"@id":"https:\/\/vortice.rocks\/clientes\/tierraviva\/pueblos-indigenas-de-paraguay-exigen-formar-una-mesa-de-trabajo-con-el-gobierno-para-tratar-diversas-problematicas\/#breadcrumb"},"inLanguage":"es","potentialAction":[{"@type":"ReadAction","target":["https:\/\/vortice.rocks\/clientes\/tierraviva\/pueblos-indigenas-de-paraguay-exigen-formar-una-mesa-de-trabajo-con-el-gobierno-para-tratar-diversas-problematicas\/"]}]},{"@type":"BreadcrumbList","@id":"https:\/\/vortice.rocks\/clientes\/tierraviva\/pueblos-indigenas-de-paraguay-exigen-formar-una-mesa-de-trabajo-con-el-gobierno-para-tratar-diversas-problematicas\/#breadcrumb","itemListElement":[{"@type":"ListItem","position":1,"name":"Portada","item":"https:\/\/vortice.rocks\/clientes\/tierraviva\/"},{"@type":"ListItem","position":2,"name":"Pueblos Ind\u00edgenas de Paraguay exigen formar una mesa de trabajo con el gobierno para tratar diversas problem\u00e1ticas"}]},{"@type":"WebSite","@id":"https:\/\/vortice.rocks\/clientes\/tierraviva\/#website","url":"https:\/\/vortice.rocks\/clientes\/tierraviva\/","name":"Tierraviva","description":"","potentialAction":[{"@type":"SearchAction","target":{"@type":"EntryPoint","urlTemplate":"https:\/\/vortice.rocks\/clientes\/tierraviva\/?s={search_term_string}"},"query-input":"required name=search_term_string"}],"inLanguage":"es"},{"@type":"Person","@id":"https:\/\/vortice.rocks\/clientes\/tierraviva\/#\/schema\/person\/0652c5aad419c86cff8f8129d355edd0","name":"Santi Ortiz","image":{"@type":"ImageObject","inLanguage":"es","@id":"https:\/\/vortice.rocks\/clientes\/tierraviva\/#\/schema\/person\/image\/","url":"https:\/\/secure.gravatar.com\/avatar\/78bab899e21d2840245c1646bfc64d01?s=96&d=mm&r=g","contentUrl":"https:\/\/secure.gravatar.com\/avatar\/78bab899e21d2840245c1646bfc64d01?s=96&d=mm&r=g","caption":"Santi Ortiz"},"sameAs":["https:\/\/vortice.rocks\/clientes\/tierraviva"],"url":"https:\/\/vortice.rocks\/clientes\/tierraviva\/author\/santi-ortiz\/"}]}},"_links":{"self":[{"href":"https:\/\/vortice.rocks\/clientes\/tierraviva\/wp-json\/wp\/v2\/posts\/2295"}],"collection":[{"href":"https:\/\/vortice.rocks\/clientes\/tierraviva\/wp-json\/wp\/v2\/posts"}],"about":[{"href":"https:\/\/vortice.rocks\/clientes\/tierraviva\/wp-json\/wp\/v2\/types\/post"}],"author":[{"embeddable":true,"href":"https:\/\/vortice.rocks\/clientes\/tierraviva\/wp-json\/wp\/v2\/users\/5"}],"replies":[{"embeddable":true,"href":"https:\/\/vortice.rocks\/clientes\/tierraviva\/wp-json\/wp\/v2\/comments?post=2295"}],"version-history":[{"count":1,"href":"https:\/\/vortice.rocks\/clientes\/tierraviva\/wp-json\/wp\/v2\/posts\/2295\/revisions"}],"predecessor-version":[{"id":2297,"href":"https:\/\/vortice.rocks\/clientes\/tierraviva\/wp-json\/wp\/v2\/posts\/2295\/revisions\/2297"}],"wp:featuredmedia":[{"embeddable":true,"href":"https:\/\/vortice.rocks\/clientes\/tierraviva\/wp-json\/wp\/v2\/media\/2296"}],"wp:attachment":[{"href":"https:\/\/vortice.rocks\/clientes\/tierraviva\/wp-json\/wp\/v2\/media?parent=2295"}],"wp:term":[{"taxonomy":"category","embeddable":true,"href":"https:\/\/vortice.rocks\/clientes\/tierraviva\/wp-json\/wp\/v2\/categories?post=2295"},{"taxonomy":"post_tag","embeddable":true,"href":"https:\/\/vortice.rocks\/clientes\/tierraviva\/wp-json\/wp\/v2\/tags?post=2295"}],"curies":[{"name":"wp","href":"https:\/\/api.w.org\/{rel}","templated":true}]}}