{"id":2302,"date":"2021-10-09T09:45:21","date_gmt":"2021-10-09T13:45:21","guid":{"rendered":"https:\/\/vortice.rocks\/clientes\/tierraviva\/?p=2302"},"modified":"2021-10-09T09:45:21","modified_gmt":"2021-10-09T13:45:21","slug":"ejecutivo-se-comprometio-a-instalar-mesa-de-trabajo-sobre-tierra-con-pueblos-indigenas","status":"publish","type":"post","link":"https:\/\/vortice.rocks\/clientes\/tierraviva\/ejecutivo-se-comprometio-a-instalar-mesa-de-trabajo-sobre-tierra-con-pueblos-indigenas\/","title":{"rendered":"Ejecutivo se comprometi\u00f3 a instalar mesa de trabajo sobre tierra con Pueblos Ind\u00edgenas"},"content":{"rendered":"<p>El ministro del Interior de Paraguay, Arnaldo Giuzzio, encabez\u00f3 en la tarde de ayer viernes un primer di\u00e1logo entre el Poder Ejecutivo y la Articulaci\u00f3n Nacional Ind\u00edgena por una Vida Digna (ANIVID).<\/p>\n<p>Esto luego de que el martes pasado referentes ind\u00edgenas anunciaran una marcha para el 12 de octubre pr\u00f3ximo y exigieran p\u00fablicamente reunirse con los tres poderes estatales, para atender las demandas de distintas comunidades que recabaron en un documento.<\/p>\n<p>En la reuni\u00f3n de ayer las autoridades de Interior se comprometieron a reunir la mayor cantidad de informaci\u00f3n jur\u00eddica sobre las tierras demandadas por las comunidades, como tambi\u00e9n involucrar en este proceso al Servicio Nacional de Catastro, Instituto Nacional de la Tierra (INDERT), Registros P\u00fablicos, Poder Judicial y al Instituto Paraguayo del Ind\u00edgena (INDI).<\/p>\n<p>Otro de los compromisos del ministerio fue el de propiciar una audiencia entre referentes ind\u00edgenas y miembros de la Comisi\u00f3n Bicameral del Congreso, que en estos momentos estudia el Presupuesto General de la Naci\u00f3n (PGN) para 2022.<\/p>\n<p>Los y las l\u00edderes de la ANIVID explicaron que de no aumentar el Estado paraguayo los recursos a asignar al INDI, en 2022 no se podr\u00e1n implementar el recientemente aprobado Plan Nacional de Pueblos Ind\u00edgenas 2020-2030 ni las dem\u00e1s acciones y programas para Pueblos Ind\u00edgenas.<\/p>\n<p>Por \u00faltimo, exigieron a las autoridades del Interior garant\u00edas para la realizaci\u00f3n de la marcha pac\u00edfica de este martes 12, en la que organizaciones ind\u00edgenas de todo el pa\u00eds expresar\u00e1n sus reclamos en Asunci\u00f3n y distintos departamentos. Tambi\u00e9n recordar\u00e1n al 12 de octubre de 1492 como el inicio de la desposesi\u00f3n de sus tierras y recursos naturales.<\/p>\n<p>El ministro Giuzzio y su equipo acordaron convocar a una pr\u00f3xima reuni\u00f3n con l\u00edderes ind\u00edgenas para el martes o mi\u00e9rcoles entrantes.<\/p>\n<p>Las problem\u00e1ticas que afectan a los Pueblos Ind\u00edgenas de Paraguay demandan decisiones articuladas entre los tres poderes estatales, por eso sus l\u00edderes seguir\u00e1n exigiendo que la mesa est\u00e9 conformada por representantes del Ejecutivo, Legislativo y Judicial.<\/p>\n<p>En Paraguay los Pueblos Ind\u00edgenas son la poblaci\u00f3n con los peores indicadores sociales, con un 66,2% viviendo en la pobreza y un 34,4% en la extrema pobreza.<\/p>\n<p>Se estima que actualmente un 37% de todas las tierras ind\u00edgenas en Paraguay se encuentran en manos de terceros.<\/p>\n<p>M\u00c1S INFORMACI\u00d3N: Voceros y voceras de la ANIVID<\/p>\n<p>Mar\u00eda Luisa Duarte<\/p>\n<p>0981 130 795<\/p>\n<p>&nbsp;<\/p>\n<p>Mario Rivarola<\/p>\n<p>0984 616 753<\/p>\n<p>&nbsp;<\/p>\n<p>Dionisio G\u00f3mez<\/p>\n<p>0985 667 233<\/p>\n<p>&nbsp;<\/p>\n<p>Mauricio Franco<\/p>\n<p>0992 882 227<\/p>\n<p>&nbsp;<\/p>\n","protected":false},"excerpt":{"rendered":"<p>El ministro del Interior de Paraguay, Arnaldo Giuzzio, encabez\u00f3 en la tarde de ayer viernes un primer di\u00e1logo entre el Poder Ejecutivo y la Articulaci\u00f3n Nacional Ind\u00edgena por una Vida Digna (ANIVID). Esto luego de que el martes pasado referentes ind\u00edgenas anunciaran una marcha para el 12 de octubre pr\u00f3ximo y exigieran p\u00fablicamente reunirse con<a class=\"more-link\" href=\"https:\/\/vortice.rocks\/clientes\/tierraviva\/ejecutivo-se-comprometio-a-instalar-mesa-de-trabajo-sobre-tierra-con-pueblos-indigenas\/\">Seguir leyendo <span class=\"screen-reader-text\">&#8220;Ejecutivo se comprometi\u00f3 a instalar mesa de trabajo sobre tierra con Pueblos Ind\u00edgenas&#8221;<\/span><\/a><\/p>\n","protected":false},"author":5,"featured_media":2303,"comment_status":"open","ping_status":"open","sticky":false,"template":"","format":"standard","meta":{"_exactmetrics_skip_tracking":false,"_exactmetrics_sitenote_active":false,"_exactmetrics_sitenote_note":"","_exactmetrics_sitenote_category":0,"footnotes":""},"categories":[3],"tags":[],"yoast_head":"<!-- This site is optimized with the Yoast SEO plugin v21.7 - https:\/\/yoast.com\/wordpress\/plugins\/seo\/ -->\n<title>Ejecutivo se comprometi\u00f3 a instalar mesa de trabajo sobre tierra con Pueblos Ind\u00edgenas - Tierraviva<\/title>\n<meta name=\"robots\" content=\"index, follow, max-snippet:-1, max-image-preview:large, max-video-preview:-1\" \/>\n<link rel=\"canonical\" href=\"https:\/\/vortice.rocks\/clientes\/tierraviva\/ejecutivo-se-comprometio-a-instalar-mesa-de-trabajo-sobre-tierra-con-pueblos-indigenas\/\" \/>\n<meta property=\"og:locale\" content=\"es_ES\" \/>\n<meta property=\"og:type\" content=\"article\" \/>\n<meta property=\"og:title\" content=\"Ejecutivo se comprometi\u00f3 a instalar mesa de trabajo sobre tierra con Pueblos Ind\u00edgenas - Tierraviva\" \/>\n<meta property=\"og:description\" content=\"El ministro del Interior de Paraguay, Arnaldo Giuzzio, encabez\u00f3 en la tarde de ayer viernes un primer di\u00e1logo entre el Poder Ejecutivo y la Articulaci\u00f3n Nacional Ind\u00edgena por una Vida Digna (ANIVID). Esto luego de que el martes pasado referentes ind\u00edgenas anunciaran una marcha para el 12 de octubre pr\u00f3ximo y exigieran p\u00fablicamente reunirse conSeguir leyendo &quot;Ejecutivo se comprometi\u00f3 a instalar mesa de trabajo sobre tierra con Pueblos Ind\u00edgenas&quot;\" \/>\n<meta property=\"og:url\" content=\"https:\/\/vortice.rocks\/clientes\/tierraviva\/ejecutivo-se-comprometio-a-instalar-mesa-de-trabajo-sobre-tierra-con-pueblos-indigenas\/\" \/>\n<meta property=\"og:site_name\" content=\"Tierraviva\" \/>\n<meta property=\"article:publisher\" content=\"https:\/\/www.facebook.com\/Tierraviva-a-los-pueblos-indigenas-del-Chaco-217328148281564\/\" \/>\n<meta property=\"article:published_time\" content=\"2021-10-09T13:45:21+00:00\" \/>\n<meta property=\"og:image\" content=\"https:\/\/vortice.rocks\/clientes\/tierraviva\/wp-content\/uploads\/2021\/10\/IMG-20211009-WA0061.jpg\" \/>\n\t<meta property=\"og:image:width\" content=\"1280\" \/>\n\t<meta property=\"og:image:height\" content=\"591\" \/>\n\t<meta property=\"og:image:type\" content=\"image\/jpeg\" \/>\n<meta name=\"author\" content=\"Santi Ortiz\" \/>\n<meta name=\"twitter:label1\" content=\"Escrito por\" \/>\n\t<meta name=\"twitter:data1\" content=\"Santi Ortiz\" \/>\n\t<meta name=\"twitter:label2\" content=\"Tiempo de lectura\" \/>\n\t<meta name=\"twitter:data2\" content=\"2 minutos\" \/>\n<script type=\"application\/ld+json\" class=\"yoast-schema-graph\">{\"@context\":\"https:\/\/schema.org\",\"@graph\":[{\"@type\":\"WebPage\",\"@id\":\"https:\/\/vortice.rocks\/clientes\/tierraviva\/ejecutivo-se-comprometio-a-instalar-mesa-de-trabajo-sobre-tierra-con-pueblos-indigenas\/\",\"url\":\"https:\/\/vortice.rocks\/clientes\/tierraviva\/ejecutivo-se-comprometio-a-instalar-mesa-de-trabajo-sobre-tierra-con-pueblos-indigenas\/\",\"name\":\"Ejecutivo se comprometi\u00f3 a instalar mesa de trabajo sobre tierra con Pueblos Ind\u00edgenas - Tierraviva\",\"isPartOf\":{\"@id\":\"https:\/\/vortice.rocks\/clientes\/tierraviva\/#website\"},\"datePublished\":\"2021-10-09T13:45:21+00:00\",\"dateModified\":\"2021-10-09T13:45:21+00:00\",\"author\":{\"@id\":\"https:\/\/vortice.rocks\/clientes\/tierraviva\/#\/schema\/person\/0652c5aad419c86cff8f8129d355edd0\"},\"breadcrumb\":{\"@id\":\"https:\/\/vortice.rocks\/clientes\/tierraviva\/ejecutivo-se-comprometio-a-instalar-mesa-de-trabajo-sobre-tierra-con-pueblos-indigenas\/#breadcrumb\"},\"inLanguage\":\"es\",\"potentialAction\":[{\"@type\":\"ReadAction\",\"target\":[\"https:\/\/vortice.rocks\/clientes\/tierraviva\/ejecutivo-se-comprometio-a-instalar-mesa-de-trabajo-sobre-tierra-con-pueblos-indigenas\/\"]}]},{\"@type\":\"BreadcrumbList\",\"@id\":\"https:\/\/vortice.rocks\/clientes\/tierraviva\/ejecutivo-se-comprometio-a-instalar-mesa-de-trabajo-sobre-tierra-con-pueblos-indigenas\/#breadcrumb\",\"itemListElement\":[{\"@type\":\"ListItem\",\"position\":1,\"name\":\"Portada\",\"item\":\"https:\/\/vortice.rocks\/clientes\/tierraviva\/\"},{\"@type\":\"ListItem\",\"position\":2,\"name\":\"Ejecutivo se comprometi\u00f3 a instalar mesa de trabajo sobre tierra con Pueblos Ind\u00edgenas\"}]},{\"@type\":\"WebSite\",\"@id\":\"https:\/\/vortice.rocks\/clientes\/tierraviva\/#website\",\"url\":\"https:\/\/vortice.rocks\/clientes\/tierraviva\/\",\"name\":\"Tierraviva\",\"description\":\"\",\"potentialAction\":[{\"@type\":\"SearchAction\",\"target\":{\"@type\":\"EntryPoint\",\"urlTemplate\":\"https:\/\/vortice.rocks\/clientes\/tierraviva\/?s={search_term_string}\"},\"query-input\":\"required name=search_term_string\"}],\"inLanguage\":\"es\"},{\"@type\":\"Person\",\"@id\":\"https:\/\/vortice.rocks\/clientes\/tierraviva\/#\/schema\/person\/0652c5aad419c86cff8f8129d355edd0\",\"name\":\"Santi Ortiz\",\"image\":{\"@type\":\"ImageObject\",\"inLanguage\":\"es\",\"@id\":\"https:\/\/vortice.rocks\/clientes\/tierraviva\/#\/schema\/person\/image\/\",\"url\":\"https:\/\/secure.gravatar.com\/avatar\/78bab899e21d2840245c1646bfc64d01?s=96&d=mm&r=g\",\"contentUrl\":\"https:\/\/secure.gravatar.com\/avatar\/78bab899e21d2840245c1646bfc64d01?s=96&d=mm&r=g\",\"caption\":\"Santi Ortiz\"},\"sameAs\":[\"https:\/\/vortice.rocks\/clientes\/tierraviva\"],\"url\":\"https:\/\/vortice.rocks\/clientes\/tierraviva\/author\/santi-ortiz\/\"}]}<\/script>\n<!-- \/ Yoast SEO plugin. -->","yoast_head_json":{"title":"Ejecutivo se comprometi\u00f3 a instalar mesa de trabajo sobre tierra con Pueblos Ind\u00edgenas - Tierraviva","robots":{"index":"index","follow":"follow","max-snippet":"max-snippet:-1","max-image-preview":"max-image-preview:large","max-video-preview":"max-video-preview:-1"},"canonical":"https:\/\/vortice.rocks\/clientes\/tierraviva\/ejecutivo-se-comprometio-a-instalar-mesa-de-trabajo-sobre-tierra-con-pueblos-indigenas\/","og_locale":"es_ES","og_type":"article","og_title":"Ejecutivo se comprometi\u00f3 a instalar mesa de trabajo sobre tierra con Pueblos Ind\u00edgenas - Tierraviva","og_description":"El ministro del Interior de Paraguay, Arnaldo Giuzzio, encabez\u00f3 en la tarde de ayer viernes un primer di\u00e1logo entre el Poder Ejecutivo y la Articulaci\u00f3n Nacional Ind\u00edgena por una Vida Digna (ANIVID). Esto luego de que el martes pasado referentes ind\u00edgenas anunciaran una marcha para el 12 de octubre pr\u00f3ximo y exigieran p\u00fablicamente reunirse conSeguir leyendo \"Ejecutivo se comprometi\u00f3 a instalar mesa de trabajo sobre tierra con Pueblos Ind\u00edgenas\"","og_url":"https:\/\/vortice.rocks\/clientes\/tierraviva\/ejecutivo-se-comprometio-a-instalar-mesa-de-trabajo-sobre-tierra-con-pueblos-indigenas\/","og_site_name":"Tierraviva","article_publisher":"https:\/\/www.facebook.com\/Tierraviva-a-los-pueblos-indigenas-del-Chaco-217328148281564\/","article_published_time":"2021-10-09T13:45:21+00:00","og_image":[{"width":1280,"height":591,"url":"https:\/\/vortice.rocks\/clientes\/tierraviva\/wp-content\/uploads\/2021\/10\/IMG-20211009-WA0061.jpg","type":"image\/jpeg"}],"author":"Santi Ortiz","twitter_misc":{"Escrito por":"Santi Ortiz","Tiempo de lectura":"2 minutos"},"schema":{"@context":"https:\/\/schema.org","@graph":[{"@type":"WebPage","@id":"https:\/\/vortice.rocks\/clientes\/tierraviva\/ejecutivo-se-comprometio-a-instalar-mesa-de-trabajo-sobre-tierra-con-pueblos-indigenas\/","url":"https:\/\/vortice.rocks\/clientes\/tierraviva\/ejecutivo-se-comprometio-a-instalar-mesa-de-trabajo-sobre-tierra-con-pueblos-indigenas\/","name":"Ejecutivo se comprometi\u00f3 a instalar mesa de trabajo sobre tierra con Pueblos Ind\u00edgenas - Tierraviva","isPartOf":{"@id":"https:\/\/vortice.rocks\/clientes\/tierraviva\/#website"},"datePublished":"2021-10-09T13:45:21+00:00","dateModified":"2021-10-09T13:45:21+00:00","author":{"@id":"https:\/\/vortice.rocks\/clientes\/tierraviva\/#\/schema\/person\/0652c5aad419c86cff8f8129d355edd0"},"breadcrumb":{"@id":"https:\/\/vortice.rocks\/clientes\/tierraviva\/ejecutivo-se-comprometio-a-instalar-mesa-de-trabajo-sobre-tierra-con-pueblos-indigenas\/#breadcrumb"},"inLanguage":"es","potentialAction":[{"@type":"ReadAction","target":["https:\/\/vortice.rocks\/clientes\/tierraviva\/ejecutivo-se-comprometio-a-instalar-mesa-de-trabajo-sobre-tierra-con-pueblos-indigenas\/"]}]},{"@type":"BreadcrumbList","@id":"https:\/\/vortice.rocks\/clientes\/tierraviva\/ejecutivo-se-comprometio-a-instalar-mesa-de-trabajo-sobre-tierra-con-pueblos-indigenas\/#breadcrumb","itemListElement":[{"@type":"ListItem","position":1,"name":"Portada","item":"https:\/\/vortice.rocks\/clientes\/tierraviva\/"},{"@type":"ListItem","position":2,"name":"Ejecutivo se comprometi\u00f3 a instalar mesa de trabajo sobre tierra con Pueblos Ind\u00edgenas"}]},{"@type":"WebSite","@id":"https:\/\/vortice.rocks\/clientes\/tierraviva\/#website","url":"https:\/\/vortice.rocks\/clientes\/tierraviva\/","name":"Tierraviva","description":"","potentialAction":[{"@type":"SearchAction","target":{"@type":"EntryPoint","urlTemplate":"https:\/\/vortice.rocks\/clientes\/tierraviva\/?s={search_term_string}"},"query-input":"required name=search_term_string"}],"inLanguage":"es"},{"@type":"Person","@id":"https:\/\/vortice.rocks\/clientes\/tierraviva\/#\/schema\/person\/0652c5aad419c86cff8f8129d355edd0","name":"Santi Ortiz","image":{"@type":"ImageObject","inLanguage":"es","@id":"https:\/\/vortice.rocks\/clientes\/tierraviva\/#\/schema\/person\/image\/","url":"https:\/\/secure.gravatar.com\/avatar\/78bab899e21d2840245c1646bfc64d01?s=96&d=mm&r=g","contentUrl":"https:\/\/secure.gravatar.com\/avatar\/78bab899e21d2840245c1646bfc64d01?s=96&d=mm&r=g","caption":"Santi Ortiz"},"sameAs":["https:\/\/vortice.rocks\/clientes\/tierraviva"],"url":"https:\/\/vortice.rocks\/clientes\/tierraviva\/author\/santi-ortiz\/"}]}},"_links":{"self":[{"href":"https:\/\/vortice.rocks\/clientes\/tierraviva\/wp-json\/wp\/v2\/posts\/2302"}],"collection":[{"href":"https:\/\/vortice.rocks\/clientes\/tierraviva\/wp-json\/wp\/v2\/posts"}],"about":[{"href":"https:\/\/vortice.rocks\/clientes\/tierraviva\/wp-json\/wp\/v2\/types\/post"}],"author":[{"embeddable":true,"href":"https:\/\/vortice.rocks\/clientes\/tierraviva\/wp-json\/wp\/v2\/users\/5"}],"replies":[{"embeddable":true,"href":"https:\/\/vortice.rocks\/clientes\/tierraviva\/wp-json\/wp\/v2\/comments?post=2302"}],"version-history":[{"count":1,"href":"https:\/\/vortice.rocks\/clientes\/tierraviva\/wp-json\/wp\/v2\/posts\/2302\/revisions"}],"predecessor-version":[{"id":2304,"href":"https:\/\/vortice.rocks\/clientes\/tierraviva\/wp-json\/wp\/v2\/posts\/2302\/revisions\/2304"}],"wp:featuredmedia":[{"embeddable":true,"href":"https:\/\/vortice.rocks\/clientes\/tierraviva\/wp-json\/wp\/v2\/media\/2303"}],"wp:attachment":[{"href":"https:\/\/vortice.rocks\/clientes\/tierraviva\/wp-json\/wp\/v2\/media?parent=2302"}],"wp:term":[{"taxonomy":"category","embeddable":true,"href":"https:\/\/vortice.rocks\/clientes\/tierraviva\/wp-json\/wp\/v2\/categories?post=2302"},{"taxonomy":"post_tag","embeddable":true,"href":"https:\/\/vortice.rocks\/clientes\/tierraviva\/wp-json\/wp\/v2\/tags?post=2302"}],"curies":[{"name":"wp","href":"https:\/\/api.w.org\/{rel}","templated":true}]}}