{"id":2305,"date":"2021-10-11T11:15:01","date_gmt":"2021-10-11T15:15:01","guid":{"rendered":"https:\/\/vortice.rocks\/clientes\/tierraviva\/?p=2305"},"modified":"2021-10-11T11:15:01","modified_gmt":"2021-10-11T15:15:01","slug":"con-marcha-pacifica-pueblos-indigenas-exigen-una-mesa-de-trabajo-con-los-tres-poderes-estatales","status":"publish","type":"post","link":"https:\/\/vortice.rocks\/clientes\/tierraviva\/con-marcha-pacifica-pueblos-indigenas-exigen-una-mesa-de-trabajo-con-los-tres-poderes-estatales\/","title":{"rendered":"Con marcha pac\u00edfica, Pueblos Ind\u00edgenas exigen una mesa de trabajo con los tres poderes estatales"},"content":{"rendered":"<p class=\"western\" lang=\"es-PY\"><span style=\"font-family: Arial, serif;\"><span style=\"font-size: medium;\">La Articulaci\u00f3n Nacional Ind\u00edgena por una Vida Digna (ANIVID) realizar\u00e1 ma\u00f1ana martes una movilizaci\u00f3n en Asunci\u00f3n y distintas regiones del pa\u00eds para <\/span><\/span><span style=\"font-family: Arial, serif;\"><span style=\"font-size: medium;\"><b>exigir al gobierno que conforme una mesa de trabajo con representantes de los poderes Ejecutivo, Legislativo y Judicial.<\/b><\/span><\/span><\/p>\n<p class=\"western\" lang=\"es-PY\"><span style=\"font-family: Arial, serif;\"><span style=\"font-size: medium;\">Las problem\u00e1ticas que afectan a los Pueblos Ind\u00edgenas del pa\u00eds demandan decisiones urgentes y coordinadas entre todos los poderes del Estado, como tambi\u00e9n la participaci\u00f3n de los Pueblos Ind\u00edgenas en las propuestas de soluci\u00f3n.<\/span><\/span><\/p>\n<p class=\"western\" lang=\"es-PY\"><span style=\"font-family: Arial, serif;\"><span style=\"font-size: medium;\"><b>En Asunci\u00f3n la marcha partir\u00e1 a las 8.30 horas desde la Plaza Uruguaya<\/b><\/span><\/span><span style=\"font-family: Arial, serif;\"><span style=\"font-size: medium;\"> para llegar hasta la Plaza de Armas ubicada frente el edificio del Congreso Nacional.<\/span><\/span><\/p>\n<p class=\"western\" lang=\"es-PY\"><span style=\"font-family: Arial, serif;\"><span style=\"font-size: medium;\">En el centro de las problem\u00e1ticas se encuentra la restituci\u00f3n y aseguramiento de sus tierras ancestrales por parte del Estado paraguayo, que de acuerdo a cada caso podr\u00eda implicar procesos de compra, recuperaci\u00f3n, regularizaci\u00f3n jur\u00eddica, resarcimiento econ\u00f3mico. <\/span><\/span><\/p>\n<p class=\"western\" lang=\"es-PY\"><span style=\"font-family: Arial, serif;\"><span style=\"font-size: medium;\">Para poder implementar estas medidas, la ANIVID exige la implementaci\u00f3n de un fondo para compras de tierras y proyectos de desarrollo para Pueblos ind\u00edgenas, cuyos recursos sean obtenidos del 10 % de los royalties provenientes de Itaip\u00fa y Yasyret\u00e4.<\/span><\/span><\/p>\n<p class=\"western\" lang=\"es-PY\"><span style=\"font-family: Arial, serif;\"><span style=\"font-size: medium;\">Otra de las exigencias centrales es la implementaci\u00f3n del Plan Nacional de Pueblos Ind\u00edgenas PNPI 2020-2030, recientemente aprobado por el Ejecutivo.<\/span><\/span><\/p>\n<p class=\"western\" lang=\"es-PY\"><span style=\"font-family: Arial, serif;\"><span style=\"font-size: medium;\">El PNPI tiene la potencialidad de convertirse en una herramienta que centralice el desarrollo de las pol\u00edticas p\u00fablicas para las comunidades ind\u00edgenas de Paraguay, pero para eso el Estado debe asignarle recursos en este momento donde se estudia el Presupuesto General de la Naci\u00f3n (PGN) que regir\u00e1 durante 2022.<\/span><\/span><\/p>\n<p class=\"western\" lang=\"es-PY\"><span style=\"font-family: Arial, serif;\"><span style=\"font-size: medium;\">Estas y otras exigencias pueden ser le\u00eddas en un pronunciamiento de la ANIVID entregada a la Presidencia de la Rep\u00fablica, el Congreso Nacional y la Corte Suprema de Justicia la semana pasada, junto con una lista detallada de las principales urgencias de comunidades de distintas regiones del pa\u00eds. <\/span><\/span><\/p>\n<p class=\"western\" lang=\"es-PY\"><span style=\"font-family: Arial, serif;\"><span style=\"font-size: medium;\">La marcha de ma\u00f1ana se realiza al cumplirse el 529\u00b0 aniversario del 12 de octubre de 1492, considerado como el inicio de los atropellos a las tierras, territorios y recursos naturales de los Pueblos Ind\u00edgenas en Paraguay y Am\u00e9rica.<\/span><\/span><\/p>\n<p class=\"western\" lang=\"es-PY\"><span style=\"font-family: Arial, serif;\"><span style=\"font-size: medium;\">En Paraguay viven 122 mil personas ind\u00edgenas pertenecientes a 19 Pueblos, que se distribuyen geogr\u00e1ficamente en m\u00e1s de 600 comunidades en las regiones Chaco y Oriental.<\/span><\/span><\/p>\n<p class=\"western\" lang=\"es-PY\"><span style=\"font-family: Arial, serif;\"><span style=\"font-size: medium;\">Los Pueblos Ind\u00edgenas son la poblaci\u00f3n con peores indicadores sociales en el pa\u00eds, con un 66,2% viviendo en la pobreza y 34,4% en la extrema pobreza, a consecuencia de la exclusi\u00f3n de las pol\u00edticas p\u00fablicas como la desposesi\u00f3n de sus tierras y recursos naturales por parte de actores econ\u00f3micos agroexportadores. <\/span><\/span><\/p>\n<p class=\"western\" lang=\"es-PY\"><span style=\"font-family: Arial, serif;\"><span style=\"font-size: medium;\">Se calcula que un 37% de las tierras ind\u00edgenas en Paraguay est\u00e1 en manos de terceros.<\/span><\/span><\/p>\n<p class=\"western\" lang=\"es-PY\"><span style=\"font-family: Arial, serif;\"><span style=\"font-size: medium;\">La ANIVID est\u00e1 compuesta por las siguientes organizaciones: Asociaci\u00f3n de Comunidades Mbya Guaran\u00ed \u00d1oguero\u00ef Pave\u00ef, Asociaci\u00f3n Nacional de Mujeres Guaran\u00ed del Paraguay Ku\u00f1a Guaran\u00ed Aty; Articulaci\u00f3n de Mujeres Ind\u00edgenas del Paraguay \u2013Mipy, Coordinadora de L\u00edderes Ind\u00edgenas del Bajo Chaco \u2013 ClibCh, Coordinadora Intersectorial de Pueblos Originarios de Concepci\u00f3n- CIPOC; Comisi\u00f3n Interdistrital de Promotores de Salud Indigena; Coordinadora Nacional Indigena-CNI; Clan Kuchingi Mairekoty, Mesa de Organizaciones Ind\u00edgenas del Paraguay- MAIPY; Organizaci\u00f3n Nacional de Abor\u00edgenes Independientes-ONAI, Organizaci\u00f3n Nacional del Pueblo Guaran\u00ed-OPG; Organizaci\u00f3n Payipie Ichadie Totobiegosode-OPIT, Organizaci\u00f3n de Comunidades Unidas Nenhlet-OCUN; Organizaci\u00f3n Pa\u00ef R\u0115t\u00e3 Joaju, Organizaci\u00f3n Pa\u00ee Reko Pav\u0115 Jepotyra, Promotores Jur\u00eddicos Juvenil Ind\u00edgena, Red de Veedur\u00eda Social Juvenil Ind\u00edgena, Uni\u00f3n Juvenil Ind\u00edgena del Paraguay ( UJIP), Uni\u00f3n de Comunidades Ind\u00edgenas de la Naci\u00f3n Ishir- UCINI.<\/span><\/span><\/p>\n","protected":false},"excerpt":{"rendered":"<p>La Articulaci\u00f3n Nacional Ind\u00edgena por una Vida Digna (ANIVID) realizar\u00e1 ma\u00f1ana martes una movilizaci\u00f3n en Asunci\u00f3n y distintas regiones del pa\u00eds para exigir al gobierno que conforme una mesa de trabajo con representantes de los poderes Ejecutivo, Legislativo y Judicial. Las problem\u00e1ticas que afectan a los Pueblos Ind\u00edgenas del pa\u00eds demandan decisiones urgentes y coordinadas<a class=\"more-link\" href=\"https:\/\/vortice.rocks\/clientes\/tierraviva\/con-marcha-pacifica-pueblos-indigenas-exigen-una-mesa-de-trabajo-con-los-tres-poderes-estatales\/\">Seguir leyendo <span class=\"screen-reader-text\">&#8220;Con marcha pac\u00edfica, Pueblos Ind\u00edgenas exigen una mesa de trabajo con los tres poderes estatales&#8221;<\/span><\/a><\/p>\n","protected":false},"author":5,"featured_media":2306,"comment_status":"open","ping_status":"open","sticky":false,"template":"","format":"standard","meta":{"_exactmetrics_skip_tracking":false,"_exactmetrics_sitenote_active":false,"_exactmetrics_sitenote_note":"","_exactmetrics_sitenote_category":0,"footnotes":""},"categories":[3],"tags":[],"yoast_head":"<!-- This site is optimized with the Yoast SEO plugin v21.7 - https:\/\/yoast.com\/wordpress\/plugins\/seo\/ -->\n<title>Con marcha pac\u00edfica, Pueblos Ind\u00edgenas exigen una mesa de trabajo con los tres poderes estatales - Tierraviva<\/title>\n<meta name=\"robots\" content=\"index, follow, max-snippet:-1, max-image-preview:large, max-video-preview:-1\" \/>\n<link rel=\"canonical\" href=\"https:\/\/vortice.rocks\/clientes\/tierraviva\/con-marcha-pacifica-pueblos-indigenas-exigen-una-mesa-de-trabajo-con-los-tres-poderes-estatales\/\" \/>\n<meta property=\"og:locale\" content=\"es_ES\" \/>\n<meta property=\"og:type\" content=\"article\" \/>\n<meta property=\"og:title\" content=\"Con marcha pac\u00edfica, Pueblos Ind\u00edgenas exigen una mesa de trabajo con los tres poderes estatales - Tierraviva\" \/>\n<meta property=\"og:description\" content=\"La Articulaci\u00f3n Nacional Ind\u00edgena por una Vida Digna (ANIVID) realizar\u00e1 ma\u00f1ana martes una movilizaci\u00f3n en Asunci\u00f3n y distintas regiones del pa\u00eds para exigir al gobierno que conforme una mesa de trabajo con representantes de los poderes Ejecutivo, Legislativo y Judicial. Las problem\u00e1ticas que afectan a los Pueblos Ind\u00edgenas del pa\u00eds demandan decisiones urgentes y coordinadasSeguir leyendo &quot;Con marcha pac\u00edfica, Pueblos Ind\u00edgenas exigen una mesa de trabajo con los tres poderes estatales&quot;\" \/>\n<meta property=\"og:url\" content=\"https:\/\/vortice.rocks\/clientes\/tierraviva\/con-marcha-pacifica-pueblos-indigenas-exigen-una-mesa-de-trabajo-con-los-tres-poderes-estatales\/\" \/>\n<meta property=\"og:site_name\" content=\"Tierraviva\" \/>\n<meta property=\"article:publisher\" content=\"https:\/\/www.facebook.com\/Tierraviva-a-los-pueblos-indigenas-del-Chaco-217328148281564\/\" \/>\n<meta property=\"article:published_time\" content=\"2021-10-11T15:15:01+00:00\" \/>\n<meta property=\"og:image\" content=\"https:\/\/vortice.rocks\/clientes\/tierraviva\/wp-content\/uploads\/2021\/10\/WhatsApp-Image-2021-10-11-at-10.17.46-AM.jpeg\" \/>\n\t<meta property=\"og:image:width\" content=\"1280\" \/>\n\t<meta property=\"og:image:height\" content=\"853\" \/>\n\t<meta property=\"og:image:type\" content=\"image\/jpeg\" \/>\n<meta name=\"author\" content=\"Santi Ortiz\" \/>\n<meta name=\"twitter:label1\" content=\"Escrito por\" \/>\n\t<meta name=\"twitter:data1\" content=\"Santi Ortiz\" \/>\n\t<meta name=\"twitter:label2\" content=\"Tiempo de lectura\" \/>\n\t<meta name=\"twitter:data2\" content=\"3 minutos\" \/>\n<script type=\"application\/ld+json\" class=\"yoast-schema-graph\">{\"@context\":\"https:\/\/schema.org\",\"@graph\":[{\"@type\":\"WebPage\",\"@id\":\"https:\/\/vortice.rocks\/clientes\/tierraviva\/con-marcha-pacifica-pueblos-indigenas-exigen-una-mesa-de-trabajo-con-los-tres-poderes-estatales\/\",\"url\":\"https:\/\/vortice.rocks\/clientes\/tierraviva\/con-marcha-pacifica-pueblos-indigenas-exigen-una-mesa-de-trabajo-con-los-tres-poderes-estatales\/\",\"name\":\"Con marcha pac\u00edfica, Pueblos Ind\u00edgenas exigen una mesa de trabajo con los tres poderes estatales - Tierraviva\",\"isPartOf\":{\"@id\":\"https:\/\/vortice.rocks\/clientes\/tierraviva\/#website\"},\"datePublished\":\"2021-10-11T15:15:01+00:00\",\"dateModified\":\"2021-10-11T15:15:01+00:00\",\"author\":{\"@id\":\"https:\/\/vortice.rocks\/clientes\/tierraviva\/#\/schema\/person\/0652c5aad419c86cff8f8129d355edd0\"},\"breadcrumb\":{\"@id\":\"https:\/\/vortice.rocks\/clientes\/tierraviva\/con-marcha-pacifica-pueblos-indigenas-exigen-una-mesa-de-trabajo-con-los-tres-poderes-estatales\/#breadcrumb\"},\"inLanguage\":\"es\",\"potentialAction\":[{\"@type\":\"ReadAction\",\"target\":[\"https:\/\/vortice.rocks\/clientes\/tierraviva\/con-marcha-pacifica-pueblos-indigenas-exigen-una-mesa-de-trabajo-con-los-tres-poderes-estatales\/\"]}]},{\"@type\":\"BreadcrumbList\",\"@id\":\"https:\/\/vortice.rocks\/clientes\/tierraviva\/con-marcha-pacifica-pueblos-indigenas-exigen-una-mesa-de-trabajo-con-los-tres-poderes-estatales\/#breadcrumb\",\"itemListElement\":[{\"@type\":\"ListItem\",\"position\":1,\"name\":\"Portada\",\"item\":\"https:\/\/vortice.rocks\/clientes\/tierraviva\/\"},{\"@type\":\"ListItem\",\"position\":2,\"name\":\"Con marcha pac\u00edfica, Pueblos Ind\u00edgenas exigen una mesa de trabajo con los tres poderes estatales\"}]},{\"@type\":\"WebSite\",\"@id\":\"https:\/\/vortice.rocks\/clientes\/tierraviva\/#website\",\"url\":\"https:\/\/vortice.rocks\/clientes\/tierraviva\/\",\"name\":\"Tierraviva\",\"description\":\"\",\"potentialAction\":[{\"@type\":\"SearchAction\",\"target\":{\"@type\":\"EntryPoint\",\"urlTemplate\":\"https:\/\/vortice.rocks\/clientes\/tierraviva\/?s={search_term_string}\"},\"query-input\":\"required name=search_term_string\"}],\"inLanguage\":\"es\"},{\"@type\":\"Person\",\"@id\":\"https:\/\/vortice.rocks\/clientes\/tierraviva\/#\/schema\/person\/0652c5aad419c86cff8f8129d355edd0\",\"name\":\"Santi Ortiz\",\"image\":{\"@type\":\"ImageObject\",\"inLanguage\":\"es\",\"@id\":\"https:\/\/vortice.rocks\/clientes\/tierraviva\/#\/schema\/person\/image\/\",\"url\":\"https:\/\/secure.gravatar.com\/avatar\/78bab899e21d2840245c1646bfc64d01?s=96&d=mm&r=g\",\"contentUrl\":\"https:\/\/secure.gravatar.com\/avatar\/78bab899e21d2840245c1646bfc64d01?s=96&d=mm&r=g\",\"caption\":\"Santi Ortiz\"},\"sameAs\":[\"https:\/\/vortice.rocks\/clientes\/tierraviva\"],\"url\":\"https:\/\/vortice.rocks\/clientes\/tierraviva\/author\/santi-ortiz\/\"}]}<\/script>\n<!-- \/ Yoast SEO plugin. -->","yoast_head_json":{"title":"Con marcha pac\u00edfica, Pueblos Ind\u00edgenas exigen una mesa de trabajo con los tres poderes estatales - Tierraviva","robots":{"index":"index","follow":"follow","max-snippet":"max-snippet:-1","max-image-preview":"max-image-preview:large","max-video-preview":"max-video-preview:-1"},"canonical":"https:\/\/vortice.rocks\/clientes\/tierraviva\/con-marcha-pacifica-pueblos-indigenas-exigen-una-mesa-de-trabajo-con-los-tres-poderes-estatales\/","og_locale":"es_ES","og_type":"article","og_title":"Con marcha pac\u00edfica, Pueblos Ind\u00edgenas exigen una mesa de trabajo con los tres poderes estatales - Tierraviva","og_description":"La Articulaci\u00f3n Nacional Ind\u00edgena por una Vida Digna (ANIVID) realizar\u00e1 ma\u00f1ana martes una movilizaci\u00f3n en Asunci\u00f3n y distintas regiones del pa\u00eds para exigir al gobierno que conforme una mesa de trabajo con representantes de los poderes Ejecutivo, Legislativo y Judicial. Las problem\u00e1ticas que afectan a los Pueblos Ind\u00edgenas del pa\u00eds demandan decisiones urgentes y coordinadasSeguir leyendo \"Con marcha pac\u00edfica, Pueblos Ind\u00edgenas exigen una mesa de trabajo con los tres poderes estatales\"","og_url":"https:\/\/vortice.rocks\/clientes\/tierraviva\/con-marcha-pacifica-pueblos-indigenas-exigen-una-mesa-de-trabajo-con-los-tres-poderes-estatales\/","og_site_name":"Tierraviva","article_publisher":"https:\/\/www.facebook.com\/Tierraviva-a-los-pueblos-indigenas-del-Chaco-217328148281564\/","article_published_time":"2021-10-11T15:15:01+00:00","og_image":[{"width":1280,"height":853,"url":"https:\/\/vortice.rocks\/clientes\/tierraviva\/wp-content\/uploads\/2021\/10\/WhatsApp-Image-2021-10-11-at-10.17.46-AM.jpeg","type":"image\/jpeg"}],"author":"Santi Ortiz","twitter_misc":{"Escrito por":"Santi Ortiz","Tiempo de lectura":"3 minutos"},"schema":{"@context":"https:\/\/schema.org","@graph":[{"@type":"WebPage","@id":"https:\/\/vortice.rocks\/clientes\/tierraviva\/con-marcha-pacifica-pueblos-indigenas-exigen-una-mesa-de-trabajo-con-los-tres-poderes-estatales\/","url":"https:\/\/vortice.rocks\/clientes\/tierraviva\/con-marcha-pacifica-pueblos-indigenas-exigen-una-mesa-de-trabajo-con-los-tres-poderes-estatales\/","name":"Con marcha pac\u00edfica, Pueblos Ind\u00edgenas exigen una mesa de trabajo con los tres poderes estatales - Tierraviva","isPartOf":{"@id":"https:\/\/vortice.rocks\/clientes\/tierraviva\/#website"},"datePublished":"2021-10-11T15:15:01+00:00","dateModified":"2021-10-11T15:15:01+00:00","author":{"@id":"https:\/\/vortice.rocks\/clientes\/tierraviva\/#\/schema\/person\/0652c5aad419c86cff8f8129d355edd0"},"breadcrumb":{"@id":"https:\/\/vortice.rocks\/clientes\/tierraviva\/con-marcha-pacifica-pueblos-indigenas-exigen-una-mesa-de-trabajo-con-los-tres-poderes-estatales\/#breadcrumb"},"inLanguage":"es","potentialAction":[{"@type":"ReadAction","target":["https:\/\/vortice.rocks\/clientes\/tierraviva\/con-marcha-pacifica-pueblos-indigenas-exigen-una-mesa-de-trabajo-con-los-tres-poderes-estatales\/"]}]},{"@type":"BreadcrumbList","@id":"https:\/\/vortice.rocks\/clientes\/tierraviva\/con-marcha-pacifica-pueblos-indigenas-exigen-una-mesa-de-trabajo-con-los-tres-poderes-estatales\/#breadcrumb","itemListElement":[{"@type":"ListItem","position":1,"name":"Portada","item":"https:\/\/vortice.rocks\/clientes\/tierraviva\/"},{"@type":"ListItem","position":2,"name":"Con marcha pac\u00edfica, Pueblos Ind\u00edgenas exigen una mesa de trabajo con los tres poderes estatales"}]},{"@type":"WebSite","@id":"https:\/\/vortice.rocks\/clientes\/tierraviva\/#website","url":"https:\/\/vortice.rocks\/clientes\/tierraviva\/","name":"Tierraviva","description":"","potentialAction":[{"@type":"SearchAction","target":{"@type":"EntryPoint","urlTemplate":"https:\/\/vortice.rocks\/clientes\/tierraviva\/?s={search_term_string}"},"query-input":"required name=search_term_string"}],"inLanguage":"es"},{"@type":"Person","@id":"https:\/\/vortice.rocks\/clientes\/tierraviva\/#\/schema\/person\/0652c5aad419c86cff8f8129d355edd0","name":"Santi Ortiz","image":{"@type":"ImageObject","inLanguage":"es","@id":"https:\/\/vortice.rocks\/clientes\/tierraviva\/#\/schema\/person\/image\/","url":"https:\/\/secure.gravatar.com\/avatar\/78bab899e21d2840245c1646bfc64d01?s=96&d=mm&r=g","contentUrl":"https:\/\/secure.gravatar.com\/avatar\/78bab899e21d2840245c1646bfc64d01?s=96&d=mm&r=g","caption":"Santi Ortiz"},"sameAs":["https:\/\/vortice.rocks\/clientes\/tierraviva"],"url":"https:\/\/vortice.rocks\/clientes\/tierraviva\/author\/santi-ortiz\/"}]}},"_links":{"self":[{"href":"https:\/\/vortice.rocks\/clientes\/tierraviva\/wp-json\/wp\/v2\/posts\/2305"}],"collection":[{"href":"https:\/\/vortice.rocks\/clientes\/tierraviva\/wp-json\/wp\/v2\/posts"}],"about":[{"href":"https:\/\/vortice.rocks\/clientes\/tierraviva\/wp-json\/wp\/v2\/types\/post"}],"author":[{"embeddable":true,"href":"https:\/\/vortice.rocks\/clientes\/tierraviva\/wp-json\/wp\/v2\/users\/5"}],"replies":[{"embeddable":true,"href":"https:\/\/vortice.rocks\/clientes\/tierraviva\/wp-json\/wp\/v2\/comments?post=2305"}],"version-history":[{"count":1,"href":"https:\/\/vortice.rocks\/clientes\/tierraviva\/wp-json\/wp\/v2\/posts\/2305\/revisions"}],"predecessor-version":[{"id":2307,"href":"https:\/\/vortice.rocks\/clientes\/tierraviva\/wp-json\/wp\/v2\/posts\/2305\/revisions\/2307"}],"wp:featuredmedia":[{"embeddable":true,"href":"https:\/\/vortice.rocks\/clientes\/tierraviva\/wp-json\/wp\/v2\/media\/2306"}],"wp:attachment":[{"href":"https:\/\/vortice.rocks\/clientes\/tierraviva\/wp-json\/wp\/v2\/media?parent=2305"}],"wp:term":[{"taxonomy":"category","embeddable":true,"href":"https:\/\/vortice.rocks\/clientes\/tierraviva\/wp-json\/wp\/v2\/categories?post=2305"},{"taxonomy":"post_tag","embeddable":true,"href":"https:\/\/vortice.rocks\/clientes\/tierraviva\/wp-json\/wp\/v2\/tags?post=2305"}],"curies":[{"name":"wp","href":"https:\/\/api.w.org\/{rel}","templated":true}]}}