{"id":2315,"date":"2021-11-04T09:08:58","date_gmt":"2021-11-04T13:08:58","guid":{"rendered":"https:\/\/vortice.rocks\/clientes\/tierraviva\/?p=2315"},"modified":"2021-11-11T08:00:52","modified_gmt":"2021-11-11T12:00:52","slug":"campana-presupuesto-digno-para-pueblos-indigenas-2022","status":"publish","type":"post","link":"https:\/\/vortice.rocks\/clientes\/tierraviva\/campana-presupuesto-digno-para-pueblos-indigenas-2022\/","title":{"rendered":"Campa\u00f1a Presupuesto Digno para Pueblos Ind\u00edgenas 2022"},"content":{"rendered":"<p class=\"western\" lang=\"es-PY\"><span style=\"font-family: Arial, serif;\"><span style=\"font-size: medium;\">Este es el segundo a\u00f1o consecutivo de <\/span><\/span><span style=\"font-family: Arial, serif;\"><span style=\"font-size: medium;\"><b>Presupuesto Digno, Campa\u00f1a por inversi\u00f3n p\u00fablica para comunidades ind\u00edgenas, <\/b><\/span><\/span><span style=\"font-family: Arial, serif;\"><span style=\"font-size: medium;\">de la Articulaci\u00f3n Nacional Ind\u00edgena por una Vida Digna (ANIVID). <\/span><\/span><\/p>\n<p class=\"western\" lang=\"es-PY\"><span style=\"font-family: Arial, serif;\"><span style=\"font-size: medium;\">El <\/span><\/span><span style=\"color: #0563c1;\"><u><a href=\"https:\/\/vortice.rocks\/clientes\/tierraviva\/presupuesto-digno-campana-por-inversion-publica-para-comunidades-indigenas\/\"><span style=\"font-family: Arial, serif;\"><span style=\"font-size: medium;\">a\u00f1o pasado<\/span><\/span><\/a><\/u><\/span><span style=\"font-family: Arial, serif;\"><span style=\"font-size: medium;\"> contribuy\u00f3 a que el Estado revierta su intenci\u00f3n de reducir los recursos asignados al Instituto Paraguayo del Ind\u00edgena (INDI) para compra de tierra para comunidades ind\u00edgenas, dentro del Presupuesto General de la Naci\u00f3n que regir\u00eda en 2021. <\/span><\/span><\/p>\n<p class=\"western\" lang=\"es-PY\"><span style=\"font-family: Arial, serif;\"><span style=\"font-size: medium;\">Este a\u00f1o, la iniciativa se suma a los esfuerzos de la ANIVID para que Paraguay aumente notablemente los recursos que destina a pol\u00edticas p\u00fablicas para Pueblos Ind\u00edgenas para 2022.<\/span><\/span><\/p>\n<p class=\"western\" lang=\"es-PY\"><span style=\"font-family: Arial, serif; font-size: medium;\">El<\/span><span style=\"font-family: Arial, serif; font-size: medium;\">\u00a0presupuesto que el Estado paraguayo quiere asignar al INDI para 2022, de 67 mil millones de guaran\u00edes, mantendr\u00e1 la pobreza y exclusi\u00f3n actuales en que viven los pueblos ind\u00edgenas. De este monto, solamente se prev\u00e9 poco m\u00e1s de 13 mil millones de guaran\u00edes (menos de 2 millones de d\u00f3lares) para la restituci\u00f3n de tierras.<\/span><\/p>\n<p class=\"western\" lang=\"es-PY\"><span style=\"font-family: Arial, serif;\"><span style=\"font-size: medium;\">Pero puede empezar a cambiar esta situaci\u00f3n si aumenta notablemente los recursos dentro del Presupuesto General de la Naci\u00f3n (PGN) 2022, <\/span><\/span><span style=\"font-family: Arial, serif;\"><span style=\"font-size: medium;\"><b>para empezar a cumplir con su deuda hist\u00f3rica de restituci\u00f3n de territorios y otros derechos<\/b><\/span><\/span><span style=\"font-family: Arial, serif;\"><span style=\"font-size: medium;\">. <\/span><\/span><\/p>\n<p class=\"western\" lang=\"es-PY\"><span style=\"font-family: Arial, serif;\"><span style=\"font-size: medium;\"><b>Para contrarrestar el impacto de la pandemia<\/b><\/span><\/span><span style=\"font-family: Arial, serif;\"><span style=\"font-size: medium;\"> y as\u00ed evitar que la pobreza y el hambre se profundicen, afectando especialmente a mujeres, ni\u00f1os, ni\u00f1as y adolescentes ind\u00edgenas.<\/span><\/span><\/p>\n<p class=\"western\" lang=\"es-PY\"><span style=\"font-family: Arial, serif;\"><span style=\"font-size: medium;\"><b>Para implementar el recientemente aprobado Plan Nacional de Pueblos Ind\u00edgenas PNPI 2020-2030<\/b><\/span><\/span><span style=\"font-family: Arial, serif;\"><span style=\"font-size: medium;\">, que orientar\u00e1 sus acciones y pol\u00edticas prioritarias para el sector. <\/span><\/span><\/p>\n<p class=\"western\" lang=\"es-PY\"><span style=\"font-family: Arial, serif;\"><span style=\"font-size: medium;\">Sin presupuesto suficiente, se estar\u00e1 alejando m\u00e1s del cumplimiento de los Objetivos de Desarrollo Sostenible (ODS) 2030, especialmente de los ODS 1 Fin de la pobreza y ODS 2 Hambre Cero.<\/span><\/span><\/p>\n<p class=\"western\" lang=\"es-PY\"><span style=\"font-family: Arial, serif;\"><span style=\"font-size: medium;\">En Paraguay viven 122 mil personas ind\u00edgenas pertenecientes a 19 Pueblos, que se distribuyen geogr\u00e1ficamente en m\u00e1s de 600 comunidades en las regiones Chaco y Oriental.<\/span><\/span><\/p>\n<p class=\"western\" lang=\"es-PY\"><span style=\"font-family: Arial, serif;\"><span style=\"font-size: medium;\">Los Pueblos Ind\u00edgenas son la poblaci\u00f3n con peores indicadores sociales en el pa\u00eds, con un 66,2% viviendo en la pobreza y 34,4% en la extrema pobreza, a consecuencia de la exclusi\u00f3n de las pol\u00edticas p\u00fablicas como la desposesi\u00f3n de sus tierras y recursos naturales por parte de actores econ\u00f3micos agroexportadores. <\/span><\/span><\/p>\n<p class=\"western\" lang=\"es-PY\"><span style=\"font-family: Arial, serif;\"><span style=\"font-size: medium;\">Se calcula que un 37% de las tierras ind\u00edgenas en Paraguay est\u00e1 en manos de terceros.<\/span><\/span><\/p>\n<p lang=\"es-PY\">Solamente entre comunidades de organizaciones de la Articulaci\u00f3n Nacional Ind\u00edgena por una Vida Digna (ANIVID) las urgencias de tierras demandar\u00edan cerca de 86 millones de d\u00f3lares, para la restituci\u00f3n a trav\u00e9s de compra de 43 mil hect\u00e1reas de tierra.<\/p>\n<p lang=\"es-PY\">La ANIVID acerc\u00f3 una propuesta a mediano plazo al Estado parguayo, que contempla que estos 86 millones de d\u00f3lares se desembolsen a lo largo de 10 a\u00f1os, pero el primer paso el Estado lo debe dar ahora en la definici\u00f3n del PGN 2022.<\/p>\n<p lang=\"es-PY\">Adem\u00e1s, exige transparentar la situaci\u00f3n de la tierra ind\u00edgena en todo el pa\u00eds y crear un fondo espec\u00edfico para compra de tierras y proyectos de desarrollo, con el 10% de los royalties provenientes de Itaip\u00fa y Yacyreta, entre otras propuestas.<\/p>\n<p class=\"western\" lang=\"es-PY\"><span style=\"font-family: Arial, serif;\"><span style=\"font-size: medium;\">La ANIVID est\u00e1 compuesta por las siguientes organizaciones: Asociaci\u00f3n de Comunidades Mbya Guaran\u00ed \u00d1oguero\u00ef Pave\u00ef, Asociaci\u00f3n Nacional de Mujeres Guaran\u00ed del Paraguay Ku\u00f1a Guaran\u00ed Aty; Articulaci\u00f3n de Mujeres Ind\u00edgenas del Paraguay \u2013Mipy, Coordinadora de L\u00edderes Ind\u00edgenas del Bajo Chaco \u2013 ClibCh, Coordinadora Intersectorial de Pueblos Originarios de Concepci\u00f3n- CIPOC; Comisi\u00f3n Interdistrital de Promotores de Salud Indigena; Coordinadora Nacional Indigena-CNI; Clan Kuchingi Mairekoty, Mesa de Organizaciones Ind\u00edgenas del Paraguay- MAIPY; Organizaci\u00f3n Nacional de Abor\u00edgenes Independientes-ONAI, Organizaci\u00f3n Nacional del Pueblo Guaran\u00ed-OPG; Organizaci\u00f3n Payipie Ichadie Totobiegosode-OPIT, Organizaci\u00f3n de Comunidades Unidas Nenhlet-OCUN; Organizaci\u00f3n Pa\u00ef R\u0115t\u00e3 Joaju, Organizaci\u00f3n Pa\u00ee Reko Pav\u0115 Jepotyra, Promotores Jur\u00eddicos Juvenil Ind\u00edgena, Red de Veedur\u00eda Social Juvenil Ind\u00edgena, Uni\u00f3n Juvenil Ind\u00edgena del Paraguay ( UJIP), Uni\u00f3n de Comunidades Ind\u00edgenas de la Naci\u00f3n Ishir- UCINI.<\/span><\/span><\/p>\n<p class=\"western\" lang=\"es-PY\"><span style=\"font-family: Arial, serif;\"><span style=\"font-size: medium;\">La campa\u00f1a la realiza la Articulaci\u00f3n Nacional Ind\u00edgena por una Vida Digna (ANIVID) y cuenta con el acompa\u00f1amiento de Tierraviva y la Coordinadora de Derechos Humanos del Paraguay (Codehupy), y el apoyo de la Uni\u00f3n Europea y la agencia Diakonia.<\/span><\/span><\/p>\n","protected":false},"excerpt":{"rendered":"<p>Este es el segundo a\u00f1o consecutivo de Presupuesto Digno, Campa\u00f1a por inversi\u00f3n p\u00fablica para comunidades ind\u00edgenas, de la Articulaci\u00f3n Nacional Ind\u00edgena por una Vida Digna (ANIVID). El a\u00f1o pasado contribuy\u00f3 a que el Estado revierta su intenci\u00f3n de reducir los recursos asignados al Instituto Paraguayo del Ind\u00edgena (INDI) para compra de tierra para comunidades ind\u00edgenas,<a class=\"more-link\" href=\"https:\/\/vortice.rocks\/clientes\/tierraviva\/campana-presupuesto-digno-para-pueblos-indigenas-2022\/\">Seguir leyendo <span class=\"screen-reader-text\">&#8220;Campa\u00f1a Presupuesto Digno para Pueblos Ind\u00edgenas 2022&#8221;<\/span><\/a><\/p>\n","protected":false},"author":5,"featured_media":2316,"comment_status":"open","ping_status":"open","sticky":false,"template":"","format":"standard","meta":{"_exactmetrics_skip_tracking":false,"_exactmetrics_sitenote_active":false,"_exactmetrics_sitenote_note":"","_exactmetrics_sitenote_category":0,"footnotes":""},"categories":[3],"tags":[],"yoast_head":"<!-- This site is optimized with the Yoast SEO plugin v21.7 - https:\/\/yoast.com\/wordpress\/plugins\/seo\/ -->\n<title>Campa\u00f1a Presupuesto Digno para Pueblos Ind\u00edgenas 2022 - Tierraviva<\/title>\n<meta name=\"robots\" content=\"index, follow, max-snippet:-1, max-image-preview:large, max-video-preview:-1\" \/>\n<link rel=\"canonical\" href=\"https:\/\/vortice.rocks\/clientes\/tierraviva\/campana-presupuesto-digno-para-pueblos-indigenas-2022\/\" \/>\n<meta property=\"og:locale\" content=\"es_ES\" \/>\n<meta property=\"og:type\" content=\"article\" \/>\n<meta property=\"og:title\" content=\"Campa\u00f1a Presupuesto Digno para Pueblos Ind\u00edgenas 2022 - Tierraviva\" \/>\n<meta property=\"og:description\" content=\"Este es el segundo a\u00f1o consecutivo de Presupuesto Digno, Campa\u00f1a por inversi\u00f3n p\u00fablica para comunidades ind\u00edgenas, de la Articulaci\u00f3n Nacional Ind\u00edgena por una Vida Digna (ANIVID). El a\u00f1o pasado contribuy\u00f3 a que el Estado revierta su intenci\u00f3n de reducir los recursos asignados al Instituto Paraguayo del Ind\u00edgena (INDI) para compra de tierra para comunidades ind\u00edgenas,Seguir leyendo &quot;Campa\u00f1a Presupuesto Digno para Pueblos Ind\u00edgenas 2022&quot;\" \/>\n<meta property=\"og:url\" content=\"https:\/\/vortice.rocks\/clientes\/tierraviva\/campana-presupuesto-digno-para-pueblos-indigenas-2022\/\" \/>\n<meta property=\"og:site_name\" content=\"Tierraviva\" \/>\n<meta property=\"article:publisher\" content=\"https:\/\/www.facebook.com\/Tierraviva-a-los-pueblos-indigenas-del-Chaco-217328148281564\/\" \/>\n<meta property=\"article:published_time\" content=\"2021-11-04T13:08:58+00:00\" \/>\n<meta property=\"article:modified_time\" content=\"2021-11-11T12:00:52+00:00\" \/>\n<meta property=\"og:image\" content=\"https:\/\/vortice.rocks\/clientes\/tierraviva\/wp-content\/uploads\/2021\/11\/3.png\" \/>\n\t<meta property=\"og:image:width\" content=\"1080\" \/>\n\t<meta property=\"og:image:height\" content=\"1080\" \/>\n\t<meta property=\"og:image:type\" content=\"image\/png\" \/>\n<meta name=\"author\" content=\"Santi Ortiz\" \/>\n<meta name=\"twitter:label1\" content=\"Escrito por\" \/>\n\t<meta name=\"twitter:data1\" content=\"Santi Ortiz\" \/>\n\t<meta name=\"twitter:label2\" content=\"Tiempo de lectura\" \/>\n\t<meta name=\"twitter:data2\" content=\"3 minutos\" \/>\n<script type=\"application\/ld+json\" class=\"yoast-schema-graph\">{\"@context\":\"https:\/\/schema.org\",\"@graph\":[{\"@type\":\"WebPage\",\"@id\":\"https:\/\/vortice.rocks\/clientes\/tierraviva\/campana-presupuesto-digno-para-pueblos-indigenas-2022\/\",\"url\":\"https:\/\/vortice.rocks\/clientes\/tierraviva\/campana-presupuesto-digno-para-pueblos-indigenas-2022\/\",\"name\":\"Campa\u00f1a Presupuesto Digno para Pueblos Ind\u00edgenas 2022 - Tierraviva\",\"isPartOf\":{\"@id\":\"https:\/\/vortice.rocks\/clientes\/tierraviva\/#website\"},\"datePublished\":\"2021-11-04T13:08:58+00:00\",\"dateModified\":\"2021-11-11T12:00:52+00:00\",\"author\":{\"@id\":\"https:\/\/vortice.rocks\/clientes\/tierraviva\/#\/schema\/person\/0652c5aad419c86cff8f8129d355edd0\"},\"breadcrumb\":{\"@id\":\"https:\/\/vortice.rocks\/clientes\/tierraviva\/campana-presupuesto-digno-para-pueblos-indigenas-2022\/#breadcrumb\"},\"inLanguage\":\"es\",\"potentialAction\":[{\"@type\":\"ReadAction\",\"target\":[\"https:\/\/vortice.rocks\/clientes\/tierraviva\/campana-presupuesto-digno-para-pueblos-indigenas-2022\/\"]}]},{\"@type\":\"BreadcrumbList\",\"@id\":\"https:\/\/vortice.rocks\/clientes\/tierraviva\/campana-presupuesto-digno-para-pueblos-indigenas-2022\/#breadcrumb\",\"itemListElement\":[{\"@type\":\"ListItem\",\"position\":1,\"name\":\"Portada\",\"item\":\"https:\/\/vortice.rocks\/clientes\/tierraviva\/\"},{\"@type\":\"ListItem\",\"position\":2,\"name\":\"Campa\u00f1a Presupuesto Digno para Pueblos Ind\u00edgenas 2022\"}]},{\"@type\":\"WebSite\",\"@id\":\"https:\/\/vortice.rocks\/clientes\/tierraviva\/#website\",\"url\":\"https:\/\/vortice.rocks\/clientes\/tierraviva\/\",\"name\":\"Tierraviva\",\"description\":\"\",\"potentialAction\":[{\"@type\":\"SearchAction\",\"target\":{\"@type\":\"EntryPoint\",\"urlTemplate\":\"https:\/\/vortice.rocks\/clientes\/tierraviva\/?s={search_term_string}\"},\"query-input\":\"required name=search_term_string\"}],\"inLanguage\":\"es\"},{\"@type\":\"Person\",\"@id\":\"https:\/\/vortice.rocks\/clientes\/tierraviva\/#\/schema\/person\/0652c5aad419c86cff8f8129d355edd0\",\"name\":\"Santi Ortiz\",\"image\":{\"@type\":\"ImageObject\",\"inLanguage\":\"es\",\"@id\":\"https:\/\/vortice.rocks\/clientes\/tierraviva\/#\/schema\/person\/image\/\",\"url\":\"https:\/\/secure.gravatar.com\/avatar\/78bab899e21d2840245c1646bfc64d01?s=96&d=mm&r=g\",\"contentUrl\":\"https:\/\/secure.gravatar.com\/avatar\/78bab899e21d2840245c1646bfc64d01?s=96&d=mm&r=g\",\"caption\":\"Santi Ortiz\"},\"sameAs\":[\"https:\/\/vortice.rocks\/clientes\/tierraviva\"],\"url\":\"https:\/\/vortice.rocks\/clientes\/tierraviva\/author\/santi-ortiz\/\"}]}<\/script>\n<!-- \/ Yoast SEO plugin. -->","yoast_head_json":{"title":"Campa\u00f1a Presupuesto Digno para Pueblos Ind\u00edgenas 2022 - Tierraviva","robots":{"index":"index","follow":"follow","max-snippet":"max-snippet:-1","max-image-preview":"max-image-preview:large","max-video-preview":"max-video-preview:-1"},"canonical":"https:\/\/vortice.rocks\/clientes\/tierraviva\/campana-presupuesto-digno-para-pueblos-indigenas-2022\/","og_locale":"es_ES","og_type":"article","og_title":"Campa\u00f1a Presupuesto Digno para Pueblos Ind\u00edgenas 2022 - Tierraviva","og_description":"Este es el segundo a\u00f1o consecutivo de Presupuesto Digno, Campa\u00f1a por inversi\u00f3n p\u00fablica para comunidades ind\u00edgenas, de la Articulaci\u00f3n Nacional Ind\u00edgena por una Vida Digna (ANIVID). El a\u00f1o pasado contribuy\u00f3 a que el Estado revierta su intenci\u00f3n de reducir los recursos asignados al Instituto Paraguayo del Ind\u00edgena (INDI) para compra de tierra para comunidades ind\u00edgenas,Seguir leyendo \"Campa\u00f1a Presupuesto Digno para Pueblos Ind\u00edgenas 2022\"","og_url":"https:\/\/vortice.rocks\/clientes\/tierraviva\/campana-presupuesto-digno-para-pueblos-indigenas-2022\/","og_site_name":"Tierraviva","article_publisher":"https:\/\/www.facebook.com\/Tierraviva-a-los-pueblos-indigenas-del-Chaco-217328148281564\/","article_published_time":"2021-11-04T13:08:58+00:00","article_modified_time":"2021-11-11T12:00:52+00:00","og_image":[{"width":1080,"height":1080,"url":"https:\/\/vortice.rocks\/clientes\/tierraviva\/wp-content\/uploads\/2021\/11\/3.png","type":"image\/png"}],"author":"Santi Ortiz","twitter_misc":{"Escrito por":"Santi Ortiz","Tiempo de lectura":"3 minutos"},"schema":{"@context":"https:\/\/schema.org","@graph":[{"@type":"WebPage","@id":"https:\/\/vortice.rocks\/clientes\/tierraviva\/campana-presupuesto-digno-para-pueblos-indigenas-2022\/","url":"https:\/\/vortice.rocks\/clientes\/tierraviva\/campana-presupuesto-digno-para-pueblos-indigenas-2022\/","name":"Campa\u00f1a Presupuesto Digno para Pueblos Ind\u00edgenas 2022 - Tierraviva","isPartOf":{"@id":"https:\/\/vortice.rocks\/clientes\/tierraviva\/#website"},"datePublished":"2021-11-04T13:08:58+00:00","dateModified":"2021-11-11T12:00:52+00:00","author":{"@id":"https:\/\/vortice.rocks\/clientes\/tierraviva\/#\/schema\/person\/0652c5aad419c86cff8f8129d355edd0"},"breadcrumb":{"@id":"https:\/\/vortice.rocks\/clientes\/tierraviva\/campana-presupuesto-digno-para-pueblos-indigenas-2022\/#breadcrumb"},"inLanguage":"es","potentialAction":[{"@type":"ReadAction","target":["https:\/\/vortice.rocks\/clientes\/tierraviva\/campana-presupuesto-digno-para-pueblos-indigenas-2022\/"]}]},{"@type":"BreadcrumbList","@id":"https:\/\/vortice.rocks\/clientes\/tierraviva\/campana-presupuesto-digno-para-pueblos-indigenas-2022\/#breadcrumb","itemListElement":[{"@type":"ListItem","position":1,"name":"Portada","item":"https:\/\/vortice.rocks\/clientes\/tierraviva\/"},{"@type":"ListItem","position":2,"name":"Campa\u00f1a Presupuesto Digno para Pueblos Ind\u00edgenas 2022"}]},{"@type":"WebSite","@id":"https:\/\/vortice.rocks\/clientes\/tierraviva\/#website","url":"https:\/\/vortice.rocks\/clientes\/tierraviva\/","name":"Tierraviva","description":"","potentialAction":[{"@type":"SearchAction","target":{"@type":"EntryPoint","urlTemplate":"https:\/\/vortice.rocks\/clientes\/tierraviva\/?s={search_term_string}"},"query-input":"required name=search_term_string"}],"inLanguage":"es"},{"@type":"Person","@id":"https:\/\/vortice.rocks\/clientes\/tierraviva\/#\/schema\/person\/0652c5aad419c86cff8f8129d355edd0","name":"Santi Ortiz","image":{"@type":"ImageObject","inLanguage":"es","@id":"https:\/\/vortice.rocks\/clientes\/tierraviva\/#\/schema\/person\/image\/","url":"https:\/\/secure.gravatar.com\/avatar\/78bab899e21d2840245c1646bfc64d01?s=96&d=mm&r=g","contentUrl":"https:\/\/secure.gravatar.com\/avatar\/78bab899e21d2840245c1646bfc64d01?s=96&d=mm&r=g","caption":"Santi Ortiz"},"sameAs":["https:\/\/vortice.rocks\/clientes\/tierraviva"],"url":"https:\/\/vortice.rocks\/clientes\/tierraviva\/author\/santi-ortiz\/"}]}},"_links":{"self":[{"href":"https:\/\/vortice.rocks\/clientes\/tierraviva\/wp-json\/wp\/v2\/posts\/2315"}],"collection":[{"href":"https:\/\/vortice.rocks\/clientes\/tierraviva\/wp-json\/wp\/v2\/posts"}],"about":[{"href":"https:\/\/vortice.rocks\/clientes\/tierraviva\/wp-json\/wp\/v2\/types\/post"}],"author":[{"embeddable":true,"href":"https:\/\/vortice.rocks\/clientes\/tierraviva\/wp-json\/wp\/v2\/users\/5"}],"replies":[{"embeddable":true,"href":"https:\/\/vortice.rocks\/clientes\/tierraviva\/wp-json\/wp\/v2\/comments?post=2315"}],"version-history":[{"count":3,"href":"https:\/\/vortice.rocks\/clientes\/tierraviva\/wp-json\/wp\/v2\/posts\/2315\/revisions"}],"predecessor-version":[{"id":2319,"href":"https:\/\/vortice.rocks\/clientes\/tierraviva\/wp-json\/wp\/v2\/posts\/2315\/revisions\/2319"}],"wp:featuredmedia":[{"embeddable":true,"href":"https:\/\/vortice.rocks\/clientes\/tierraviva\/wp-json\/wp\/v2\/media\/2316"}],"wp:attachment":[{"href":"https:\/\/vortice.rocks\/clientes\/tierraviva\/wp-json\/wp\/v2\/media?parent=2315"}],"wp:term":[{"taxonomy":"category","embeddable":true,"href":"https:\/\/vortice.rocks\/clientes\/tierraviva\/wp-json\/wp\/v2\/categories?post=2315"},{"taxonomy":"post_tag","embeddable":true,"href":"https:\/\/vortice.rocks\/clientes\/tierraviva\/wp-json\/wp\/v2\/tags?post=2315"}],"curies":[{"name":"wp","href":"https:\/\/api.w.org\/{rel}","templated":true}]}}