{"id":2322,"date":"2021-11-14T06:48:14","date_gmt":"2021-11-14T10:48:14","guid":{"rendered":"https:\/\/vortice.rocks\/clientes\/tierraviva\/?p=2322"},"modified":"2021-11-14T06:48:14","modified_gmt":"2021-11-14T10:48:14","slug":"instituciones-publicas-rendiran-cuentas-a-pueblos-indigenas","status":"publish","type":"post","link":"https:\/\/vortice.rocks\/clientes\/tierraviva\/instituciones-publicas-rendiran-cuentas-a-pueblos-indigenas\/","title":{"rendered":"Instituciones P\u00fablicas rendir\u00e1n cuentas a Pueblos Ind\u00edgenas."},"content":{"rendered":"<p dir=\"ltr\">Del martes 16 al jueves 18 del corriente se realizar\u00e1n en la Casa de Retiro Emaus (Luque) las jornadas de rendici\u00f3n de cuentas de las principales instituciones responsables de la implementaci\u00f3n de pol\u00edticas p\u00fablicas que afectan a los Pueblos Ind\u00edgenas. Estas jornadas son organizadas por la Secretar\u00eda T\u00e9cnica de Planificaci\u00f3n y el consorcio compuesto por las organizaciones Tierraviva y CODEHUPY con el apoyo de la Uni\u00f3n Europea y Diakonia.<\/p>\n<p dir=\"ltr\">De la rendici\u00f3n de cuentas participar\u00e1n cerca de una veintena de instituciones que presentaran sus informes ante l\u00edderes de la Articulaci\u00f3n Nacional Ind\u00edgena por una Vida Digna (ANIVID) y otros l\u00edderes y referentes ind\u00edgenas. Las jornadas de rendici\u00f3n de cuentas se enmarcan en el compromiso asumido por el Estado en el marco del Plan de Gobierno Abierto.<\/p>\n<p dir=\"ltr\">Durante el evento los y las referentes Ind\u00edgenas podr\u00e1n realizar consultas respecto a la aplicaci\u00f3n de las pol\u00edticas p\u00fablicas y el uso de recursos estatales destinados a Pueblos Ind\u00edgenas. &lt;span;&gt;&lt;span;&gt;Al mismo tiempo el encuentro tiene el objetivo que las instituciones p\u00fablicas pongan \u00e9nfasis en las acciones para combatir y prevenir la discriminaci\u00f3n desde una gesti\u00f3n intercultural.<\/p>\n<p dir=\"ltr\">Las jornadas de rendici\u00f3n de cuentas ser\u00e1n transmitidas por la p\u00e1gina de facebook de Tierraviva y por Radio Pa&#8217;i Puku a fin de que m\u00e1s l\u00edderes, lideresas y referentes ind\u00edgenas puedan hacer un seguimiento a la rendici\u00f3n de cuentas que realicen las instituciones.<\/p>\n<p dir=\"ltr\">\n<p dir=\"ltr\"><a href=\"https:\/\/vortice.rocks\/clientes\/tierraviva\/wp-content\/uploads\/2021\/11\/Programa-Jornadas-de-Rendicion-de-Cuentas-a-Pueblos-Indigenas.docx\">Programa &#8211; Jornadas de Rendici\u00f3n de Cuentas a Pueblos Ind\u00edgenas<\/a><\/p>\n","protected":false},"excerpt":{"rendered":"<p>Del martes 16 al jueves 18 del corriente se realizar\u00e1n en la Casa de Retiro Emaus (Luque) las jornadas de rendici\u00f3n de cuentas de las principales instituciones responsables de la implementaci\u00f3n de pol\u00edticas p\u00fablicas que afectan a los Pueblos Ind\u00edgenas. Estas jornadas son organizadas por la Secretar\u00eda T\u00e9cnica de Planificaci\u00f3n y el consorcio compuesto por<a class=\"more-link\" href=\"https:\/\/vortice.rocks\/clientes\/tierraviva\/instituciones-publicas-rendiran-cuentas-a-pueblos-indigenas\/\">Seguir leyendo <span class=\"screen-reader-text\">&#8220;Instituciones P\u00fablicas rendir\u00e1n cuentas a Pueblos Ind\u00edgenas.&#8221;<\/span><\/a><\/p>\n","protected":false},"author":5,"featured_media":2324,"comment_status":"open","ping_status":"open","sticky":false,"template":"","format":"standard","meta":{"_exactmetrics_skip_tracking":false,"_exactmetrics_sitenote_active":false,"_exactmetrics_sitenote_note":"","_exactmetrics_sitenote_category":0,"footnotes":""},"categories":[3],"tags":[],"yoast_head":"<!-- This site is optimized with the Yoast SEO plugin v21.7 - https:\/\/yoast.com\/wordpress\/plugins\/seo\/ -->\n<title>Instituciones P\u00fablicas rendir\u00e1n cuentas a Pueblos Ind\u00edgenas. - Tierraviva<\/title>\n<meta name=\"robots\" content=\"index, follow, max-snippet:-1, max-image-preview:large, max-video-preview:-1\" \/>\n<link rel=\"canonical\" href=\"https:\/\/vortice.rocks\/clientes\/tierraviva\/instituciones-publicas-rendiran-cuentas-a-pueblos-indigenas\/\" \/>\n<meta property=\"og:locale\" content=\"es_ES\" \/>\n<meta property=\"og:type\" content=\"article\" \/>\n<meta property=\"og:title\" content=\"Instituciones P\u00fablicas rendir\u00e1n cuentas a Pueblos Ind\u00edgenas. - Tierraviva\" \/>\n<meta property=\"og:description\" content=\"Del martes 16 al jueves 18 del corriente se realizar\u00e1n en la Casa de Retiro Emaus (Luque) las jornadas de rendici\u00f3n de cuentas de las principales instituciones responsables de la implementaci\u00f3n de pol\u00edticas p\u00fablicas que afectan a los Pueblos Ind\u00edgenas. Estas jornadas son organizadas por la Secretar\u00eda T\u00e9cnica de Planificaci\u00f3n y el consorcio compuesto porSeguir leyendo &quot;Instituciones P\u00fablicas rendir\u00e1n cuentas a Pueblos Ind\u00edgenas.&quot;\" \/>\n<meta property=\"og:url\" content=\"https:\/\/vortice.rocks\/clientes\/tierraviva\/instituciones-publicas-rendiran-cuentas-a-pueblos-indigenas\/\" \/>\n<meta property=\"og:site_name\" content=\"Tierraviva\" \/>\n<meta property=\"article:publisher\" content=\"https:\/\/www.facebook.com\/Tierraviva-a-los-pueblos-indigenas-del-Chaco-217328148281564\/\" \/>\n<meta property=\"article:published_time\" content=\"2021-11-14T10:48:14+00:00\" \/>\n<meta property=\"og:image\" content=\"https:\/\/vortice.rocks\/clientes\/tierraviva\/wp-content\/uploads\/2021\/11\/SAVE_20211114_074243.jpg\" \/>\n\t<meta property=\"og:image:width\" content=\"1081\" \/>\n\t<meta property=\"og:image:height\" content=\"1081\" \/>\n\t<meta property=\"og:image:type\" content=\"image\/jpeg\" \/>\n<meta name=\"author\" content=\"Santi Ortiz\" \/>\n<meta name=\"twitter:label1\" content=\"Escrito por\" \/>\n\t<meta name=\"twitter:data1\" content=\"Santi Ortiz\" \/>\n\t<meta name=\"twitter:label2\" content=\"Tiempo de lectura\" \/>\n\t<meta name=\"twitter:data2\" content=\"2 minutos\" \/>\n<script type=\"application\/ld+json\" class=\"yoast-schema-graph\">{\"@context\":\"https:\/\/schema.org\",\"@graph\":[{\"@type\":\"WebPage\",\"@id\":\"https:\/\/vortice.rocks\/clientes\/tierraviva\/instituciones-publicas-rendiran-cuentas-a-pueblos-indigenas\/\",\"url\":\"https:\/\/vortice.rocks\/clientes\/tierraviva\/instituciones-publicas-rendiran-cuentas-a-pueblos-indigenas\/\",\"name\":\"Instituciones P\u00fablicas rendir\u00e1n cuentas a Pueblos Ind\u00edgenas. - Tierraviva\",\"isPartOf\":{\"@id\":\"https:\/\/vortice.rocks\/clientes\/tierraviva\/#website\"},\"datePublished\":\"2021-11-14T10:48:14+00:00\",\"dateModified\":\"2021-11-14T10:48:14+00:00\",\"author\":{\"@id\":\"https:\/\/vortice.rocks\/clientes\/tierraviva\/#\/schema\/person\/0652c5aad419c86cff8f8129d355edd0\"},\"breadcrumb\":{\"@id\":\"https:\/\/vortice.rocks\/clientes\/tierraviva\/instituciones-publicas-rendiran-cuentas-a-pueblos-indigenas\/#breadcrumb\"},\"inLanguage\":\"es\",\"potentialAction\":[{\"@type\":\"ReadAction\",\"target\":[\"https:\/\/vortice.rocks\/clientes\/tierraviva\/instituciones-publicas-rendiran-cuentas-a-pueblos-indigenas\/\"]}]},{\"@type\":\"BreadcrumbList\",\"@id\":\"https:\/\/vortice.rocks\/clientes\/tierraviva\/instituciones-publicas-rendiran-cuentas-a-pueblos-indigenas\/#breadcrumb\",\"itemListElement\":[{\"@type\":\"ListItem\",\"position\":1,\"name\":\"Portada\",\"item\":\"https:\/\/vortice.rocks\/clientes\/tierraviva\/\"},{\"@type\":\"ListItem\",\"position\":2,\"name\":\"Instituciones P\u00fablicas rendir\u00e1n cuentas a Pueblos Ind\u00edgenas.\"}]},{\"@type\":\"WebSite\",\"@id\":\"https:\/\/vortice.rocks\/clientes\/tierraviva\/#website\",\"url\":\"https:\/\/vortice.rocks\/clientes\/tierraviva\/\",\"name\":\"Tierraviva\",\"description\":\"\",\"potentialAction\":[{\"@type\":\"SearchAction\",\"target\":{\"@type\":\"EntryPoint\",\"urlTemplate\":\"https:\/\/vortice.rocks\/clientes\/tierraviva\/?s={search_term_string}\"},\"query-input\":\"required name=search_term_string\"}],\"inLanguage\":\"es\"},{\"@type\":\"Person\",\"@id\":\"https:\/\/vortice.rocks\/clientes\/tierraviva\/#\/schema\/person\/0652c5aad419c86cff8f8129d355edd0\",\"name\":\"Santi Ortiz\",\"image\":{\"@type\":\"ImageObject\",\"inLanguage\":\"es\",\"@id\":\"https:\/\/vortice.rocks\/clientes\/tierraviva\/#\/schema\/person\/image\/\",\"url\":\"https:\/\/secure.gravatar.com\/avatar\/78bab899e21d2840245c1646bfc64d01?s=96&d=mm&r=g\",\"contentUrl\":\"https:\/\/secure.gravatar.com\/avatar\/78bab899e21d2840245c1646bfc64d01?s=96&d=mm&r=g\",\"caption\":\"Santi Ortiz\"},\"sameAs\":[\"https:\/\/vortice.rocks\/clientes\/tierraviva\"],\"url\":\"https:\/\/vortice.rocks\/clientes\/tierraviva\/author\/santi-ortiz\/\"}]}<\/script>\n<!-- \/ Yoast SEO plugin. -->","yoast_head_json":{"title":"Instituciones P\u00fablicas rendir\u00e1n cuentas a Pueblos Ind\u00edgenas. - Tierraviva","robots":{"index":"index","follow":"follow","max-snippet":"max-snippet:-1","max-image-preview":"max-image-preview:large","max-video-preview":"max-video-preview:-1"},"canonical":"https:\/\/vortice.rocks\/clientes\/tierraviva\/instituciones-publicas-rendiran-cuentas-a-pueblos-indigenas\/","og_locale":"es_ES","og_type":"article","og_title":"Instituciones P\u00fablicas rendir\u00e1n cuentas a Pueblos Ind\u00edgenas. - Tierraviva","og_description":"Del martes 16 al jueves 18 del corriente se realizar\u00e1n en la Casa de Retiro Emaus (Luque) las jornadas de rendici\u00f3n de cuentas de las principales instituciones responsables de la implementaci\u00f3n de pol\u00edticas p\u00fablicas que afectan a los Pueblos Ind\u00edgenas. Estas jornadas son organizadas por la Secretar\u00eda T\u00e9cnica de Planificaci\u00f3n y el consorcio compuesto porSeguir leyendo \"Instituciones P\u00fablicas rendir\u00e1n cuentas a Pueblos Ind\u00edgenas.\"","og_url":"https:\/\/vortice.rocks\/clientes\/tierraviva\/instituciones-publicas-rendiran-cuentas-a-pueblos-indigenas\/","og_site_name":"Tierraviva","article_publisher":"https:\/\/www.facebook.com\/Tierraviva-a-los-pueblos-indigenas-del-Chaco-217328148281564\/","article_published_time":"2021-11-14T10:48:14+00:00","og_image":[{"width":1081,"height":1081,"url":"https:\/\/vortice.rocks\/clientes\/tierraviva\/wp-content\/uploads\/2021\/11\/SAVE_20211114_074243.jpg","type":"image\/jpeg"}],"author":"Santi Ortiz","twitter_misc":{"Escrito por":"Santi Ortiz","Tiempo de lectura":"2 minutos"},"schema":{"@context":"https:\/\/schema.org","@graph":[{"@type":"WebPage","@id":"https:\/\/vortice.rocks\/clientes\/tierraviva\/instituciones-publicas-rendiran-cuentas-a-pueblos-indigenas\/","url":"https:\/\/vortice.rocks\/clientes\/tierraviva\/instituciones-publicas-rendiran-cuentas-a-pueblos-indigenas\/","name":"Instituciones P\u00fablicas rendir\u00e1n cuentas a Pueblos Ind\u00edgenas. - Tierraviva","isPartOf":{"@id":"https:\/\/vortice.rocks\/clientes\/tierraviva\/#website"},"datePublished":"2021-11-14T10:48:14+00:00","dateModified":"2021-11-14T10:48:14+00:00","author":{"@id":"https:\/\/vortice.rocks\/clientes\/tierraviva\/#\/schema\/person\/0652c5aad419c86cff8f8129d355edd0"},"breadcrumb":{"@id":"https:\/\/vortice.rocks\/clientes\/tierraviva\/instituciones-publicas-rendiran-cuentas-a-pueblos-indigenas\/#breadcrumb"},"inLanguage":"es","potentialAction":[{"@type":"ReadAction","target":["https:\/\/vortice.rocks\/clientes\/tierraviva\/instituciones-publicas-rendiran-cuentas-a-pueblos-indigenas\/"]}]},{"@type":"BreadcrumbList","@id":"https:\/\/vortice.rocks\/clientes\/tierraviva\/instituciones-publicas-rendiran-cuentas-a-pueblos-indigenas\/#breadcrumb","itemListElement":[{"@type":"ListItem","position":1,"name":"Portada","item":"https:\/\/vortice.rocks\/clientes\/tierraviva\/"},{"@type":"ListItem","position":2,"name":"Instituciones P\u00fablicas rendir\u00e1n cuentas a Pueblos Ind\u00edgenas."}]},{"@type":"WebSite","@id":"https:\/\/vortice.rocks\/clientes\/tierraviva\/#website","url":"https:\/\/vortice.rocks\/clientes\/tierraviva\/","name":"Tierraviva","description":"","potentialAction":[{"@type":"SearchAction","target":{"@type":"EntryPoint","urlTemplate":"https:\/\/vortice.rocks\/clientes\/tierraviva\/?s={search_term_string}"},"query-input":"required name=search_term_string"}],"inLanguage":"es"},{"@type":"Person","@id":"https:\/\/vortice.rocks\/clientes\/tierraviva\/#\/schema\/person\/0652c5aad419c86cff8f8129d355edd0","name":"Santi Ortiz","image":{"@type":"ImageObject","inLanguage":"es","@id":"https:\/\/vortice.rocks\/clientes\/tierraviva\/#\/schema\/person\/image\/","url":"https:\/\/secure.gravatar.com\/avatar\/78bab899e21d2840245c1646bfc64d01?s=96&d=mm&r=g","contentUrl":"https:\/\/secure.gravatar.com\/avatar\/78bab899e21d2840245c1646bfc64d01?s=96&d=mm&r=g","caption":"Santi Ortiz"},"sameAs":["https:\/\/vortice.rocks\/clientes\/tierraviva"],"url":"https:\/\/vortice.rocks\/clientes\/tierraviva\/author\/santi-ortiz\/"}]}},"_links":{"self":[{"href":"https:\/\/vortice.rocks\/clientes\/tierraviva\/wp-json\/wp\/v2\/posts\/2322"}],"collection":[{"href":"https:\/\/vortice.rocks\/clientes\/tierraviva\/wp-json\/wp\/v2\/posts"}],"about":[{"href":"https:\/\/vortice.rocks\/clientes\/tierraviva\/wp-json\/wp\/v2\/types\/post"}],"author":[{"embeddable":true,"href":"https:\/\/vortice.rocks\/clientes\/tierraviva\/wp-json\/wp\/v2\/users\/5"}],"replies":[{"embeddable":true,"href":"https:\/\/vortice.rocks\/clientes\/tierraviva\/wp-json\/wp\/v2\/comments?post=2322"}],"version-history":[{"count":1,"href":"https:\/\/vortice.rocks\/clientes\/tierraviva\/wp-json\/wp\/v2\/posts\/2322\/revisions"}],"predecessor-version":[{"id":2325,"href":"https:\/\/vortice.rocks\/clientes\/tierraviva\/wp-json\/wp\/v2\/posts\/2322\/revisions\/2325"}],"wp:featuredmedia":[{"embeddable":true,"href":"https:\/\/vortice.rocks\/clientes\/tierraviva\/wp-json\/wp\/v2\/media\/2324"}],"wp:attachment":[{"href":"https:\/\/vortice.rocks\/clientes\/tierraviva\/wp-json\/wp\/v2\/media?parent=2322"}],"wp:term":[{"taxonomy":"category","embeddable":true,"href":"https:\/\/vortice.rocks\/clientes\/tierraviva\/wp-json\/wp\/v2\/categories?post=2322"},{"taxonomy":"post_tag","embeddable":true,"href":"https:\/\/vortice.rocks\/clientes\/tierraviva\/wp-json\/wp\/v2\/tags?post=2322"}],"curies":[{"name":"wp","href":"https:\/\/api.w.org\/{rel}","templated":true}]}}